{"id":77207,"date":"2026-03-12T16:38:02","date_gmt":"2026-03-12T22:38:02","guid":{"rendered":"https:\/\/diarioabcdemichoacan.com.mx\/lasnoticias\/?p=77207"},"modified":"2026-03-12T16:38:02","modified_gmt":"2026-03-12T22:38:02","slug":"otorgan-la-primer-acreditacion-en-salud-mental-en-uruapan-en-este-2026","status":"publish","type":"post","link":"https:\/\/diarioabcdemichoacan.com.mx\/lasnoticias\/otorgan-la-primer-acreditacion-en-salud-mental-en-uruapan-en-este-2026\/","title":{"rendered":"Otorgan la primer acreditaci\u00f3n en salud mental en Uruapan en este 2026."},"content":{"rendered":"<h6>Por Michel Ortiz<\/h6>\n<hr \/>\n<p>Uruapan, Mich.- Autoridades Sanitarias otorgaron la primera acreditaci\u00f3n de este a\u00f1o por cumplir con los est\u00e1ndares de calidad en materia de salubridad, a un centro de rehabilitaci\u00f3n.<\/p>\n<p>La entrega se realiz\u00f3 en el denominado centro residencial Shantynilaya, ubicado en la colonia Magisterial de esta ciudad, el que ahora cuenta con el distintivo, identificado con el folio RCON-MICH-001-202.<\/p>\n<p>Con el cual se acredita que la instituci\u00f3n cumple satisfactoriamente con los criterios de capacidad, calidad y mejora continua en la categor\u00eda de centros residenciales de atenci\u00f3n a personas con consumo de sustancias psicoactivas.<\/p>\n<p>El documento fue emitido por la Comisi\u00f3n Nacional de Salud Mental y Adicciones (CONASAMA) cuenta con una vigencia hasta marzo del 2028.<\/p>\n<p>Yesica D\u00edaz Barajas, jefa del departamento de Modelos de Atenci\u00f3n y Prevenci\u00f3n en Salud Mental de la Secretar\u00eda de Salud de Michoac\u00e1n (SSM), reconoci\u00f3 que este modelo de atenci\u00f3n sirve de referente para otros centros en la entidad.<\/p>\n<p>Asegur\u00f3 que la suma de esfuerzos entre la Jurisdicci\u00f3n Sanitaria No. 5 y los centros residenciales es la v\u00eda correcta para consolidar un sistema de salud mental eficiente, transparente, que garantice que cada proceso cumpla con la normativa nacional.<\/p>\n<p>Guillermo L\u00f3pez Aguilera, jefe de la Jurisdicci\u00f3n Sanitaria 05, destac\u00f3 que este logro es el resultado de una coordinaci\u00f3n estrecha entre los distintos niveles de gobierno.<\/p>\n<p>Manifest\u00f3 su gratitud hacia el equipo t\u00e9cnico por elevar los est\u00e1ndares de salud en la regi\u00f3n y subray\u00f3 que contar con espacios certificados de manera oficial permite a la poblaci\u00f3n uruapense acceder a servicios de salud con la certeza de recibir un trato digno y profesional.<\/p>\n<p>Adem\u00e1s estuvo presente Norma Leticia Cano Moya, coordinadora de Salud Mental y Adicciones, se\u00f1al\u00f3 que este beneficio no es solo un documento, sino un compromiso real con la recuperaci\u00f3n integral de los pacientes.<\/p>\n<p>Agradeci\u00f3 el esfuerzo constante del personal operativo y enfatiz\u00f3 que la salud mental debe ser una prioridad en la agenda p\u00fablica, con el objetivo de reconstruir el tejido social a trav\u00e9s de la prevenci\u00f3n y la atenci\u00f3n de calidad.<\/p>\n<p>En una \u00faltima participaci\u00f3n Irma Mart\u00ednez Garcia, directora del centro de rehabilitaci\u00f3n Shantynilaya, expres\u00f3 su orgullo al recibir este aval oficial tras tiempo de trabajo dedicado en favor de la comunidad, de ah\u00ed que agradeci\u00f3 a las autoridades por el acompa\u00f1amiento brindado en este proceso de mejora y reiter\u00f3 que la misi\u00f3n de la instituci\u00f3n seguir\u00e1 siendo ofrecer una alternativa de rehabilitaci\u00f3n basada en la calidad humana y el estricto cumplimiento de los est\u00e1ndares de salud vigentes.<\/p>\n","protected":false},"excerpt":{"rendered":"<p>Por Michel Ortiz Uruapan, Mich.- Autoridades Sanitarias otorgaron la primera acreditaci\u00f3n de este a\u00f1o por cumplir con los est\u00e1ndares de calidad en materia de salubridad, a un centro de rehabilitaci\u00f3n. La entrega se realiz\u00f3 en el denominado centro residencial Shantynilaya, ubicado en la colonia Magisterial de esta ciudad, el que ahora cuenta con el distintivo, [&hellip;]<\/p>\n","protected":false},"author":9,"featured_media":77208,"comment_status":"closed","ping_status":"closed","sticky":false,"template":"","format":"standard","meta":{"footnotes":""},"categories":[30,28,27,3],"tags":[],"class_list":{"0":"post-77207","1":"post","2":"type-post","3":"status-publish","4":"format-standard","5":"has-post-thumbnail","7":"category-columnas","8":"category-politica","9":"category-slider","10":"category-uruapan"},"yoast_head":"<!-- This site is optimized with the Yoast SEO plugin v24.0 - https:\/\/yoast.com\/wordpress\/plugins\/seo\/ -->\n<title>Otorgan la primer acreditaci\u00f3n en salud mental en Uruapan en este 2026. - Diario ABC de Michoac\u00e1n<\/title>\n<meta name=\"robots\" content=\"index, follow, max-snippet:-1, max-image-preview:large, max-video-preview:-1\" \/>\n<link rel=\"canonical\" href=\"https:\/\/diarioabcdemichoacan.com.mx\/lasnoticias\/otorgan-la-primer-acreditacion-en-salud-mental-en-uruapan-en-este-2026\/\" \/>\n<meta property=\"og:locale\" content=\"es_ES\" \/>\n<meta property=\"og:type\" content=\"article\" \/>\n<meta property=\"og:title\" content=\"Otorgan la primer acreditaci\u00f3n en salud mental en Uruapan en este 2026. - Diario ABC de Michoac\u00e1n\" \/>\n<meta property=\"og:description\" content=\"Por Michel Ortiz Uruapan, Mich.- Autoridades Sanitarias otorgaron la primera acreditaci\u00f3n de este a\u00f1o por cumplir con los est\u00e1ndares de calidad en materia de salubridad, a un centro de rehabilitaci\u00f3n. La entrega se realiz\u00f3 en el denominado centro residencial Shantynilaya, ubicado en la colonia Magisterial de esta ciudad, el que ahora cuenta con el distintivo, [&hellip;]\" \/>\n<meta property=\"og:url\" content=\"https:\/\/diarioabcdemichoacan.com.mx\/lasnoticias\/otorgan-la-primer-acreditacion-en-salud-mental-en-uruapan-en-este-2026\/\" \/>\n<meta property=\"og:site_name\" content=\"Diario ABC de Michoac\u00e1n\" \/>\n<meta property=\"article:published_time\" content=\"2026-03-12T22:38:02+00:00\" \/>\n<meta property=\"og:image\" content=\"https:\/\/diarioabcdemichoacan.com.mx\/lasnoticias\/wp-content\/uploads\/2026\/03\/WhatsApp-Image-2026-03-11-at-5.16.08-PM.jpeg\" \/>\n\t<meta property=\"og:image:width\" content=\"1600\" \/>\n\t<meta property=\"og:image:height\" content=\"720\" \/>\n\t<meta property=\"og:image:type\" content=\"image\/jpeg\" \/>\n<meta name=\"author\" content=\"AR\" \/>\n<meta name=\"twitter:card\" content=\"summary_large_image\" \/>\n<meta name=\"twitter:label1\" content=\"Escrito por\" \/>\n\t<meta name=\"twitter:data1\" content=\"AR\" \/>\n\t<meta name=\"twitter:label2\" content=\"Tiempo de lectura\" \/>\n\t<meta name=\"twitter:data2\" content=\"3 minutos\" \/>\n<script type=\"application\/ld+json\" class=\"yoast-schema-graph\">{\"@context\":\"https:\/\/schema.org\",\"@graph\":[{\"@type\":\"WebPage\",\"@id\":\"https:\/\/diarioabcdemichoacan.com.mx\/lasnoticias\/otorgan-la-primer-acreditacion-en-salud-mental-en-uruapan-en-este-2026\/\",\"url\":\"https:\/\/diarioabcdemichoacan.com.mx\/lasnoticias\/otorgan-la-primer-acreditacion-en-salud-mental-en-uruapan-en-este-2026\/\",\"name\":\"Otorgan la primer acreditaci\u00f3n en salud mental en Uruapan en este 2026. - Diario ABC de Michoac\u00e1n\",\"isPartOf\":{\"@id\":\"https:\/\/diarioabcdemichoacan.com.mx\/lasnoticias\/#website\"},\"primaryImageOfPage\":{\"@id\":\"https:\/\/diarioabcdemichoacan.com.mx\/lasnoticias\/otorgan-la-primer-acreditacion-en-salud-mental-en-uruapan-en-este-2026\/#primaryimage\"},\"image\":{\"@id\":\"https:\/\/diarioabcdemichoacan.com.mx\/lasnoticias\/otorgan-la-primer-acreditacion-en-salud-mental-en-uruapan-en-este-2026\/#primaryimage\"},\"thumbnailUrl\":\"https:\/\/diarioabcdemichoacan.com.mx\/lasnoticias\/wp-content\/uploads\/2026\/03\/WhatsApp-Image-2026-03-11-at-5.16.08-PM.jpeg\",\"datePublished\":\"2026-03-12T22:38:02+00:00\",\"dateModified\":\"2026-03-12T22:38:02+00:00\",\"author\":{\"@id\":\"https:\/\/diarioabcdemichoacan.com.mx\/lasnoticias\/#\/schema\/person\/19ae376040f6cbc489682ebdd8524852\"},\"breadcrumb\":{\"@id\":\"https:\/\/diarioabcdemichoacan.com.mx\/lasnoticias\/otorgan-la-primer-acreditacion-en-salud-mental-en-uruapan-en-este-2026\/#breadcrumb\"},\"inLanguage\":\"es\",\"potentialAction\":[{\"@type\":\"ReadAction\",\"target\":[\"https:\/\/diarioabcdemichoacan.com.mx\/lasnoticias\/otorgan-la-primer-acreditacion-en-salud-mental-en-uruapan-en-este-2026\/\"]}]},{\"@type\":\"ImageObject\",\"inLanguage\":\"es\",\"@id\":\"https:\/\/diarioabcdemichoacan.com.mx\/lasnoticias\/otorgan-la-primer-acreditacion-en-salud-mental-en-uruapan-en-este-2026\/#primaryimage\",\"url\":\"https:\/\/diarioabcdemichoacan.com.mx\/lasnoticias\/wp-content\/uploads\/2026\/03\/WhatsApp-Image-2026-03-11-at-5.16.08-PM.jpeg\",\"contentUrl\":\"https:\/\/diarioabcdemichoacan.com.mx\/lasnoticias\/wp-content\/uploads\/2026\/03\/WhatsApp-Image-2026-03-11-at-5.16.08-PM.jpeg\",\"width\":1600,\"height\":720},{\"@type\":\"BreadcrumbList\",\"@id\":\"https:\/\/diarioabcdemichoacan.com.mx\/lasnoticias\/otorgan-la-primer-acreditacion-en-salud-mental-en-uruapan-en-este-2026\/#breadcrumb\",\"itemListElement\":[{\"@type\":\"ListItem\",\"position\":1,\"name\":\"Portada\",\"item\":\"https:\/\/diarioabcdemichoacan.com.mx\/lasnoticias\/\"},{\"@type\":\"ListItem\",\"position\":2,\"name\":\"Otorgan la primer acreditaci\u00f3n en salud mental en Uruapan en este 2026.\"}]},{\"@type\":\"WebSite\",\"@id\":\"https:\/\/diarioabcdemichoacan.com.mx\/lasnoticias\/#website\",\"url\":\"https:\/\/diarioabcdemichoacan.com.mx\/lasnoticias\/\",\"name\":\"Diario ABC de Michoac\u00e1n\",\"description\":\"Las noticias al momento\",\"potentialAction\":[{\"@type\":\"SearchAction\",\"target\":{\"@type\":\"EntryPoint\",\"urlTemplate\":\"https:\/\/diarioabcdemichoacan.com.mx\/lasnoticias\/?s={search_term_string}\"},\"query-input\":{\"@type\":\"PropertyValueSpecification\",\"valueRequired\":true,\"valueName\":\"search_term_string\"}}],\"inLanguage\":\"es\"},{\"@type\":\"Person\",\"@id\":\"https:\/\/diarioabcdemichoacan.com.mx\/lasnoticias\/#\/schema\/person\/19ae376040f6cbc489682ebdd8524852\",\"name\":\"AR\",\"image\":{\"@type\":\"ImageObject\",\"inLanguage\":\"es\",\"@id\":\"https:\/\/diarioabcdemichoacan.com.mx\/lasnoticias\/#\/schema\/person\/image\/\",\"url\":\"https:\/\/secure.gravatar.com\/avatar\/44eca2ff970262234e20e1e082872af0?s=96&d=mm&r=g\",\"contentUrl\":\"https:\/\/secure.gravatar.com\/avatar\/44eca2ff970262234e20e1e082872af0?s=96&d=mm&r=g\",\"caption\":\"AR\"},\"url\":\"https:\/\/diarioabcdemichoacan.com.mx\/lasnoticias\/author\/adrian\/\"}]}<\/script>\n<!-- \/ Yoast SEO plugin. -->","yoast_head_json":{"title":"Otorgan la primer acreditaci\u00f3n en salud mental en Uruapan en este 2026. - Diario ABC de Michoac\u00e1n","robots":{"index":"index","follow":"follow","max-snippet":"max-snippet:-1","max-image-preview":"max-image-preview:large","max-video-preview":"max-video-preview:-1"},"canonical":"https:\/\/diarioabcdemichoacan.com.mx\/lasnoticias\/otorgan-la-primer-acreditacion-en-salud-mental-en-uruapan-en-este-2026\/","og_locale":"es_ES","og_type":"article","og_title":"Otorgan la primer acreditaci\u00f3n en salud mental en Uruapan en este 2026. - Diario ABC de Michoac\u00e1n","og_description":"Por Michel Ortiz Uruapan, Mich.- Autoridades Sanitarias otorgaron la primera acreditaci\u00f3n de este a\u00f1o por cumplir con los est\u00e1ndares de calidad en materia de salubridad, a un centro de rehabilitaci\u00f3n. La entrega se realiz\u00f3 en el denominado centro residencial Shantynilaya, ubicado en la colonia Magisterial de esta ciudad, el que ahora cuenta con el distintivo, [&hellip;]","og_url":"https:\/\/diarioabcdemichoacan.com.mx\/lasnoticias\/otorgan-la-primer-acreditacion-en-salud-mental-en-uruapan-en-este-2026\/","og_site_name":"Diario ABC de Michoac\u00e1n","article_published_time":"2026-03-12T22:38:02+00:00","og_image":[{"width":1600,"height":720,"url":"https:\/\/diarioabcdemichoacan.com.mx\/lasnoticias\/wp-content\/uploads\/2026\/03\/WhatsApp-Image-2026-03-11-at-5.16.08-PM.jpeg","type":"image\/jpeg"}],"author":"AR","twitter_card":"summary_large_image","twitter_misc":{"Escrito por":"AR","Tiempo de lectura":"3 minutos"},"schema":{"@context":"https:\/\/schema.org","@graph":[{"@type":"WebPage","@id":"https:\/\/diarioabcdemichoacan.com.mx\/lasnoticias\/otorgan-la-primer-acreditacion-en-salud-mental-en-uruapan-en-este-2026\/","url":"https:\/\/diarioabcdemichoacan.com.mx\/lasnoticias\/otorgan-la-primer-acreditacion-en-salud-mental-en-uruapan-en-este-2026\/","name":"Otorgan la primer acreditaci\u00f3n en salud mental en Uruapan en este 2026. - Diario ABC de Michoac\u00e1n","isPartOf":{"@id":"https:\/\/diarioabcdemichoacan.com.mx\/lasnoticias\/#website"},"primaryImageOfPage":{"@id":"https:\/\/diarioabcdemichoacan.com.mx\/lasnoticias\/otorgan-la-primer-acreditacion-en-salud-mental-en-uruapan-en-este-2026\/#primaryimage"},"image":{"@id":"https:\/\/diarioabcdemichoacan.com.mx\/lasnoticias\/otorgan-la-primer-acreditacion-en-salud-mental-en-uruapan-en-este-2026\/#primaryimage"},"thumbnailUrl":"https:\/\/diarioabcdemichoacan.com.mx\/lasnoticias\/wp-content\/uploads\/2026\/03\/WhatsApp-Image-2026-03-11-at-5.16.08-PM.jpeg","datePublished":"2026-03-12T22:38:02+00:00","dateModified":"2026-03-12T22:38:02+00:00","author":{"@id":"https:\/\/diarioabcdemichoacan.com.mx\/lasnoticias\/#\/schema\/person\/19ae376040f6cbc489682ebdd8524852"},"breadcrumb":{"@id":"https:\/\/diarioabcdemichoacan.com.mx\/lasnoticias\/otorgan-la-primer-acreditacion-en-salud-mental-en-uruapan-en-este-2026\/#breadcrumb"},"inLanguage":"es","potentialAction":[{"@type":"ReadAction","target":["https:\/\/diarioabcdemichoacan.com.mx\/lasnoticias\/otorgan-la-primer-acreditacion-en-salud-mental-en-uruapan-en-este-2026\/"]}]},{"@type":"ImageObject","inLanguage":"es","@id":"https:\/\/diarioabcdemichoacan.com.mx\/lasnoticias\/otorgan-la-primer-acreditacion-en-salud-mental-en-uruapan-en-este-2026\/#primaryimage","url":"https:\/\/diarioabcdemichoacan.com.mx\/lasnoticias\/wp-content\/uploads\/2026\/03\/WhatsApp-Image-2026-03-11-at-5.16.08-PM.jpeg","contentUrl":"https:\/\/diarioabcdemichoacan.com.mx\/lasnoticias\/wp-content\/uploads\/2026\/03\/WhatsApp-Image-2026-03-11-at-5.16.08-PM.jpeg","width":1600,"height":720},{"@type":"BreadcrumbList","@id":"https:\/\/diarioabcdemichoacan.com.mx\/lasnoticias\/otorgan-la-primer-acreditacion-en-salud-mental-en-uruapan-en-este-2026\/#breadcrumb","itemListElement":[{"@type":"ListItem","position":1,"name":"Portada","item":"https:\/\/diarioabcdemichoacan.com.mx\/lasnoticias\/"},{"@type":"ListItem","position":2,"name":"Otorgan la primer acreditaci\u00f3n en salud mental en Uruapan en este 2026."}]},{"@type":"WebSite","@id":"https:\/\/diarioabcdemichoacan.com.mx\/lasnoticias\/#website","url":"https:\/\/diarioabcdemichoacan.com.mx\/lasnoticias\/","name":"Diario ABC de Michoac\u00e1n","description":"Las noticias al momento","potentialAction":[{"@type":"SearchAction","target":{"@type":"EntryPoint","urlTemplate":"https:\/\/diarioabcdemichoacan.com.mx\/lasnoticias\/?s={search_term_string}"},"query-input":{"@type":"PropertyValueSpecification","valueRequired":true,"valueName":"search_term_string"}}],"inLanguage":"es"},{"@type":"Person","@id":"https:\/\/diarioabcdemichoacan.com.mx\/lasnoticias\/#\/schema\/person\/19ae376040f6cbc489682ebdd8524852","name":"AR","image":{"@type":"ImageObject","inLanguage":"es","@id":"https:\/\/diarioabcdemichoacan.com.mx\/lasnoticias\/#\/schema\/person\/image\/","url":"https:\/\/secure.gravatar.com\/avatar\/44eca2ff970262234e20e1e082872af0?s=96&d=mm&r=g","contentUrl":"https:\/\/secure.gravatar.com\/avatar\/44eca2ff970262234e20e1e082872af0?s=96&d=mm&r=g","caption":"AR"},"url":"https:\/\/diarioabcdemichoacan.com.mx\/lasnoticias\/author\/adrian\/"}]}},"_links":{"self":[{"href":"https:\/\/diarioabcdemichoacan.com.mx\/lasnoticias\/wp-json\/wp\/v2\/posts\/77207","targetHints":{"allow":["GET"]}}],"collection":[{"href":"https:\/\/diarioabcdemichoacan.com.mx\/lasnoticias\/wp-json\/wp\/v2\/posts"}],"about":[{"href":"https:\/\/diarioabcdemichoacan.com.mx\/lasnoticias\/wp-json\/wp\/v2\/types\/post"}],"author":[{"embeddable":true,"href":"https:\/\/diarioabcdemichoacan.com.mx\/lasnoticias\/wp-json\/wp\/v2\/users\/9"}],"replies":[{"embeddable":true,"href":"https:\/\/diarioabcdemichoacan.com.mx\/lasnoticias\/wp-json\/wp\/v2\/comments?post=77207"}],"version-history":[{"count":1,"href":"https:\/\/diarioabcdemichoacan.com.mx\/lasnoticias\/wp-json\/wp\/v2\/posts\/77207\/revisions"}],"predecessor-version":[{"id":77209,"href":"https:\/\/diarioabcdemichoacan.com.mx\/lasnoticias\/wp-json\/wp\/v2\/posts\/77207\/revisions\/77209"}],"wp:featuredmedia":[{"embeddable":true,"href":"https:\/\/diarioabcdemichoacan.com.mx\/lasnoticias\/wp-json\/wp\/v2\/media\/77208"}],"wp:attachment":[{"href":"https:\/\/diarioabcdemichoacan.com.mx\/lasnoticias\/wp-json\/wp\/v2\/media?parent=77207"}],"wp:term":[{"taxonomy":"category","embeddable":true,"href":"https:\/\/diarioabcdemichoacan.com.mx\/lasnoticias\/wp-json\/wp\/v2\/categories?post=77207"},{"taxonomy":"post_tag","embeddable":true,"href":"https:\/\/diarioabcdemichoacan.com.mx\/lasnoticias\/wp-json\/wp\/v2\/tags?post=77207"}],"curies":[{"name":"wp","href":"https:\/\/api.w.org\/{rel}","templated":true}]}}