{"id":77210,"date":"2026-03-12T16:39:58","date_gmt":"2026-03-12T22:39:58","guid":{"rendered":"https:\/\/diarioabcdemichoacan.com.mx\/lasnoticias\/?p=77210"},"modified":"2026-03-12T16:39:58","modified_gmt":"2026-03-12T22:39:58","slug":"canaco-servytur-uruapan-ratifica-su-presidencia-y-renueva-su-consejo-directivo","status":"publish","type":"post","link":"https:\/\/diarioabcdemichoacan.com.mx\/lasnoticias\/canaco-servytur-uruapan-ratifica-su-presidencia-y-renueva-su-consejo-directivo\/","title":{"rendered":"Canaco Servytur Uruapan ratifica su presidencia y renueva su Consejo Directivo"},"content":{"rendered":"<h6>Por Michel Ortiz<\/h6>\n<hr \/>\n<p>Uruapan, Mich.- Se llev\u00f3 a cabo la instalaci\u00f3n de la nueva Mesa Directiva y sus vicepresidencias de la C\u00e1mara Nacional de Comercio (Canaco), Servicios y Turismo de Uruapan.<\/p>\n<p>Con esto inicia una nueva etapa de trabajo enfocada en fortalecer al comercio organizado, impulsar la profesionalizaci\u00f3n del sector, as\u00ed como construir la unidad entre las y los empresarios de nuestra ciudad.<\/p>\n<p>Los integrantes de la Canaco, ratificaron a Ilse Beatriz Torres Aguilar, como presidenta de dicha instituci\u00f3n, quien lleva al frente de esta c\u00e1mara desde el 2024, gracias al buen trabajo que ha realizado durante estos \u00faltimos periodos.<\/p>\n<p>Esta nueva etapa representa la continuidad de un proyecto institucional basado en el trabajo en equipo, la representaci\u00f3n del sector y la generaci\u00f3n de acciones que impulsen el desarrollo econ\u00f3mico de Uruapan.<\/p>\n<p>Torres Aguilar reiter\u00f3 su compromiso de trabajar de la mano con los afiliados, con responsabilidad, visi\u00f3n y unidad, por un comercio m\u00e1s fuerte y una ciudad con mayores oportunidades para todos.<\/p>\n","protected":false},"excerpt":{"rendered":"<p>Por Michel Ortiz Uruapan, Mich.- Se llev\u00f3 a cabo la instalaci\u00f3n de la nueva Mesa Directiva y sus vicepresidencias de la C\u00e1mara Nacional de Comercio (Canaco), Servicios y Turismo de Uruapan. Con esto inicia una nueva etapa de trabajo enfocada en fortalecer al comercio organizado, impulsar la profesionalizaci\u00f3n del sector, as\u00ed como construir la unidad [&hellip;]<\/p>\n","protected":false},"author":9,"featured_media":77211,"comment_status":"closed","ping_status":"closed","sticky":false,"template":"","format":"standard","meta":{"footnotes":""},"categories":[30,28,27,3],"tags":[],"class_list":{"0":"post-77210","1":"post","2":"type-post","3":"status-publish","4":"format-standard","5":"has-post-thumbnail","7":"category-columnas","8":"category-politica","9":"category-slider","10":"category-uruapan"},"yoast_head":"<!-- This site is optimized with the Yoast SEO plugin v24.0 - https:\/\/yoast.com\/wordpress\/plugins\/seo\/ -->\n<title>Canaco Servytur Uruapan ratifica su presidencia y renueva su Consejo Directivo - Diario ABC de Michoac\u00e1n<\/title>\n<meta name=\"robots\" content=\"index, follow, max-snippet:-1, max-image-preview:large, max-video-preview:-1\" \/>\n<link rel=\"canonical\" href=\"https:\/\/diarioabcdemichoacan.com.mx\/lasnoticias\/canaco-servytur-uruapan-ratifica-su-presidencia-y-renueva-su-consejo-directivo\/\" \/>\n<meta property=\"og:locale\" content=\"es_ES\" \/>\n<meta property=\"og:type\" content=\"article\" \/>\n<meta property=\"og:title\" content=\"Canaco Servytur Uruapan ratifica su presidencia y renueva su Consejo Directivo - Diario ABC de Michoac\u00e1n\" \/>\n<meta property=\"og:description\" content=\"Por Michel Ortiz Uruapan, Mich.- Se llev\u00f3 a cabo la instalaci\u00f3n de la nueva Mesa Directiva y sus vicepresidencias de la C\u00e1mara Nacional de Comercio (Canaco), Servicios y Turismo de Uruapan. Con esto inicia una nueva etapa de trabajo enfocada en fortalecer al comercio organizado, impulsar la profesionalizaci\u00f3n del sector, as\u00ed como construir la unidad [&hellip;]\" \/>\n<meta property=\"og:url\" content=\"https:\/\/diarioabcdemichoacan.com.mx\/lasnoticias\/canaco-servytur-uruapan-ratifica-su-presidencia-y-renueva-su-consejo-directivo\/\" \/>\n<meta property=\"og:site_name\" content=\"Diario ABC de Michoac\u00e1n\" \/>\n<meta property=\"article:published_time\" content=\"2026-03-12T22:39:58+00:00\" \/>\n<meta property=\"og:image\" content=\"https:\/\/diarioabcdemichoacan.com.mx\/lasnoticias\/wp-content\/uploads\/2026\/03\/WhatsApp-Image-2026-03-11-at-5.10.05-PM.jpeg\" \/>\n\t<meta property=\"og:image:width\" content=\"1600\" \/>\n\t<meta property=\"og:image:height\" content=\"693\" \/>\n\t<meta property=\"og:image:type\" content=\"image\/jpeg\" \/>\n<meta name=\"author\" content=\"AR\" \/>\n<meta name=\"twitter:card\" content=\"summary_large_image\" \/>\n<meta name=\"twitter:label1\" content=\"Escrito por\" \/>\n\t<meta name=\"twitter:data1\" content=\"AR\" \/>\n\t<meta name=\"twitter:label2\" content=\"Tiempo de lectura\" \/>\n\t<meta name=\"twitter:data2\" content=\"1 minuto\" \/>\n<script type=\"application\/ld+json\" class=\"yoast-schema-graph\">{\"@context\":\"https:\/\/schema.org\",\"@graph\":[{\"@type\":\"WebPage\",\"@id\":\"https:\/\/diarioabcdemichoacan.com.mx\/lasnoticias\/canaco-servytur-uruapan-ratifica-su-presidencia-y-renueva-su-consejo-directivo\/\",\"url\":\"https:\/\/diarioabcdemichoacan.com.mx\/lasnoticias\/canaco-servytur-uruapan-ratifica-su-presidencia-y-renueva-su-consejo-directivo\/\",\"name\":\"Canaco Servytur Uruapan ratifica su presidencia y renueva su Consejo Directivo - Diario ABC de Michoac\u00e1n\",\"isPartOf\":{\"@id\":\"https:\/\/diarioabcdemichoacan.com.mx\/lasnoticias\/#website\"},\"primaryImageOfPage\":{\"@id\":\"https:\/\/diarioabcdemichoacan.com.mx\/lasnoticias\/canaco-servytur-uruapan-ratifica-su-presidencia-y-renueva-su-consejo-directivo\/#primaryimage\"},\"image\":{\"@id\":\"https:\/\/diarioabcdemichoacan.com.mx\/lasnoticias\/canaco-servytur-uruapan-ratifica-su-presidencia-y-renueva-su-consejo-directivo\/#primaryimage\"},\"thumbnailUrl\":\"https:\/\/diarioabcdemichoacan.com.mx\/lasnoticias\/wp-content\/uploads\/2026\/03\/WhatsApp-Image-2026-03-11-at-5.10.05-PM.jpeg\",\"datePublished\":\"2026-03-12T22:39:58+00:00\",\"dateModified\":\"2026-03-12T22:39:58+00:00\",\"author\":{\"@id\":\"https:\/\/diarioabcdemichoacan.com.mx\/lasnoticias\/#\/schema\/person\/19ae376040f6cbc489682ebdd8524852\"},\"breadcrumb\":{\"@id\":\"https:\/\/diarioabcdemichoacan.com.mx\/lasnoticias\/canaco-servytur-uruapan-ratifica-su-presidencia-y-renueva-su-consejo-directivo\/#breadcrumb\"},\"inLanguage\":\"es\",\"potentialAction\":[{\"@type\":\"ReadAction\",\"target\":[\"https:\/\/diarioabcdemichoacan.com.mx\/lasnoticias\/canaco-servytur-uruapan-ratifica-su-presidencia-y-renueva-su-consejo-directivo\/\"]}]},{\"@type\":\"ImageObject\",\"inLanguage\":\"es\",\"@id\":\"https:\/\/diarioabcdemichoacan.com.mx\/lasnoticias\/canaco-servytur-uruapan-ratifica-su-presidencia-y-renueva-su-consejo-directivo\/#primaryimage\",\"url\":\"https:\/\/diarioabcdemichoacan.com.mx\/lasnoticias\/wp-content\/uploads\/2026\/03\/WhatsApp-Image-2026-03-11-at-5.10.05-PM.jpeg\",\"contentUrl\":\"https:\/\/diarioabcdemichoacan.com.mx\/lasnoticias\/wp-content\/uploads\/2026\/03\/WhatsApp-Image-2026-03-11-at-5.10.05-PM.jpeg\",\"width\":1600,\"height\":693},{\"@type\":\"BreadcrumbList\",\"@id\":\"https:\/\/diarioabcdemichoacan.com.mx\/lasnoticias\/canaco-servytur-uruapan-ratifica-su-presidencia-y-renueva-su-consejo-directivo\/#breadcrumb\",\"itemListElement\":[{\"@type\":\"ListItem\",\"position\":1,\"name\":\"Portada\",\"item\":\"https:\/\/diarioabcdemichoacan.com.mx\/lasnoticias\/\"},{\"@type\":\"ListItem\",\"position\":2,\"name\":\"Canaco Servytur Uruapan ratifica su presidencia y renueva su Consejo Directivo\"}]},{\"@type\":\"WebSite\",\"@id\":\"https:\/\/diarioabcdemichoacan.com.mx\/lasnoticias\/#website\",\"url\":\"https:\/\/diarioabcdemichoacan.com.mx\/lasnoticias\/\",\"name\":\"Diario ABC de Michoac\u00e1n\",\"description\":\"Las noticias al momento\",\"potentialAction\":[{\"@type\":\"SearchAction\",\"target\":{\"@type\":\"EntryPoint\",\"urlTemplate\":\"https:\/\/diarioabcdemichoacan.com.mx\/lasnoticias\/?s={search_term_string}\"},\"query-input\":{\"@type\":\"PropertyValueSpecification\",\"valueRequired\":true,\"valueName\":\"search_term_string\"}}],\"inLanguage\":\"es\"},{\"@type\":\"Person\",\"@id\":\"https:\/\/diarioabcdemichoacan.com.mx\/lasnoticias\/#\/schema\/person\/19ae376040f6cbc489682ebdd8524852\",\"name\":\"AR\",\"image\":{\"@type\":\"ImageObject\",\"inLanguage\":\"es\",\"@id\":\"https:\/\/diarioabcdemichoacan.com.mx\/lasnoticias\/#\/schema\/person\/image\/\",\"url\":\"https:\/\/secure.gravatar.com\/avatar\/44eca2ff970262234e20e1e082872af0?s=96&d=mm&r=g\",\"contentUrl\":\"https:\/\/secure.gravatar.com\/avatar\/44eca2ff970262234e20e1e082872af0?s=96&d=mm&r=g\",\"caption\":\"AR\"},\"url\":\"https:\/\/diarioabcdemichoacan.com.mx\/lasnoticias\/author\/adrian\/\"}]}<\/script>\n<!-- \/ Yoast SEO plugin. -->","yoast_head_json":{"title":"Canaco Servytur Uruapan ratifica su presidencia y renueva su Consejo Directivo - Diario ABC de Michoac\u00e1n","robots":{"index":"index","follow":"follow","max-snippet":"max-snippet:-1","max-image-preview":"max-image-preview:large","max-video-preview":"max-video-preview:-1"},"canonical":"https:\/\/diarioabcdemichoacan.com.mx\/lasnoticias\/canaco-servytur-uruapan-ratifica-su-presidencia-y-renueva-su-consejo-directivo\/","og_locale":"es_ES","og_type":"article","og_title":"Canaco Servytur Uruapan ratifica su presidencia y renueva su Consejo Directivo - Diario ABC de Michoac\u00e1n","og_description":"Por Michel Ortiz Uruapan, Mich.- Se llev\u00f3 a cabo la instalaci\u00f3n de la nueva Mesa Directiva y sus vicepresidencias de la C\u00e1mara Nacional de Comercio (Canaco), Servicios y Turismo de Uruapan. Con esto inicia una nueva etapa de trabajo enfocada en fortalecer al comercio organizado, impulsar la profesionalizaci\u00f3n del sector, as\u00ed como construir la unidad [&hellip;]","og_url":"https:\/\/diarioabcdemichoacan.com.mx\/lasnoticias\/canaco-servytur-uruapan-ratifica-su-presidencia-y-renueva-su-consejo-directivo\/","og_site_name":"Diario ABC de Michoac\u00e1n","article_published_time":"2026-03-12T22:39:58+00:00","og_image":[{"width":1600,"height":693,"url":"https:\/\/diarioabcdemichoacan.com.mx\/lasnoticias\/wp-content\/uploads\/2026\/03\/WhatsApp-Image-2026-03-11-at-5.10.05-PM.jpeg","type":"image\/jpeg"}],"author":"AR","twitter_card":"summary_large_image","twitter_misc":{"Escrito por":"AR","Tiempo de lectura":"1 minuto"},"schema":{"@context":"https:\/\/schema.org","@graph":[{"@type":"WebPage","@id":"https:\/\/diarioabcdemichoacan.com.mx\/lasnoticias\/canaco-servytur-uruapan-ratifica-su-presidencia-y-renueva-su-consejo-directivo\/","url":"https:\/\/diarioabcdemichoacan.com.mx\/lasnoticias\/canaco-servytur-uruapan-ratifica-su-presidencia-y-renueva-su-consejo-directivo\/","name":"Canaco Servytur Uruapan ratifica su presidencia y renueva su Consejo Directivo - Diario ABC de Michoac\u00e1n","isPartOf":{"@id":"https:\/\/diarioabcdemichoacan.com.mx\/lasnoticias\/#website"},"primaryImageOfPage":{"@id":"https:\/\/diarioabcdemichoacan.com.mx\/lasnoticias\/canaco-servytur-uruapan-ratifica-su-presidencia-y-renueva-su-consejo-directivo\/#primaryimage"},"image":{"@id":"https:\/\/diarioabcdemichoacan.com.mx\/lasnoticias\/canaco-servytur-uruapan-ratifica-su-presidencia-y-renueva-su-consejo-directivo\/#primaryimage"},"thumbnailUrl":"https:\/\/diarioabcdemichoacan.com.mx\/lasnoticias\/wp-content\/uploads\/2026\/03\/WhatsApp-Image-2026-03-11-at-5.10.05-PM.jpeg","datePublished":"2026-03-12T22:39:58+00:00","dateModified":"2026-03-12T22:39:58+00:00","author":{"@id":"https:\/\/diarioabcdemichoacan.com.mx\/lasnoticias\/#\/schema\/person\/19ae376040f6cbc489682ebdd8524852"},"breadcrumb":{"@id":"https:\/\/diarioabcdemichoacan.com.mx\/lasnoticias\/canaco-servytur-uruapan-ratifica-su-presidencia-y-renueva-su-consejo-directivo\/#breadcrumb"},"inLanguage":"es","potentialAction":[{"@type":"ReadAction","target":["https:\/\/diarioabcdemichoacan.com.mx\/lasnoticias\/canaco-servytur-uruapan-ratifica-su-presidencia-y-renueva-su-consejo-directivo\/"]}]},{"@type":"ImageObject","inLanguage":"es","@id":"https:\/\/diarioabcdemichoacan.com.mx\/lasnoticias\/canaco-servytur-uruapan-ratifica-su-presidencia-y-renueva-su-consejo-directivo\/#primaryimage","url":"https:\/\/diarioabcdemichoacan.com.mx\/lasnoticias\/wp-content\/uploads\/2026\/03\/WhatsApp-Image-2026-03-11-at-5.10.05-PM.jpeg","contentUrl":"https:\/\/diarioabcdemichoacan.com.mx\/lasnoticias\/wp-content\/uploads\/2026\/03\/WhatsApp-Image-2026-03-11-at-5.10.05-PM.jpeg","width":1600,"height":693},{"@type":"BreadcrumbList","@id":"https:\/\/diarioabcdemichoacan.com.mx\/lasnoticias\/canaco-servytur-uruapan-ratifica-su-presidencia-y-renueva-su-consejo-directivo\/#breadcrumb","itemListElement":[{"@type":"ListItem","position":1,"name":"Portada","item":"https:\/\/diarioabcdemichoacan.com.mx\/lasnoticias\/"},{"@type":"ListItem","position":2,"name":"Canaco Servytur Uruapan ratifica su presidencia y renueva su Consejo Directivo"}]},{"@type":"WebSite","@id":"https:\/\/diarioabcdemichoacan.com.mx\/lasnoticias\/#website","url":"https:\/\/diarioabcdemichoacan.com.mx\/lasnoticias\/","name":"Diario ABC de Michoac\u00e1n","description":"Las noticias al momento","potentialAction":[{"@type":"SearchAction","target":{"@type":"EntryPoint","urlTemplate":"https:\/\/diarioabcdemichoacan.com.mx\/lasnoticias\/?s={search_term_string}"},"query-input":{"@type":"PropertyValueSpecification","valueRequired":true,"valueName":"search_term_string"}}],"inLanguage":"es"},{"@type":"Person","@id":"https:\/\/diarioabcdemichoacan.com.mx\/lasnoticias\/#\/schema\/person\/19ae376040f6cbc489682ebdd8524852","name":"AR","image":{"@type":"ImageObject","inLanguage":"es","@id":"https:\/\/diarioabcdemichoacan.com.mx\/lasnoticias\/#\/schema\/person\/image\/","url":"https:\/\/secure.gravatar.com\/avatar\/44eca2ff970262234e20e1e082872af0?s=96&d=mm&r=g","contentUrl":"https:\/\/secure.gravatar.com\/avatar\/44eca2ff970262234e20e1e082872af0?s=96&d=mm&r=g","caption":"AR"},"url":"https:\/\/diarioabcdemichoacan.com.mx\/lasnoticias\/author\/adrian\/"}]}},"_links":{"self":[{"href":"https:\/\/diarioabcdemichoacan.com.mx\/lasnoticias\/wp-json\/wp\/v2\/posts\/77210","targetHints":{"allow":["GET"]}}],"collection":[{"href":"https:\/\/diarioabcdemichoacan.com.mx\/lasnoticias\/wp-json\/wp\/v2\/posts"}],"about":[{"href":"https:\/\/diarioabcdemichoacan.com.mx\/lasnoticias\/wp-json\/wp\/v2\/types\/post"}],"author":[{"embeddable":true,"href":"https:\/\/diarioabcdemichoacan.com.mx\/lasnoticias\/wp-json\/wp\/v2\/users\/9"}],"replies":[{"embeddable":true,"href":"https:\/\/diarioabcdemichoacan.com.mx\/lasnoticias\/wp-json\/wp\/v2\/comments?post=77210"}],"version-history":[{"count":1,"href":"https:\/\/diarioabcdemichoacan.com.mx\/lasnoticias\/wp-json\/wp\/v2\/posts\/77210\/revisions"}],"predecessor-version":[{"id":77212,"href":"https:\/\/diarioabcdemichoacan.com.mx\/lasnoticias\/wp-json\/wp\/v2\/posts\/77210\/revisions\/77212"}],"wp:featuredmedia":[{"embeddable":true,"href":"https:\/\/diarioabcdemichoacan.com.mx\/lasnoticias\/wp-json\/wp\/v2\/media\/77211"}],"wp:attachment":[{"href":"https:\/\/diarioabcdemichoacan.com.mx\/lasnoticias\/wp-json\/wp\/v2\/media?parent=77210"}],"wp:term":[{"taxonomy":"category","embeddable":true,"href":"https:\/\/diarioabcdemichoacan.com.mx\/lasnoticias\/wp-json\/wp\/v2\/categories?post=77210"},{"taxonomy":"post_tag","embeddable":true,"href":"https:\/\/diarioabcdemichoacan.com.mx\/lasnoticias\/wp-json\/wp\/v2\/tags?post=77210"}],"curies":[{"name":"wp","href":"https:\/\/api.w.org\/{rel}","templated":true}]}}