{"id":77243,"date":"2026-03-12T17:18:29","date_gmt":"2026-03-12T23:18:29","guid":{"rendered":"https:\/\/diarioabcdemichoacan.com.mx\/lasnoticias\/?p=77243"},"modified":"2026-03-12T17:18:29","modified_gmt":"2026-03-12T23:18:29","slug":"alfonso-martinez-se-reune-con-dirigente-nacional-del-pan-tras-encuentro-con-sheinbaum","status":"publish","type":"post","link":"https:\/\/diarioabcdemichoacan.com.mx\/lasnoticias\/alfonso-martinez-se-reune-con-dirigente-nacional-del-pan-tras-encuentro-con-sheinbaum\/","title":{"rendered":"Alfonso Mart\u00ednez se re\u00fane con dirigente nacional del PAN tras encuentro con Sheinbaum"},"content":{"rendered":"<h6>Por Mariano Bola\u00f1os Monta\u00f1ez<\/h6>\n<hr \/>\n<p>Morelia, Mich.- El presidente municipal de Morelia, Alfonso Mart\u00ednez Alc\u00e1zar, confirm\u00f3 que sostuvo una reuni\u00f3n con el dirigente nacional del Partido Acci\u00f3n Nacional (PAN), Jorge Romero Herrera, luego de participar en un encuentro con la presidenta de M\u00e9xico, Claudia Sheinbaum Pardo, al que asistieron m\u00e1s de 60 alcaldes del pa\u00eds.<\/p>\n<p>En entrevista con medios de comunicaci\u00f3n, el edil se\u00f1al\u00f3 que durante la reuni\u00f3n con el l\u00edder panista se abordaron temas relacionados con la construcci\u00f3n de consensos para seguir impulsando un buen gobierno.<\/p>\n<p>Mart\u00ednez Alc\u00e1zar indic\u00f3 que Romero Herrera tambi\u00e9n le extendi\u00f3 una invitaci\u00f3n para participar en pr\u00f3ximos eventos del partido en los meses siguientes; reconoci\u00f3 su liderazgo al interior del PAN y consider\u00f3 que el instituto pol\u00edtico se encuentra fortalecido y en crecimiento.<\/p>\n<p>El alcalde adelant\u00f3 que continuar\u00e1 sosteniendo reuniones con dirigentes, actores y l\u00edderes pol\u00edticos que tengan influencia en el estado y el municipio, con el objetivo de construir acuerdos.<\/p>\n<p>Finalmente, al ser cuestionado sobre el proceso electoral de 2027, agradeci\u00f3 los comentarios de apoyo hacia su persona, pero reiter\u00f3 que \u201chay que dejar el 27 para el 27\u201d, al se\u00f1alar que ser\u00e1n los partidos pol\u00edticos quienes definan las posibles coaliciones, al tiempo que subray\u00f3 la importancia de seguir defendiendo la democracia y la libertad de expresi\u00f3n.<\/p>\n","protected":false},"excerpt":{"rendered":"<p>Por Mariano Bola\u00f1os Monta\u00f1ez Morelia, Mich.- El presidente municipal de Morelia, Alfonso Mart\u00ednez Alc\u00e1zar, confirm\u00f3 que sostuvo una reuni\u00f3n con el dirigente nacional del Partido Acci\u00f3n Nacional (PAN), Jorge Romero Herrera, luego de participar en un encuentro con la presidenta de M\u00e9xico, Claudia Sheinbaum Pardo, al que asistieron m\u00e1s de 60 alcaldes del pa\u00eds. En [&hellip;]<\/p>\n","protected":false},"author":9,"featured_media":77244,"comment_status":"closed","ping_status":"closed","sticky":false,"template":"","format":"standard","meta":{"footnotes":""},"categories":[18,28,27],"tags":[],"class_list":{"0":"post-77243","1":"post","2":"type-post","3":"status-publish","4":"format-standard","5":"has-post-thumbnail","7":"category-ayuntamiento-de-morelia","8":"category-politica","9":"category-slider"},"yoast_head":"<!-- This site is optimized with the Yoast SEO plugin v24.0 - https:\/\/yoast.com\/wordpress\/plugins\/seo\/ -->\n<title>Alfonso Mart\u00ednez se re\u00fane con dirigente nacional del PAN tras encuentro con Sheinbaum - Diario ABC de Michoac\u00e1n<\/title>\n<meta name=\"robots\" content=\"index, follow, max-snippet:-1, max-image-preview:large, max-video-preview:-1\" \/>\n<link rel=\"canonical\" href=\"https:\/\/diarioabcdemichoacan.com.mx\/lasnoticias\/alfonso-martinez-se-reune-con-dirigente-nacional-del-pan-tras-encuentro-con-sheinbaum\/\" \/>\n<meta property=\"og:locale\" content=\"es_ES\" \/>\n<meta property=\"og:type\" content=\"article\" \/>\n<meta property=\"og:title\" content=\"Alfonso Mart\u00ednez se re\u00fane con dirigente nacional del PAN tras encuentro con Sheinbaum - Diario ABC de Michoac\u00e1n\" \/>\n<meta property=\"og:description\" content=\"Por Mariano Bola\u00f1os Monta\u00f1ez Morelia, Mich.- El presidente municipal de Morelia, Alfonso Mart\u00ednez Alc\u00e1zar, confirm\u00f3 que sostuvo una reuni\u00f3n con el dirigente nacional del Partido Acci\u00f3n Nacional (PAN), Jorge Romero Herrera, luego de participar en un encuentro con la presidenta de M\u00e9xico, Claudia Sheinbaum Pardo, al que asistieron m\u00e1s de 60 alcaldes del pa\u00eds. En [&hellip;]\" \/>\n<meta property=\"og:url\" content=\"https:\/\/diarioabcdemichoacan.com.mx\/lasnoticias\/alfonso-martinez-se-reune-con-dirigente-nacional-del-pan-tras-encuentro-con-sheinbaum\/\" \/>\n<meta property=\"og:site_name\" content=\"Diario ABC de Michoac\u00e1n\" \/>\n<meta property=\"article:published_time\" content=\"2026-03-12T23:18:29+00:00\" \/>\n<meta property=\"og:image\" content=\"https:\/\/diarioabcdemichoacan.com.mx\/lasnoticias\/wp-content\/uploads\/2026\/03\/WhatsApp-Image-2026-03-11-at-2.06.50-PM-2.jpeg\" \/>\n\t<meta property=\"og:image:width\" content=\"1600\" \/>\n\t<meta property=\"og:image:height\" content=\"902\" \/>\n\t<meta property=\"og:image:type\" content=\"image\/jpeg\" \/>\n<meta name=\"author\" content=\"AR\" \/>\n<meta name=\"twitter:card\" content=\"summary_large_image\" \/>\n<meta name=\"twitter:label1\" content=\"Escrito por\" \/>\n\t<meta name=\"twitter:data1\" content=\"AR\" \/>\n\t<meta name=\"twitter:label2\" content=\"Tiempo de lectura\" \/>\n\t<meta name=\"twitter:data2\" content=\"2 minutos\" \/>\n<script type=\"application\/ld+json\" class=\"yoast-schema-graph\">{\"@context\":\"https:\/\/schema.org\",\"@graph\":[{\"@type\":\"WebPage\",\"@id\":\"https:\/\/diarioabcdemichoacan.com.mx\/lasnoticias\/alfonso-martinez-se-reune-con-dirigente-nacional-del-pan-tras-encuentro-con-sheinbaum\/\",\"url\":\"https:\/\/diarioabcdemichoacan.com.mx\/lasnoticias\/alfonso-martinez-se-reune-con-dirigente-nacional-del-pan-tras-encuentro-con-sheinbaum\/\",\"name\":\"Alfonso Mart\u00ednez se re\u00fane con dirigente nacional del PAN tras encuentro con Sheinbaum - Diario ABC de Michoac\u00e1n\",\"isPartOf\":{\"@id\":\"https:\/\/diarioabcdemichoacan.com.mx\/lasnoticias\/#website\"},\"primaryImageOfPage\":{\"@id\":\"https:\/\/diarioabcdemichoacan.com.mx\/lasnoticias\/alfonso-martinez-se-reune-con-dirigente-nacional-del-pan-tras-encuentro-con-sheinbaum\/#primaryimage\"},\"image\":{\"@id\":\"https:\/\/diarioabcdemichoacan.com.mx\/lasnoticias\/alfonso-martinez-se-reune-con-dirigente-nacional-del-pan-tras-encuentro-con-sheinbaum\/#primaryimage\"},\"thumbnailUrl\":\"https:\/\/diarioabcdemichoacan.com.mx\/lasnoticias\/wp-content\/uploads\/2026\/03\/WhatsApp-Image-2026-03-11-at-2.06.50-PM-2.jpeg\",\"datePublished\":\"2026-03-12T23:18:29+00:00\",\"dateModified\":\"2026-03-12T23:18:29+00:00\",\"author\":{\"@id\":\"https:\/\/diarioabcdemichoacan.com.mx\/lasnoticias\/#\/schema\/person\/19ae376040f6cbc489682ebdd8524852\"},\"breadcrumb\":{\"@id\":\"https:\/\/diarioabcdemichoacan.com.mx\/lasnoticias\/alfonso-martinez-se-reune-con-dirigente-nacional-del-pan-tras-encuentro-con-sheinbaum\/#breadcrumb\"},\"inLanguage\":\"es\",\"potentialAction\":[{\"@type\":\"ReadAction\",\"target\":[\"https:\/\/diarioabcdemichoacan.com.mx\/lasnoticias\/alfonso-martinez-se-reune-con-dirigente-nacional-del-pan-tras-encuentro-con-sheinbaum\/\"]}]},{\"@type\":\"ImageObject\",\"inLanguage\":\"es\",\"@id\":\"https:\/\/diarioabcdemichoacan.com.mx\/lasnoticias\/alfonso-martinez-se-reune-con-dirigente-nacional-del-pan-tras-encuentro-con-sheinbaum\/#primaryimage\",\"url\":\"https:\/\/diarioabcdemichoacan.com.mx\/lasnoticias\/wp-content\/uploads\/2026\/03\/WhatsApp-Image-2026-03-11-at-2.06.50-PM-2.jpeg\",\"contentUrl\":\"https:\/\/diarioabcdemichoacan.com.mx\/lasnoticias\/wp-content\/uploads\/2026\/03\/WhatsApp-Image-2026-03-11-at-2.06.50-PM-2.jpeg\",\"width\":1600,\"height\":902},{\"@type\":\"BreadcrumbList\",\"@id\":\"https:\/\/diarioabcdemichoacan.com.mx\/lasnoticias\/alfonso-martinez-se-reune-con-dirigente-nacional-del-pan-tras-encuentro-con-sheinbaum\/#breadcrumb\",\"itemListElement\":[{\"@type\":\"ListItem\",\"position\":1,\"name\":\"Portada\",\"item\":\"https:\/\/diarioabcdemichoacan.com.mx\/lasnoticias\/\"},{\"@type\":\"ListItem\",\"position\":2,\"name\":\"Alfonso Mart\u00ednez se re\u00fane con dirigente nacional del PAN tras encuentro con Sheinbaum\"}]},{\"@type\":\"WebSite\",\"@id\":\"https:\/\/diarioabcdemichoacan.com.mx\/lasnoticias\/#website\",\"url\":\"https:\/\/diarioabcdemichoacan.com.mx\/lasnoticias\/\",\"name\":\"Diario ABC de Michoac\u00e1n\",\"description\":\"Las noticias al momento\",\"potentialAction\":[{\"@type\":\"SearchAction\",\"target\":{\"@type\":\"EntryPoint\",\"urlTemplate\":\"https:\/\/diarioabcdemichoacan.com.mx\/lasnoticias\/?s={search_term_string}\"},\"query-input\":{\"@type\":\"PropertyValueSpecification\",\"valueRequired\":true,\"valueName\":\"search_term_string\"}}],\"inLanguage\":\"es\"},{\"@type\":\"Person\",\"@id\":\"https:\/\/diarioabcdemichoacan.com.mx\/lasnoticias\/#\/schema\/person\/19ae376040f6cbc489682ebdd8524852\",\"name\":\"AR\",\"image\":{\"@type\":\"ImageObject\",\"inLanguage\":\"es\",\"@id\":\"https:\/\/diarioabcdemichoacan.com.mx\/lasnoticias\/#\/schema\/person\/image\/\",\"url\":\"https:\/\/secure.gravatar.com\/avatar\/44eca2ff970262234e20e1e082872af0?s=96&d=mm&r=g\",\"contentUrl\":\"https:\/\/secure.gravatar.com\/avatar\/44eca2ff970262234e20e1e082872af0?s=96&d=mm&r=g\",\"caption\":\"AR\"},\"url\":\"https:\/\/diarioabcdemichoacan.com.mx\/lasnoticias\/author\/adrian\/\"}]}<\/script>\n<!-- \/ Yoast SEO plugin. -->","yoast_head_json":{"title":"Alfonso Mart\u00ednez se re\u00fane con dirigente nacional del PAN tras encuentro con Sheinbaum - Diario ABC de Michoac\u00e1n","robots":{"index":"index","follow":"follow","max-snippet":"max-snippet:-1","max-image-preview":"max-image-preview:large","max-video-preview":"max-video-preview:-1"},"canonical":"https:\/\/diarioabcdemichoacan.com.mx\/lasnoticias\/alfonso-martinez-se-reune-con-dirigente-nacional-del-pan-tras-encuentro-con-sheinbaum\/","og_locale":"es_ES","og_type":"article","og_title":"Alfonso Mart\u00ednez se re\u00fane con dirigente nacional del PAN tras encuentro con Sheinbaum - Diario ABC de Michoac\u00e1n","og_description":"Por Mariano Bola\u00f1os Monta\u00f1ez Morelia, Mich.- El presidente municipal de Morelia, Alfonso Mart\u00ednez Alc\u00e1zar, confirm\u00f3 que sostuvo una reuni\u00f3n con el dirigente nacional del Partido Acci\u00f3n Nacional (PAN), Jorge Romero Herrera, luego de participar en un encuentro con la presidenta de M\u00e9xico, Claudia Sheinbaum Pardo, al que asistieron m\u00e1s de 60 alcaldes del pa\u00eds. En [&hellip;]","og_url":"https:\/\/diarioabcdemichoacan.com.mx\/lasnoticias\/alfonso-martinez-se-reune-con-dirigente-nacional-del-pan-tras-encuentro-con-sheinbaum\/","og_site_name":"Diario ABC de Michoac\u00e1n","article_published_time":"2026-03-12T23:18:29+00:00","og_image":[{"width":1600,"height":902,"url":"https:\/\/diarioabcdemichoacan.com.mx\/lasnoticias\/wp-content\/uploads\/2026\/03\/WhatsApp-Image-2026-03-11-at-2.06.50-PM-2.jpeg","type":"image\/jpeg"}],"author":"AR","twitter_card":"summary_large_image","twitter_misc":{"Escrito por":"AR","Tiempo de lectura":"2 minutos"},"schema":{"@context":"https:\/\/schema.org","@graph":[{"@type":"WebPage","@id":"https:\/\/diarioabcdemichoacan.com.mx\/lasnoticias\/alfonso-martinez-se-reune-con-dirigente-nacional-del-pan-tras-encuentro-con-sheinbaum\/","url":"https:\/\/diarioabcdemichoacan.com.mx\/lasnoticias\/alfonso-martinez-se-reune-con-dirigente-nacional-del-pan-tras-encuentro-con-sheinbaum\/","name":"Alfonso Mart\u00ednez se re\u00fane con dirigente nacional del PAN tras encuentro con Sheinbaum - Diario ABC de Michoac\u00e1n","isPartOf":{"@id":"https:\/\/diarioabcdemichoacan.com.mx\/lasnoticias\/#website"},"primaryImageOfPage":{"@id":"https:\/\/diarioabcdemichoacan.com.mx\/lasnoticias\/alfonso-martinez-se-reune-con-dirigente-nacional-del-pan-tras-encuentro-con-sheinbaum\/#primaryimage"},"image":{"@id":"https:\/\/diarioabcdemichoacan.com.mx\/lasnoticias\/alfonso-martinez-se-reune-con-dirigente-nacional-del-pan-tras-encuentro-con-sheinbaum\/#primaryimage"},"thumbnailUrl":"https:\/\/diarioabcdemichoacan.com.mx\/lasnoticias\/wp-content\/uploads\/2026\/03\/WhatsApp-Image-2026-03-11-at-2.06.50-PM-2.jpeg","datePublished":"2026-03-12T23:18:29+00:00","dateModified":"2026-03-12T23:18:29+00:00","author":{"@id":"https:\/\/diarioabcdemichoacan.com.mx\/lasnoticias\/#\/schema\/person\/19ae376040f6cbc489682ebdd8524852"},"breadcrumb":{"@id":"https:\/\/diarioabcdemichoacan.com.mx\/lasnoticias\/alfonso-martinez-se-reune-con-dirigente-nacional-del-pan-tras-encuentro-con-sheinbaum\/#breadcrumb"},"inLanguage":"es","potentialAction":[{"@type":"ReadAction","target":["https:\/\/diarioabcdemichoacan.com.mx\/lasnoticias\/alfonso-martinez-se-reune-con-dirigente-nacional-del-pan-tras-encuentro-con-sheinbaum\/"]}]},{"@type":"ImageObject","inLanguage":"es","@id":"https:\/\/diarioabcdemichoacan.com.mx\/lasnoticias\/alfonso-martinez-se-reune-con-dirigente-nacional-del-pan-tras-encuentro-con-sheinbaum\/#primaryimage","url":"https:\/\/diarioabcdemichoacan.com.mx\/lasnoticias\/wp-content\/uploads\/2026\/03\/WhatsApp-Image-2026-03-11-at-2.06.50-PM-2.jpeg","contentUrl":"https:\/\/diarioabcdemichoacan.com.mx\/lasnoticias\/wp-content\/uploads\/2026\/03\/WhatsApp-Image-2026-03-11-at-2.06.50-PM-2.jpeg","width":1600,"height":902},{"@type":"BreadcrumbList","@id":"https:\/\/diarioabcdemichoacan.com.mx\/lasnoticias\/alfonso-martinez-se-reune-con-dirigente-nacional-del-pan-tras-encuentro-con-sheinbaum\/#breadcrumb","itemListElement":[{"@type":"ListItem","position":1,"name":"Portada","item":"https:\/\/diarioabcdemichoacan.com.mx\/lasnoticias\/"},{"@type":"ListItem","position":2,"name":"Alfonso Mart\u00ednez se re\u00fane con dirigente nacional del PAN tras encuentro con Sheinbaum"}]},{"@type":"WebSite","@id":"https:\/\/diarioabcdemichoacan.com.mx\/lasnoticias\/#website","url":"https:\/\/diarioabcdemichoacan.com.mx\/lasnoticias\/","name":"Diario ABC de Michoac\u00e1n","description":"Las noticias al momento","potentialAction":[{"@type":"SearchAction","target":{"@type":"EntryPoint","urlTemplate":"https:\/\/diarioabcdemichoacan.com.mx\/lasnoticias\/?s={search_term_string}"},"query-input":{"@type":"PropertyValueSpecification","valueRequired":true,"valueName":"search_term_string"}}],"inLanguage":"es"},{"@type":"Person","@id":"https:\/\/diarioabcdemichoacan.com.mx\/lasnoticias\/#\/schema\/person\/19ae376040f6cbc489682ebdd8524852","name":"AR","image":{"@type":"ImageObject","inLanguage":"es","@id":"https:\/\/diarioabcdemichoacan.com.mx\/lasnoticias\/#\/schema\/person\/image\/","url":"https:\/\/secure.gravatar.com\/avatar\/44eca2ff970262234e20e1e082872af0?s=96&d=mm&r=g","contentUrl":"https:\/\/secure.gravatar.com\/avatar\/44eca2ff970262234e20e1e082872af0?s=96&d=mm&r=g","caption":"AR"},"url":"https:\/\/diarioabcdemichoacan.com.mx\/lasnoticias\/author\/adrian\/"}]}},"_links":{"self":[{"href":"https:\/\/diarioabcdemichoacan.com.mx\/lasnoticias\/wp-json\/wp\/v2\/posts\/77243","targetHints":{"allow":["GET"]}}],"collection":[{"href":"https:\/\/diarioabcdemichoacan.com.mx\/lasnoticias\/wp-json\/wp\/v2\/posts"}],"about":[{"href":"https:\/\/diarioabcdemichoacan.com.mx\/lasnoticias\/wp-json\/wp\/v2\/types\/post"}],"author":[{"embeddable":true,"href":"https:\/\/diarioabcdemichoacan.com.mx\/lasnoticias\/wp-json\/wp\/v2\/users\/9"}],"replies":[{"embeddable":true,"href":"https:\/\/diarioabcdemichoacan.com.mx\/lasnoticias\/wp-json\/wp\/v2\/comments?post=77243"}],"version-history":[{"count":1,"href":"https:\/\/diarioabcdemichoacan.com.mx\/lasnoticias\/wp-json\/wp\/v2\/posts\/77243\/revisions"}],"predecessor-version":[{"id":77245,"href":"https:\/\/diarioabcdemichoacan.com.mx\/lasnoticias\/wp-json\/wp\/v2\/posts\/77243\/revisions\/77245"}],"wp:featuredmedia":[{"embeddable":true,"href":"https:\/\/diarioabcdemichoacan.com.mx\/lasnoticias\/wp-json\/wp\/v2\/media\/77244"}],"wp:attachment":[{"href":"https:\/\/diarioabcdemichoacan.com.mx\/lasnoticias\/wp-json\/wp\/v2\/media?parent=77243"}],"wp:term":[{"taxonomy":"category","embeddable":true,"href":"https:\/\/diarioabcdemichoacan.com.mx\/lasnoticias\/wp-json\/wp\/v2\/categories?post=77243"},{"taxonomy":"post_tag","embeddable":true,"href":"https:\/\/diarioabcdemichoacan.com.mx\/lasnoticias\/wp-json\/wp\/v2\/tags?post=77243"}],"curies":[{"name":"wp","href":"https:\/\/api.w.org\/{rel}","templated":true}]}}