{"id":77255,"date":"2026-03-12T17:48:00","date_gmt":"2026-03-12T23:48:00","guid":{"rendered":"https:\/\/diarioabcdemichoacan.com.mx\/lasnoticias\/?p=77255"},"modified":"2026-03-12T17:48:00","modified_gmt":"2026-03-12T23:48:00","slug":"tras-operativo-interinstitucional-detienen-a-tres-presuntos-generadores-de-violencia-en-uruapan","status":"publish","type":"post","link":"https:\/\/diarioabcdemichoacan.com.mx\/lasnoticias\/tras-operativo-interinstitucional-detienen-a-tres-presuntos-generadores-de-violencia-en-uruapan\/","title":{"rendered":"Tras operativo interinstitucional, detienen a tres presuntos generadores de violencia en Uruapan\u00a0"},"content":{"rendered":"<h2>Los detenidos, entre ellos dos menores de edad, portaban un arma de fuego de uso exclusivo del Ejercito.<\/h2>\n<ul>\n<li>Se les vincula con recientes agresiones armadas cometidas a bordo de motocicletas en la ciudad.<\/li>\n<\/ul>\n<p>&nbsp;<\/p>\n<hr \/>\n<p>Elementos de la Guardia Civil, Polic\u00eda Municipal, Guardia Nacional, Ej\u00e9rcito y la SSPC, lograron la detenci\u00f3n de tres sujetos presuntamente relacionados con actividades de narcomenudeo y ataques con arma de fuego en esta cabecera municipal.<\/p>\n<p>Ante la Respuesta inmediata a reporte del C5i<br \/>\nLa acci\u00f3n operativa se deriv\u00f3 de un reporte ciudadano captado por el centro de mando C5i, que alertaba sobre una persona lesionada por proyectil de arma de fuego De inmediato, se activ\u00f3 un dispositivo de b\u00fasqueda y localizaci\u00f3n con base en las caracter\u00edsticas de los agresores.<br \/>\nMinutos m\u00e1s tarde, el personal policial detect\u00f3 a tres masculinos a los cuales les aseguro droga y 1 arma de fuego.<\/p>\n<p>Arma de Fuego: Una pistola tipo escuadra, marca Taurus, calibre 9mm.<br \/>\nNarc\u00f3ticos: 54 envoltorios de pl\u00e1stico que contienen una sustancia granulosa con las caracter\u00edsticas propias de la metanfetamina (cristal). Con etiquetas alusivas a un grupo criminal.<\/p>\n<p>Veh\u00edculo: Una motocicleta marca Italika, modelo FT150, a\u00f1o 2026, unidad que presuntamente era utilizada para facilitar la huida en actos delictivos (modalidad de motosicarios).<\/p>\n<p>Debido a la naturaleza de los hechos y la posible vinculaci\u00f3n de los ahora requeridos con ataques recientes contra la ciudadan\u00eda, los implicados y los indicios fueron puestos a disposici\u00f3n de la autoridad ministerial correspondiente y se contin\u00faen las investigaciones por portaci\u00f3n de arma de fuego, delitos contra la salud y tentativa de homicidio.<\/p>\n<p>SEGUIREMOS TRABAJANDO POR EL BIEN DE URUAPN.<br \/>\n\u00a1QUE DIOS LOS BENDIGA! \ud83d\ude4f\ud83e\udd20<\/p>\n","protected":false},"excerpt":{"rendered":"<p>Los detenidos, entre ellos dos menores de edad, portaban un arma de fuego de uso exclusivo del Ejercito. Se les vincula con recientes agresiones armadas cometidas a bordo de motocicletas en la ciudad. &nbsp; Elementos de la Guardia Civil, Polic\u00eda Municipal, Guardia Nacional, Ej\u00e9rcito y la SSPC, lograron la detenci\u00f3n de tres sujetos presuntamente relacionados [&hellip;]<\/p>\n","protected":false},"author":9,"featured_media":77256,"comment_status":"closed","ping_status":"closed","sticky":false,"template":"","format":"standard","meta":{"footnotes":""},"categories":[10,17,28,27],"tags":[],"class_list":{"0":"post-77255","1":"post","2":"type-post","3":"status-publish","4":"format-standard","5":"has-post-thumbnail","7":"category-estado","8":"category-gobierno-de-michoacan","9":"category-politica","10":"category-slider"},"yoast_head":"<!-- This site is optimized with the Yoast SEO plugin v24.0 - https:\/\/yoast.com\/wordpress\/plugins\/seo\/ -->\n<title>Tras operativo interinstitucional, detienen a tres presuntos generadores de violencia en Uruapan\u00a0 - Diario ABC de Michoac\u00e1n<\/title>\n<meta name=\"robots\" content=\"index, follow, max-snippet:-1, max-image-preview:large, max-video-preview:-1\" \/>\n<link rel=\"canonical\" href=\"https:\/\/diarioabcdemichoacan.com.mx\/lasnoticias\/tras-operativo-interinstitucional-detienen-a-tres-presuntos-generadores-de-violencia-en-uruapan\/\" \/>\n<meta property=\"og:locale\" content=\"es_ES\" \/>\n<meta property=\"og:type\" content=\"article\" \/>\n<meta property=\"og:title\" content=\"Tras operativo interinstitucional, detienen a tres presuntos generadores de violencia en Uruapan\u00a0 - Diario ABC de Michoac\u00e1n\" \/>\n<meta property=\"og:description\" content=\"Los detenidos, entre ellos dos menores de edad, portaban un arma de fuego de uso exclusivo del Ejercito. Se les vincula con recientes agresiones armadas cometidas a bordo de motocicletas en la ciudad. &nbsp; Elementos de la Guardia Civil, Polic\u00eda Municipal, Guardia Nacional, Ej\u00e9rcito y la SSPC, lograron la detenci\u00f3n de tres sujetos presuntamente relacionados [&hellip;]\" \/>\n<meta property=\"og:url\" content=\"https:\/\/diarioabcdemichoacan.com.mx\/lasnoticias\/tras-operativo-interinstitucional-detienen-a-tres-presuntos-generadores-de-violencia-en-uruapan\/\" \/>\n<meta property=\"og:site_name\" content=\"Diario ABC de Michoac\u00e1n\" \/>\n<meta property=\"article:published_time\" content=\"2026-03-12T23:48:00+00:00\" \/>\n<meta property=\"og:image\" content=\"https:\/\/diarioabcdemichoacan.com.mx\/lasnoticias\/wp-content\/uploads\/2026\/03\/WhatsApp-Image-2026-03-11-at-12.05.17-PM-1.jpeg\" \/>\n\t<meta property=\"og:image:width\" content=\"1600\" \/>\n\t<meta property=\"og:image:height\" content=\"1200\" \/>\n\t<meta property=\"og:image:type\" content=\"image\/jpeg\" \/>\n<meta name=\"author\" content=\"AR\" \/>\n<meta name=\"twitter:card\" content=\"summary_large_image\" \/>\n<meta name=\"twitter:label1\" content=\"Escrito por\" \/>\n\t<meta name=\"twitter:data1\" content=\"AR\" \/>\n\t<meta name=\"twitter:label2\" content=\"Tiempo de lectura\" \/>\n\t<meta name=\"twitter:data2\" content=\"2 minutos\" \/>\n<script type=\"application\/ld+json\" class=\"yoast-schema-graph\">{\"@context\":\"https:\/\/schema.org\",\"@graph\":[{\"@type\":\"WebPage\",\"@id\":\"https:\/\/diarioabcdemichoacan.com.mx\/lasnoticias\/tras-operativo-interinstitucional-detienen-a-tres-presuntos-generadores-de-violencia-en-uruapan\/\",\"url\":\"https:\/\/diarioabcdemichoacan.com.mx\/lasnoticias\/tras-operativo-interinstitucional-detienen-a-tres-presuntos-generadores-de-violencia-en-uruapan\/\",\"name\":\"Tras operativo interinstitucional, detienen a tres presuntos generadores de violencia en Uruapan\u00a0 - Diario ABC de Michoac\u00e1n\",\"isPartOf\":{\"@id\":\"https:\/\/diarioabcdemichoacan.com.mx\/lasnoticias\/#website\"},\"primaryImageOfPage\":{\"@id\":\"https:\/\/diarioabcdemichoacan.com.mx\/lasnoticias\/tras-operativo-interinstitucional-detienen-a-tres-presuntos-generadores-de-violencia-en-uruapan\/#primaryimage\"},\"image\":{\"@id\":\"https:\/\/diarioabcdemichoacan.com.mx\/lasnoticias\/tras-operativo-interinstitucional-detienen-a-tres-presuntos-generadores-de-violencia-en-uruapan\/#primaryimage\"},\"thumbnailUrl\":\"https:\/\/diarioabcdemichoacan.com.mx\/lasnoticias\/wp-content\/uploads\/2026\/03\/WhatsApp-Image-2026-03-11-at-12.05.17-PM-1.jpeg\",\"datePublished\":\"2026-03-12T23:48:00+00:00\",\"dateModified\":\"2026-03-12T23:48:00+00:00\",\"author\":{\"@id\":\"https:\/\/diarioabcdemichoacan.com.mx\/lasnoticias\/#\/schema\/person\/19ae376040f6cbc489682ebdd8524852\"},\"breadcrumb\":{\"@id\":\"https:\/\/diarioabcdemichoacan.com.mx\/lasnoticias\/tras-operativo-interinstitucional-detienen-a-tres-presuntos-generadores-de-violencia-en-uruapan\/#breadcrumb\"},\"inLanguage\":\"es\",\"potentialAction\":[{\"@type\":\"ReadAction\",\"target\":[\"https:\/\/diarioabcdemichoacan.com.mx\/lasnoticias\/tras-operativo-interinstitucional-detienen-a-tres-presuntos-generadores-de-violencia-en-uruapan\/\"]}]},{\"@type\":\"ImageObject\",\"inLanguage\":\"es\",\"@id\":\"https:\/\/diarioabcdemichoacan.com.mx\/lasnoticias\/tras-operativo-interinstitucional-detienen-a-tres-presuntos-generadores-de-violencia-en-uruapan\/#primaryimage\",\"url\":\"https:\/\/diarioabcdemichoacan.com.mx\/lasnoticias\/wp-content\/uploads\/2026\/03\/WhatsApp-Image-2026-03-11-at-12.05.17-PM-1.jpeg\",\"contentUrl\":\"https:\/\/diarioabcdemichoacan.com.mx\/lasnoticias\/wp-content\/uploads\/2026\/03\/WhatsApp-Image-2026-03-11-at-12.05.17-PM-1.jpeg\",\"width\":1600,\"height\":1200},{\"@type\":\"BreadcrumbList\",\"@id\":\"https:\/\/diarioabcdemichoacan.com.mx\/lasnoticias\/tras-operativo-interinstitucional-detienen-a-tres-presuntos-generadores-de-violencia-en-uruapan\/#breadcrumb\",\"itemListElement\":[{\"@type\":\"ListItem\",\"position\":1,\"name\":\"Portada\",\"item\":\"https:\/\/diarioabcdemichoacan.com.mx\/lasnoticias\/\"},{\"@type\":\"ListItem\",\"position\":2,\"name\":\"Tras operativo interinstitucional, detienen a tres presuntos generadores de violencia en Uruapan\u00a0\"}]},{\"@type\":\"WebSite\",\"@id\":\"https:\/\/diarioabcdemichoacan.com.mx\/lasnoticias\/#website\",\"url\":\"https:\/\/diarioabcdemichoacan.com.mx\/lasnoticias\/\",\"name\":\"Diario ABC de Michoac\u00e1n\",\"description\":\"Las noticias al momento\",\"potentialAction\":[{\"@type\":\"SearchAction\",\"target\":{\"@type\":\"EntryPoint\",\"urlTemplate\":\"https:\/\/diarioabcdemichoacan.com.mx\/lasnoticias\/?s={search_term_string}\"},\"query-input\":{\"@type\":\"PropertyValueSpecification\",\"valueRequired\":true,\"valueName\":\"search_term_string\"}}],\"inLanguage\":\"es\"},{\"@type\":\"Person\",\"@id\":\"https:\/\/diarioabcdemichoacan.com.mx\/lasnoticias\/#\/schema\/person\/19ae376040f6cbc489682ebdd8524852\",\"name\":\"AR\",\"image\":{\"@type\":\"ImageObject\",\"inLanguage\":\"es\",\"@id\":\"https:\/\/diarioabcdemichoacan.com.mx\/lasnoticias\/#\/schema\/person\/image\/\",\"url\":\"https:\/\/secure.gravatar.com\/avatar\/44eca2ff970262234e20e1e082872af0?s=96&d=mm&r=g\",\"contentUrl\":\"https:\/\/secure.gravatar.com\/avatar\/44eca2ff970262234e20e1e082872af0?s=96&d=mm&r=g\",\"caption\":\"AR\"},\"url\":\"https:\/\/diarioabcdemichoacan.com.mx\/lasnoticias\/author\/adrian\/\"}]}<\/script>\n<!-- \/ Yoast SEO plugin. -->","yoast_head_json":{"title":"Tras operativo interinstitucional, detienen a tres presuntos generadores de violencia en Uruapan\u00a0 - Diario ABC de Michoac\u00e1n","robots":{"index":"index","follow":"follow","max-snippet":"max-snippet:-1","max-image-preview":"max-image-preview:large","max-video-preview":"max-video-preview:-1"},"canonical":"https:\/\/diarioabcdemichoacan.com.mx\/lasnoticias\/tras-operativo-interinstitucional-detienen-a-tres-presuntos-generadores-de-violencia-en-uruapan\/","og_locale":"es_ES","og_type":"article","og_title":"Tras operativo interinstitucional, detienen a tres presuntos generadores de violencia en Uruapan\u00a0 - Diario ABC de Michoac\u00e1n","og_description":"Los detenidos, entre ellos dos menores de edad, portaban un arma de fuego de uso exclusivo del Ejercito. Se les vincula con recientes agresiones armadas cometidas a bordo de motocicletas en la ciudad. &nbsp; Elementos de la Guardia Civil, Polic\u00eda Municipal, Guardia Nacional, Ej\u00e9rcito y la SSPC, lograron la detenci\u00f3n de tres sujetos presuntamente relacionados [&hellip;]","og_url":"https:\/\/diarioabcdemichoacan.com.mx\/lasnoticias\/tras-operativo-interinstitucional-detienen-a-tres-presuntos-generadores-de-violencia-en-uruapan\/","og_site_name":"Diario ABC de Michoac\u00e1n","article_published_time":"2026-03-12T23:48:00+00:00","og_image":[{"width":1600,"height":1200,"url":"https:\/\/diarioabcdemichoacan.com.mx\/lasnoticias\/wp-content\/uploads\/2026\/03\/WhatsApp-Image-2026-03-11-at-12.05.17-PM-1.jpeg","type":"image\/jpeg"}],"author":"AR","twitter_card":"summary_large_image","twitter_misc":{"Escrito por":"AR","Tiempo de lectura":"2 minutos"},"schema":{"@context":"https:\/\/schema.org","@graph":[{"@type":"WebPage","@id":"https:\/\/diarioabcdemichoacan.com.mx\/lasnoticias\/tras-operativo-interinstitucional-detienen-a-tres-presuntos-generadores-de-violencia-en-uruapan\/","url":"https:\/\/diarioabcdemichoacan.com.mx\/lasnoticias\/tras-operativo-interinstitucional-detienen-a-tres-presuntos-generadores-de-violencia-en-uruapan\/","name":"Tras operativo interinstitucional, detienen a tres presuntos generadores de violencia en Uruapan\u00a0 - Diario ABC de Michoac\u00e1n","isPartOf":{"@id":"https:\/\/diarioabcdemichoacan.com.mx\/lasnoticias\/#website"},"primaryImageOfPage":{"@id":"https:\/\/diarioabcdemichoacan.com.mx\/lasnoticias\/tras-operativo-interinstitucional-detienen-a-tres-presuntos-generadores-de-violencia-en-uruapan\/#primaryimage"},"image":{"@id":"https:\/\/diarioabcdemichoacan.com.mx\/lasnoticias\/tras-operativo-interinstitucional-detienen-a-tres-presuntos-generadores-de-violencia-en-uruapan\/#primaryimage"},"thumbnailUrl":"https:\/\/diarioabcdemichoacan.com.mx\/lasnoticias\/wp-content\/uploads\/2026\/03\/WhatsApp-Image-2026-03-11-at-12.05.17-PM-1.jpeg","datePublished":"2026-03-12T23:48:00+00:00","dateModified":"2026-03-12T23:48:00+00:00","author":{"@id":"https:\/\/diarioabcdemichoacan.com.mx\/lasnoticias\/#\/schema\/person\/19ae376040f6cbc489682ebdd8524852"},"breadcrumb":{"@id":"https:\/\/diarioabcdemichoacan.com.mx\/lasnoticias\/tras-operativo-interinstitucional-detienen-a-tres-presuntos-generadores-de-violencia-en-uruapan\/#breadcrumb"},"inLanguage":"es","potentialAction":[{"@type":"ReadAction","target":["https:\/\/diarioabcdemichoacan.com.mx\/lasnoticias\/tras-operativo-interinstitucional-detienen-a-tres-presuntos-generadores-de-violencia-en-uruapan\/"]}]},{"@type":"ImageObject","inLanguage":"es","@id":"https:\/\/diarioabcdemichoacan.com.mx\/lasnoticias\/tras-operativo-interinstitucional-detienen-a-tres-presuntos-generadores-de-violencia-en-uruapan\/#primaryimage","url":"https:\/\/diarioabcdemichoacan.com.mx\/lasnoticias\/wp-content\/uploads\/2026\/03\/WhatsApp-Image-2026-03-11-at-12.05.17-PM-1.jpeg","contentUrl":"https:\/\/diarioabcdemichoacan.com.mx\/lasnoticias\/wp-content\/uploads\/2026\/03\/WhatsApp-Image-2026-03-11-at-12.05.17-PM-1.jpeg","width":1600,"height":1200},{"@type":"BreadcrumbList","@id":"https:\/\/diarioabcdemichoacan.com.mx\/lasnoticias\/tras-operativo-interinstitucional-detienen-a-tres-presuntos-generadores-de-violencia-en-uruapan\/#breadcrumb","itemListElement":[{"@type":"ListItem","position":1,"name":"Portada","item":"https:\/\/diarioabcdemichoacan.com.mx\/lasnoticias\/"},{"@type":"ListItem","position":2,"name":"Tras operativo interinstitucional, detienen a tres presuntos generadores de violencia en Uruapan\u00a0"}]},{"@type":"WebSite","@id":"https:\/\/diarioabcdemichoacan.com.mx\/lasnoticias\/#website","url":"https:\/\/diarioabcdemichoacan.com.mx\/lasnoticias\/","name":"Diario ABC de Michoac\u00e1n","description":"Las noticias al momento","potentialAction":[{"@type":"SearchAction","target":{"@type":"EntryPoint","urlTemplate":"https:\/\/diarioabcdemichoacan.com.mx\/lasnoticias\/?s={search_term_string}"},"query-input":{"@type":"PropertyValueSpecification","valueRequired":true,"valueName":"search_term_string"}}],"inLanguage":"es"},{"@type":"Person","@id":"https:\/\/diarioabcdemichoacan.com.mx\/lasnoticias\/#\/schema\/person\/19ae376040f6cbc489682ebdd8524852","name":"AR","image":{"@type":"ImageObject","inLanguage":"es","@id":"https:\/\/diarioabcdemichoacan.com.mx\/lasnoticias\/#\/schema\/person\/image\/","url":"https:\/\/secure.gravatar.com\/avatar\/44eca2ff970262234e20e1e082872af0?s=96&d=mm&r=g","contentUrl":"https:\/\/secure.gravatar.com\/avatar\/44eca2ff970262234e20e1e082872af0?s=96&d=mm&r=g","caption":"AR"},"url":"https:\/\/diarioabcdemichoacan.com.mx\/lasnoticias\/author\/adrian\/"}]}},"_links":{"self":[{"href":"https:\/\/diarioabcdemichoacan.com.mx\/lasnoticias\/wp-json\/wp\/v2\/posts\/77255","targetHints":{"allow":["GET"]}}],"collection":[{"href":"https:\/\/diarioabcdemichoacan.com.mx\/lasnoticias\/wp-json\/wp\/v2\/posts"}],"about":[{"href":"https:\/\/diarioabcdemichoacan.com.mx\/lasnoticias\/wp-json\/wp\/v2\/types\/post"}],"author":[{"embeddable":true,"href":"https:\/\/diarioabcdemichoacan.com.mx\/lasnoticias\/wp-json\/wp\/v2\/users\/9"}],"replies":[{"embeddable":true,"href":"https:\/\/diarioabcdemichoacan.com.mx\/lasnoticias\/wp-json\/wp\/v2\/comments?post=77255"}],"version-history":[{"count":1,"href":"https:\/\/diarioabcdemichoacan.com.mx\/lasnoticias\/wp-json\/wp\/v2\/posts\/77255\/revisions"}],"predecessor-version":[{"id":77257,"href":"https:\/\/diarioabcdemichoacan.com.mx\/lasnoticias\/wp-json\/wp\/v2\/posts\/77255\/revisions\/77257"}],"wp:featuredmedia":[{"embeddable":true,"href":"https:\/\/diarioabcdemichoacan.com.mx\/lasnoticias\/wp-json\/wp\/v2\/media\/77256"}],"wp:attachment":[{"href":"https:\/\/diarioabcdemichoacan.com.mx\/lasnoticias\/wp-json\/wp\/v2\/media?parent=77255"}],"wp:term":[{"taxonomy":"category","embeddable":true,"href":"https:\/\/diarioabcdemichoacan.com.mx\/lasnoticias\/wp-json\/wp\/v2\/categories?post=77255"},{"taxonomy":"post_tag","embeddable":true,"href":"https:\/\/diarioabcdemichoacan.com.mx\/lasnoticias\/wp-json\/wp\/v2\/tags?post=77255"}],"curies":[{"name":"wp","href":"https:\/\/api.w.org\/{rel}","templated":true}]}}