{"id":77269,"date":"2026-03-13T16:18:23","date_gmt":"2026-03-13T22:18:23","guid":{"rendered":"https:\/\/diarioabcdemichoacan.com.mx\/lasnoticias\/?p=77269"},"modified":"2026-03-13T16:18:23","modified_gmt":"2026-03-13T22:18:23","slug":"en-el-morebus-viajaras-rapido-y-seguro-por-el-mismo-precio-que-el-transporte-publico-bedolla","status":"publish","type":"post","link":"https:\/\/diarioabcdemichoacan.com.mx\/lasnoticias\/en-el-morebus-viajaras-rapido-y-seguro-por-el-mismo-precio-que-el-transporte-publico-bedolla\/","title":{"rendered":"En el Moreb\u00fas viajar\u00e1s r\u00e1pido y seguro por el mismo precio que el transporte p\u00fablico: Bedolla"},"content":{"rendered":"<h2>M\u00e1s de 80 mil personas lo usar\u00e1n diariamente, desde Villas del Pedregal hasta el monumento a L\u00e1zaro C\u00e1rdenas<\/h2>\n<p>&nbsp;<\/p>\n<hr \/>\n<p>Morelia, Mich.- M\u00e1s de 80 mil personas viajar\u00e1n diariamente de manera r\u00e1pida, segura y ecol\u00f3gica en el Moreb\u00fas, por el mismo precio que el trasporte p\u00fablico, destac\u00f3 el gobernador Alfredo Ram\u00edrez Bedolla.<\/p>\n<p>Este nuevo sistema que modernizar\u00e1 la movilidad de la capital michoacana, recorrer\u00e1, en una primera etapa, m\u00e1s de 30 kil\u00f3metros, desde Villas del Pedregal hasta el monumento a L\u00e1zaro C\u00e1rdenas, reduciendo los tiempos de traslado hasta en un 40 por ciento, explic\u00f3 el mandatario.<\/p>\n<p>Contar\u00e1 con 55 estaciones y 74 unidades habilitadas para prestar el servicio a personas con discapacidad y capaces de reducir un 44 por ciento la emisi\u00f3n de gases contaminantes; adem\u00e1s, las personas usuarias podr\u00e1n subir incluso con sus mascotas.<\/p>\n<p>\u201cLa parte fundamental son las personas, para que, cuando viajen en el Moreb\u00fas, disfruten del viaje y que el transporte no sea una pesadilla. Ayudar\u00e1 tambi\u00e9n al turismo de Morelia porque el nivel de una ciudad se mide tambi\u00e9n en su transporte p\u00fablico\u201d, manifest\u00f3.<\/p>\n<p>Ram\u00edrez Bedolla subray\u00f3 que el proyecto del Moreb\u00fas, que cuenta con el respaldo y apoyo del sector transportista y del Gobierno de Morelia, tendr\u00e1 una inversi\u00f3n conjunta entre federaci\u00f3n y estado de 2.9 mil millones de pesos, y forma parte del Plan Michoac\u00e1n por la Paz y la Justicia.<\/p>\n","protected":false},"excerpt":{"rendered":"<p>M\u00e1s de 80 mil personas lo usar\u00e1n diariamente, desde Villas del Pedregal hasta el monumento a L\u00e1zaro C\u00e1rdenas &nbsp; Morelia, Mich.- M\u00e1s de 80 mil personas viajar\u00e1n diariamente de manera r\u00e1pida, segura y ecol\u00f3gica en el Moreb\u00fas, por el mismo precio que el trasporte p\u00fablico, destac\u00f3 el gobernador Alfredo Ram\u00edrez Bedolla. Este nuevo sistema que [&hellip;]<\/p>\n","protected":false},"author":9,"featured_media":77270,"comment_status":"closed","ping_status":"closed","sticky":false,"template":"","format":"standard","meta":{"footnotes":""},"categories":[10,17,7,28,27],"tags":[],"class_list":{"0":"post-77269","1":"post","2":"type-post","3":"status-publish","4":"format-standard","5":"has-post-thumbnail","7":"category-estado","8":"category-gobierno-de-michoacan","9":"category-morelia","10":"category-politica","11":"category-slider"},"yoast_head":"<!-- This site is optimized with the Yoast SEO plugin v24.0 - https:\/\/yoast.com\/wordpress\/plugins\/seo\/ -->\n<title>En el Moreb\u00fas viajar\u00e1s r\u00e1pido y seguro por el mismo precio que el transporte p\u00fablico: Bedolla - Diario ABC de Michoac\u00e1n<\/title>\n<meta name=\"robots\" content=\"index, follow, max-snippet:-1, max-image-preview:large, max-video-preview:-1\" \/>\n<link rel=\"canonical\" href=\"https:\/\/diarioabcdemichoacan.com.mx\/lasnoticias\/en-el-morebus-viajaras-rapido-y-seguro-por-el-mismo-precio-que-el-transporte-publico-bedolla\/\" \/>\n<meta property=\"og:locale\" content=\"es_ES\" \/>\n<meta property=\"og:type\" content=\"article\" \/>\n<meta property=\"og:title\" content=\"En el Moreb\u00fas viajar\u00e1s r\u00e1pido y seguro por el mismo precio que el transporte p\u00fablico: Bedolla - Diario ABC de Michoac\u00e1n\" \/>\n<meta property=\"og:description\" content=\"M\u00e1s de 80 mil personas lo usar\u00e1n diariamente, desde Villas del Pedregal hasta el monumento a L\u00e1zaro C\u00e1rdenas &nbsp; Morelia, Mich.- M\u00e1s de 80 mil personas viajar\u00e1n diariamente de manera r\u00e1pida, segura y ecol\u00f3gica en el Moreb\u00fas, por el mismo precio que el trasporte p\u00fablico, destac\u00f3 el gobernador Alfredo Ram\u00edrez Bedolla. Este nuevo sistema que [&hellip;]\" \/>\n<meta property=\"og:url\" content=\"https:\/\/diarioabcdemichoacan.com.mx\/lasnoticias\/en-el-morebus-viajaras-rapido-y-seguro-por-el-mismo-precio-que-el-transporte-publico-bedolla\/\" \/>\n<meta property=\"og:site_name\" content=\"Diario ABC de Michoac\u00e1n\" \/>\n<meta property=\"article:published_time\" content=\"2026-03-13T22:18:23+00:00\" \/>\n<meta property=\"og:image\" content=\"https:\/\/diarioabcdemichoacan.com.mx\/lasnoticias\/wp-content\/uploads\/2026\/03\/WhatsApp-Image-2026-03-07-at-10.48.26-AM.jpeg\" \/>\n\t<meta property=\"og:image:width\" content=\"1280\" \/>\n\t<meta property=\"og:image:height\" content=\"854\" \/>\n\t<meta property=\"og:image:type\" content=\"image\/jpeg\" \/>\n<meta name=\"author\" content=\"AR\" \/>\n<meta name=\"twitter:card\" content=\"summary_large_image\" \/>\n<meta name=\"twitter:label1\" content=\"Escrito por\" \/>\n\t<meta name=\"twitter:data1\" content=\"AR\" \/>\n\t<meta name=\"twitter:label2\" content=\"Tiempo de lectura\" \/>\n\t<meta name=\"twitter:data2\" content=\"2 minutos\" \/>\n<script type=\"application\/ld+json\" class=\"yoast-schema-graph\">{\"@context\":\"https:\/\/schema.org\",\"@graph\":[{\"@type\":\"WebPage\",\"@id\":\"https:\/\/diarioabcdemichoacan.com.mx\/lasnoticias\/en-el-morebus-viajaras-rapido-y-seguro-por-el-mismo-precio-que-el-transporte-publico-bedolla\/\",\"url\":\"https:\/\/diarioabcdemichoacan.com.mx\/lasnoticias\/en-el-morebus-viajaras-rapido-y-seguro-por-el-mismo-precio-que-el-transporte-publico-bedolla\/\",\"name\":\"En el Moreb\u00fas viajar\u00e1s r\u00e1pido y seguro por el mismo precio que el transporte p\u00fablico: Bedolla - Diario ABC de Michoac\u00e1n\",\"isPartOf\":{\"@id\":\"https:\/\/diarioabcdemichoacan.com.mx\/lasnoticias\/#website\"},\"primaryImageOfPage\":{\"@id\":\"https:\/\/diarioabcdemichoacan.com.mx\/lasnoticias\/en-el-morebus-viajaras-rapido-y-seguro-por-el-mismo-precio-que-el-transporte-publico-bedolla\/#primaryimage\"},\"image\":{\"@id\":\"https:\/\/diarioabcdemichoacan.com.mx\/lasnoticias\/en-el-morebus-viajaras-rapido-y-seguro-por-el-mismo-precio-que-el-transporte-publico-bedolla\/#primaryimage\"},\"thumbnailUrl\":\"https:\/\/diarioabcdemichoacan.com.mx\/lasnoticias\/wp-content\/uploads\/2026\/03\/WhatsApp-Image-2026-03-07-at-10.48.26-AM.jpeg\",\"datePublished\":\"2026-03-13T22:18:23+00:00\",\"dateModified\":\"2026-03-13T22:18:23+00:00\",\"author\":{\"@id\":\"https:\/\/diarioabcdemichoacan.com.mx\/lasnoticias\/#\/schema\/person\/19ae376040f6cbc489682ebdd8524852\"},\"breadcrumb\":{\"@id\":\"https:\/\/diarioabcdemichoacan.com.mx\/lasnoticias\/en-el-morebus-viajaras-rapido-y-seguro-por-el-mismo-precio-que-el-transporte-publico-bedolla\/#breadcrumb\"},\"inLanguage\":\"es\",\"potentialAction\":[{\"@type\":\"ReadAction\",\"target\":[\"https:\/\/diarioabcdemichoacan.com.mx\/lasnoticias\/en-el-morebus-viajaras-rapido-y-seguro-por-el-mismo-precio-que-el-transporte-publico-bedolla\/\"]}]},{\"@type\":\"ImageObject\",\"inLanguage\":\"es\",\"@id\":\"https:\/\/diarioabcdemichoacan.com.mx\/lasnoticias\/en-el-morebus-viajaras-rapido-y-seguro-por-el-mismo-precio-que-el-transporte-publico-bedolla\/#primaryimage\",\"url\":\"https:\/\/diarioabcdemichoacan.com.mx\/lasnoticias\/wp-content\/uploads\/2026\/03\/WhatsApp-Image-2026-03-07-at-10.48.26-AM.jpeg\",\"contentUrl\":\"https:\/\/diarioabcdemichoacan.com.mx\/lasnoticias\/wp-content\/uploads\/2026\/03\/WhatsApp-Image-2026-03-07-at-10.48.26-AM.jpeg\",\"width\":1280,\"height\":854},{\"@type\":\"BreadcrumbList\",\"@id\":\"https:\/\/diarioabcdemichoacan.com.mx\/lasnoticias\/en-el-morebus-viajaras-rapido-y-seguro-por-el-mismo-precio-que-el-transporte-publico-bedolla\/#breadcrumb\",\"itemListElement\":[{\"@type\":\"ListItem\",\"position\":1,\"name\":\"Portada\",\"item\":\"https:\/\/diarioabcdemichoacan.com.mx\/lasnoticias\/\"},{\"@type\":\"ListItem\",\"position\":2,\"name\":\"En el Moreb\u00fas viajar\u00e1s r\u00e1pido y seguro por el mismo precio que el transporte p\u00fablico: Bedolla\"}]},{\"@type\":\"WebSite\",\"@id\":\"https:\/\/diarioabcdemichoacan.com.mx\/lasnoticias\/#website\",\"url\":\"https:\/\/diarioabcdemichoacan.com.mx\/lasnoticias\/\",\"name\":\"Diario ABC de Michoac\u00e1n\",\"description\":\"Las noticias al momento\",\"potentialAction\":[{\"@type\":\"SearchAction\",\"target\":{\"@type\":\"EntryPoint\",\"urlTemplate\":\"https:\/\/diarioabcdemichoacan.com.mx\/lasnoticias\/?s={search_term_string}\"},\"query-input\":{\"@type\":\"PropertyValueSpecification\",\"valueRequired\":true,\"valueName\":\"search_term_string\"}}],\"inLanguage\":\"es\"},{\"@type\":\"Person\",\"@id\":\"https:\/\/diarioabcdemichoacan.com.mx\/lasnoticias\/#\/schema\/person\/19ae376040f6cbc489682ebdd8524852\",\"name\":\"AR\",\"image\":{\"@type\":\"ImageObject\",\"inLanguage\":\"es\",\"@id\":\"https:\/\/diarioabcdemichoacan.com.mx\/lasnoticias\/#\/schema\/person\/image\/\",\"url\":\"https:\/\/secure.gravatar.com\/avatar\/44eca2ff970262234e20e1e082872af0?s=96&d=mm&r=g\",\"contentUrl\":\"https:\/\/secure.gravatar.com\/avatar\/44eca2ff970262234e20e1e082872af0?s=96&d=mm&r=g\",\"caption\":\"AR\"},\"url\":\"https:\/\/diarioabcdemichoacan.com.mx\/lasnoticias\/author\/adrian\/\"}]}<\/script>\n<!-- \/ Yoast SEO plugin. -->","yoast_head_json":{"title":"En el Moreb\u00fas viajar\u00e1s r\u00e1pido y seguro por el mismo precio que el transporte p\u00fablico: Bedolla - Diario ABC de Michoac\u00e1n","robots":{"index":"index","follow":"follow","max-snippet":"max-snippet:-1","max-image-preview":"max-image-preview:large","max-video-preview":"max-video-preview:-1"},"canonical":"https:\/\/diarioabcdemichoacan.com.mx\/lasnoticias\/en-el-morebus-viajaras-rapido-y-seguro-por-el-mismo-precio-que-el-transporte-publico-bedolla\/","og_locale":"es_ES","og_type":"article","og_title":"En el Moreb\u00fas viajar\u00e1s r\u00e1pido y seguro por el mismo precio que el transporte p\u00fablico: Bedolla - Diario ABC de Michoac\u00e1n","og_description":"M\u00e1s de 80 mil personas lo usar\u00e1n diariamente, desde Villas del Pedregal hasta el monumento a L\u00e1zaro C\u00e1rdenas &nbsp; Morelia, Mich.- M\u00e1s de 80 mil personas viajar\u00e1n diariamente de manera r\u00e1pida, segura y ecol\u00f3gica en el Moreb\u00fas, por el mismo precio que el trasporte p\u00fablico, destac\u00f3 el gobernador Alfredo Ram\u00edrez Bedolla. Este nuevo sistema que [&hellip;]","og_url":"https:\/\/diarioabcdemichoacan.com.mx\/lasnoticias\/en-el-morebus-viajaras-rapido-y-seguro-por-el-mismo-precio-que-el-transporte-publico-bedolla\/","og_site_name":"Diario ABC de Michoac\u00e1n","article_published_time":"2026-03-13T22:18:23+00:00","og_image":[{"width":1280,"height":854,"url":"https:\/\/diarioabcdemichoacan.com.mx\/lasnoticias\/wp-content\/uploads\/2026\/03\/WhatsApp-Image-2026-03-07-at-10.48.26-AM.jpeg","type":"image\/jpeg"}],"author":"AR","twitter_card":"summary_large_image","twitter_misc":{"Escrito por":"AR","Tiempo de lectura":"2 minutos"},"schema":{"@context":"https:\/\/schema.org","@graph":[{"@type":"WebPage","@id":"https:\/\/diarioabcdemichoacan.com.mx\/lasnoticias\/en-el-morebus-viajaras-rapido-y-seguro-por-el-mismo-precio-que-el-transporte-publico-bedolla\/","url":"https:\/\/diarioabcdemichoacan.com.mx\/lasnoticias\/en-el-morebus-viajaras-rapido-y-seguro-por-el-mismo-precio-que-el-transporte-publico-bedolla\/","name":"En el Moreb\u00fas viajar\u00e1s r\u00e1pido y seguro por el mismo precio que el transporte p\u00fablico: Bedolla - Diario ABC de Michoac\u00e1n","isPartOf":{"@id":"https:\/\/diarioabcdemichoacan.com.mx\/lasnoticias\/#website"},"primaryImageOfPage":{"@id":"https:\/\/diarioabcdemichoacan.com.mx\/lasnoticias\/en-el-morebus-viajaras-rapido-y-seguro-por-el-mismo-precio-que-el-transporte-publico-bedolla\/#primaryimage"},"image":{"@id":"https:\/\/diarioabcdemichoacan.com.mx\/lasnoticias\/en-el-morebus-viajaras-rapido-y-seguro-por-el-mismo-precio-que-el-transporte-publico-bedolla\/#primaryimage"},"thumbnailUrl":"https:\/\/diarioabcdemichoacan.com.mx\/lasnoticias\/wp-content\/uploads\/2026\/03\/WhatsApp-Image-2026-03-07-at-10.48.26-AM.jpeg","datePublished":"2026-03-13T22:18:23+00:00","dateModified":"2026-03-13T22:18:23+00:00","author":{"@id":"https:\/\/diarioabcdemichoacan.com.mx\/lasnoticias\/#\/schema\/person\/19ae376040f6cbc489682ebdd8524852"},"breadcrumb":{"@id":"https:\/\/diarioabcdemichoacan.com.mx\/lasnoticias\/en-el-morebus-viajaras-rapido-y-seguro-por-el-mismo-precio-que-el-transporte-publico-bedolla\/#breadcrumb"},"inLanguage":"es","potentialAction":[{"@type":"ReadAction","target":["https:\/\/diarioabcdemichoacan.com.mx\/lasnoticias\/en-el-morebus-viajaras-rapido-y-seguro-por-el-mismo-precio-que-el-transporte-publico-bedolla\/"]}]},{"@type":"ImageObject","inLanguage":"es","@id":"https:\/\/diarioabcdemichoacan.com.mx\/lasnoticias\/en-el-morebus-viajaras-rapido-y-seguro-por-el-mismo-precio-que-el-transporte-publico-bedolla\/#primaryimage","url":"https:\/\/diarioabcdemichoacan.com.mx\/lasnoticias\/wp-content\/uploads\/2026\/03\/WhatsApp-Image-2026-03-07-at-10.48.26-AM.jpeg","contentUrl":"https:\/\/diarioabcdemichoacan.com.mx\/lasnoticias\/wp-content\/uploads\/2026\/03\/WhatsApp-Image-2026-03-07-at-10.48.26-AM.jpeg","width":1280,"height":854},{"@type":"BreadcrumbList","@id":"https:\/\/diarioabcdemichoacan.com.mx\/lasnoticias\/en-el-morebus-viajaras-rapido-y-seguro-por-el-mismo-precio-que-el-transporte-publico-bedolla\/#breadcrumb","itemListElement":[{"@type":"ListItem","position":1,"name":"Portada","item":"https:\/\/diarioabcdemichoacan.com.mx\/lasnoticias\/"},{"@type":"ListItem","position":2,"name":"En el Moreb\u00fas viajar\u00e1s r\u00e1pido y seguro por el mismo precio que el transporte p\u00fablico: Bedolla"}]},{"@type":"WebSite","@id":"https:\/\/diarioabcdemichoacan.com.mx\/lasnoticias\/#website","url":"https:\/\/diarioabcdemichoacan.com.mx\/lasnoticias\/","name":"Diario ABC de Michoac\u00e1n","description":"Las noticias al momento","potentialAction":[{"@type":"SearchAction","target":{"@type":"EntryPoint","urlTemplate":"https:\/\/diarioabcdemichoacan.com.mx\/lasnoticias\/?s={search_term_string}"},"query-input":{"@type":"PropertyValueSpecification","valueRequired":true,"valueName":"search_term_string"}}],"inLanguage":"es"},{"@type":"Person","@id":"https:\/\/diarioabcdemichoacan.com.mx\/lasnoticias\/#\/schema\/person\/19ae376040f6cbc489682ebdd8524852","name":"AR","image":{"@type":"ImageObject","inLanguage":"es","@id":"https:\/\/diarioabcdemichoacan.com.mx\/lasnoticias\/#\/schema\/person\/image\/","url":"https:\/\/secure.gravatar.com\/avatar\/44eca2ff970262234e20e1e082872af0?s=96&d=mm&r=g","contentUrl":"https:\/\/secure.gravatar.com\/avatar\/44eca2ff970262234e20e1e082872af0?s=96&d=mm&r=g","caption":"AR"},"url":"https:\/\/diarioabcdemichoacan.com.mx\/lasnoticias\/author\/adrian\/"}]}},"_links":{"self":[{"href":"https:\/\/diarioabcdemichoacan.com.mx\/lasnoticias\/wp-json\/wp\/v2\/posts\/77269","targetHints":{"allow":["GET"]}}],"collection":[{"href":"https:\/\/diarioabcdemichoacan.com.mx\/lasnoticias\/wp-json\/wp\/v2\/posts"}],"about":[{"href":"https:\/\/diarioabcdemichoacan.com.mx\/lasnoticias\/wp-json\/wp\/v2\/types\/post"}],"author":[{"embeddable":true,"href":"https:\/\/diarioabcdemichoacan.com.mx\/lasnoticias\/wp-json\/wp\/v2\/users\/9"}],"replies":[{"embeddable":true,"href":"https:\/\/diarioabcdemichoacan.com.mx\/lasnoticias\/wp-json\/wp\/v2\/comments?post=77269"}],"version-history":[{"count":1,"href":"https:\/\/diarioabcdemichoacan.com.mx\/lasnoticias\/wp-json\/wp\/v2\/posts\/77269\/revisions"}],"predecessor-version":[{"id":77271,"href":"https:\/\/diarioabcdemichoacan.com.mx\/lasnoticias\/wp-json\/wp\/v2\/posts\/77269\/revisions\/77271"}],"wp:featuredmedia":[{"embeddable":true,"href":"https:\/\/diarioabcdemichoacan.com.mx\/lasnoticias\/wp-json\/wp\/v2\/media\/77270"}],"wp:attachment":[{"href":"https:\/\/diarioabcdemichoacan.com.mx\/lasnoticias\/wp-json\/wp\/v2\/media?parent=77269"}],"wp:term":[{"taxonomy":"category","embeddable":true,"href":"https:\/\/diarioabcdemichoacan.com.mx\/lasnoticias\/wp-json\/wp\/v2\/categories?post=77269"},{"taxonomy":"post_tag","embeddable":true,"href":"https:\/\/diarioabcdemichoacan.com.mx\/lasnoticias\/wp-json\/wp\/v2\/tags?post=77269"}],"curies":[{"name":"wp","href":"https:\/\/api.w.org\/{rel}","templated":true}]}}