{"id":77287,"date":"2026-03-13T16:34:48","date_gmt":"2026-03-13T22:34:48","guid":{"rendered":"https:\/\/diarioabcdemichoacan.com.mx\/lasnoticias\/?p=77287"},"modified":"2026-03-13T16:34:48","modified_gmt":"2026-03-13T22:34:48","slug":"unidas-avanzamos-gabriela-molina","status":"publish","type":"post","link":"https:\/\/diarioabcdemichoacan.com.mx\/lasnoticias\/unidas-avanzamos-gabriela-molina\/","title":{"rendered":"\u00abUnidas avanzamos\u00bb: Gabriela Molina"},"content":{"rendered":"<h2>Desde la educaci\u00f3n se trabaja para la paz, m\u00e1s de mil mujeres fortalecen el liderazgo femenino.<\/h2>\n<p>&nbsp;<\/p>\n<hr \/>\n<p>Morelia, Mich.- En el marco de la conmemoraci\u00f3n del D\u00eda Internacional de la Mujer (8M) y el evento \u00abEducaci\u00f3n y construcci\u00f3n de paz. Juntas avanzamos\u00bb, la secretaria de Educaci\u00f3n, Gabriela Molina, dio un mensaje a favor de la paz. Al encabezar este encuentro, la titular de la Secretar\u00eda de Educaci\u00f3n del Estado (SEE) destac\u00f3 ante mil asistentes que m\u00e1s de 43 mil trabajadoras del sector escriben d\u00eda a d\u00eda con su labor el porvenir del estado.<\/p>\n<p>En dicha reuni\u00f3n, la jefa del sector educativo reconoci\u00f3 el trabajo de todas las mujeres de la SEE, quienes representan el 57 por ciento de la plantilla laboral. Gracias a su contribuci\u00f3n, Michoac\u00e1n logr\u00f3 el primer lugar nacional en la disminuci\u00f3n del rezago educativo y se mantienen ciclos escolares completos, con una inversi\u00f3n hist\u00f3rica en las escuelas.<\/p>\n<p>\u00abMichoac\u00e1n vive un tiempo de unidad y resultados, donde las mujeres de la educaci\u00f3n son indispensables para el cambio. El compromiso de la administraci\u00f3n del gobernador Alfredo Ram\u00edrez Bedolla es seguir con el acompa\u00f1amiento a las nuevas generaciones para que ning\u00fan sue\u00f1o se quede sin camino y se consolide un estado con mayores oportunidades para todas y todos\u00bb, expuso la secretaria de Educaci\u00f3n.<\/p>\n<p>La l\u00edder de la pol\u00edtica educativa afirm\u00f3 que este momento hist\u00f3rico, con Claudia Sheinbaum Pardo como la primera presidenta de M\u00e9xico, es una oportunidad para abrir m\u00e1s caminos para las ni\u00f1as y j\u00f3venes. Sostuvo que el liderazgo femenino debe ser el eje que gu\u00eda la vida p\u00fablica, pues la participaci\u00f3n de las mujeres en la toma de decisiones permite consolidar una sociedad m\u00e1s equitativa.<\/p>\n<p>La funcionaria destac\u00f3 que los logros que se consolidan junto a las trabajadoras de la educaci\u00f3n son visibles en el territorio, en su caminar escuela por escuela. Record\u00f3 que hoy se implementan acciones de justicia laboral tras rezagos de m\u00e1s de 10 a\u00f1os, y se destinan m\u00e1s de 2 mil millones de pesos para mejorar los planteles, en una pol\u00edtica educativa donde las voces de las mujeres son las que impulsan cambios reales en cada comunidad.<\/p>\n<p>Durante la jornada, se cont\u00f3 con la charla de Leslie Claret Z\u00fa\u00f1iga Caballero, integrante de la Colectiva \u201cLxs chicxs de lavanda\u201d, quien abord\u00f3 la importancia de las emociones y sentimientos como elementos clave para la contenci\u00f3n y el manejo de la ira y la frustraci\u00f3n. Por su parte, Lucero Circe L\u00f3pez Riofrio, directora de Humanas sin Violencia A.C., expuso la pedagog\u00eda necesaria para el dise\u00f1o de un Laboratorio de Paz, modelo que busca generar espacios de convivencia arm\u00f3nica en la comunidad.<\/p>\n","protected":false},"excerpt":{"rendered":"<p>Desde la educaci\u00f3n se trabaja para la paz, m\u00e1s de mil mujeres fortalecen el liderazgo femenino. &nbsp; Morelia, Mich.- En el marco de la conmemoraci\u00f3n del D\u00eda Internacional de la Mujer (8M) y el evento \u00abEducaci\u00f3n y construcci\u00f3n de paz. Juntas avanzamos\u00bb, la secretaria de Educaci\u00f3n, Gabriela Molina, dio un mensaje a favor de la [&hellip;]<\/p>\n","protected":false},"author":9,"featured_media":77288,"comment_status":"closed","ping_status":"closed","sticky":false,"template":"","format":"standard","meta":{"footnotes":""},"categories":[15,10,17,28,27],"tags":[],"class_list":{"0":"post-77287","1":"post","2":"type-post","3":"status-publish","4":"format-standard","5":"has-post-thumbnail","7":"category-educacion","8":"category-estado","9":"category-gobierno-de-michoacan","10":"category-politica","11":"category-slider"},"yoast_head":"<!-- This site is optimized with the Yoast SEO plugin v24.0 - https:\/\/yoast.com\/wordpress\/plugins\/seo\/ -->\n<title>&quot;Unidas avanzamos&quot;: Gabriela Molina - Diario ABC de Michoac\u00e1n<\/title>\n<meta name=\"robots\" content=\"index, follow, max-snippet:-1, max-image-preview:large, max-video-preview:-1\" \/>\n<link rel=\"canonical\" href=\"https:\/\/diarioabcdemichoacan.com.mx\/lasnoticias\/unidas-avanzamos-gabriela-molina\/\" \/>\n<meta property=\"og:locale\" content=\"es_ES\" \/>\n<meta property=\"og:type\" content=\"article\" \/>\n<meta property=\"og:title\" content=\"&quot;Unidas avanzamos&quot;: Gabriela Molina - Diario ABC de Michoac\u00e1n\" \/>\n<meta property=\"og:description\" content=\"Desde la educaci\u00f3n se trabaja para la paz, m\u00e1s de mil mujeres fortalecen el liderazgo femenino. &nbsp; Morelia, Mich.- En el marco de la conmemoraci\u00f3n del D\u00eda Internacional de la Mujer (8M) y el evento \u00abEducaci\u00f3n y construcci\u00f3n de paz. Juntas avanzamos\u00bb, la secretaria de Educaci\u00f3n, Gabriela Molina, dio un mensaje a favor de la [&hellip;]\" \/>\n<meta property=\"og:url\" content=\"https:\/\/diarioabcdemichoacan.com.mx\/lasnoticias\/unidas-avanzamos-gabriela-molina\/\" \/>\n<meta property=\"og:site_name\" content=\"Diario ABC de Michoac\u00e1n\" \/>\n<meta property=\"article:published_time\" content=\"2026-03-13T22:34:48+00:00\" \/>\n<meta property=\"og:image\" content=\"https:\/\/diarioabcdemichoacan.com.mx\/lasnoticias\/wp-content\/uploads\/2026\/03\/WhatsApp-Image-2026-03-07-at-4.48.28-PM.jpeg\" \/>\n\t<meta property=\"og:image:width\" content=\"1600\" \/>\n\t<meta property=\"og:image:height\" content=\"682\" \/>\n\t<meta property=\"og:image:type\" content=\"image\/jpeg\" \/>\n<meta name=\"author\" content=\"AR\" \/>\n<meta name=\"twitter:card\" content=\"summary_large_image\" \/>\n<meta name=\"twitter:label1\" content=\"Escrito por\" \/>\n\t<meta name=\"twitter:data1\" content=\"AR\" \/>\n\t<meta name=\"twitter:label2\" content=\"Tiempo de lectura\" \/>\n\t<meta name=\"twitter:data2\" content=\"3 minutos\" \/>\n<script type=\"application\/ld+json\" class=\"yoast-schema-graph\">{\"@context\":\"https:\/\/schema.org\",\"@graph\":[{\"@type\":\"WebPage\",\"@id\":\"https:\/\/diarioabcdemichoacan.com.mx\/lasnoticias\/unidas-avanzamos-gabriela-molina\/\",\"url\":\"https:\/\/diarioabcdemichoacan.com.mx\/lasnoticias\/unidas-avanzamos-gabriela-molina\/\",\"name\":\"\\\"Unidas avanzamos\\\": Gabriela Molina - Diario ABC de Michoac\u00e1n\",\"isPartOf\":{\"@id\":\"https:\/\/diarioabcdemichoacan.com.mx\/lasnoticias\/#website\"},\"primaryImageOfPage\":{\"@id\":\"https:\/\/diarioabcdemichoacan.com.mx\/lasnoticias\/unidas-avanzamos-gabriela-molina\/#primaryimage\"},\"image\":{\"@id\":\"https:\/\/diarioabcdemichoacan.com.mx\/lasnoticias\/unidas-avanzamos-gabriela-molina\/#primaryimage\"},\"thumbnailUrl\":\"https:\/\/diarioabcdemichoacan.com.mx\/lasnoticias\/wp-content\/uploads\/2026\/03\/WhatsApp-Image-2026-03-07-at-4.48.28-PM.jpeg\",\"datePublished\":\"2026-03-13T22:34:48+00:00\",\"dateModified\":\"2026-03-13T22:34:48+00:00\",\"author\":{\"@id\":\"https:\/\/diarioabcdemichoacan.com.mx\/lasnoticias\/#\/schema\/person\/19ae376040f6cbc489682ebdd8524852\"},\"breadcrumb\":{\"@id\":\"https:\/\/diarioabcdemichoacan.com.mx\/lasnoticias\/unidas-avanzamos-gabriela-molina\/#breadcrumb\"},\"inLanguage\":\"es\",\"potentialAction\":[{\"@type\":\"ReadAction\",\"target\":[\"https:\/\/diarioabcdemichoacan.com.mx\/lasnoticias\/unidas-avanzamos-gabriela-molina\/\"]}]},{\"@type\":\"ImageObject\",\"inLanguage\":\"es\",\"@id\":\"https:\/\/diarioabcdemichoacan.com.mx\/lasnoticias\/unidas-avanzamos-gabriela-molina\/#primaryimage\",\"url\":\"https:\/\/diarioabcdemichoacan.com.mx\/lasnoticias\/wp-content\/uploads\/2026\/03\/WhatsApp-Image-2026-03-07-at-4.48.28-PM.jpeg\",\"contentUrl\":\"https:\/\/diarioabcdemichoacan.com.mx\/lasnoticias\/wp-content\/uploads\/2026\/03\/WhatsApp-Image-2026-03-07-at-4.48.28-PM.jpeg\",\"width\":1600,\"height\":682},{\"@type\":\"BreadcrumbList\",\"@id\":\"https:\/\/diarioabcdemichoacan.com.mx\/lasnoticias\/unidas-avanzamos-gabriela-molina\/#breadcrumb\",\"itemListElement\":[{\"@type\":\"ListItem\",\"position\":1,\"name\":\"Portada\",\"item\":\"https:\/\/diarioabcdemichoacan.com.mx\/lasnoticias\/\"},{\"@type\":\"ListItem\",\"position\":2,\"name\":\"\u00abUnidas avanzamos\u00bb: Gabriela Molina\"}]},{\"@type\":\"WebSite\",\"@id\":\"https:\/\/diarioabcdemichoacan.com.mx\/lasnoticias\/#website\",\"url\":\"https:\/\/diarioabcdemichoacan.com.mx\/lasnoticias\/\",\"name\":\"Diario ABC de Michoac\u00e1n\",\"description\":\"Las noticias al momento\",\"potentialAction\":[{\"@type\":\"SearchAction\",\"target\":{\"@type\":\"EntryPoint\",\"urlTemplate\":\"https:\/\/diarioabcdemichoacan.com.mx\/lasnoticias\/?s={search_term_string}\"},\"query-input\":{\"@type\":\"PropertyValueSpecification\",\"valueRequired\":true,\"valueName\":\"search_term_string\"}}],\"inLanguage\":\"es\"},{\"@type\":\"Person\",\"@id\":\"https:\/\/diarioabcdemichoacan.com.mx\/lasnoticias\/#\/schema\/person\/19ae376040f6cbc489682ebdd8524852\",\"name\":\"AR\",\"image\":{\"@type\":\"ImageObject\",\"inLanguage\":\"es\",\"@id\":\"https:\/\/diarioabcdemichoacan.com.mx\/lasnoticias\/#\/schema\/person\/image\/\",\"url\":\"https:\/\/secure.gravatar.com\/avatar\/44eca2ff970262234e20e1e082872af0?s=96&d=mm&r=g\",\"contentUrl\":\"https:\/\/secure.gravatar.com\/avatar\/44eca2ff970262234e20e1e082872af0?s=96&d=mm&r=g\",\"caption\":\"AR\"},\"url\":\"https:\/\/diarioabcdemichoacan.com.mx\/lasnoticias\/author\/adrian\/\"}]}<\/script>\n<!-- \/ Yoast SEO plugin. -->","yoast_head_json":{"title":"\"Unidas avanzamos\": Gabriela Molina - Diario ABC de Michoac\u00e1n","robots":{"index":"index","follow":"follow","max-snippet":"max-snippet:-1","max-image-preview":"max-image-preview:large","max-video-preview":"max-video-preview:-1"},"canonical":"https:\/\/diarioabcdemichoacan.com.mx\/lasnoticias\/unidas-avanzamos-gabriela-molina\/","og_locale":"es_ES","og_type":"article","og_title":"\"Unidas avanzamos\": Gabriela Molina - Diario ABC de Michoac\u00e1n","og_description":"Desde la educaci\u00f3n se trabaja para la paz, m\u00e1s de mil mujeres fortalecen el liderazgo femenino. &nbsp; Morelia, Mich.- En el marco de la conmemoraci\u00f3n del D\u00eda Internacional de la Mujer (8M) y el evento \u00abEducaci\u00f3n y construcci\u00f3n de paz. Juntas avanzamos\u00bb, la secretaria de Educaci\u00f3n, Gabriela Molina, dio un mensaje a favor de la [&hellip;]","og_url":"https:\/\/diarioabcdemichoacan.com.mx\/lasnoticias\/unidas-avanzamos-gabriela-molina\/","og_site_name":"Diario ABC de Michoac\u00e1n","article_published_time":"2026-03-13T22:34:48+00:00","og_image":[{"width":1600,"height":682,"url":"https:\/\/diarioabcdemichoacan.com.mx\/lasnoticias\/wp-content\/uploads\/2026\/03\/WhatsApp-Image-2026-03-07-at-4.48.28-PM.jpeg","type":"image\/jpeg"}],"author":"AR","twitter_card":"summary_large_image","twitter_misc":{"Escrito por":"AR","Tiempo de lectura":"3 minutos"},"schema":{"@context":"https:\/\/schema.org","@graph":[{"@type":"WebPage","@id":"https:\/\/diarioabcdemichoacan.com.mx\/lasnoticias\/unidas-avanzamos-gabriela-molina\/","url":"https:\/\/diarioabcdemichoacan.com.mx\/lasnoticias\/unidas-avanzamos-gabriela-molina\/","name":"\"Unidas avanzamos\": Gabriela Molina - Diario ABC de Michoac\u00e1n","isPartOf":{"@id":"https:\/\/diarioabcdemichoacan.com.mx\/lasnoticias\/#website"},"primaryImageOfPage":{"@id":"https:\/\/diarioabcdemichoacan.com.mx\/lasnoticias\/unidas-avanzamos-gabriela-molina\/#primaryimage"},"image":{"@id":"https:\/\/diarioabcdemichoacan.com.mx\/lasnoticias\/unidas-avanzamos-gabriela-molina\/#primaryimage"},"thumbnailUrl":"https:\/\/diarioabcdemichoacan.com.mx\/lasnoticias\/wp-content\/uploads\/2026\/03\/WhatsApp-Image-2026-03-07-at-4.48.28-PM.jpeg","datePublished":"2026-03-13T22:34:48+00:00","dateModified":"2026-03-13T22:34:48+00:00","author":{"@id":"https:\/\/diarioabcdemichoacan.com.mx\/lasnoticias\/#\/schema\/person\/19ae376040f6cbc489682ebdd8524852"},"breadcrumb":{"@id":"https:\/\/diarioabcdemichoacan.com.mx\/lasnoticias\/unidas-avanzamos-gabriela-molina\/#breadcrumb"},"inLanguage":"es","potentialAction":[{"@type":"ReadAction","target":["https:\/\/diarioabcdemichoacan.com.mx\/lasnoticias\/unidas-avanzamos-gabriela-molina\/"]}]},{"@type":"ImageObject","inLanguage":"es","@id":"https:\/\/diarioabcdemichoacan.com.mx\/lasnoticias\/unidas-avanzamos-gabriela-molina\/#primaryimage","url":"https:\/\/diarioabcdemichoacan.com.mx\/lasnoticias\/wp-content\/uploads\/2026\/03\/WhatsApp-Image-2026-03-07-at-4.48.28-PM.jpeg","contentUrl":"https:\/\/diarioabcdemichoacan.com.mx\/lasnoticias\/wp-content\/uploads\/2026\/03\/WhatsApp-Image-2026-03-07-at-4.48.28-PM.jpeg","width":1600,"height":682},{"@type":"BreadcrumbList","@id":"https:\/\/diarioabcdemichoacan.com.mx\/lasnoticias\/unidas-avanzamos-gabriela-molina\/#breadcrumb","itemListElement":[{"@type":"ListItem","position":1,"name":"Portada","item":"https:\/\/diarioabcdemichoacan.com.mx\/lasnoticias\/"},{"@type":"ListItem","position":2,"name":"\u00abUnidas avanzamos\u00bb: Gabriela Molina"}]},{"@type":"WebSite","@id":"https:\/\/diarioabcdemichoacan.com.mx\/lasnoticias\/#website","url":"https:\/\/diarioabcdemichoacan.com.mx\/lasnoticias\/","name":"Diario ABC de Michoac\u00e1n","description":"Las noticias al momento","potentialAction":[{"@type":"SearchAction","target":{"@type":"EntryPoint","urlTemplate":"https:\/\/diarioabcdemichoacan.com.mx\/lasnoticias\/?s={search_term_string}"},"query-input":{"@type":"PropertyValueSpecification","valueRequired":true,"valueName":"search_term_string"}}],"inLanguage":"es"},{"@type":"Person","@id":"https:\/\/diarioabcdemichoacan.com.mx\/lasnoticias\/#\/schema\/person\/19ae376040f6cbc489682ebdd8524852","name":"AR","image":{"@type":"ImageObject","inLanguage":"es","@id":"https:\/\/diarioabcdemichoacan.com.mx\/lasnoticias\/#\/schema\/person\/image\/","url":"https:\/\/secure.gravatar.com\/avatar\/44eca2ff970262234e20e1e082872af0?s=96&d=mm&r=g","contentUrl":"https:\/\/secure.gravatar.com\/avatar\/44eca2ff970262234e20e1e082872af0?s=96&d=mm&r=g","caption":"AR"},"url":"https:\/\/diarioabcdemichoacan.com.mx\/lasnoticias\/author\/adrian\/"}]}},"_links":{"self":[{"href":"https:\/\/diarioabcdemichoacan.com.mx\/lasnoticias\/wp-json\/wp\/v2\/posts\/77287","targetHints":{"allow":["GET"]}}],"collection":[{"href":"https:\/\/diarioabcdemichoacan.com.mx\/lasnoticias\/wp-json\/wp\/v2\/posts"}],"about":[{"href":"https:\/\/diarioabcdemichoacan.com.mx\/lasnoticias\/wp-json\/wp\/v2\/types\/post"}],"author":[{"embeddable":true,"href":"https:\/\/diarioabcdemichoacan.com.mx\/lasnoticias\/wp-json\/wp\/v2\/users\/9"}],"replies":[{"embeddable":true,"href":"https:\/\/diarioabcdemichoacan.com.mx\/lasnoticias\/wp-json\/wp\/v2\/comments?post=77287"}],"version-history":[{"count":1,"href":"https:\/\/diarioabcdemichoacan.com.mx\/lasnoticias\/wp-json\/wp\/v2\/posts\/77287\/revisions"}],"predecessor-version":[{"id":77289,"href":"https:\/\/diarioabcdemichoacan.com.mx\/lasnoticias\/wp-json\/wp\/v2\/posts\/77287\/revisions\/77289"}],"wp:featuredmedia":[{"embeddable":true,"href":"https:\/\/diarioabcdemichoacan.com.mx\/lasnoticias\/wp-json\/wp\/v2\/media\/77288"}],"wp:attachment":[{"href":"https:\/\/diarioabcdemichoacan.com.mx\/lasnoticias\/wp-json\/wp\/v2\/media?parent=77287"}],"wp:term":[{"taxonomy":"category","embeddable":true,"href":"https:\/\/diarioabcdemichoacan.com.mx\/lasnoticias\/wp-json\/wp\/v2\/categories?post=77287"},{"taxonomy":"post_tag","embeddable":true,"href":"https:\/\/diarioabcdemichoacan.com.mx\/lasnoticias\/wp-json\/wp\/v2\/tags?post=77287"}],"curies":[{"name":"wp","href":"https:\/\/api.w.org\/{rel}","templated":true}]}}