{"id":77293,"date":"2026-03-13T16:45:41","date_gmt":"2026-03-13T22:45:41","guid":{"rendered":"https:\/\/diarioabcdemichoacan.com.mx\/lasnoticias\/?p=77293"},"modified":"2026-03-13T16:45:41","modified_gmt":"2026-03-13T22:45:41","slug":"justicia-e-instituciones-legado-historico-de-ario-de-rosales-baltazar-gaona","status":"publish","type":"post","link":"https:\/\/diarioabcdemichoacan.com.mx\/lasnoticias\/justicia-e-instituciones-legado-historico-de-ario-de-rosales-baltazar-gaona\/","title":{"rendered":"Justicia e instituciones, legado hist\u00f3rico de Ario de Rosales: Baltazar Gaona"},"content":{"rendered":"<hr \/>\n<p>Ario de Rosales, Mich.- El presidente de la Mesa Directiva del Congreso del Estado, diputado Baltazar Gaona Garc\u00eda, particip\u00f3 en la conmemoraci\u00f3n del 211 aniversario de la instalaci\u00f3n del Primer Supremo Tribunal de Justicia para la Am\u00e9rica Mexicana, hecho hist\u00f3rico ocurrido el 7 de marzo de 1815 en este municipio y que marc\u00f3 el nacimiento de las instituciones de justicia en el pa\u00eds.<\/p>\n<p>Durante la ceremonia, el legislador destac\u00f3 que Ario de Rosales ocupa un lugar fundamental en la historia nacional, ya que en plena lucha por la independencia los insurgentes comprendieron que la libertad deb\u00eda acompa\u00f1arse de instituciones que garantizaran la justicia para el nuevo pa\u00eds.<\/p>\n<p>\u201cAqu\u00ed no s\u00f3lo se escribi\u00f3 una p\u00e1gina importante de la lucha por la independencia; aqu\u00ed tambi\u00e9n se sembr\u00f3 una de las bases del M\u00e9xico moderno: la construcci\u00f3n de la justicia como fundamento de la vida p\u00fablica\u201d, expres\u00f3 Gaona Garc\u00eda.<\/p>\n<p>El diputado subray\u00f3 que la instalaci\u00f3n del Supremo Tribunal de Justicia para la Am\u00e9rica Mexicana, impulsada bajo la visi\u00f3n de Jos\u00e9 Mar\u00eda Morelos y Pav\u00f3n, fue un acto profundamente visionario, pues mientras el pa\u00eds enfrentaba la guerra se sentaban las bases de un sistema de justicia propio e independiente.<\/p>\n<p>\u201cLa libertad no se sostiene solamente con ideales; se sostiene con instituciones que garanticen justicia. Porque cuando hay justicia hay paz, hay confianza y hay dignidad para las personas\u201d, puntualiz\u00f3 el presidente del Congreso del Estado.<\/p>\n<p>En el evento participaron la ministra Yasm\u00edn Esquivel Mossa, en representaci\u00f3n de la Suprema Corte de Justicia de la Naci\u00f3n; el secretario de Gobierno del Estado, Ra\u00fal Zepeda Villase\u00f1or; el magistrado Hugo Gama Coria, presidente del Poder Judicial de Michoac\u00e1n; la presidenta municipal de Ario, Karla Yohana Mendoza Berm\u00fadez; el fiscal general del Estado, Carlos Torres Pi\u00f1a; as\u00ed como el diputado Vicente G\u00f3mez N\u00fa\u00f1ez, quienes coincidieron en destacar la importancia hist\u00f3rica de este acontecimiento para la consolidaci\u00f3n del Estado de derecho en M\u00e9xico.<\/p>\n","protected":false},"excerpt":{"rendered":"<p>Ario de Rosales, Mich.- El presidente de la Mesa Directiva del Congreso del Estado, diputado Baltazar Gaona Garc\u00eda, particip\u00f3 en la conmemoraci\u00f3n del 211 aniversario de la instalaci\u00f3n del Primer Supremo Tribunal de Justicia para la Am\u00e9rica Mexicana, hecho hist\u00f3rico ocurrido el 7 de marzo de 1815 en este municipio y que marc\u00f3 el nacimiento [&hellip;]<\/p>\n","protected":false},"author":9,"featured_media":77294,"comment_status":"closed","ping_status":"closed","sticky":false,"template":"","format":"standard","meta":{"footnotes":""},"categories":[13,22,28,27],"tags":[],"class_list":{"0":"post-77293","1":"post","2":"type-post","3":"status-publish","4":"format-standard","5":"has-post-thumbnail","7":"category-congreso","8":"category-congreso-de-michoacan","9":"category-politica","10":"category-slider"},"yoast_head":"<!-- This site is optimized with the Yoast SEO plugin v24.0 - https:\/\/yoast.com\/wordpress\/plugins\/seo\/ -->\n<title>Justicia e instituciones, legado hist\u00f3rico de Ario de Rosales: Baltazar Gaona - Diario ABC de Michoac\u00e1n<\/title>\n<meta name=\"robots\" content=\"index, follow, max-snippet:-1, max-image-preview:large, max-video-preview:-1\" \/>\n<link rel=\"canonical\" href=\"https:\/\/diarioabcdemichoacan.com.mx\/lasnoticias\/justicia-e-instituciones-legado-historico-de-ario-de-rosales-baltazar-gaona\/\" \/>\n<meta property=\"og:locale\" content=\"es_ES\" \/>\n<meta property=\"og:type\" content=\"article\" \/>\n<meta property=\"og:title\" content=\"Justicia e instituciones, legado hist\u00f3rico de Ario de Rosales: Baltazar Gaona - Diario ABC de Michoac\u00e1n\" \/>\n<meta property=\"og:description\" content=\"Ario de Rosales, Mich.- El presidente de la Mesa Directiva del Congreso del Estado, diputado Baltazar Gaona Garc\u00eda, particip\u00f3 en la conmemoraci\u00f3n del 211 aniversario de la instalaci\u00f3n del Primer Supremo Tribunal de Justicia para la Am\u00e9rica Mexicana, hecho hist\u00f3rico ocurrido el 7 de marzo de 1815 en este municipio y que marc\u00f3 el nacimiento [&hellip;]\" \/>\n<meta property=\"og:url\" content=\"https:\/\/diarioabcdemichoacan.com.mx\/lasnoticias\/justicia-e-instituciones-legado-historico-de-ario-de-rosales-baltazar-gaona\/\" \/>\n<meta property=\"og:site_name\" content=\"Diario ABC de Michoac\u00e1n\" \/>\n<meta property=\"article:published_time\" content=\"2026-03-13T22:45:41+00:00\" \/>\n<meta property=\"og:image\" content=\"https:\/\/diarioabcdemichoacan.com.mx\/lasnoticias\/wp-content\/uploads\/2026\/03\/WhatsApp-Image-2026-03-07-at-7.20.58-PM.jpeg\" \/>\n\t<meta property=\"og:image:width\" content=\"1280\" \/>\n\t<meta property=\"og:image:height\" content=\"960\" \/>\n\t<meta property=\"og:image:type\" content=\"image\/jpeg\" \/>\n<meta name=\"author\" content=\"AR\" \/>\n<meta name=\"twitter:card\" content=\"summary_large_image\" \/>\n<meta name=\"twitter:label1\" content=\"Escrito por\" \/>\n\t<meta name=\"twitter:data1\" content=\"AR\" \/>\n\t<meta name=\"twitter:label2\" content=\"Tiempo de lectura\" \/>\n\t<meta name=\"twitter:data2\" content=\"2 minutos\" \/>\n<script type=\"application\/ld+json\" class=\"yoast-schema-graph\">{\"@context\":\"https:\/\/schema.org\",\"@graph\":[{\"@type\":\"WebPage\",\"@id\":\"https:\/\/diarioabcdemichoacan.com.mx\/lasnoticias\/justicia-e-instituciones-legado-historico-de-ario-de-rosales-baltazar-gaona\/\",\"url\":\"https:\/\/diarioabcdemichoacan.com.mx\/lasnoticias\/justicia-e-instituciones-legado-historico-de-ario-de-rosales-baltazar-gaona\/\",\"name\":\"Justicia e instituciones, legado hist\u00f3rico de Ario de Rosales: Baltazar Gaona - Diario ABC de Michoac\u00e1n\",\"isPartOf\":{\"@id\":\"https:\/\/diarioabcdemichoacan.com.mx\/lasnoticias\/#website\"},\"primaryImageOfPage\":{\"@id\":\"https:\/\/diarioabcdemichoacan.com.mx\/lasnoticias\/justicia-e-instituciones-legado-historico-de-ario-de-rosales-baltazar-gaona\/#primaryimage\"},\"image\":{\"@id\":\"https:\/\/diarioabcdemichoacan.com.mx\/lasnoticias\/justicia-e-instituciones-legado-historico-de-ario-de-rosales-baltazar-gaona\/#primaryimage\"},\"thumbnailUrl\":\"https:\/\/diarioabcdemichoacan.com.mx\/lasnoticias\/wp-content\/uploads\/2026\/03\/WhatsApp-Image-2026-03-07-at-7.20.58-PM.jpeg\",\"datePublished\":\"2026-03-13T22:45:41+00:00\",\"dateModified\":\"2026-03-13T22:45:41+00:00\",\"author\":{\"@id\":\"https:\/\/diarioabcdemichoacan.com.mx\/lasnoticias\/#\/schema\/person\/19ae376040f6cbc489682ebdd8524852\"},\"breadcrumb\":{\"@id\":\"https:\/\/diarioabcdemichoacan.com.mx\/lasnoticias\/justicia-e-instituciones-legado-historico-de-ario-de-rosales-baltazar-gaona\/#breadcrumb\"},\"inLanguage\":\"es\",\"potentialAction\":[{\"@type\":\"ReadAction\",\"target\":[\"https:\/\/diarioabcdemichoacan.com.mx\/lasnoticias\/justicia-e-instituciones-legado-historico-de-ario-de-rosales-baltazar-gaona\/\"]}]},{\"@type\":\"ImageObject\",\"inLanguage\":\"es\",\"@id\":\"https:\/\/diarioabcdemichoacan.com.mx\/lasnoticias\/justicia-e-instituciones-legado-historico-de-ario-de-rosales-baltazar-gaona\/#primaryimage\",\"url\":\"https:\/\/diarioabcdemichoacan.com.mx\/lasnoticias\/wp-content\/uploads\/2026\/03\/WhatsApp-Image-2026-03-07-at-7.20.58-PM.jpeg\",\"contentUrl\":\"https:\/\/diarioabcdemichoacan.com.mx\/lasnoticias\/wp-content\/uploads\/2026\/03\/WhatsApp-Image-2026-03-07-at-7.20.58-PM.jpeg\",\"width\":1280,\"height\":960},{\"@type\":\"BreadcrumbList\",\"@id\":\"https:\/\/diarioabcdemichoacan.com.mx\/lasnoticias\/justicia-e-instituciones-legado-historico-de-ario-de-rosales-baltazar-gaona\/#breadcrumb\",\"itemListElement\":[{\"@type\":\"ListItem\",\"position\":1,\"name\":\"Portada\",\"item\":\"https:\/\/diarioabcdemichoacan.com.mx\/lasnoticias\/\"},{\"@type\":\"ListItem\",\"position\":2,\"name\":\"Justicia e instituciones, legado hist\u00f3rico de Ario de Rosales: Baltazar Gaona\"}]},{\"@type\":\"WebSite\",\"@id\":\"https:\/\/diarioabcdemichoacan.com.mx\/lasnoticias\/#website\",\"url\":\"https:\/\/diarioabcdemichoacan.com.mx\/lasnoticias\/\",\"name\":\"Diario ABC de Michoac\u00e1n\",\"description\":\"Las noticias al momento\",\"potentialAction\":[{\"@type\":\"SearchAction\",\"target\":{\"@type\":\"EntryPoint\",\"urlTemplate\":\"https:\/\/diarioabcdemichoacan.com.mx\/lasnoticias\/?s={search_term_string}\"},\"query-input\":{\"@type\":\"PropertyValueSpecification\",\"valueRequired\":true,\"valueName\":\"search_term_string\"}}],\"inLanguage\":\"es\"},{\"@type\":\"Person\",\"@id\":\"https:\/\/diarioabcdemichoacan.com.mx\/lasnoticias\/#\/schema\/person\/19ae376040f6cbc489682ebdd8524852\",\"name\":\"AR\",\"image\":{\"@type\":\"ImageObject\",\"inLanguage\":\"es\",\"@id\":\"https:\/\/diarioabcdemichoacan.com.mx\/lasnoticias\/#\/schema\/person\/image\/\",\"url\":\"https:\/\/secure.gravatar.com\/avatar\/44eca2ff970262234e20e1e082872af0?s=96&d=mm&r=g\",\"contentUrl\":\"https:\/\/secure.gravatar.com\/avatar\/44eca2ff970262234e20e1e082872af0?s=96&d=mm&r=g\",\"caption\":\"AR\"},\"url\":\"https:\/\/diarioabcdemichoacan.com.mx\/lasnoticias\/author\/adrian\/\"}]}<\/script>\n<!-- \/ Yoast SEO plugin. -->","yoast_head_json":{"title":"Justicia e instituciones, legado hist\u00f3rico de Ario de Rosales: Baltazar Gaona - Diario ABC de Michoac\u00e1n","robots":{"index":"index","follow":"follow","max-snippet":"max-snippet:-1","max-image-preview":"max-image-preview:large","max-video-preview":"max-video-preview:-1"},"canonical":"https:\/\/diarioabcdemichoacan.com.mx\/lasnoticias\/justicia-e-instituciones-legado-historico-de-ario-de-rosales-baltazar-gaona\/","og_locale":"es_ES","og_type":"article","og_title":"Justicia e instituciones, legado hist\u00f3rico de Ario de Rosales: Baltazar Gaona - Diario ABC de Michoac\u00e1n","og_description":"Ario de Rosales, Mich.- El presidente de la Mesa Directiva del Congreso del Estado, diputado Baltazar Gaona Garc\u00eda, particip\u00f3 en la conmemoraci\u00f3n del 211 aniversario de la instalaci\u00f3n del Primer Supremo Tribunal de Justicia para la Am\u00e9rica Mexicana, hecho hist\u00f3rico ocurrido el 7 de marzo de 1815 en este municipio y que marc\u00f3 el nacimiento [&hellip;]","og_url":"https:\/\/diarioabcdemichoacan.com.mx\/lasnoticias\/justicia-e-instituciones-legado-historico-de-ario-de-rosales-baltazar-gaona\/","og_site_name":"Diario ABC de Michoac\u00e1n","article_published_time":"2026-03-13T22:45:41+00:00","og_image":[{"width":1280,"height":960,"url":"https:\/\/diarioabcdemichoacan.com.mx\/lasnoticias\/wp-content\/uploads\/2026\/03\/WhatsApp-Image-2026-03-07-at-7.20.58-PM.jpeg","type":"image\/jpeg"}],"author":"AR","twitter_card":"summary_large_image","twitter_misc":{"Escrito por":"AR","Tiempo de lectura":"2 minutos"},"schema":{"@context":"https:\/\/schema.org","@graph":[{"@type":"WebPage","@id":"https:\/\/diarioabcdemichoacan.com.mx\/lasnoticias\/justicia-e-instituciones-legado-historico-de-ario-de-rosales-baltazar-gaona\/","url":"https:\/\/diarioabcdemichoacan.com.mx\/lasnoticias\/justicia-e-instituciones-legado-historico-de-ario-de-rosales-baltazar-gaona\/","name":"Justicia e instituciones, legado hist\u00f3rico de Ario de Rosales: Baltazar Gaona - Diario ABC de Michoac\u00e1n","isPartOf":{"@id":"https:\/\/diarioabcdemichoacan.com.mx\/lasnoticias\/#website"},"primaryImageOfPage":{"@id":"https:\/\/diarioabcdemichoacan.com.mx\/lasnoticias\/justicia-e-instituciones-legado-historico-de-ario-de-rosales-baltazar-gaona\/#primaryimage"},"image":{"@id":"https:\/\/diarioabcdemichoacan.com.mx\/lasnoticias\/justicia-e-instituciones-legado-historico-de-ario-de-rosales-baltazar-gaona\/#primaryimage"},"thumbnailUrl":"https:\/\/diarioabcdemichoacan.com.mx\/lasnoticias\/wp-content\/uploads\/2026\/03\/WhatsApp-Image-2026-03-07-at-7.20.58-PM.jpeg","datePublished":"2026-03-13T22:45:41+00:00","dateModified":"2026-03-13T22:45:41+00:00","author":{"@id":"https:\/\/diarioabcdemichoacan.com.mx\/lasnoticias\/#\/schema\/person\/19ae376040f6cbc489682ebdd8524852"},"breadcrumb":{"@id":"https:\/\/diarioabcdemichoacan.com.mx\/lasnoticias\/justicia-e-instituciones-legado-historico-de-ario-de-rosales-baltazar-gaona\/#breadcrumb"},"inLanguage":"es","potentialAction":[{"@type":"ReadAction","target":["https:\/\/diarioabcdemichoacan.com.mx\/lasnoticias\/justicia-e-instituciones-legado-historico-de-ario-de-rosales-baltazar-gaona\/"]}]},{"@type":"ImageObject","inLanguage":"es","@id":"https:\/\/diarioabcdemichoacan.com.mx\/lasnoticias\/justicia-e-instituciones-legado-historico-de-ario-de-rosales-baltazar-gaona\/#primaryimage","url":"https:\/\/diarioabcdemichoacan.com.mx\/lasnoticias\/wp-content\/uploads\/2026\/03\/WhatsApp-Image-2026-03-07-at-7.20.58-PM.jpeg","contentUrl":"https:\/\/diarioabcdemichoacan.com.mx\/lasnoticias\/wp-content\/uploads\/2026\/03\/WhatsApp-Image-2026-03-07-at-7.20.58-PM.jpeg","width":1280,"height":960},{"@type":"BreadcrumbList","@id":"https:\/\/diarioabcdemichoacan.com.mx\/lasnoticias\/justicia-e-instituciones-legado-historico-de-ario-de-rosales-baltazar-gaona\/#breadcrumb","itemListElement":[{"@type":"ListItem","position":1,"name":"Portada","item":"https:\/\/diarioabcdemichoacan.com.mx\/lasnoticias\/"},{"@type":"ListItem","position":2,"name":"Justicia e instituciones, legado hist\u00f3rico de Ario de Rosales: Baltazar Gaona"}]},{"@type":"WebSite","@id":"https:\/\/diarioabcdemichoacan.com.mx\/lasnoticias\/#website","url":"https:\/\/diarioabcdemichoacan.com.mx\/lasnoticias\/","name":"Diario ABC de Michoac\u00e1n","description":"Las noticias al momento","potentialAction":[{"@type":"SearchAction","target":{"@type":"EntryPoint","urlTemplate":"https:\/\/diarioabcdemichoacan.com.mx\/lasnoticias\/?s={search_term_string}"},"query-input":{"@type":"PropertyValueSpecification","valueRequired":true,"valueName":"search_term_string"}}],"inLanguage":"es"},{"@type":"Person","@id":"https:\/\/diarioabcdemichoacan.com.mx\/lasnoticias\/#\/schema\/person\/19ae376040f6cbc489682ebdd8524852","name":"AR","image":{"@type":"ImageObject","inLanguage":"es","@id":"https:\/\/diarioabcdemichoacan.com.mx\/lasnoticias\/#\/schema\/person\/image\/","url":"https:\/\/secure.gravatar.com\/avatar\/44eca2ff970262234e20e1e082872af0?s=96&d=mm&r=g","contentUrl":"https:\/\/secure.gravatar.com\/avatar\/44eca2ff970262234e20e1e082872af0?s=96&d=mm&r=g","caption":"AR"},"url":"https:\/\/diarioabcdemichoacan.com.mx\/lasnoticias\/author\/adrian\/"}]}},"_links":{"self":[{"href":"https:\/\/diarioabcdemichoacan.com.mx\/lasnoticias\/wp-json\/wp\/v2\/posts\/77293","targetHints":{"allow":["GET"]}}],"collection":[{"href":"https:\/\/diarioabcdemichoacan.com.mx\/lasnoticias\/wp-json\/wp\/v2\/posts"}],"about":[{"href":"https:\/\/diarioabcdemichoacan.com.mx\/lasnoticias\/wp-json\/wp\/v2\/types\/post"}],"author":[{"embeddable":true,"href":"https:\/\/diarioabcdemichoacan.com.mx\/lasnoticias\/wp-json\/wp\/v2\/users\/9"}],"replies":[{"embeddable":true,"href":"https:\/\/diarioabcdemichoacan.com.mx\/lasnoticias\/wp-json\/wp\/v2\/comments?post=77293"}],"version-history":[{"count":1,"href":"https:\/\/diarioabcdemichoacan.com.mx\/lasnoticias\/wp-json\/wp\/v2\/posts\/77293\/revisions"}],"predecessor-version":[{"id":77295,"href":"https:\/\/diarioabcdemichoacan.com.mx\/lasnoticias\/wp-json\/wp\/v2\/posts\/77293\/revisions\/77295"}],"wp:featuredmedia":[{"embeddable":true,"href":"https:\/\/diarioabcdemichoacan.com.mx\/lasnoticias\/wp-json\/wp\/v2\/media\/77294"}],"wp:attachment":[{"href":"https:\/\/diarioabcdemichoacan.com.mx\/lasnoticias\/wp-json\/wp\/v2\/media?parent=77293"}],"wp:term":[{"taxonomy":"category","embeddable":true,"href":"https:\/\/diarioabcdemichoacan.com.mx\/lasnoticias\/wp-json\/wp\/v2\/categories?post=77293"},{"taxonomy":"post_tag","embeddable":true,"href":"https:\/\/diarioabcdemichoacan.com.mx\/lasnoticias\/wp-json\/wp\/v2\/tags?post=77293"}],"curies":[{"name":"wp","href":"https:\/\/api.w.org\/{rel}","templated":true}]}}