{"id":77297,"date":"2026-03-16T13:07:24","date_gmt":"2026-03-16T19:07:24","guid":{"rendered":"https:\/\/diarioabcdemichoacan.com.mx\/lasnoticias\/?p=77297"},"modified":"2026-03-16T13:07:24","modified_gmt":"2026-03-16T19:07:24","slug":"justicia-laboral-en-tiempo-record-michoacan-resuelve-7-de-cada-10-conflictos-en-menos-de-45-dias-bedolla","status":"publish","type":"post","link":"https:\/\/diarioabcdemichoacan.com.mx\/lasnoticias\/justicia-laboral-en-tiempo-record-michoacan-resuelve-7-de-cada-10-conflictos-en-menos-de-45-dias-bedolla\/","title":{"rendered":"Justicia laboral en tiempo r\u00e9cord; Michoac\u00e1n resuelve 7 de cada 10 conflictos en menos de 45 d\u00edas: Bedolla"},"content":{"rendered":"<h2>Destaca el gobernador al inaugurar el Foro Nacional por la Consolidaci\u00f3n de la Justicia Laboral en M\u00e9xico<\/h2>\n<p>&nbsp;<\/p>\n<hr \/>\n<p>Morelia, Mich.- Con el nuevo sistema de justicia laboral, siete de cada 10 conflictos en Michoac\u00e1n se resuelven de manera efectiva y humanista en menos de 45 d\u00edas, destac\u00f3 el gobernador Alfredo Ram\u00edrez Bedolla, al inaugurar el Foro Nacional por la Consolidaci\u00f3n de la Justicia Laboral en M\u00e9xico.<\/p>\n<p>\u201cEn M\u00e9xico est\u00e1bamos acostumbrados a los juicios laborales largos, de a\u00f1os, que iban en perjuicio del trabajador y de las empresas; la ganancia era para los litigantes porque cobraban hasta el 30 por ciento, les conven\u00eda alargar los t\u00e9rminos, pero ahora con los centros de conciliaci\u00f3n laboral esto se acorta y solo tres de cada 10 casos llegan a juicio\u201d, expuso.<\/p>\n<p>Ram\u00edrez Bedolla se\u00f1al\u00f3 que este nuevo modelo es un acierto porque un pronto arreglo beneficia tanto a la parte trabajadora como a la patronal, ya que permite a la o el empleado reincorporarse en poco tiempo a la actividad productiva; mientras que para la empresa representa menores costos y la posibilidad de realizar a la brevedad una nueva contrataci\u00f3n.<\/p>\n<p>Subray\u00f3 que la actual pol\u00edtica laboral, impulsada por el expresidente Andr\u00e9s Manuel L\u00f3pez Obrador y que ahora da seguimiento la presidenta Claudia Sheinbaum Pardo, prioriza los derechos de las y los trabajadores con un aumento al salario sin precedentes; mientras a nivel estatal su gobierno ha apostado por la cultura de la formalidad, principalmente en el sector de la agroexportaci\u00f3n, pese a las resistencias.<\/p>\n<p>\u201cVoy a insistir en eso hasta el \u00faltimo d\u00eda de mi mandato: debe de haber justicia laboral y tiene que ver con el cumplimiento de la ley\u201d, recalc\u00f3.<\/p>\n<p>Por su parte, la titular de la Unidad de Enlace para la Reforma al Sistema de Justicia Laboral, Tey Wendolyne Retana Alarc\u00f3n, indic\u00f3 la importancia de llevar a cabo este tipo de foros para intercambiar experiencias, analizar los retos que se enfrentan en la pr\u00e1ctica y c\u00f3mo fortalecer las herramientas que hacen posible una justicia laboral m\u00e1s cercana a las y los trabajadores.<\/p>\n<p>En tanto, el director general del Centro de Conciliaci\u00f3n Laboral del Estado, Andr\u00e9s Medina Guzm\u00e1n, aport\u00f3 que con el nuevo modelo de justicia laboral se ha triplicado la demanda de solicitudes de conciliaci\u00f3n, ya que antes se recib\u00edan 4 mil 200 y hoy el n\u00famero oscila en los 13 mil asuntos.<\/p>\n<p>Acompa\u00f1aron al gobernador el director de la Oficina de la Organizaci\u00f3n Internacional del Trabajo en M\u00e9xico y Cuba, Pedro Am\u00e9rico Furtado de Oliveira; la directora del Centro de Conciliaci\u00f3n de Veracruz y presidenta de la Comisi\u00f3n Nacional de Centros de Conciliaci\u00f3n Laboral, Nayely Landa Gonz\u00e1lez; el agregado laboral de la Embajada de Estados Unidos en M\u00e9xico, Mauricio Cort\u00e9s; el director del Centro Federal de Conciliaci\u00f3n y Registro Laboral, Alfredo Dom\u00ednguez Marrufo.<\/p>\n<p>As\u00ed como el diputado presidente de la Mesa Directiva del Congreso local, Baltazar Gaona Garc\u00eda; la magistrada presidenta sustituta del Poder Judicial de Michoac\u00e1n, Laura Elena Alan\u00eds Garc\u00eda; el secretario de Desarrollo Econ\u00f3mico del Estado, Claudio M\u00e9ndez Fern\u00e1ndez; autoridades federales, estatales y municipales; representantes de los centros de conciliaci\u00f3n laboral del pa\u00eds; juezas, jueces, magistradas y magistrados de los poderes judiciales de los estados; legisladores federales y municipales; y representantes del sector productivo.<\/p>\n","protected":false},"excerpt":{"rendered":"<p>Destaca el gobernador al inaugurar el Foro Nacional por la Consolidaci\u00f3n de la Justicia Laboral en M\u00e9xico &nbsp; Morelia, Mich.- Con el nuevo sistema de justicia laboral, siete de cada 10 conflictos en Michoac\u00e1n se resuelven de manera efectiva y humanista en menos de 45 d\u00edas, destac\u00f3 el gobernador Alfredo Ram\u00edrez Bedolla, al inaugurar el [&hellip;]<\/p>\n","protected":false},"author":9,"featured_media":77298,"comment_status":"closed","ping_status":"closed","sticky":false,"template":"","format":"standard","meta":{"footnotes":""},"categories":[10,17,7,28,27],"tags":[],"class_list":{"0":"post-77297","1":"post","2":"type-post","3":"status-publish","4":"format-standard","5":"has-post-thumbnail","7":"category-estado","8":"category-gobierno-de-michoacan","9":"category-morelia","10":"category-politica","11":"category-slider"},"yoast_head":"<!-- This site is optimized with the Yoast SEO plugin v24.0 - https:\/\/yoast.com\/wordpress\/plugins\/seo\/ -->\n<title>Justicia laboral en tiempo r\u00e9cord; Michoac\u00e1n resuelve 7 de cada 10 conflictos en menos de 45 d\u00edas: Bedolla - Diario ABC de Michoac\u00e1n<\/title>\n<meta name=\"robots\" content=\"index, follow, max-snippet:-1, max-image-preview:large, max-video-preview:-1\" \/>\n<link rel=\"canonical\" href=\"https:\/\/diarioabcdemichoacan.com.mx\/lasnoticias\/justicia-laboral-en-tiempo-record-michoacan-resuelve-7-de-cada-10-conflictos-en-menos-de-45-dias-bedolla\/\" \/>\n<meta property=\"og:locale\" content=\"es_ES\" \/>\n<meta property=\"og:type\" content=\"article\" \/>\n<meta property=\"og:title\" content=\"Justicia laboral en tiempo r\u00e9cord; Michoac\u00e1n resuelve 7 de cada 10 conflictos en menos de 45 d\u00edas: Bedolla - Diario ABC de Michoac\u00e1n\" \/>\n<meta property=\"og:description\" content=\"Destaca el gobernador al inaugurar el Foro Nacional por la Consolidaci\u00f3n de la Justicia Laboral en M\u00e9xico &nbsp; Morelia, Mich.- Con el nuevo sistema de justicia laboral, siete de cada 10 conflictos en Michoac\u00e1n se resuelven de manera efectiva y humanista en menos de 45 d\u00edas, destac\u00f3 el gobernador Alfredo Ram\u00edrez Bedolla, al inaugurar el [&hellip;]\" \/>\n<meta property=\"og:url\" content=\"https:\/\/diarioabcdemichoacan.com.mx\/lasnoticias\/justicia-laboral-en-tiempo-record-michoacan-resuelve-7-de-cada-10-conflictos-en-menos-de-45-dias-bedolla\/\" \/>\n<meta property=\"og:site_name\" content=\"Diario ABC de Michoac\u00e1n\" \/>\n<meta property=\"article:published_time\" content=\"2026-03-16T19:07:24+00:00\" \/>\n<meta property=\"og:image\" content=\"https:\/\/diarioabcdemichoacan.com.mx\/lasnoticias\/wp-content\/uploads\/2026\/03\/WhatsApp-Image-2026-03-13-at-4.28.23-PM.jpeg\" \/>\n\t<meta property=\"og:image:width\" content=\"1280\" \/>\n\t<meta property=\"og:image:height\" content=\"852\" \/>\n\t<meta property=\"og:image:type\" content=\"image\/jpeg\" \/>\n<meta name=\"author\" content=\"AR\" \/>\n<meta name=\"twitter:card\" content=\"summary_large_image\" \/>\n<meta name=\"twitter:label1\" content=\"Escrito por\" \/>\n\t<meta name=\"twitter:data1\" content=\"AR\" \/>\n\t<meta name=\"twitter:label2\" content=\"Tiempo de lectura\" \/>\n\t<meta name=\"twitter:data2\" content=\"3 minutos\" \/>\n<script type=\"application\/ld+json\" class=\"yoast-schema-graph\">{\"@context\":\"https:\/\/schema.org\",\"@graph\":[{\"@type\":\"WebPage\",\"@id\":\"https:\/\/diarioabcdemichoacan.com.mx\/lasnoticias\/justicia-laboral-en-tiempo-record-michoacan-resuelve-7-de-cada-10-conflictos-en-menos-de-45-dias-bedolla\/\",\"url\":\"https:\/\/diarioabcdemichoacan.com.mx\/lasnoticias\/justicia-laboral-en-tiempo-record-michoacan-resuelve-7-de-cada-10-conflictos-en-menos-de-45-dias-bedolla\/\",\"name\":\"Justicia laboral en tiempo r\u00e9cord; Michoac\u00e1n resuelve 7 de cada 10 conflictos en menos de 45 d\u00edas: Bedolla - Diario ABC de Michoac\u00e1n\",\"isPartOf\":{\"@id\":\"https:\/\/diarioabcdemichoacan.com.mx\/lasnoticias\/#website\"},\"primaryImageOfPage\":{\"@id\":\"https:\/\/diarioabcdemichoacan.com.mx\/lasnoticias\/justicia-laboral-en-tiempo-record-michoacan-resuelve-7-de-cada-10-conflictos-en-menos-de-45-dias-bedolla\/#primaryimage\"},\"image\":{\"@id\":\"https:\/\/diarioabcdemichoacan.com.mx\/lasnoticias\/justicia-laboral-en-tiempo-record-michoacan-resuelve-7-de-cada-10-conflictos-en-menos-de-45-dias-bedolla\/#primaryimage\"},\"thumbnailUrl\":\"https:\/\/diarioabcdemichoacan.com.mx\/lasnoticias\/wp-content\/uploads\/2026\/03\/WhatsApp-Image-2026-03-13-at-4.28.23-PM.jpeg\",\"datePublished\":\"2026-03-16T19:07:24+00:00\",\"dateModified\":\"2026-03-16T19:07:24+00:00\",\"author\":{\"@id\":\"https:\/\/diarioabcdemichoacan.com.mx\/lasnoticias\/#\/schema\/person\/19ae376040f6cbc489682ebdd8524852\"},\"breadcrumb\":{\"@id\":\"https:\/\/diarioabcdemichoacan.com.mx\/lasnoticias\/justicia-laboral-en-tiempo-record-michoacan-resuelve-7-de-cada-10-conflictos-en-menos-de-45-dias-bedolla\/#breadcrumb\"},\"inLanguage\":\"es\",\"potentialAction\":[{\"@type\":\"ReadAction\",\"target\":[\"https:\/\/diarioabcdemichoacan.com.mx\/lasnoticias\/justicia-laboral-en-tiempo-record-michoacan-resuelve-7-de-cada-10-conflictos-en-menos-de-45-dias-bedolla\/\"]}]},{\"@type\":\"ImageObject\",\"inLanguage\":\"es\",\"@id\":\"https:\/\/diarioabcdemichoacan.com.mx\/lasnoticias\/justicia-laboral-en-tiempo-record-michoacan-resuelve-7-de-cada-10-conflictos-en-menos-de-45-dias-bedolla\/#primaryimage\",\"url\":\"https:\/\/diarioabcdemichoacan.com.mx\/lasnoticias\/wp-content\/uploads\/2026\/03\/WhatsApp-Image-2026-03-13-at-4.28.23-PM.jpeg\",\"contentUrl\":\"https:\/\/diarioabcdemichoacan.com.mx\/lasnoticias\/wp-content\/uploads\/2026\/03\/WhatsApp-Image-2026-03-13-at-4.28.23-PM.jpeg\",\"width\":1280,\"height\":852},{\"@type\":\"BreadcrumbList\",\"@id\":\"https:\/\/diarioabcdemichoacan.com.mx\/lasnoticias\/justicia-laboral-en-tiempo-record-michoacan-resuelve-7-de-cada-10-conflictos-en-menos-de-45-dias-bedolla\/#breadcrumb\",\"itemListElement\":[{\"@type\":\"ListItem\",\"position\":1,\"name\":\"Portada\",\"item\":\"https:\/\/diarioabcdemichoacan.com.mx\/lasnoticias\/\"},{\"@type\":\"ListItem\",\"position\":2,\"name\":\"Justicia laboral en tiempo r\u00e9cord; Michoac\u00e1n resuelve 7 de cada 10 conflictos en menos de 45 d\u00edas: Bedolla\"}]},{\"@type\":\"WebSite\",\"@id\":\"https:\/\/diarioabcdemichoacan.com.mx\/lasnoticias\/#website\",\"url\":\"https:\/\/diarioabcdemichoacan.com.mx\/lasnoticias\/\",\"name\":\"Diario ABC de Michoac\u00e1n\",\"description\":\"Las noticias al momento\",\"potentialAction\":[{\"@type\":\"SearchAction\",\"target\":{\"@type\":\"EntryPoint\",\"urlTemplate\":\"https:\/\/diarioabcdemichoacan.com.mx\/lasnoticias\/?s={search_term_string}\"},\"query-input\":{\"@type\":\"PropertyValueSpecification\",\"valueRequired\":true,\"valueName\":\"search_term_string\"}}],\"inLanguage\":\"es\"},{\"@type\":\"Person\",\"@id\":\"https:\/\/diarioabcdemichoacan.com.mx\/lasnoticias\/#\/schema\/person\/19ae376040f6cbc489682ebdd8524852\",\"name\":\"AR\",\"image\":{\"@type\":\"ImageObject\",\"inLanguage\":\"es\",\"@id\":\"https:\/\/diarioabcdemichoacan.com.mx\/lasnoticias\/#\/schema\/person\/image\/\",\"url\":\"https:\/\/secure.gravatar.com\/avatar\/44eca2ff970262234e20e1e082872af0?s=96&d=mm&r=g\",\"contentUrl\":\"https:\/\/secure.gravatar.com\/avatar\/44eca2ff970262234e20e1e082872af0?s=96&d=mm&r=g\",\"caption\":\"AR\"},\"url\":\"https:\/\/diarioabcdemichoacan.com.mx\/lasnoticias\/author\/adrian\/\"}]}<\/script>\n<!-- \/ Yoast SEO plugin. -->","yoast_head_json":{"title":"Justicia laboral en tiempo r\u00e9cord; Michoac\u00e1n resuelve 7 de cada 10 conflictos en menos de 45 d\u00edas: Bedolla - Diario ABC de Michoac\u00e1n","robots":{"index":"index","follow":"follow","max-snippet":"max-snippet:-1","max-image-preview":"max-image-preview:large","max-video-preview":"max-video-preview:-1"},"canonical":"https:\/\/diarioabcdemichoacan.com.mx\/lasnoticias\/justicia-laboral-en-tiempo-record-michoacan-resuelve-7-de-cada-10-conflictos-en-menos-de-45-dias-bedolla\/","og_locale":"es_ES","og_type":"article","og_title":"Justicia laboral en tiempo r\u00e9cord; Michoac\u00e1n resuelve 7 de cada 10 conflictos en menos de 45 d\u00edas: Bedolla - Diario ABC de Michoac\u00e1n","og_description":"Destaca el gobernador al inaugurar el Foro Nacional por la Consolidaci\u00f3n de la Justicia Laboral en M\u00e9xico &nbsp; Morelia, Mich.- Con el nuevo sistema de justicia laboral, siete de cada 10 conflictos en Michoac\u00e1n se resuelven de manera efectiva y humanista en menos de 45 d\u00edas, destac\u00f3 el gobernador Alfredo Ram\u00edrez Bedolla, al inaugurar el [&hellip;]","og_url":"https:\/\/diarioabcdemichoacan.com.mx\/lasnoticias\/justicia-laboral-en-tiempo-record-michoacan-resuelve-7-de-cada-10-conflictos-en-menos-de-45-dias-bedolla\/","og_site_name":"Diario ABC de Michoac\u00e1n","article_published_time":"2026-03-16T19:07:24+00:00","og_image":[{"width":1280,"height":852,"url":"https:\/\/diarioabcdemichoacan.com.mx\/lasnoticias\/wp-content\/uploads\/2026\/03\/WhatsApp-Image-2026-03-13-at-4.28.23-PM.jpeg","type":"image\/jpeg"}],"author":"AR","twitter_card":"summary_large_image","twitter_misc":{"Escrito por":"AR","Tiempo de lectura":"3 minutos"},"schema":{"@context":"https:\/\/schema.org","@graph":[{"@type":"WebPage","@id":"https:\/\/diarioabcdemichoacan.com.mx\/lasnoticias\/justicia-laboral-en-tiempo-record-michoacan-resuelve-7-de-cada-10-conflictos-en-menos-de-45-dias-bedolla\/","url":"https:\/\/diarioabcdemichoacan.com.mx\/lasnoticias\/justicia-laboral-en-tiempo-record-michoacan-resuelve-7-de-cada-10-conflictos-en-menos-de-45-dias-bedolla\/","name":"Justicia laboral en tiempo r\u00e9cord; Michoac\u00e1n resuelve 7 de cada 10 conflictos en menos de 45 d\u00edas: Bedolla - Diario ABC de Michoac\u00e1n","isPartOf":{"@id":"https:\/\/diarioabcdemichoacan.com.mx\/lasnoticias\/#website"},"primaryImageOfPage":{"@id":"https:\/\/diarioabcdemichoacan.com.mx\/lasnoticias\/justicia-laboral-en-tiempo-record-michoacan-resuelve-7-de-cada-10-conflictos-en-menos-de-45-dias-bedolla\/#primaryimage"},"image":{"@id":"https:\/\/diarioabcdemichoacan.com.mx\/lasnoticias\/justicia-laboral-en-tiempo-record-michoacan-resuelve-7-de-cada-10-conflictos-en-menos-de-45-dias-bedolla\/#primaryimage"},"thumbnailUrl":"https:\/\/diarioabcdemichoacan.com.mx\/lasnoticias\/wp-content\/uploads\/2026\/03\/WhatsApp-Image-2026-03-13-at-4.28.23-PM.jpeg","datePublished":"2026-03-16T19:07:24+00:00","dateModified":"2026-03-16T19:07:24+00:00","author":{"@id":"https:\/\/diarioabcdemichoacan.com.mx\/lasnoticias\/#\/schema\/person\/19ae376040f6cbc489682ebdd8524852"},"breadcrumb":{"@id":"https:\/\/diarioabcdemichoacan.com.mx\/lasnoticias\/justicia-laboral-en-tiempo-record-michoacan-resuelve-7-de-cada-10-conflictos-en-menos-de-45-dias-bedolla\/#breadcrumb"},"inLanguage":"es","potentialAction":[{"@type":"ReadAction","target":["https:\/\/diarioabcdemichoacan.com.mx\/lasnoticias\/justicia-laboral-en-tiempo-record-michoacan-resuelve-7-de-cada-10-conflictos-en-menos-de-45-dias-bedolla\/"]}]},{"@type":"ImageObject","inLanguage":"es","@id":"https:\/\/diarioabcdemichoacan.com.mx\/lasnoticias\/justicia-laboral-en-tiempo-record-michoacan-resuelve-7-de-cada-10-conflictos-en-menos-de-45-dias-bedolla\/#primaryimage","url":"https:\/\/diarioabcdemichoacan.com.mx\/lasnoticias\/wp-content\/uploads\/2026\/03\/WhatsApp-Image-2026-03-13-at-4.28.23-PM.jpeg","contentUrl":"https:\/\/diarioabcdemichoacan.com.mx\/lasnoticias\/wp-content\/uploads\/2026\/03\/WhatsApp-Image-2026-03-13-at-4.28.23-PM.jpeg","width":1280,"height":852},{"@type":"BreadcrumbList","@id":"https:\/\/diarioabcdemichoacan.com.mx\/lasnoticias\/justicia-laboral-en-tiempo-record-michoacan-resuelve-7-de-cada-10-conflictos-en-menos-de-45-dias-bedolla\/#breadcrumb","itemListElement":[{"@type":"ListItem","position":1,"name":"Portada","item":"https:\/\/diarioabcdemichoacan.com.mx\/lasnoticias\/"},{"@type":"ListItem","position":2,"name":"Justicia laboral en tiempo r\u00e9cord; Michoac\u00e1n resuelve 7 de cada 10 conflictos en menos de 45 d\u00edas: Bedolla"}]},{"@type":"WebSite","@id":"https:\/\/diarioabcdemichoacan.com.mx\/lasnoticias\/#website","url":"https:\/\/diarioabcdemichoacan.com.mx\/lasnoticias\/","name":"Diario ABC de Michoac\u00e1n","description":"Las noticias al momento","potentialAction":[{"@type":"SearchAction","target":{"@type":"EntryPoint","urlTemplate":"https:\/\/diarioabcdemichoacan.com.mx\/lasnoticias\/?s={search_term_string}"},"query-input":{"@type":"PropertyValueSpecification","valueRequired":true,"valueName":"search_term_string"}}],"inLanguage":"es"},{"@type":"Person","@id":"https:\/\/diarioabcdemichoacan.com.mx\/lasnoticias\/#\/schema\/person\/19ae376040f6cbc489682ebdd8524852","name":"AR","image":{"@type":"ImageObject","inLanguage":"es","@id":"https:\/\/diarioabcdemichoacan.com.mx\/lasnoticias\/#\/schema\/person\/image\/","url":"https:\/\/secure.gravatar.com\/avatar\/44eca2ff970262234e20e1e082872af0?s=96&d=mm&r=g","contentUrl":"https:\/\/secure.gravatar.com\/avatar\/44eca2ff970262234e20e1e082872af0?s=96&d=mm&r=g","caption":"AR"},"url":"https:\/\/diarioabcdemichoacan.com.mx\/lasnoticias\/author\/adrian\/"}]}},"_links":{"self":[{"href":"https:\/\/diarioabcdemichoacan.com.mx\/lasnoticias\/wp-json\/wp\/v2\/posts\/77297","targetHints":{"allow":["GET"]}}],"collection":[{"href":"https:\/\/diarioabcdemichoacan.com.mx\/lasnoticias\/wp-json\/wp\/v2\/posts"}],"about":[{"href":"https:\/\/diarioabcdemichoacan.com.mx\/lasnoticias\/wp-json\/wp\/v2\/types\/post"}],"author":[{"embeddable":true,"href":"https:\/\/diarioabcdemichoacan.com.mx\/lasnoticias\/wp-json\/wp\/v2\/users\/9"}],"replies":[{"embeddable":true,"href":"https:\/\/diarioabcdemichoacan.com.mx\/lasnoticias\/wp-json\/wp\/v2\/comments?post=77297"}],"version-history":[{"count":1,"href":"https:\/\/diarioabcdemichoacan.com.mx\/lasnoticias\/wp-json\/wp\/v2\/posts\/77297\/revisions"}],"predecessor-version":[{"id":77299,"href":"https:\/\/diarioabcdemichoacan.com.mx\/lasnoticias\/wp-json\/wp\/v2\/posts\/77297\/revisions\/77299"}],"wp:featuredmedia":[{"embeddable":true,"href":"https:\/\/diarioabcdemichoacan.com.mx\/lasnoticias\/wp-json\/wp\/v2\/media\/77298"}],"wp:attachment":[{"href":"https:\/\/diarioabcdemichoacan.com.mx\/lasnoticias\/wp-json\/wp\/v2\/media?parent=77297"}],"wp:term":[{"taxonomy":"category","embeddable":true,"href":"https:\/\/diarioabcdemichoacan.com.mx\/lasnoticias\/wp-json\/wp\/v2\/categories?post=77297"},{"taxonomy":"post_tag","embeddable":true,"href":"https:\/\/diarioabcdemichoacan.com.mx\/lasnoticias\/wp-json\/wp\/v2\/tags?post=77297"}],"curies":[{"name":"wp","href":"https:\/\/api.w.org\/{rel}","templated":true}]}}