{"id":77303,"date":"2026-03-16T13:10:20","date_gmt":"2026-03-16T19:10:20","guid":{"rendered":"https:\/\/diarioabcdemichoacan.com.mx\/lasnoticias\/?p=77303"},"modified":"2026-03-16T13:10:20","modified_gmt":"2026-03-16T19:10:20","slug":"inaugura-nalleli-pedraza-exposicion-fotografica-en-el-congreso-para-conmemorar-a-mujeres-michoacanas","status":"publish","type":"post","link":"https:\/\/diarioabcdemichoacan.com.mx\/lasnoticias\/inaugura-nalleli-pedraza-exposicion-fotografica-en-el-congreso-para-conmemorar-a-mujeres-michoacanas\/","title":{"rendered":"Inaugura Nalleli Pedraza exposici\u00f3n fotogr\u00e1fica en el Congreso para conmemorar a mujeres michoacanas"},"content":{"rendered":"<h2>La muestra reconoce a once mujeres que han marcado la historia del estado y forma parte de las actividades del Mes de la Mujer.<\/h2>\n<p>&nbsp;<\/p>\n<hr \/>\n<p>Morelia, Mich.- En el marco del Mes de la Mujer, la diputada local Nalleli Pedraza Huerta inaugur\u00f3 una exposici\u00f3n fotogr\u00e1fica en el Congreso del Estado de Michoac\u00e1n, dedicada a visibilizar y reconocer la vida, lucha y aportaciones de mujeres michoacanas que han dejado una huella importante en la historia social, pol\u00edtica y cultural de la entidad.<\/p>\n<p>La muestra re\u00fane im\u00e1genes y rese\u00f1as de diez mujeres que han contribuido a la transformaci\u00f3n de Michoac\u00e1n desde distintos \u00e1mbitos. Entre ellas se encuentran Mar\u00eda de Jes\u00fas Romero, Juana Guadalupe Arcos Barrag\u00e1n, Amparo Higuera Ju\u00e1rez, Imelda Higuera Ju\u00e1rez, Lilia Amezcua Prado, Concha Michel, Mar\u00eda Luisa Mart\u00ednez, Amalia Sol\u00f3rzano Bravo, Josefa Montero, Mar\u00eda Josefa Huerta y Escalante y Mar\u00eda Rita P\u00e9rez Jim\u00e9nez.<\/p>\n<p>Estas mujeres forman parte de la iniciativa impulsada por la legisladora para incorporar sus nombres al calendario c\u00edvico del Estado de Michoac\u00e1n, con el objetivo de reconocer su legado y mantener viva la memoria de quienes contribuyeron a abrir camino para las nuevas generaciones.<\/p>\n<p>Durante la inauguraci\u00f3n, Pedraza Huerta destac\u00f3 que recuperar la historia de las mujeres es fundamental para construir una sociedad m\u00e1s justa e igualitaria, ya que durante muchos a\u00f1os sus aportaciones quedaron invisibilizadas en la narrativa hist\u00f3rica.<\/p>\n<p>Asimismo, record\u00f3 que desde el Congreso ha respaldado e impulsado diversas acciones en favor de los derechos de las mujeres, entre ellas iniciativas para fortalecer la igualdad sustantiva, promover mejores condiciones para su desarrollo y reconocer el papel de las mujeres en la transformaci\u00f3n social.<\/p>\n<p>\u201cRecordar a las mujeres que han marcado nuestra historia tambi\u00e9n es una forma de seguir avanzando. Su lucha, su trabajo y su compromiso son inspiraci\u00f3n para continuar abriendo camino a las mujeres de hoy y de las futuras generaciones\u201d, expres\u00f3.<\/p>\n<p>Finalmente, la diputada Nalleli Pedraza reiter\u00f3 su compromiso de seguir impulsando acciones legislativas y culturales que visibilicen el legado de las mujeres michoacanas y fortalezcan la construcci\u00f3n de una sociedad con mayor igualdad y justicia para todas.<\/p>\n","protected":false},"excerpt":{"rendered":"<p>La muestra reconoce a once mujeres que han marcado la historia del estado y forma parte de las actividades del Mes de la Mujer. &nbsp; Morelia, Mich.- En el marco del Mes de la Mujer, la diputada local Nalleli Pedraza Huerta inaugur\u00f3 una exposici\u00f3n fotogr\u00e1fica en el Congreso del Estado de Michoac\u00e1n, dedicada a visibilizar [&hellip;]<\/p>\n","protected":false},"author":9,"featured_media":77304,"comment_status":"closed","ping_status":"closed","sticky":false,"template":"","format":"standard","meta":{"footnotes":""},"categories":[13,22,28,27],"tags":[],"class_list":{"0":"post-77303","1":"post","2":"type-post","3":"status-publish","4":"format-standard","5":"has-post-thumbnail","7":"category-congreso","8":"category-congreso-de-michoacan","9":"category-politica","10":"category-slider"},"yoast_head":"<!-- This site is optimized with the Yoast SEO plugin v24.0 - https:\/\/yoast.com\/wordpress\/plugins\/seo\/ -->\n<title>Inaugura Nalleli Pedraza exposici\u00f3n fotogr\u00e1fica en el Congreso para conmemorar a mujeres michoacanas - Diario ABC de Michoac\u00e1n<\/title>\n<meta name=\"robots\" content=\"index, follow, max-snippet:-1, max-image-preview:large, max-video-preview:-1\" \/>\n<link rel=\"canonical\" href=\"https:\/\/diarioabcdemichoacan.com.mx\/lasnoticias\/inaugura-nalleli-pedraza-exposicion-fotografica-en-el-congreso-para-conmemorar-a-mujeres-michoacanas\/\" \/>\n<meta property=\"og:locale\" content=\"es_ES\" \/>\n<meta property=\"og:type\" content=\"article\" \/>\n<meta property=\"og:title\" content=\"Inaugura Nalleli Pedraza exposici\u00f3n fotogr\u00e1fica en el Congreso para conmemorar a mujeres michoacanas - Diario ABC de Michoac\u00e1n\" \/>\n<meta property=\"og:description\" content=\"La muestra reconoce a once mujeres que han marcado la historia del estado y forma parte de las actividades del Mes de la Mujer. &nbsp; Morelia, Mich.- En el marco del Mes de la Mujer, la diputada local Nalleli Pedraza Huerta inaugur\u00f3 una exposici\u00f3n fotogr\u00e1fica en el Congreso del Estado de Michoac\u00e1n, dedicada a visibilizar [&hellip;]\" \/>\n<meta property=\"og:url\" content=\"https:\/\/diarioabcdemichoacan.com.mx\/lasnoticias\/inaugura-nalleli-pedraza-exposicion-fotografica-en-el-congreso-para-conmemorar-a-mujeres-michoacanas\/\" \/>\n<meta property=\"og:site_name\" content=\"Diario ABC de Michoac\u00e1n\" \/>\n<meta property=\"article:published_time\" content=\"2026-03-16T19:10:20+00:00\" \/>\n<meta property=\"og:image\" content=\"https:\/\/diarioabcdemichoacan.com.mx\/lasnoticias\/wp-content\/uploads\/2026\/03\/WhatsApp-Image-2026-03-13-at-7.58.20-PM.jpeg\" \/>\n\t<meta property=\"og:image:width\" content=\"1280\" \/>\n\t<meta property=\"og:image:height\" content=\"854\" \/>\n\t<meta property=\"og:image:type\" content=\"image\/jpeg\" \/>\n<meta name=\"author\" content=\"AR\" \/>\n<meta name=\"twitter:card\" content=\"summary_large_image\" \/>\n<meta name=\"twitter:label1\" content=\"Escrito por\" \/>\n\t<meta name=\"twitter:data1\" content=\"AR\" \/>\n\t<meta name=\"twitter:label2\" content=\"Tiempo de lectura\" \/>\n\t<meta name=\"twitter:data2\" content=\"2 minutos\" \/>\n<script type=\"application\/ld+json\" class=\"yoast-schema-graph\">{\"@context\":\"https:\/\/schema.org\",\"@graph\":[{\"@type\":\"WebPage\",\"@id\":\"https:\/\/diarioabcdemichoacan.com.mx\/lasnoticias\/inaugura-nalleli-pedraza-exposicion-fotografica-en-el-congreso-para-conmemorar-a-mujeres-michoacanas\/\",\"url\":\"https:\/\/diarioabcdemichoacan.com.mx\/lasnoticias\/inaugura-nalleli-pedraza-exposicion-fotografica-en-el-congreso-para-conmemorar-a-mujeres-michoacanas\/\",\"name\":\"Inaugura Nalleli Pedraza exposici\u00f3n fotogr\u00e1fica en el Congreso para conmemorar a mujeres michoacanas - Diario ABC de Michoac\u00e1n\",\"isPartOf\":{\"@id\":\"https:\/\/diarioabcdemichoacan.com.mx\/lasnoticias\/#website\"},\"primaryImageOfPage\":{\"@id\":\"https:\/\/diarioabcdemichoacan.com.mx\/lasnoticias\/inaugura-nalleli-pedraza-exposicion-fotografica-en-el-congreso-para-conmemorar-a-mujeres-michoacanas\/#primaryimage\"},\"image\":{\"@id\":\"https:\/\/diarioabcdemichoacan.com.mx\/lasnoticias\/inaugura-nalleli-pedraza-exposicion-fotografica-en-el-congreso-para-conmemorar-a-mujeres-michoacanas\/#primaryimage\"},\"thumbnailUrl\":\"https:\/\/diarioabcdemichoacan.com.mx\/lasnoticias\/wp-content\/uploads\/2026\/03\/WhatsApp-Image-2026-03-13-at-7.58.20-PM.jpeg\",\"datePublished\":\"2026-03-16T19:10:20+00:00\",\"dateModified\":\"2026-03-16T19:10:20+00:00\",\"author\":{\"@id\":\"https:\/\/diarioabcdemichoacan.com.mx\/lasnoticias\/#\/schema\/person\/19ae376040f6cbc489682ebdd8524852\"},\"breadcrumb\":{\"@id\":\"https:\/\/diarioabcdemichoacan.com.mx\/lasnoticias\/inaugura-nalleli-pedraza-exposicion-fotografica-en-el-congreso-para-conmemorar-a-mujeres-michoacanas\/#breadcrumb\"},\"inLanguage\":\"es\",\"potentialAction\":[{\"@type\":\"ReadAction\",\"target\":[\"https:\/\/diarioabcdemichoacan.com.mx\/lasnoticias\/inaugura-nalleli-pedraza-exposicion-fotografica-en-el-congreso-para-conmemorar-a-mujeres-michoacanas\/\"]}]},{\"@type\":\"ImageObject\",\"inLanguage\":\"es\",\"@id\":\"https:\/\/diarioabcdemichoacan.com.mx\/lasnoticias\/inaugura-nalleli-pedraza-exposicion-fotografica-en-el-congreso-para-conmemorar-a-mujeres-michoacanas\/#primaryimage\",\"url\":\"https:\/\/diarioabcdemichoacan.com.mx\/lasnoticias\/wp-content\/uploads\/2026\/03\/WhatsApp-Image-2026-03-13-at-7.58.20-PM.jpeg\",\"contentUrl\":\"https:\/\/diarioabcdemichoacan.com.mx\/lasnoticias\/wp-content\/uploads\/2026\/03\/WhatsApp-Image-2026-03-13-at-7.58.20-PM.jpeg\",\"width\":1280,\"height\":854},{\"@type\":\"BreadcrumbList\",\"@id\":\"https:\/\/diarioabcdemichoacan.com.mx\/lasnoticias\/inaugura-nalleli-pedraza-exposicion-fotografica-en-el-congreso-para-conmemorar-a-mujeres-michoacanas\/#breadcrumb\",\"itemListElement\":[{\"@type\":\"ListItem\",\"position\":1,\"name\":\"Portada\",\"item\":\"https:\/\/diarioabcdemichoacan.com.mx\/lasnoticias\/\"},{\"@type\":\"ListItem\",\"position\":2,\"name\":\"Inaugura Nalleli Pedraza exposici\u00f3n fotogr\u00e1fica en el Congreso para conmemorar a mujeres michoacanas\"}]},{\"@type\":\"WebSite\",\"@id\":\"https:\/\/diarioabcdemichoacan.com.mx\/lasnoticias\/#website\",\"url\":\"https:\/\/diarioabcdemichoacan.com.mx\/lasnoticias\/\",\"name\":\"Diario ABC de Michoac\u00e1n\",\"description\":\"Las noticias al momento\",\"potentialAction\":[{\"@type\":\"SearchAction\",\"target\":{\"@type\":\"EntryPoint\",\"urlTemplate\":\"https:\/\/diarioabcdemichoacan.com.mx\/lasnoticias\/?s={search_term_string}\"},\"query-input\":{\"@type\":\"PropertyValueSpecification\",\"valueRequired\":true,\"valueName\":\"search_term_string\"}}],\"inLanguage\":\"es\"},{\"@type\":\"Person\",\"@id\":\"https:\/\/diarioabcdemichoacan.com.mx\/lasnoticias\/#\/schema\/person\/19ae376040f6cbc489682ebdd8524852\",\"name\":\"AR\",\"image\":{\"@type\":\"ImageObject\",\"inLanguage\":\"es\",\"@id\":\"https:\/\/diarioabcdemichoacan.com.mx\/lasnoticias\/#\/schema\/person\/image\/\",\"url\":\"https:\/\/secure.gravatar.com\/avatar\/44eca2ff970262234e20e1e082872af0?s=96&d=mm&r=g\",\"contentUrl\":\"https:\/\/secure.gravatar.com\/avatar\/44eca2ff970262234e20e1e082872af0?s=96&d=mm&r=g\",\"caption\":\"AR\"},\"url\":\"https:\/\/diarioabcdemichoacan.com.mx\/lasnoticias\/author\/adrian\/\"}]}<\/script>\n<!-- \/ Yoast SEO plugin. -->","yoast_head_json":{"title":"Inaugura Nalleli Pedraza exposici\u00f3n fotogr\u00e1fica en el Congreso para conmemorar a mujeres michoacanas - Diario ABC de Michoac\u00e1n","robots":{"index":"index","follow":"follow","max-snippet":"max-snippet:-1","max-image-preview":"max-image-preview:large","max-video-preview":"max-video-preview:-1"},"canonical":"https:\/\/diarioabcdemichoacan.com.mx\/lasnoticias\/inaugura-nalleli-pedraza-exposicion-fotografica-en-el-congreso-para-conmemorar-a-mujeres-michoacanas\/","og_locale":"es_ES","og_type":"article","og_title":"Inaugura Nalleli Pedraza exposici\u00f3n fotogr\u00e1fica en el Congreso para conmemorar a mujeres michoacanas - Diario ABC de Michoac\u00e1n","og_description":"La muestra reconoce a once mujeres que han marcado la historia del estado y forma parte de las actividades del Mes de la Mujer. &nbsp; Morelia, Mich.- En el marco del Mes de la Mujer, la diputada local Nalleli Pedraza Huerta inaugur\u00f3 una exposici\u00f3n fotogr\u00e1fica en el Congreso del Estado de Michoac\u00e1n, dedicada a visibilizar [&hellip;]","og_url":"https:\/\/diarioabcdemichoacan.com.mx\/lasnoticias\/inaugura-nalleli-pedraza-exposicion-fotografica-en-el-congreso-para-conmemorar-a-mujeres-michoacanas\/","og_site_name":"Diario ABC de Michoac\u00e1n","article_published_time":"2026-03-16T19:10:20+00:00","og_image":[{"width":1280,"height":854,"url":"https:\/\/diarioabcdemichoacan.com.mx\/lasnoticias\/wp-content\/uploads\/2026\/03\/WhatsApp-Image-2026-03-13-at-7.58.20-PM.jpeg","type":"image\/jpeg"}],"author":"AR","twitter_card":"summary_large_image","twitter_misc":{"Escrito por":"AR","Tiempo de lectura":"2 minutos"},"schema":{"@context":"https:\/\/schema.org","@graph":[{"@type":"WebPage","@id":"https:\/\/diarioabcdemichoacan.com.mx\/lasnoticias\/inaugura-nalleli-pedraza-exposicion-fotografica-en-el-congreso-para-conmemorar-a-mujeres-michoacanas\/","url":"https:\/\/diarioabcdemichoacan.com.mx\/lasnoticias\/inaugura-nalleli-pedraza-exposicion-fotografica-en-el-congreso-para-conmemorar-a-mujeres-michoacanas\/","name":"Inaugura Nalleli Pedraza exposici\u00f3n fotogr\u00e1fica en el Congreso para conmemorar a mujeres michoacanas - Diario ABC de Michoac\u00e1n","isPartOf":{"@id":"https:\/\/diarioabcdemichoacan.com.mx\/lasnoticias\/#website"},"primaryImageOfPage":{"@id":"https:\/\/diarioabcdemichoacan.com.mx\/lasnoticias\/inaugura-nalleli-pedraza-exposicion-fotografica-en-el-congreso-para-conmemorar-a-mujeres-michoacanas\/#primaryimage"},"image":{"@id":"https:\/\/diarioabcdemichoacan.com.mx\/lasnoticias\/inaugura-nalleli-pedraza-exposicion-fotografica-en-el-congreso-para-conmemorar-a-mujeres-michoacanas\/#primaryimage"},"thumbnailUrl":"https:\/\/diarioabcdemichoacan.com.mx\/lasnoticias\/wp-content\/uploads\/2026\/03\/WhatsApp-Image-2026-03-13-at-7.58.20-PM.jpeg","datePublished":"2026-03-16T19:10:20+00:00","dateModified":"2026-03-16T19:10:20+00:00","author":{"@id":"https:\/\/diarioabcdemichoacan.com.mx\/lasnoticias\/#\/schema\/person\/19ae376040f6cbc489682ebdd8524852"},"breadcrumb":{"@id":"https:\/\/diarioabcdemichoacan.com.mx\/lasnoticias\/inaugura-nalleli-pedraza-exposicion-fotografica-en-el-congreso-para-conmemorar-a-mujeres-michoacanas\/#breadcrumb"},"inLanguage":"es","potentialAction":[{"@type":"ReadAction","target":["https:\/\/diarioabcdemichoacan.com.mx\/lasnoticias\/inaugura-nalleli-pedraza-exposicion-fotografica-en-el-congreso-para-conmemorar-a-mujeres-michoacanas\/"]}]},{"@type":"ImageObject","inLanguage":"es","@id":"https:\/\/diarioabcdemichoacan.com.mx\/lasnoticias\/inaugura-nalleli-pedraza-exposicion-fotografica-en-el-congreso-para-conmemorar-a-mujeres-michoacanas\/#primaryimage","url":"https:\/\/diarioabcdemichoacan.com.mx\/lasnoticias\/wp-content\/uploads\/2026\/03\/WhatsApp-Image-2026-03-13-at-7.58.20-PM.jpeg","contentUrl":"https:\/\/diarioabcdemichoacan.com.mx\/lasnoticias\/wp-content\/uploads\/2026\/03\/WhatsApp-Image-2026-03-13-at-7.58.20-PM.jpeg","width":1280,"height":854},{"@type":"BreadcrumbList","@id":"https:\/\/diarioabcdemichoacan.com.mx\/lasnoticias\/inaugura-nalleli-pedraza-exposicion-fotografica-en-el-congreso-para-conmemorar-a-mujeres-michoacanas\/#breadcrumb","itemListElement":[{"@type":"ListItem","position":1,"name":"Portada","item":"https:\/\/diarioabcdemichoacan.com.mx\/lasnoticias\/"},{"@type":"ListItem","position":2,"name":"Inaugura Nalleli Pedraza exposici\u00f3n fotogr\u00e1fica en el Congreso para conmemorar a mujeres michoacanas"}]},{"@type":"WebSite","@id":"https:\/\/diarioabcdemichoacan.com.mx\/lasnoticias\/#website","url":"https:\/\/diarioabcdemichoacan.com.mx\/lasnoticias\/","name":"Diario ABC de Michoac\u00e1n","description":"Las noticias al momento","potentialAction":[{"@type":"SearchAction","target":{"@type":"EntryPoint","urlTemplate":"https:\/\/diarioabcdemichoacan.com.mx\/lasnoticias\/?s={search_term_string}"},"query-input":{"@type":"PropertyValueSpecification","valueRequired":true,"valueName":"search_term_string"}}],"inLanguage":"es"},{"@type":"Person","@id":"https:\/\/diarioabcdemichoacan.com.mx\/lasnoticias\/#\/schema\/person\/19ae376040f6cbc489682ebdd8524852","name":"AR","image":{"@type":"ImageObject","inLanguage":"es","@id":"https:\/\/diarioabcdemichoacan.com.mx\/lasnoticias\/#\/schema\/person\/image\/","url":"https:\/\/secure.gravatar.com\/avatar\/44eca2ff970262234e20e1e082872af0?s=96&d=mm&r=g","contentUrl":"https:\/\/secure.gravatar.com\/avatar\/44eca2ff970262234e20e1e082872af0?s=96&d=mm&r=g","caption":"AR"},"url":"https:\/\/diarioabcdemichoacan.com.mx\/lasnoticias\/author\/adrian\/"}]}},"_links":{"self":[{"href":"https:\/\/diarioabcdemichoacan.com.mx\/lasnoticias\/wp-json\/wp\/v2\/posts\/77303","targetHints":{"allow":["GET"]}}],"collection":[{"href":"https:\/\/diarioabcdemichoacan.com.mx\/lasnoticias\/wp-json\/wp\/v2\/posts"}],"about":[{"href":"https:\/\/diarioabcdemichoacan.com.mx\/lasnoticias\/wp-json\/wp\/v2\/types\/post"}],"author":[{"embeddable":true,"href":"https:\/\/diarioabcdemichoacan.com.mx\/lasnoticias\/wp-json\/wp\/v2\/users\/9"}],"replies":[{"embeddable":true,"href":"https:\/\/diarioabcdemichoacan.com.mx\/lasnoticias\/wp-json\/wp\/v2\/comments?post=77303"}],"version-history":[{"count":1,"href":"https:\/\/diarioabcdemichoacan.com.mx\/lasnoticias\/wp-json\/wp\/v2\/posts\/77303\/revisions"}],"predecessor-version":[{"id":77305,"href":"https:\/\/diarioabcdemichoacan.com.mx\/lasnoticias\/wp-json\/wp\/v2\/posts\/77303\/revisions\/77305"}],"wp:featuredmedia":[{"embeddable":true,"href":"https:\/\/diarioabcdemichoacan.com.mx\/lasnoticias\/wp-json\/wp\/v2\/media\/77304"}],"wp:attachment":[{"href":"https:\/\/diarioabcdemichoacan.com.mx\/lasnoticias\/wp-json\/wp\/v2\/media?parent=77303"}],"wp:term":[{"taxonomy":"category","embeddable":true,"href":"https:\/\/diarioabcdemichoacan.com.mx\/lasnoticias\/wp-json\/wp\/v2\/categories?post=77303"},{"taxonomy":"post_tag","embeddable":true,"href":"https:\/\/diarioabcdemichoacan.com.mx\/lasnoticias\/wp-json\/wp\/v2\/tags?post=77303"}],"curies":[{"name":"wp","href":"https:\/\/api.w.org\/{rel}","templated":true}]}}