{"id":77312,"date":"2026-03-16T13:14:42","date_gmt":"2026-03-16T19:14:42","guid":{"rendered":"https:\/\/diarioabcdemichoacan.com.mx\/lasnoticias\/?p=77312"},"modified":"2026-03-16T13:14:42","modified_gmt":"2026-03-16T19:14:42","slug":"bedolla-y-josefina-rodriguez-anuncian-nueva-ruta-aerea-aifa-morelia-uruapan","status":"publish","type":"post","link":"https:\/\/diarioabcdemichoacan.com.mx\/lasnoticias\/bedolla-y-josefina-rodriguez-anuncian-nueva-ruta-aerea-aifa-morelia-uruapan\/","title":{"rendered":"Bedolla y Josefina Rodr\u00edguez anuncian nueva ruta a\u00e9rea AIFA-Morelia-Uruapan"},"content":{"rendered":"<h2>Operada por Aerus, con seis vuelos por semana.<\/h2>\n<p>&nbsp;<\/p>\n<hr \/>\n<p>Tzintzuntzan, Mich.- Como parte del Plan Michoac\u00e1n por la Paz y la Justicia, el gobernador Alfredo Ram\u00edrez Bedolla y la secretaria de Turismo federal, Josefina Rodr\u00edguez Zamora, anunciaron la nueva ruta a\u00e9rea AIFA-Morelia-Uruapan, de Aerus, que facilitar\u00e1 la conexi\u00f3n con los destinos tur\u00edsticos y de negocios del estado.<\/p>\n<p>En conferencia de prensa desde el Pueblo M\u00e1gico de Tzintzuntzan, el mandatario detall\u00f3 que el costo ser\u00e1 de mil 700 pesos, con una frecuencia de seis vuelos por semana, lo que contribuir\u00e1 a impulsar la movilidad regional y a fortalecer el turismo nacional e internacional, ya que ahora llegar a Michoac\u00e1n ser\u00e1 m\u00e1s r\u00e1pido y sencillo.<\/p>\n<p>Por su parte, la secretaria de Turismo federal, Josefina Rodr\u00edguez Zamora, aport\u00f3 que la ruta del Aeropuerto Internacional Felipe \u00c1ngeles (AIFA) ayudar\u00e1 a diversificar la oferta tur\u00edstica de M\u00e9xico. \u201cTodo esto que hacemos es para un solo motivo: incrementar la llegada de turistas a este gran estado\u201d, dijo.<\/p>\n<p>Adem\u00e1s, inform\u00f3 que en enero de este a\u00f1o Michoac\u00e1n registr\u00f3 un incremento del 12 por ciento en el n\u00famero de turistas, con 728 mil, en comparaci\u00f3n con el mismo mes de 2025, as\u00ed como un 12 por ciento m\u00e1s en conectividad de vuelos.<\/p>\n<p>En tanto, el secretario de Turismo de Michoac\u00e1n, Roberto Monroy Garc\u00eda, dio a conocer que los boletos ya se encuentran disponibles en las p\u00e1ginas vivaaerobus.com y flyaerus.com.<\/p>\n<p>Participaron en la conferencia de prensa el director general de la Casa de las Artesan\u00edas, C\u00e1stor Estrada Robles; el CEO de Haz Deporte, Antonio \u00c1lvarez Mart\u00ednez; y el presidente del Consejo Mexicano de Turismo Deportivo, Jos\u00e9 Luis Sosa Lim\u00f3n.<\/p>\n","protected":false},"excerpt":{"rendered":"<p>Operada por Aerus, con seis vuelos por semana. &nbsp; Tzintzuntzan, Mich.- Como parte del Plan Michoac\u00e1n por la Paz y la Justicia, el gobernador Alfredo Ram\u00edrez Bedolla y la secretaria de Turismo federal, Josefina Rodr\u00edguez Zamora, anunciaron la nueva ruta a\u00e9rea AIFA-Morelia-Uruapan, de Aerus, que facilitar\u00e1 la conexi\u00f3n con los destinos tur\u00edsticos y de negocios [&hellip;]<\/p>\n","protected":false},"author":9,"featured_media":77313,"comment_status":"closed","ping_status":"closed","sticky":false,"template":"","format":"standard","meta":{"footnotes":""},"categories":[10,17,28,27],"tags":[],"class_list":{"0":"post-77312","1":"post","2":"type-post","3":"status-publish","4":"format-standard","5":"has-post-thumbnail","7":"category-estado","8":"category-gobierno-de-michoacan","9":"category-politica","10":"category-slider"},"yoast_head":"<!-- This site is optimized with the Yoast SEO plugin v24.0 - https:\/\/yoast.com\/wordpress\/plugins\/seo\/ -->\n<title>Bedolla y Josefina Rodr\u00edguez anuncian nueva ruta a\u00e9rea AIFA-Morelia-Uruapan - Diario ABC de Michoac\u00e1n<\/title>\n<meta name=\"robots\" content=\"index, follow, max-snippet:-1, max-image-preview:large, max-video-preview:-1\" \/>\n<link rel=\"canonical\" href=\"https:\/\/diarioabcdemichoacan.com.mx\/lasnoticias\/bedolla-y-josefina-rodriguez-anuncian-nueva-ruta-aerea-aifa-morelia-uruapan\/\" \/>\n<meta property=\"og:locale\" content=\"es_ES\" \/>\n<meta property=\"og:type\" content=\"article\" \/>\n<meta property=\"og:title\" content=\"Bedolla y Josefina Rodr\u00edguez anuncian nueva ruta a\u00e9rea AIFA-Morelia-Uruapan - Diario ABC de Michoac\u00e1n\" \/>\n<meta property=\"og:description\" content=\"Operada por Aerus, con seis vuelos por semana. &nbsp; Tzintzuntzan, Mich.- Como parte del Plan Michoac\u00e1n por la Paz y la Justicia, el gobernador Alfredo Ram\u00edrez Bedolla y la secretaria de Turismo federal, Josefina Rodr\u00edguez Zamora, anunciaron la nueva ruta a\u00e9rea AIFA-Morelia-Uruapan, de Aerus, que facilitar\u00e1 la conexi\u00f3n con los destinos tur\u00edsticos y de negocios [&hellip;]\" \/>\n<meta property=\"og:url\" content=\"https:\/\/diarioabcdemichoacan.com.mx\/lasnoticias\/bedolla-y-josefina-rodriguez-anuncian-nueva-ruta-aerea-aifa-morelia-uruapan\/\" \/>\n<meta property=\"og:site_name\" content=\"Diario ABC de Michoac\u00e1n\" \/>\n<meta property=\"article:published_time\" content=\"2026-03-16T19:14:42+00:00\" \/>\n<meta property=\"og:image\" content=\"https:\/\/diarioabcdemichoacan.com.mx\/lasnoticias\/wp-content\/uploads\/2026\/03\/WhatsApp-Image-2026-03-13-at-9.28.18-PM.jpeg\" \/>\n\t<meta property=\"og:image:width\" content=\"1280\" \/>\n\t<meta property=\"og:image:height\" content=\"854\" \/>\n\t<meta property=\"og:image:type\" content=\"image\/jpeg\" \/>\n<meta name=\"author\" content=\"AR\" \/>\n<meta name=\"twitter:card\" content=\"summary_large_image\" \/>\n<meta name=\"twitter:label1\" content=\"Escrito por\" \/>\n\t<meta name=\"twitter:data1\" content=\"AR\" \/>\n\t<meta name=\"twitter:label2\" content=\"Tiempo de lectura\" \/>\n\t<meta name=\"twitter:data2\" content=\"2 minutos\" \/>\n<script type=\"application\/ld+json\" class=\"yoast-schema-graph\">{\"@context\":\"https:\/\/schema.org\",\"@graph\":[{\"@type\":\"WebPage\",\"@id\":\"https:\/\/diarioabcdemichoacan.com.mx\/lasnoticias\/bedolla-y-josefina-rodriguez-anuncian-nueva-ruta-aerea-aifa-morelia-uruapan\/\",\"url\":\"https:\/\/diarioabcdemichoacan.com.mx\/lasnoticias\/bedolla-y-josefina-rodriguez-anuncian-nueva-ruta-aerea-aifa-morelia-uruapan\/\",\"name\":\"Bedolla y Josefina Rodr\u00edguez anuncian nueva ruta a\u00e9rea AIFA-Morelia-Uruapan - Diario ABC de Michoac\u00e1n\",\"isPartOf\":{\"@id\":\"https:\/\/diarioabcdemichoacan.com.mx\/lasnoticias\/#website\"},\"primaryImageOfPage\":{\"@id\":\"https:\/\/diarioabcdemichoacan.com.mx\/lasnoticias\/bedolla-y-josefina-rodriguez-anuncian-nueva-ruta-aerea-aifa-morelia-uruapan\/#primaryimage\"},\"image\":{\"@id\":\"https:\/\/diarioabcdemichoacan.com.mx\/lasnoticias\/bedolla-y-josefina-rodriguez-anuncian-nueva-ruta-aerea-aifa-morelia-uruapan\/#primaryimage\"},\"thumbnailUrl\":\"https:\/\/diarioabcdemichoacan.com.mx\/lasnoticias\/wp-content\/uploads\/2026\/03\/WhatsApp-Image-2026-03-13-at-9.28.18-PM.jpeg\",\"datePublished\":\"2026-03-16T19:14:42+00:00\",\"dateModified\":\"2026-03-16T19:14:42+00:00\",\"author\":{\"@id\":\"https:\/\/diarioabcdemichoacan.com.mx\/lasnoticias\/#\/schema\/person\/19ae376040f6cbc489682ebdd8524852\"},\"breadcrumb\":{\"@id\":\"https:\/\/diarioabcdemichoacan.com.mx\/lasnoticias\/bedolla-y-josefina-rodriguez-anuncian-nueva-ruta-aerea-aifa-morelia-uruapan\/#breadcrumb\"},\"inLanguage\":\"es\",\"potentialAction\":[{\"@type\":\"ReadAction\",\"target\":[\"https:\/\/diarioabcdemichoacan.com.mx\/lasnoticias\/bedolla-y-josefina-rodriguez-anuncian-nueva-ruta-aerea-aifa-morelia-uruapan\/\"]}]},{\"@type\":\"ImageObject\",\"inLanguage\":\"es\",\"@id\":\"https:\/\/diarioabcdemichoacan.com.mx\/lasnoticias\/bedolla-y-josefina-rodriguez-anuncian-nueva-ruta-aerea-aifa-morelia-uruapan\/#primaryimage\",\"url\":\"https:\/\/diarioabcdemichoacan.com.mx\/lasnoticias\/wp-content\/uploads\/2026\/03\/WhatsApp-Image-2026-03-13-at-9.28.18-PM.jpeg\",\"contentUrl\":\"https:\/\/diarioabcdemichoacan.com.mx\/lasnoticias\/wp-content\/uploads\/2026\/03\/WhatsApp-Image-2026-03-13-at-9.28.18-PM.jpeg\",\"width\":1280,\"height\":854},{\"@type\":\"BreadcrumbList\",\"@id\":\"https:\/\/diarioabcdemichoacan.com.mx\/lasnoticias\/bedolla-y-josefina-rodriguez-anuncian-nueva-ruta-aerea-aifa-morelia-uruapan\/#breadcrumb\",\"itemListElement\":[{\"@type\":\"ListItem\",\"position\":1,\"name\":\"Portada\",\"item\":\"https:\/\/diarioabcdemichoacan.com.mx\/lasnoticias\/\"},{\"@type\":\"ListItem\",\"position\":2,\"name\":\"Bedolla y Josefina Rodr\u00edguez anuncian nueva ruta a\u00e9rea AIFA-Morelia-Uruapan\"}]},{\"@type\":\"WebSite\",\"@id\":\"https:\/\/diarioabcdemichoacan.com.mx\/lasnoticias\/#website\",\"url\":\"https:\/\/diarioabcdemichoacan.com.mx\/lasnoticias\/\",\"name\":\"Diario ABC de Michoac\u00e1n\",\"description\":\"Las noticias al momento\",\"potentialAction\":[{\"@type\":\"SearchAction\",\"target\":{\"@type\":\"EntryPoint\",\"urlTemplate\":\"https:\/\/diarioabcdemichoacan.com.mx\/lasnoticias\/?s={search_term_string}\"},\"query-input\":{\"@type\":\"PropertyValueSpecification\",\"valueRequired\":true,\"valueName\":\"search_term_string\"}}],\"inLanguage\":\"es\"},{\"@type\":\"Person\",\"@id\":\"https:\/\/diarioabcdemichoacan.com.mx\/lasnoticias\/#\/schema\/person\/19ae376040f6cbc489682ebdd8524852\",\"name\":\"AR\",\"image\":{\"@type\":\"ImageObject\",\"inLanguage\":\"es\",\"@id\":\"https:\/\/diarioabcdemichoacan.com.mx\/lasnoticias\/#\/schema\/person\/image\/\",\"url\":\"https:\/\/secure.gravatar.com\/avatar\/44eca2ff970262234e20e1e082872af0?s=96&d=mm&r=g\",\"contentUrl\":\"https:\/\/secure.gravatar.com\/avatar\/44eca2ff970262234e20e1e082872af0?s=96&d=mm&r=g\",\"caption\":\"AR\"},\"url\":\"https:\/\/diarioabcdemichoacan.com.mx\/lasnoticias\/author\/adrian\/\"}]}<\/script>\n<!-- \/ Yoast SEO plugin. -->","yoast_head_json":{"title":"Bedolla y Josefina Rodr\u00edguez anuncian nueva ruta a\u00e9rea AIFA-Morelia-Uruapan - Diario ABC de Michoac\u00e1n","robots":{"index":"index","follow":"follow","max-snippet":"max-snippet:-1","max-image-preview":"max-image-preview:large","max-video-preview":"max-video-preview:-1"},"canonical":"https:\/\/diarioabcdemichoacan.com.mx\/lasnoticias\/bedolla-y-josefina-rodriguez-anuncian-nueva-ruta-aerea-aifa-morelia-uruapan\/","og_locale":"es_ES","og_type":"article","og_title":"Bedolla y Josefina Rodr\u00edguez anuncian nueva ruta a\u00e9rea AIFA-Morelia-Uruapan - Diario ABC de Michoac\u00e1n","og_description":"Operada por Aerus, con seis vuelos por semana. &nbsp; Tzintzuntzan, Mich.- Como parte del Plan Michoac\u00e1n por la Paz y la Justicia, el gobernador Alfredo Ram\u00edrez Bedolla y la secretaria de Turismo federal, Josefina Rodr\u00edguez Zamora, anunciaron la nueva ruta a\u00e9rea AIFA-Morelia-Uruapan, de Aerus, que facilitar\u00e1 la conexi\u00f3n con los destinos tur\u00edsticos y de negocios [&hellip;]","og_url":"https:\/\/diarioabcdemichoacan.com.mx\/lasnoticias\/bedolla-y-josefina-rodriguez-anuncian-nueva-ruta-aerea-aifa-morelia-uruapan\/","og_site_name":"Diario ABC de Michoac\u00e1n","article_published_time":"2026-03-16T19:14:42+00:00","og_image":[{"width":1280,"height":854,"url":"https:\/\/diarioabcdemichoacan.com.mx\/lasnoticias\/wp-content\/uploads\/2026\/03\/WhatsApp-Image-2026-03-13-at-9.28.18-PM.jpeg","type":"image\/jpeg"}],"author":"AR","twitter_card":"summary_large_image","twitter_misc":{"Escrito por":"AR","Tiempo de lectura":"2 minutos"},"schema":{"@context":"https:\/\/schema.org","@graph":[{"@type":"WebPage","@id":"https:\/\/diarioabcdemichoacan.com.mx\/lasnoticias\/bedolla-y-josefina-rodriguez-anuncian-nueva-ruta-aerea-aifa-morelia-uruapan\/","url":"https:\/\/diarioabcdemichoacan.com.mx\/lasnoticias\/bedolla-y-josefina-rodriguez-anuncian-nueva-ruta-aerea-aifa-morelia-uruapan\/","name":"Bedolla y Josefina Rodr\u00edguez anuncian nueva ruta a\u00e9rea AIFA-Morelia-Uruapan - Diario ABC de Michoac\u00e1n","isPartOf":{"@id":"https:\/\/diarioabcdemichoacan.com.mx\/lasnoticias\/#website"},"primaryImageOfPage":{"@id":"https:\/\/diarioabcdemichoacan.com.mx\/lasnoticias\/bedolla-y-josefina-rodriguez-anuncian-nueva-ruta-aerea-aifa-morelia-uruapan\/#primaryimage"},"image":{"@id":"https:\/\/diarioabcdemichoacan.com.mx\/lasnoticias\/bedolla-y-josefina-rodriguez-anuncian-nueva-ruta-aerea-aifa-morelia-uruapan\/#primaryimage"},"thumbnailUrl":"https:\/\/diarioabcdemichoacan.com.mx\/lasnoticias\/wp-content\/uploads\/2026\/03\/WhatsApp-Image-2026-03-13-at-9.28.18-PM.jpeg","datePublished":"2026-03-16T19:14:42+00:00","dateModified":"2026-03-16T19:14:42+00:00","author":{"@id":"https:\/\/diarioabcdemichoacan.com.mx\/lasnoticias\/#\/schema\/person\/19ae376040f6cbc489682ebdd8524852"},"breadcrumb":{"@id":"https:\/\/diarioabcdemichoacan.com.mx\/lasnoticias\/bedolla-y-josefina-rodriguez-anuncian-nueva-ruta-aerea-aifa-morelia-uruapan\/#breadcrumb"},"inLanguage":"es","potentialAction":[{"@type":"ReadAction","target":["https:\/\/diarioabcdemichoacan.com.mx\/lasnoticias\/bedolla-y-josefina-rodriguez-anuncian-nueva-ruta-aerea-aifa-morelia-uruapan\/"]}]},{"@type":"ImageObject","inLanguage":"es","@id":"https:\/\/diarioabcdemichoacan.com.mx\/lasnoticias\/bedolla-y-josefina-rodriguez-anuncian-nueva-ruta-aerea-aifa-morelia-uruapan\/#primaryimage","url":"https:\/\/diarioabcdemichoacan.com.mx\/lasnoticias\/wp-content\/uploads\/2026\/03\/WhatsApp-Image-2026-03-13-at-9.28.18-PM.jpeg","contentUrl":"https:\/\/diarioabcdemichoacan.com.mx\/lasnoticias\/wp-content\/uploads\/2026\/03\/WhatsApp-Image-2026-03-13-at-9.28.18-PM.jpeg","width":1280,"height":854},{"@type":"BreadcrumbList","@id":"https:\/\/diarioabcdemichoacan.com.mx\/lasnoticias\/bedolla-y-josefina-rodriguez-anuncian-nueva-ruta-aerea-aifa-morelia-uruapan\/#breadcrumb","itemListElement":[{"@type":"ListItem","position":1,"name":"Portada","item":"https:\/\/diarioabcdemichoacan.com.mx\/lasnoticias\/"},{"@type":"ListItem","position":2,"name":"Bedolla y Josefina Rodr\u00edguez anuncian nueva ruta a\u00e9rea AIFA-Morelia-Uruapan"}]},{"@type":"WebSite","@id":"https:\/\/diarioabcdemichoacan.com.mx\/lasnoticias\/#website","url":"https:\/\/diarioabcdemichoacan.com.mx\/lasnoticias\/","name":"Diario ABC de Michoac\u00e1n","description":"Las noticias al momento","potentialAction":[{"@type":"SearchAction","target":{"@type":"EntryPoint","urlTemplate":"https:\/\/diarioabcdemichoacan.com.mx\/lasnoticias\/?s={search_term_string}"},"query-input":{"@type":"PropertyValueSpecification","valueRequired":true,"valueName":"search_term_string"}}],"inLanguage":"es"},{"@type":"Person","@id":"https:\/\/diarioabcdemichoacan.com.mx\/lasnoticias\/#\/schema\/person\/19ae376040f6cbc489682ebdd8524852","name":"AR","image":{"@type":"ImageObject","inLanguage":"es","@id":"https:\/\/diarioabcdemichoacan.com.mx\/lasnoticias\/#\/schema\/person\/image\/","url":"https:\/\/secure.gravatar.com\/avatar\/44eca2ff970262234e20e1e082872af0?s=96&d=mm&r=g","contentUrl":"https:\/\/secure.gravatar.com\/avatar\/44eca2ff970262234e20e1e082872af0?s=96&d=mm&r=g","caption":"AR"},"url":"https:\/\/diarioabcdemichoacan.com.mx\/lasnoticias\/author\/adrian\/"}]}},"_links":{"self":[{"href":"https:\/\/diarioabcdemichoacan.com.mx\/lasnoticias\/wp-json\/wp\/v2\/posts\/77312","targetHints":{"allow":["GET"]}}],"collection":[{"href":"https:\/\/diarioabcdemichoacan.com.mx\/lasnoticias\/wp-json\/wp\/v2\/posts"}],"about":[{"href":"https:\/\/diarioabcdemichoacan.com.mx\/lasnoticias\/wp-json\/wp\/v2\/types\/post"}],"author":[{"embeddable":true,"href":"https:\/\/diarioabcdemichoacan.com.mx\/lasnoticias\/wp-json\/wp\/v2\/users\/9"}],"replies":[{"embeddable":true,"href":"https:\/\/diarioabcdemichoacan.com.mx\/lasnoticias\/wp-json\/wp\/v2\/comments?post=77312"}],"version-history":[{"count":1,"href":"https:\/\/diarioabcdemichoacan.com.mx\/lasnoticias\/wp-json\/wp\/v2\/posts\/77312\/revisions"}],"predecessor-version":[{"id":77314,"href":"https:\/\/diarioabcdemichoacan.com.mx\/lasnoticias\/wp-json\/wp\/v2\/posts\/77312\/revisions\/77314"}],"wp:featuredmedia":[{"embeddable":true,"href":"https:\/\/diarioabcdemichoacan.com.mx\/lasnoticias\/wp-json\/wp\/v2\/media\/77313"}],"wp:attachment":[{"href":"https:\/\/diarioabcdemichoacan.com.mx\/lasnoticias\/wp-json\/wp\/v2\/media?parent=77312"}],"wp:term":[{"taxonomy":"category","embeddable":true,"href":"https:\/\/diarioabcdemichoacan.com.mx\/lasnoticias\/wp-json\/wp\/v2\/categories?post=77312"},{"taxonomy":"post_tag","embeddable":true,"href":"https:\/\/diarioabcdemichoacan.com.mx\/lasnoticias\/wp-json\/wp\/v2\/tags?post=77312"}],"curies":[{"name":"wp","href":"https:\/\/api.w.org\/{rel}","templated":true}]}}