{"id":77324,"date":"2026-03-16T13:21:17","date_gmt":"2026-03-16T19:21:17","guid":{"rendered":"https:\/\/diarioabcdemichoacan.com.mx\/lasnoticias\/?p=77324"},"modified":"2026-03-16T13:21:17","modified_gmt":"2026-03-16T19:21:17","slug":"alumna-del-cecytem-hace-historia-y-gana-medalla-mundial-de-boxeo","status":"publish","type":"post","link":"https:\/\/diarioabcdemichoacan.com.mx\/lasnoticias\/alumna-del-cecytem-hace-historia-y-gana-medalla-mundial-de-boxeo\/","title":{"rendered":"Alumna del Cecytem hace historia y gana medalla mundial de boxeo"},"content":{"rendered":"<h2>Sof\u00eda Ram\u00edrez puso en alto el nombre de Michoac\u00e1n en su debut internacional<\/h2>\n<p>&nbsp;<\/p>\n<hr \/>\n<p>Morelia, Mich.- La estudiante del Colegio de Estudios Cient\u00edficos y Tecnol\u00f3gicos de Michoac\u00e1n (Cecytem), Sof\u00eda Guadalupe Ram\u00edrez Reyes, conquist\u00f3 la medalla de bronce en la Futures Cup Sub-19 de Boxeo celebrada en Bangkok, Tailandia. Este triunfo en tierras asi\u00e1ticas marca un hito en la trayectoria de la joven atleta del plantel Maravat\u00edo, al tratarse de un debut internacional exitoso que pone en alto el nombre de su instituci\u00f3n y del estado.<\/p>\n<p>Durante su destacada participaci\u00f3n, la pugilista logr\u00f3 avanzar con paso firme en el torneo al obtener importantes victorias frente a rivales de gran nivel, iniciando con un triunfo ante la representante de China, combate que le permiti\u00f3 colocarse entre las competidoras m\u00e1s sobresalientes de su categor\u00eda.<\/p>\n<p>Posteriormente, la estudiante del Cecytem consigui\u00f3 su segunda victoria al imponerse a la boxeadora Yerin Kim, representante de Corea del Sur, pelea que concluy\u00f3 por detenci\u00f3n del r\u00e9feri en el segundo asalto, demostrando su fortaleza, t\u00e9cnica y disciplina sobre el cuadril\u00e1tero.<\/p>\n<p>En su tercer combate, Sof\u00eda Ram\u00edrez volvi\u00f3 a mostrar su calidad deportiva al derrotar a la representante de Alemania, resultado que le permiti\u00f3 avanzar a la semifinal del torneo y asegurar la medalla de bronce dentro de esta competencia internacional.<\/p>\n<p>Aunque la joven pugilista culmin\u00f3 su participaci\u00f3n en la ronda semifinal tras enfrentarse a la representante de la India, su actuaci\u00f3n dej\u00f3 en alto el nombre de Michoac\u00e1n y de M\u00e9xico. Este resultado cobra mayor relevancia al tratarse de su primera experiencia en el plano internacional, donde demostr\u00f3 estar al nivel de las mejores del mundo.<\/p>\n<p>La comunidad educativa del Cecytem reconoci\u00f3 y aplaudi\u00f3 su disciplina y dedicaci\u00f3n, cualidades que reflejan el talento integral de las y los estudiantes del subsistema. Asimismo, destacaron que este logro da continuidad a la tradici\u00f3n deportiva de la reconocida Dinast\u00eda Ram\u00edrez, una familia con una trayectoria legendaria en el boxeo estatal y nacional.<\/p>\n","protected":false},"excerpt":{"rendered":"<p>Sof\u00eda Ram\u00edrez puso en alto el nombre de Michoac\u00e1n en su debut internacional &nbsp; Morelia, Mich.- La estudiante del Colegio de Estudios Cient\u00edficos y Tecnol\u00f3gicos de Michoac\u00e1n (Cecytem), Sof\u00eda Guadalupe Ram\u00edrez Reyes, conquist\u00f3 la medalla de bronce en la Futures Cup Sub-19 de Boxeo celebrada en Bangkok, Tailandia. Este triunfo en tierras asi\u00e1ticas marca un [&hellip;]<\/p>\n","protected":false},"author":9,"featured_media":77325,"comment_status":"closed","ping_status":"closed","sticky":false,"template":"","format":"standard","meta":{"footnotes":""},"categories":[14,10,27],"tags":[],"class_list":{"0":"post-77324","1":"post","2":"type-post","3":"status-publish","4":"format-standard","5":"has-post-thumbnail","7":"category-deportes","8":"category-estado","9":"category-slider"},"yoast_head":"<!-- This site is optimized with the Yoast SEO plugin v24.0 - https:\/\/yoast.com\/wordpress\/plugins\/seo\/ -->\n<title>Alumna del Cecytem hace historia y gana medalla mundial de boxeo - Diario ABC de Michoac\u00e1n<\/title>\n<meta name=\"robots\" content=\"index, follow, max-snippet:-1, max-image-preview:large, max-video-preview:-1\" \/>\n<link rel=\"canonical\" href=\"https:\/\/diarioabcdemichoacan.com.mx\/lasnoticias\/alumna-del-cecytem-hace-historia-y-gana-medalla-mundial-de-boxeo\/\" \/>\n<meta property=\"og:locale\" content=\"es_ES\" \/>\n<meta property=\"og:type\" content=\"article\" \/>\n<meta property=\"og:title\" content=\"Alumna del Cecytem hace historia y gana medalla mundial de boxeo - Diario ABC de Michoac\u00e1n\" \/>\n<meta property=\"og:description\" content=\"Sof\u00eda Ram\u00edrez puso en alto el nombre de Michoac\u00e1n en su debut internacional &nbsp; Morelia, Mich.- La estudiante del Colegio de Estudios Cient\u00edficos y Tecnol\u00f3gicos de Michoac\u00e1n (Cecytem), Sof\u00eda Guadalupe Ram\u00edrez Reyes, conquist\u00f3 la medalla de bronce en la Futures Cup Sub-19 de Boxeo celebrada en Bangkok, Tailandia. Este triunfo en tierras asi\u00e1ticas marca un [&hellip;]\" \/>\n<meta property=\"og:url\" content=\"https:\/\/diarioabcdemichoacan.com.mx\/lasnoticias\/alumna-del-cecytem-hace-historia-y-gana-medalla-mundial-de-boxeo\/\" \/>\n<meta property=\"og:site_name\" content=\"Diario ABC de Michoac\u00e1n\" \/>\n<meta property=\"article:published_time\" content=\"2026-03-16T19:21:17+00:00\" \/>\n<meta property=\"og:image\" content=\"https:\/\/diarioabcdemichoacan.com.mx\/lasnoticias\/wp-content\/uploads\/2026\/03\/WhatsApp-Image-2026-03-14-at-4.03.19-PM.jpeg\" \/>\n\t<meta property=\"og:image:width\" content=\"1178\" \/>\n\t<meta property=\"og:image:height\" content=\"1302\" \/>\n\t<meta property=\"og:image:type\" content=\"image\/jpeg\" \/>\n<meta name=\"author\" content=\"AR\" \/>\n<meta name=\"twitter:card\" content=\"summary_large_image\" \/>\n<meta name=\"twitter:label1\" content=\"Escrito por\" \/>\n\t<meta name=\"twitter:data1\" content=\"AR\" \/>\n\t<meta name=\"twitter:label2\" content=\"Tiempo de lectura\" \/>\n\t<meta name=\"twitter:data2\" content=\"2 minutos\" \/>\n<script type=\"application\/ld+json\" class=\"yoast-schema-graph\">{\"@context\":\"https:\/\/schema.org\",\"@graph\":[{\"@type\":\"WebPage\",\"@id\":\"https:\/\/diarioabcdemichoacan.com.mx\/lasnoticias\/alumna-del-cecytem-hace-historia-y-gana-medalla-mundial-de-boxeo\/\",\"url\":\"https:\/\/diarioabcdemichoacan.com.mx\/lasnoticias\/alumna-del-cecytem-hace-historia-y-gana-medalla-mundial-de-boxeo\/\",\"name\":\"Alumna del Cecytem hace historia y gana medalla mundial de boxeo - Diario ABC de Michoac\u00e1n\",\"isPartOf\":{\"@id\":\"https:\/\/diarioabcdemichoacan.com.mx\/lasnoticias\/#website\"},\"primaryImageOfPage\":{\"@id\":\"https:\/\/diarioabcdemichoacan.com.mx\/lasnoticias\/alumna-del-cecytem-hace-historia-y-gana-medalla-mundial-de-boxeo\/#primaryimage\"},\"image\":{\"@id\":\"https:\/\/diarioabcdemichoacan.com.mx\/lasnoticias\/alumna-del-cecytem-hace-historia-y-gana-medalla-mundial-de-boxeo\/#primaryimage\"},\"thumbnailUrl\":\"https:\/\/diarioabcdemichoacan.com.mx\/lasnoticias\/wp-content\/uploads\/2026\/03\/WhatsApp-Image-2026-03-14-at-4.03.19-PM.jpeg\",\"datePublished\":\"2026-03-16T19:21:17+00:00\",\"dateModified\":\"2026-03-16T19:21:17+00:00\",\"author\":{\"@id\":\"https:\/\/diarioabcdemichoacan.com.mx\/lasnoticias\/#\/schema\/person\/19ae376040f6cbc489682ebdd8524852\"},\"breadcrumb\":{\"@id\":\"https:\/\/diarioabcdemichoacan.com.mx\/lasnoticias\/alumna-del-cecytem-hace-historia-y-gana-medalla-mundial-de-boxeo\/#breadcrumb\"},\"inLanguage\":\"es\",\"potentialAction\":[{\"@type\":\"ReadAction\",\"target\":[\"https:\/\/diarioabcdemichoacan.com.mx\/lasnoticias\/alumna-del-cecytem-hace-historia-y-gana-medalla-mundial-de-boxeo\/\"]}]},{\"@type\":\"ImageObject\",\"inLanguage\":\"es\",\"@id\":\"https:\/\/diarioabcdemichoacan.com.mx\/lasnoticias\/alumna-del-cecytem-hace-historia-y-gana-medalla-mundial-de-boxeo\/#primaryimage\",\"url\":\"https:\/\/diarioabcdemichoacan.com.mx\/lasnoticias\/wp-content\/uploads\/2026\/03\/WhatsApp-Image-2026-03-14-at-4.03.19-PM.jpeg\",\"contentUrl\":\"https:\/\/diarioabcdemichoacan.com.mx\/lasnoticias\/wp-content\/uploads\/2026\/03\/WhatsApp-Image-2026-03-14-at-4.03.19-PM.jpeg\",\"width\":1178,\"height\":1302},{\"@type\":\"BreadcrumbList\",\"@id\":\"https:\/\/diarioabcdemichoacan.com.mx\/lasnoticias\/alumna-del-cecytem-hace-historia-y-gana-medalla-mundial-de-boxeo\/#breadcrumb\",\"itemListElement\":[{\"@type\":\"ListItem\",\"position\":1,\"name\":\"Portada\",\"item\":\"https:\/\/diarioabcdemichoacan.com.mx\/lasnoticias\/\"},{\"@type\":\"ListItem\",\"position\":2,\"name\":\"Alumna del Cecytem hace historia y gana medalla mundial de boxeo\"}]},{\"@type\":\"WebSite\",\"@id\":\"https:\/\/diarioabcdemichoacan.com.mx\/lasnoticias\/#website\",\"url\":\"https:\/\/diarioabcdemichoacan.com.mx\/lasnoticias\/\",\"name\":\"Diario ABC de Michoac\u00e1n\",\"description\":\"Las noticias al momento\",\"potentialAction\":[{\"@type\":\"SearchAction\",\"target\":{\"@type\":\"EntryPoint\",\"urlTemplate\":\"https:\/\/diarioabcdemichoacan.com.mx\/lasnoticias\/?s={search_term_string}\"},\"query-input\":{\"@type\":\"PropertyValueSpecification\",\"valueRequired\":true,\"valueName\":\"search_term_string\"}}],\"inLanguage\":\"es\"},{\"@type\":\"Person\",\"@id\":\"https:\/\/diarioabcdemichoacan.com.mx\/lasnoticias\/#\/schema\/person\/19ae376040f6cbc489682ebdd8524852\",\"name\":\"AR\",\"image\":{\"@type\":\"ImageObject\",\"inLanguage\":\"es\",\"@id\":\"https:\/\/diarioabcdemichoacan.com.mx\/lasnoticias\/#\/schema\/person\/image\/\",\"url\":\"https:\/\/secure.gravatar.com\/avatar\/44eca2ff970262234e20e1e082872af0?s=96&d=mm&r=g\",\"contentUrl\":\"https:\/\/secure.gravatar.com\/avatar\/44eca2ff970262234e20e1e082872af0?s=96&d=mm&r=g\",\"caption\":\"AR\"},\"url\":\"https:\/\/diarioabcdemichoacan.com.mx\/lasnoticias\/author\/adrian\/\"}]}<\/script>\n<!-- \/ Yoast SEO plugin. -->","yoast_head_json":{"title":"Alumna del Cecytem hace historia y gana medalla mundial de boxeo - Diario ABC de Michoac\u00e1n","robots":{"index":"index","follow":"follow","max-snippet":"max-snippet:-1","max-image-preview":"max-image-preview:large","max-video-preview":"max-video-preview:-1"},"canonical":"https:\/\/diarioabcdemichoacan.com.mx\/lasnoticias\/alumna-del-cecytem-hace-historia-y-gana-medalla-mundial-de-boxeo\/","og_locale":"es_ES","og_type":"article","og_title":"Alumna del Cecytem hace historia y gana medalla mundial de boxeo - Diario ABC de Michoac\u00e1n","og_description":"Sof\u00eda Ram\u00edrez puso en alto el nombre de Michoac\u00e1n en su debut internacional &nbsp; Morelia, Mich.- La estudiante del Colegio de Estudios Cient\u00edficos y Tecnol\u00f3gicos de Michoac\u00e1n (Cecytem), Sof\u00eda Guadalupe Ram\u00edrez Reyes, conquist\u00f3 la medalla de bronce en la Futures Cup Sub-19 de Boxeo celebrada en Bangkok, Tailandia. Este triunfo en tierras asi\u00e1ticas marca un [&hellip;]","og_url":"https:\/\/diarioabcdemichoacan.com.mx\/lasnoticias\/alumna-del-cecytem-hace-historia-y-gana-medalla-mundial-de-boxeo\/","og_site_name":"Diario ABC de Michoac\u00e1n","article_published_time":"2026-03-16T19:21:17+00:00","og_image":[{"width":1178,"height":1302,"url":"https:\/\/diarioabcdemichoacan.com.mx\/lasnoticias\/wp-content\/uploads\/2026\/03\/WhatsApp-Image-2026-03-14-at-4.03.19-PM.jpeg","type":"image\/jpeg"}],"author":"AR","twitter_card":"summary_large_image","twitter_misc":{"Escrito por":"AR","Tiempo de lectura":"2 minutos"},"schema":{"@context":"https:\/\/schema.org","@graph":[{"@type":"WebPage","@id":"https:\/\/diarioabcdemichoacan.com.mx\/lasnoticias\/alumna-del-cecytem-hace-historia-y-gana-medalla-mundial-de-boxeo\/","url":"https:\/\/diarioabcdemichoacan.com.mx\/lasnoticias\/alumna-del-cecytem-hace-historia-y-gana-medalla-mundial-de-boxeo\/","name":"Alumna del Cecytem hace historia y gana medalla mundial de boxeo - Diario ABC de Michoac\u00e1n","isPartOf":{"@id":"https:\/\/diarioabcdemichoacan.com.mx\/lasnoticias\/#website"},"primaryImageOfPage":{"@id":"https:\/\/diarioabcdemichoacan.com.mx\/lasnoticias\/alumna-del-cecytem-hace-historia-y-gana-medalla-mundial-de-boxeo\/#primaryimage"},"image":{"@id":"https:\/\/diarioabcdemichoacan.com.mx\/lasnoticias\/alumna-del-cecytem-hace-historia-y-gana-medalla-mundial-de-boxeo\/#primaryimage"},"thumbnailUrl":"https:\/\/diarioabcdemichoacan.com.mx\/lasnoticias\/wp-content\/uploads\/2026\/03\/WhatsApp-Image-2026-03-14-at-4.03.19-PM.jpeg","datePublished":"2026-03-16T19:21:17+00:00","dateModified":"2026-03-16T19:21:17+00:00","author":{"@id":"https:\/\/diarioabcdemichoacan.com.mx\/lasnoticias\/#\/schema\/person\/19ae376040f6cbc489682ebdd8524852"},"breadcrumb":{"@id":"https:\/\/diarioabcdemichoacan.com.mx\/lasnoticias\/alumna-del-cecytem-hace-historia-y-gana-medalla-mundial-de-boxeo\/#breadcrumb"},"inLanguage":"es","potentialAction":[{"@type":"ReadAction","target":["https:\/\/diarioabcdemichoacan.com.mx\/lasnoticias\/alumna-del-cecytem-hace-historia-y-gana-medalla-mundial-de-boxeo\/"]}]},{"@type":"ImageObject","inLanguage":"es","@id":"https:\/\/diarioabcdemichoacan.com.mx\/lasnoticias\/alumna-del-cecytem-hace-historia-y-gana-medalla-mundial-de-boxeo\/#primaryimage","url":"https:\/\/diarioabcdemichoacan.com.mx\/lasnoticias\/wp-content\/uploads\/2026\/03\/WhatsApp-Image-2026-03-14-at-4.03.19-PM.jpeg","contentUrl":"https:\/\/diarioabcdemichoacan.com.mx\/lasnoticias\/wp-content\/uploads\/2026\/03\/WhatsApp-Image-2026-03-14-at-4.03.19-PM.jpeg","width":1178,"height":1302},{"@type":"BreadcrumbList","@id":"https:\/\/diarioabcdemichoacan.com.mx\/lasnoticias\/alumna-del-cecytem-hace-historia-y-gana-medalla-mundial-de-boxeo\/#breadcrumb","itemListElement":[{"@type":"ListItem","position":1,"name":"Portada","item":"https:\/\/diarioabcdemichoacan.com.mx\/lasnoticias\/"},{"@type":"ListItem","position":2,"name":"Alumna del Cecytem hace historia y gana medalla mundial de boxeo"}]},{"@type":"WebSite","@id":"https:\/\/diarioabcdemichoacan.com.mx\/lasnoticias\/#website","url":"https:\/\/diarioabcdemichoacan.com.mx\/lasnoticias\/","name":"Diario ABC de Michoac\u00e1n","description":"Las noticias al momento","potentialAction":[{"@type":"SearchAction","target":{"@type":"EntryPoint","urlTemplate":"https:\/\/diarioabcdemichoacan.com.mx\/lasnoticias\/?s={search_term_string}"},"query-input":{"@type":"PropertyValueSpecification","valueRequired":true,"valueName":"search_term_string"}}],"inLanguage":"es"},{"@type":"Person","@id":"https:\/\/diarioabcdemichoacan.com.mx\/lasnoticias\/#\/schema\/person\/19ae376040f6cbc489682ebdd8524852","name":"AR","image":{"@type":"ImageObject","inLanguage":"es","@id":"https:\/\/diarioabcdemichoacan.com.mx\/lasnoticias\/#\/schema\/person\/image\/","url":"https:\/\/secure.gravatar.com\/avatar\/44eca2ff970262234e20e1e082872af0?s=96&d=mm&r=g","contentUrl":"https:\/\/secure.gravatar.com\/avatar\/44eca2ff970262234e20e1e082872af0?s=96&d=mm&r=g","caption":"AR"},"url":"https:\/\/diarioabcdemichoacan.com.mx\/lasnoticias\/author\/adrian\/"}]}},"_links":{"self":[{"href":"https:\/\/diarioabcdemichoacan.com.mx\/lasnoticias\/wp-json\/wp\/v2\/posts\/77324","targetHints":{"allow":["GET"]}}],"collection":[{"href":"https:\/\/diarioabcdemichoacan.com.mx\/lasnoticias\/wp-json\/wp\/v2\/posts"}],"about":[{"href":"https:\/\/diarioabcdemichoacan.com.mx\/lasnoticias\/wp-json\/wp\/v2\/types\/post"}],"author":[{"embeddable":true,"href":"https:\/\/diarioabcdemichoacan.com.mx\/lasnoticias\/wp-json\/wp\/v2\/users\/9"}],"replies":[{"embeddable":true,"href":"https:\/\/diarioabcdemichoacan.com.mx\/lasnoticias\/wp-json\/wp\/v2\/comments?post=77324"}],"version-history":[{"count":1,"href":"https:\/\/diarioabcdemichoacan.com.mx\/lasnoticias\/wp-json\/wp\/v2\/posts\/77324\/revisions"}],"predecessor-version":[{"id":77326,"href":"https:\/\/diarioabcdemichoacan.com.mx\/lasnoticias\/wp-json\/wp\/v2\/posts\/77324\/revisions\/77326"}],"wp:featuredmedia":[{"embeddable":true,"href":"https:\/\/diarioabcdemichoacan.com.mx\/lasnoticias\/wp-json\/wp\/v2\/media\/77325"}],"wp:attachment":[{"href":"https:\/\/diarioabcdemichoacan.com.mx\/lasnoticias\/wp-json\/wp\/v2\/media?parent=77324"}],"wp:term":[{"taxonomy":"category","embeddable":true,"href":"https:\/\/diarioabcdemichoacan.com.mx\/lasnoticias\/wp-json\/wp\/v2\/categories?post=77324"},{"taxonomy":"post_tag","embeddable":true,"href":"https:\/\/diarioabcdemichoacan.com.mx\/lasnoticias\/wp-json\/wp\/v2\/tags?post=77324"}],"curies":[{"name":"wp","href":"https:\/\/api.w.org\/{rel}","templated":true}]}}