{"id":77327,"date":"2026-03-16T13:22:17","date_gmt":"2026-03-16T19:22:17","guid":{"rendered":"https:\/\/diarioabcdemichoacan.com.mx\/lasnoticias\/?p=77327"},"modified":"2026-03-16T13:22:17","modified_gmt":"2026-03-16T19:22:17","slug":"comision-filmica-de-morelia-cierra-con-exito-la-semana-del-cine","status":"publish","type":"post","link":"https:\/\/diarioabcdemichoacan.com.mx\/lasnoticias\/comision-filmica-de-morelia-cierra-con-exito-la-semana-del-cine\/","title":{"rendered":"Comisi\u00f3n F\u00edlmica de Morelia cierra con \u00e9xito la Semana del Cine"},"content":{"rendered":"<h2>Durante cinco d\u00edas, estudiantes, productores, actores y especialistas participaron en m\u00e1s de 15 actividades.<\/h2>\n<ul>\n<li>SeCultura Morelia contin\u00faa fortaleciendo la formaci\u00f3n del sector audiovisual.<\/li>\n<\/ul>\n<p>&nbsp;<\/p>\n<hr \/>\n<p>Morelia, Mich.- Bajo el impulso del presidente municipal de Morelia, Alfonso Mart\u00ednez Alc\u00e1zar, la Comisi\u00f3n F\u00edlmica de Morelia cerr\u00f3 con \u00e9xito la Semana del Cine, una jornada dedicada al encuentro, la formaci\u00f3n y la exhibici\u00f3n cinematogr\u00e1fica.<\/p>\n<p>La clausura fue con la proyecci\u00f3n del filme \u00abEl Viol\u00edn\u00bb, en el marco del 20 aniversario de su estreno, adem\u00e1s de un di\u00e1logo entre estudiantes y la actriz Mercedes Hern\u00e1ndez.<\/p>\n<p>La secretaria de Cultura de Morelia, F\u00e1tima Ch\u00e1vez Alcaraz, destac\u00f3 que para la administraci\u00f3n municipal, el impulso al sector audiovisual ha sido un compromiso constante, tanto en la promoci\u00f3n y atracci\u00f3n de producciones, como en la profesionalizaci\u00f3n del talento local.<\/p>\n<p>En ese sentido, resalt\u00f3 el trabajo que la Comisi\u00f3n F\u00edlmica de Morelia ha desarrollado durante los \u00faltimos a\u00f1os, generando espacios de encuentro entre figuras consolidadas de la industria y nuevas generaciones interesadas en el cine.<\/p>\n<p>La Semana del Cine inici\u00f3 el pasado 9 de marzo con la funci\u00f3n estelar de \u00abNo nos mover\u00e1n\u00bb, con la presencia del director Pierre Saint Martin y la actriz Luisa Huertas. A lo largo de la semana se realizaron diversas proyecciones, as\u00ed como charlas con los directores Carlos Armella y Rafa Lara, adem\u00e1s de encuentros con los actores Ianis Guerrero y Luis Alberti.<\/p>\n<p>Como parte de las actividades formativas, tambi\u00e9n se llev\u00f3 a cabo el taller de Iluminaci\u00f3n para Cine, y el Rol de Gaffer, impartido por Rafael Gonz\u00e1lez Le\u00f3n, espacio que permiti\u00f3 fortalecer las habilidades t\u00e9cnicas de personas interesadas en el \u00e1mbito audiovisual.<\/p>\n<p>Asimismo, se abri\u00f3 un espacio para el talento local mediante un programa diario dedicado al cine hecho en Morelia, en el que se proyectaron alrededor de 25 producciones, principalmente cortometrajes.<\/p>\n<p>Con este tipo de iniciativas, el Gobierno de Morelia refrenda su compromiso de fortalecer al sector audiovisual y continuar posicionando a la ciudad como un punto de encuentro para la creaci\u00f3n y difusi\u00f3n cinematogr\u00e1fica a nivel nacional e internacional.<\/p>\n","protected":false},"excerpt":{"rendered":"<p>Durante cinco d\u00edas, estudiantes, productores, actores y especialistas participaron en m\u00e1s de 15 actividades. SeCultura Morelia contin\u00faa fortaleciendo la formaci\u00f3n del sector audiovisual. &nbsp; Morelia, Mich.- Bajo el impulso del presidente municipal de Morelia, Alfonso Mart\u00ednez Alc\u00e1zar, la Comisi\u00f3n F\u00edlmica de Morelia cerr\u00f3 con \u00e9xito la Semana del Cine, una jornada dedicada al encuentro, la [&hellip;]<\/p>\n","protected":false},"author":9,"featured_media":77328,"comment_status":"closed","ping_status":"closed","sticky":false,"template":"","format":"standard","meta":{"footnotes":""},"categories":[18,7,28,27],"tags":[],"class_list":{"0":"post-77327","1":"post","2":"type-post","3":"status-publish","4":"format-standard","5":"has-post-thumbnail","7":"category-ayuntamiento-de-morelia","8":"category-morelia","9":"category-politica","10":"category-slider"},"yoast_head":"<!-- This site is optimized with the Yoast SEO plugin v24.0 - https:\/\/yoast.com\/wordpress\/plugins\/seo\/ -->\n<title>Comisi\u00f3n F\u00edlmica de Morelia cierra con \u00e9xito la Semana del Cine - Diario ABC de Michoac\u00e1n<\/title>\n<meta name=\"robots\" content=\"index, follow, max-snippet:-1, max-image-preview:large, max-video-preview:-1\" \/>\n<link rel=\"canonical\" href=\"https:\/\/diarioabcdemichoacan.com.mx\/lasnoticias\/comision-filmica-de-morelia-cierra-con-exito-la-semana-del-cine\/\" \/>\n<meta property=\"og:locale\" content=\"es_ES\" \/>\n<meta property=\"og:type\" content=\"article\" \/>\n<meta property=\"og:title\" content=\"Comisi\u00f3n F\u00edlmica de Morelia cierra con \u00e9xito la Semana del Cine - Diario ABC de Michoac\u00e1n\" \/>\n<meta property=\"og:description\" content=\"Durante cinco d\u00edas, estudiantes, productores, actores y especialistas participaron en m\u00e1s de 15 actividades. SeCultura Morelia contin\u00faa fortaleciendo la formaci\u00f3n del sector audiovisual. &nbsp; Morelia, Mich.- Bajo el impulso del presidente municipal de Morelia, Alfonso Mart\u00ednez Alc\u00e1zar, la Comisi\u00f3n F\u00edlmica de Morelia cerr\u00f3 con \u00e9xito la Semana del Cine, una jornada dedicada al encuentro, la [&hellip;]\" \/>\n<meta property=\"og:url\" content=\"https:\/\/diarioabcdemichoacan.com.mx\/lasnoticias\/comision-filmica-de-morelia-cierra-con-exito-la-semana-del-cine\/\" \/>\n<meta property=\"og:site_name\" content=\"Diario ABC de Michoac\u00e1n\" \/>\n<meta property=\"article:published_time\" content=\"2026-03-16T19:22:17+00:00\" \/>\n<meta property=\"og:image\" content=\"https:\/\/diarioabcdemichoacan.com.mx\/lasnoticias\/wp-content\/uploads\/2026\/03\/WhatsApp-Image-2026-03-14-at-4.03.40-PM.jpeg\" \/>\n\t<meta property=\"og:image:width\" content=\"1280\" \/>\n\t<meta property=\"og:image:height\" content=\"853\" \/>\n\t<meta property=\"og:image:type\" content=\"image\/jpeg\" \/>\n<meta name=\"author\" content=\"AR\" \/>\n<meta name=\"twitter:card\" content=\"summary_large_image\" \/>\n<meta name=\"twitter:label1\" content=\"Escrito por\" \/>\n\t<meta name=\"twitter:data1\" content=\"AR\" \/>\n\t<meta name=\"twitter:label2\" content=\"Tiempo de lectura\" \/>\n\t<meta name=\"twitter:data2\" content=\"2 minutos\" \/>\n<script type=\"application\/ld+json\" class=\"yoast-schema-graph\">{\"@context\":\"https:\/\/schema.org\",\"@graph\":[{\"@type\":\"WebPage\",\"@id\":\"https:\/\/diarioabcdemichoacan.com.mx\/lasnoticias\/comision-filmica-de-morelia-cierra-con-exito-la-semana-del-cine\/\",\"url\":\"https:\/\/diarioabcdemichoacan.com.mx\/lasnoticias\/comision-filmica-de-morelia-cierra-con-exito-la-semana-del-cine\/\",\"name\":\"Comisi\u00f3n F\u00edlmica de Morelia cierra con \u00e9xito la Semana del Cine - Diario ABC de Michoac\u00e1n\",\"isPartOf\":{\"@id\":\"https:\/\/diarioabcdemichoacan.com.mx\/lasnoticias\/#website\"},\"primaryImageOfPage\":{\"@id\":\"https:\/\/diarioabcdemichoacan.com.mx\/lasnoticias\/comision-filmica-de-morelia-cierra-con-exito-la-semana-del-cine\/#primaryimage\"},\"image\":{\"@id\":\"https:\/\/diarioabcdemichoacan.com.mx\/lasnoticias\/comision-filmica-de-morelia-cierra-con-exito-la-semana-del-cine\/#primaryimage\"},\"thumbnailUrl\":\"https:\/\/diarioabcdemichoacan.com.mx\/lasnoticias\/wp-content\/uploads\/2026\/03\/WhatsApp-Image-2026-03-14-at-4.03.40-PM.jpeg\",\"datePublished\":\"2026-03-16T19:22:17+00:00\",\"dateModified\":\"2026-03-16T19:22:17+00:00\",\"author\":{\"@id\":\"https:\/\/diarioabcdemichoacan.com.mx\/lasnoticias\/#\/schema\/person\/19ae376040f6cbc489682ebdd8524852\"},\"breadcrumb\":{\"@id\":\"https:\/\/diarioabcdemichoacan.com.mx\/lasnoticias\/comision-filmica-de-morelia-cierra-con-exito-la-semana-del-cine\/#breadcrumb\"},\"inLanguage\":\"es\",\"potentialAction\":[{\"@type\":\"ReadAction\",\"target\":[\"https:\/\/diarioabcdemichoacan.com.mx\/lasnoticias\/comision-filmica-de-morelia-cierra-con-exito-la-semana-del-cine\/\"]}]},{\"@type\":\"ImageObject\",\"inLanguage\":\"es\",\"@id\":\"https:\/\/diarioabcdemichoacan.com.mx\/lasnoticias\/comision-filmica-de-morelia-cierra-con-exito-la-semana-del-cine\/#primaryimage\",\"url\":\"https:\/\/diarioabcdemichoacan.com.mx\/lasnoticias\/wp-content\/uploads\/2026\/03\/WhatsApp-Image-2026-03-14-at-4.03.40-PM.jpeg\",\"contentUrl\":\"https:\/\/diarioabcdemichoacan.com.mx\/lasnoticias\/wp-content\/uploads\/2026\/03\/WhatsApp-Image-2026-03-14-at-4.03.40-PM.jpeg\",\"width\":1280,\"height\":853},{\"@type\":\"BreadcrumbList\",\"@id\":\"https:\/\/diarioabcdemichoacan.com.mx\/lasnoticias\/comision-filmica-de-morelia-cierra-con-exito-la-semana-del-cine\/#breadcrumb\",\"itemListElement\":[{\"@type\":\"ListItem\",\"position\":1,\"name\":\"Portada\",\"item\":\"https:\/\/diarioabcdemichoacan.com.mx\/lasnoticias\/\"},{\"@type\":\"ListItem\",\"position\":2,\"name\":\"Comisi\u00f3n F\u00edlmica de Morelia cierra con \u00e9xito la Semana del Cine\"}]},{\"@type\":\"WebSite\",\"@id\":\"https:\/\/diarioabcdemichoacan.com.mx\/lasnoticias\/#website\",\"url\":\"https:\/\/diarioabcdemichoacan.com.mx\/lasnoticias\/\",\"name\":\"Diario ABC de Michoac\u00e1n\",\"description\":\"Las noticias al momento\",\"potentialAction\":[{\"@type\":\"SearchAction\",\"target\":{\"@type\":\"EntryPoint\",\"urlTemplate\":\"https:\/\/diarioabcdemichoacan.com.mx\/lasnoticias\/?s={search_term_string}\"},\"query-input\":{\"@type\":\"PropertyValueSpecification\",\"valueRequired\":true,\"valueName\":\"search_term_string\"}}],\"inLanguage\":\"es\"},{\"@type\":\"Person\",\"@id\":\"https:\/\/diarioabcdemichoacan.com.mx\/lasnoticias\/#\/schema\/person\/19ae376040f6cbc489682ebdd8524852\",\"name\":\"AR\",\"image\":{\"@type\":\"ImageObject\",\"inLanguage\":\"es\",\"@id\":\"https:\/\/diarioabcdemichoacan.com.mx\/lasnoticias\/#\/schema\/person\/image\/\",\"url\":\"https:\/\/secure.gravatar.com\/avatar\/44eca2ff970262234e20e1e082872af0?s=96&d=mm&r=g\",\"contentUrl\":\"https:\/\/secure.gravatar.com\/avatar\/44eca2ff970262234e20e1e082872af0?s=96&d=mm&r=g\",\"caption\":\"AR\"},\"url\":\"https:\/\/diarioabcdemichoacan.com.mx\/lasnoticias\/author\/adrian\/\"}]}<\/script>\n<!-- \/ Yoast SEO plugin. -->","yoast_head_json":{"title":"Comisi\u00f3n F\u00edlmica de Morelia cierra con \u00e9xito la Semana del Cine - Diario ABC de Michoac\u00e1n","robots":{"index":"index","follow":"follow","max-snippet":"max-snippet:-1","max-image-preview":"max-image-preview:large","max-video-preview":"max-video-preview:-1"},"canonical":"https:\/\/diarioabcdemichoacan.com.mx\/lasnoticias\/comision-filmica-de-morelia-cierra-con-exito-la-semana-del-cine\/","og_locale":"es_ES","og_type":"article","og_title":"Comisi\u00f3n F\u00edlmica de Morelia cierra con \u00e9xito la Semana del Cine - Diario ABC de Michoac\u00e1n","og_description":"Durante cinco d\u00edas, estudiantes, productores, actores y especialistas participaron en m\u00e1s de 15 actividades. SeCultura Morelia contin\u00faa fortaleciendo la formaci\u00f3n del sector audiovisual. &nbsp; Morelia, Mich.- Bajo el impulso del presidente municipal de Morelia, Alfonso Mart\u00ednez Alc\u00e1zar, la Comisi\u00f3n F\u00edlmica de Morelia cerr\u00f3 con \u00e9xito la Semana del Cine, una jornada dedicada al encuentro, la [&hellip;]","og_url":"https:\/\/diarioabcdemichoacan.com.mx\/lasnoticias\/comision-filmica-de-morelia-cierra-con-exito-la-semana-del-cine\/","og_site_name":"Diario ABC de Michoac\u00e1n","article_published_time":"2026-03-16T19:22:17+00:00","og_image":[{"width":1280,"height":853,"url":"https:\/\/diarioabcdemichoacan.com.mx\/lasnoticias\/wp-content\/uploads\/2026\/03\/WhatsApp-Image-2026-03-14-at-4.03.40-PM.jpeg","type":"image\/jpeg"}],"author":"AR","twitter_card":"summary_large_image","twitter_misc":{"Escrito por":"AR","Tiempo de lectura":"2 minutos"},"schema":{"@context":"https:\/\/schema.org","@graph":[{"@type":"WebPage","@id":"https:\/\/diarioabcdemichoacan.com.mx\/lasnoticias\/comision-filmica-de-morelia-cierra-con-exito-la-semana-del-cine\/","url":"https:\/\/diarioabcdemichoacan.com.mx\/lasnoticias\/comision-filmica-de-morelia-cierra-con-exito-la-semana-del-cine\/","name":"Comisi\u00f3n F\u00edlmica de Morelia cierra con \u00e9xito la Semana del Cine - Diario ABC de Michoac\u00e1n","isPartOf":{"@id":"https:\/\/diarioabcdemichoacan.com.mx\/lasnoticias\/#website"},"primaryImageOfPage":{"@id":"https:\/\/diarioabcdemichoacan.com.mx\/lasnoticias\/comision-filmica-de-morelia-cierra-con-exito-la-semana-del-cine\/#primaryimage"},"image":{"@id":"https:\/\/diarioabcdemichoacan.com.mx\/lasnoticias\/comision-filmica-de-morelia-cierra-con-exito-la-semana-del-cine\/#primaryimage"},"thumbnailUrl":"https:\/\/diarioabcdemichoacan.com.mx\/lasnoticias\/wp-content\/uploads\/2026\/03\/WhatsApp-Image-2026-03-14-at-4.03.40-PM.jpeg","datePublished":"2026-03-16T19:22:17+00:00","dateModified":"2026-03-16T19:22:17+00:00","author":{"@id":"https:\/\/diarioabcdemichoacan.com.mx\/lasnoticias\/#\/schema\/person\/19ae376040f6cbc489682ebdd8524852"},"breadcrumb":{"@id":"https:\/\/diarioabcdemichoacan.com.mx\/lasnoticias\/comision-filmica-de-morelia-cierra-con-exito-la-semana-del-cine\/#breadcrumb"},"inLanguage":"es","potentialAction":[{"@type":"ReadAction","target":["https:\/\/diarioabcdemichoacan.com.mx\/lasnoticias\/comision-filmica-de-morelia-cierra-con-exito-la-semana-del-cine\/"]}]},{"@type":"ImageObject","inLanguage":"es","@id":"https:\/\/diarioabcdemichoacan.com.mx\/lasnoticias\/comision-filmica-de-morelia-cierra-con-exito-la-semana-del-cine\/#primaryimage","url":"https:\/\/diarioabcdemichoacan.com.mx\/lasnoticias\/wp-content\/uploads\/2026\/03\/WhatsApp-Image-2026-03-14-at-4.03.40-PM.jpeg","contentUrl":"https:\/\/diarioabcdemichoacan.com.mx\/lasnoticias\/wp-content\/uploads\/2026\/03\/WhatsApp-Image-2026-03-14-at-4.03.40-PM.jpeg","width":1280,"height":853},{"@type":"BreadcrumbList","@id":"https:\/\/diarioabcdemichoacan.com.mx\/lasnoticias\/comision-filmica-de-morelia-cierra-con-exito-la-semana-del-cine\/#breadcrumb","itemListElement":[{"@type":"ListItem","position":1,"name":"Portada","item":"https:\/\/diarioabcdemichoacan.com.mx\/lasnoticias\/"},{"@type":"ListItem","position":2,"name":"Comisi\u00f3n F\u00edlmica de Morelia cierra con \u00e9xito la Semana del Cine"}]},{"@type":"WebSite","@id":"https:\/\/diarioabcdemichoacan.com.mx\/lasnoticias\/#website","url":"https:\/\/diarioabcdemichoacan.com.mx\/lasnoticias\/","name":"Diario ABC de Michoac\u00e1n","description":"Las noticias al momento","potentialAction":[{"@type":"SearchAction","target":{"@type":"EntryPoint","urlTemplate":"https:\/\/diarioabcdemichoacan.com.mx\/lasnoticias\/?s={search_term_string}"},"query-input":{"@type":"PropertyValueSpecification","valueRequired":true,"valueName":"search_term_string"}}],"inLanguage":"es"},{"@type":"Person","@id":"https:\/\/diarioabcdemichoacan.com.mx\/lasnoticias\/#\/schema\/person\/19ae376040f6cbc489682ebdd8524852","name":"AR","image":{"@type":"ImageObject","inLanguage":"es","@id":"https:\/\/diarioabcdemichoacan.com.mx\/lasnoticias\/#\/schema\/person\/image\/","url":"https:\/\/secure.gravatar.com\/avatar\/44eca2ff970262234e20e1e082872af0?s=96&d=mm&r=g","contentUrl":"https:\/\/secure.gravatar.com\/avatar\/44eca2ff970262234e20e1e082872af0?s=96&d=mm&r=g","caption":"AR"},"url":"https:\/\/diarioabcdemichoacan.com.mx\/lasnoticias\/author\/adrian\/"}]}},"_links":{"self":[{"href":"https:\/\/diarioabcdemichoacan.com.mx\/lasnoticias\/wp-json\/wp\/v2\/posts\/77327","targetHints":{"allow":["GET"]}}],"collection":[{"href":"https:\/\/diarioabcdemichoacan.com.mx\/lasnoticias\/wp-json\/wp\/v2\/posts"}],"about":[{"href":"https:\/\/diarioabcdemichoacan.com.mx\/lasnoticias\/wp-json\/wp\/v2\/types\/post"}],"author":[{"embeddable":true,"href":"https:\/\/diarioabcdemichoacan.com.mx\/lasnoticias\/wp-json\/wp\/v2\/users\/9"}],"replies":[{"embeddable":true,"href":"https:\/\/diarioabcdemichoacan.com.mx\/lasnoticias\/wp-json\/wp\/v2\/comments?post=77327"}],"version-history":[{"count":1,"href":"https:\/\/diarioabcdemichoacan.com.mx\/lasnoticias\/wp-json\/wp\/v2\/posts\/77327\/revisions"}],"predecessor-version":[{"id":77329,"href":"https:\/\/diarioabcdemichoacan.com.mx\/lasnoticias\/wp-json\/wp\/v2\/posts\/77327\/revisions\/77329"}],"wp:featuredmedia":[{"embeddable":true,"href":"https:\/\/diarioabcdemichoacan.com.mx\/lasnoticias\/wp-json\/wp\/v2\/media\/77328"}],"wp:attachment":[{"href":"https:\/\/diarioabcdemichoacan.com.mx\/lasnoticias\/wp-json\/wp\/v2\/media?parent=77327"}],"wp:term":[{"taxonomy":"category","embeddable":true,"href":"https:\/\/diarioabcdemichoacan.com.mx\/lasnoticias\/wp-json\/wp\/v2\/categories?post=77327"},{"taxonomy":"post_tag","embeddable":true,"href":"https:\/\/diarioabcdemichoacan.com.mx\/lasnoticias\/wp-json\/wp\/v2\/tags?post=77327"}],"curies":[{"name":"wp","href":"https:\/\/api.w.org\/{rel}","templated":true}]}}