{"id":77330,"date":"2026-03-16T13:23:09","date_gmt":"2026-03-16T19:23:09","guid":{"rendered":"https:\/\/diarioabcdemichoacan.com.mx\/lasnoticias\/?p=77330"},"modified":"2026-03-16T13:23:09","modified_gmt":"2026-03-16T19:23:09","slug":"se-reune-alfonso-martinez-con-alcalde-y-empresarios-de-zamora","status":"publish","type":"post","link":"https:\/\/diarioabcdemichoacan.com.mx\/lasnoticias\/se-reune-alfonso-martinez-con-alcalde-y-empresarios-de-zamora\/","title":{"rendered":"Se re\u00fane Alfonso Mart\u00ednez con alcalde y empresarios de Zamora"},"content":{"rendered":"<h2>Coinciden en la necesidad de fortalecer la seguridad y fomentar turismo<\/h2>\n<div><\/div>\n<div><\/div>\n<div>\n<hr \/>\n<p>Zamora, Mich.- El presidente municipal de Morelia, Alfonso Mart\u00ednez Alc\u00e1zar, acompa\u00f1ado por su hom\u00f3logo de Zamora, Carlos Soto Delgado, encabez\u00f3 una reuni\u00f3n para compartir las buenas pr\u00e1cticas de la capital que pueden adoptarse para beneficio de esta localidad y de Michoac\u00e1n.<\/p><\/div>\n<div><\/div>\n<div>Al asistir a la invitaci\u00f3n de destacados representantes en rubros desde la agroindustria hasta el comercio, Alfonso Mart\u00ednez, se\u00f1al\u00f3 que hoy desafortunadamente los empresarios michoacanos deben ocultar sus \u00e9xitos por temor a la inseguridad y no pueden crecer por esa misma causa.<\/div>\n<div><\/div>\n<div>Enfatiz\u00f3 que, partiendo de que la seguridad se traduce en empleos, econom\u00eda y bien com\u00fan para la poblaci\u00f3n, en Morelia se ha fortalecido la Polic\u00eda Municipal y recobrado el turismo como nunca antes.<\/div>\n<div><\/div>\n<div>El uso de tecnolog\u00eda y la m\u00e1s grande red de c\u00e1maras de vigilancia, a lo que se suma el patrullaje en la zona entre Morelia y su Aeropuerto Internacional, son algunas de las buenas acciones aplicadas, se\u00f1al\u00f3 el edil de la capital.<\/div>\n<div><\/div>\n<div>Alfonso Mart\u00ednez, escuch\u00f3 el sentir de los empresarios de esta regi\u00f3n coincidiendo en la necesidad de fortalecer la seguridad, mejorar, rehabilitar, ampliar y construir nuevas v\u00edas de comunicaci\u00f3n. El Estado de Derecho, es fundamental para lograr un estado pr\u00f3spero.<\/div>\n<div><\/div>\n<div>El alcalde de Zamora, Carlos Soto, destac\u00f3 que las buenas pr\u00e1cticas de Morelia y del municipio que \u00e9l preside han generado un ambiente positivo, para que las empresas y emprendedores puedan invertir en negocios que significan m\u00e1s fuentes de empleo para la poblaci\u00f3n.<\/div>\n<div><\/div>\n<div>En el Gobierno de Morelia trabajamos pensando en la ciudad que queremos dejar a nuestros hijos, concluy\u00f3 Alfonso Mart\u00ednez, refrendando la apertura a compartir las experiencias positivas a otras poblaciones.<\/div>\n","protected":false},"excerpt":{"rendered":"<p>Coinciden en la necesidad de fortalecer la seguridad y fomentar turismo Zamora, Mich.- El presidente municipal de Morelia, Alfonso Mart\u00ednez Alc\u00e1zar, acompa\u00f1ado por su hom\u00f3logo de Zamora, Carlos Soto Delgado, encabez\u00f3 una reuni\u00f3n para compartir las buenas pr\u00e1cticas de la capital que pueden adoptarse para beneficio de esta localidad y de Michoac\u00e1n. Al asistir a [&hellip;]<\/p>\n","protected":false},"author":9,"featured_media":77331,"comment_status":"closed","ping_status":"closed","sticky":false,"template":"","format":"standard","meta":{"footnotes":""},"categories":[18,7,28,27],"tags":[],"class_list":{"0":"post-77330","1":"post","2":"type-post","3":"status-publish","4":"format-standard","5":"has-post-thumbnail","7":"category-ayuntamiento-de-morelia","8":"category-morelia","9":"category-politica","10":"category-slider"},"yoast_head":"<!-- This site is optimized with the Yoast SEO plugin v24.0 - https:\/\/yoast.com\/wordpress\/plugins\/seo\/ -->\n<title>Se re\u00fane Alfonso Mart\u00ednez con alcalde y empresarios de Zamora - Diario ABC de Michoac\u00e1n<\/title>\n<meta name=\"robots\" content=\"index, follow, max-snippet:-1, max-image-preview:large, max-video-preview:-1\" \/>\n<link rel=\"canonical\" href=\"https:\/\/diarioabcdemichoacan.com.mx\/lasnoticias\/se-reune-alfonso-martinez-con-alcalde-y-empresarios-de-zamora\/\" \/>\n<meta property=\"og:locale\" content=\"es_ES\" \/>\n<meta property=\"og:type\" content=\"article\" \/>\n<meta property=\"og:title\" content=\"Se re\u00fane Alfonso Mart\u00ednez con alcalde y empresarios de Zamora - Diario ABC de Michoac\u00e1n\" \/>\n<meta property=\"og:description\" content=\"Coinciden en la necesidad de fortalecer la seguridad y fomentar turismo Zamora, Mich.- El presidente municipal de Morelia, Alfonso Mart\u00ednez Alc\u00e1zar, acompa\u00f1ado por su hom\u00f3logo de Zamora, Carlos Soto Delgado, encabez\u00f3 una reuni\u00f3n para compartir las buenas pr\u00e1cticas de la capital que pueden adoptarse para beneficio de esta localidad y de Michoac\u00e1n. Al asistir a [&hellip;]\" \/>\n<meta property=\"og:url\" content=\"https:\/\/diarioabcdemichoacan.com.mx\/lasnoticias\/se-reune-alfonso-martinez-con-alcalde-y-empresarios-de-zamora\/\" \/>\n<meta property=\"og:site_name\" content=\"Diario ABC de Michoac\u00e1n\" \/>\n<meta property=\"article:published_time\" content=\"2026-03-16T19:23:09+00:00\" \/>\n<meta property=\"og:image\" content=\"https:\/\/diarioabcdemichoacan.com.mx\/lasnoticias\/wp-content\/uploads\/2026\/03\/WhatsApp-Image-2026-03-14-at-4.03.39-PM.jpeg\" \/>\n\t<meta property=\"og:image:width\" content=\"1280\" \/>\n\t<meta property=\"og:image:height\" content=\"823\" \/>\n\t<meta property=\"og:image:type\" content=\"image\/jpeg\" \/>\n<meta name=\"author\" content=\"AR\" \/>\n<meta name=\"twitter:card\" content=\"summary_large_image\" \/>\n<meta name=\"twitter:label1\" content=\"Escrito por\" \/>\n\t<meta name=\"twitter:data1\" content=\"AR\" \/>\n\t<meta name=\"twitter:label2\" content=\"Tiempo de lectura\" \/>\n\t<meta name=\"twitter:data2\" content=\"2 minutos\" \/>\n<script type=\"application\/ld+json\" class=\"yoast-schema-graph\">{\"@context\":\"https:\/\/schema.org\",\"@graph\":[{\"@type\":\"WebPage\",\"@id\":\"https:\/\/diarioabcdemichoacan.com.mx\/lasnoticias\/se-reune-alfonso-martinez-con-alcalde-y-empresarios-de-zamora\/\",\"url\":\"https:\/\/diarioabcdemichoacan.com.mx\/lasnoticias\/se-reune-alfonso-martinez-con-alcalde-y-empresarios-de-zamora\/\",\"name\":\"Se re\u00fane Alfonso Mart\u00ednez con alcalde y empresarios de Zamora - Diario ABC de Michoac\u00e1n\",\"isPartOf\":{\"@id\":\"https:\/\/diarioabcdemichoacan.com.mx\/lasnoticias\/#website\"},\"primaryImageOfPage\":{\"@id\":\"https:\/\/diarioabcdemichoacan.com.mx\/lasnoticias\/se-reune-alfonso-martinez-con-alcalde-y-empresarios-de-zamora\/#primaryimage\"},\"image\":{\"@id\":\"https:\/\/diarioabcdemichoacan.com.mx\/lasnoticias\/se-reune-alfonso-martinez-con-alcalde-y-empresarios-de-zamora\/#primaryimage\"},\"thumbnailUrl\":\"https:\/\/diarioabcdemichoacan.com.mx\/lasnoticias\/wp-content\/uploads\/2026\/03\/WhatsApp-Image-2026-03-14-at-4.03.39-PM.jpeg\",\"datePublished\":\"2026-03-16T19:23:09+00:00\",\"dateModified\":\"2026-03-16T19:23:09+00:00\",\"author\":{\"@id\":\"https:\/\/diarioabcdemichoacan.com.mx\/lasnoticias\/#\/schema\/person\/19ae376040f6cbc489682ebdd8524852\"},\"breadcrumb\":{\"@id\":\"https:\/\/diarioabcdemichoacan.com.mx\/lasnoticias\/se-reune-alfonso-martinez-con-alcalde-y-empresarios-de-zamora\/#breadcrumb\"},\"inLanguage\":\"es\",\"potentialAction\":[{\"@type\":\"ReadAction\",\"target\":[\"https:\/\/diarioabcdemichoacan.com.mx\/lasnoticias\/se-reune-alfonso-martinez-con-alcalde-y-empresarios-de-zamora\/\"]}]},{\"@type\":\"ImageObject\",\"inLanguage\":\"es\",\"@id\":\"https:\/\/diarioabcdemichoacan.com.mx\/lasnoticias\/se-reune-alfonso-martinez-con-alcalde-y-empresarios-de-zamora\/#primaryimage\",\"url\":\"https:\/\/diarioabcdemichoacan.com.mx\/lasnoticias\/wp-content\/uploads\/2026\/03\/WhatsApp-Image-2026-03-14-at-4.03.39-PM.jpeg\",\"contentUrl\":\"https:\/\/diarioabcdemichoacan.com.mx\/lasnoticias\/wp-content\/uploads\/2026\/03\/WhatsApp-Image-2026-03-14-at-4.03.39-PM.jpeg\",\"width\":1280,\"height\":823},{\"@type\":\"BreadcrumbList\",\"@id\":\"https:\/\/diarioabcdemichoacan.com.mx\/lasnoticias\/se-reune-alfonso-martinez-con-alcalde-y-empresarios-de-zamora\/#breadcrumb\",\"itemListElement\":[{\"@type\":\"ListItem\",\"position\":1,\"name\":\"Portada\",\"item\":\"https:\/\/diarioabcdemichoacan.com.mx\/lasnoticias\/\"},{\"@type\":\"ListItem\",\"position\":2,\"name\":\"Se re\u00fane Alfonso Mart\u00ednez con alcalde y empresarios de Zamora\"}]},{\"@type\":\"WebSite\",\"@id\":\"https:\/\/diarioabcdemichoacan.com.mx\/lasnoticias\/#website\",\"url\":\"https:\/\/diarioabcdemichoacan.com.mx\/lasnoticias\/\",\"name\":\"Diario ABC de Michoac\u00e1n\",\"description\":\"Las noticias al momento\",\"potentialAction\":[{\"@type\":\"SearchAction\",\"target\":{\"@type\":\"EntryPoint\",\"urlTemplate\":\"https:\/\/diarioabcdemichoacan.com.mx\/lasnoticias\/?s={search_term_string}\"},\"query-input\":{\"@type\":\"PropertyValueSpecification\",\"valueRequired\":true,\"valueName\":\"search_term_string\"}}],\"inLanguage\":\"es\"},{\"@type\":\"Person\",\"@id\":\"https:\/\/diarioabcdemichoacan.com.mx\/lasnoticias\/#\/schema\/person\/19ae376040f6cbc489682ebdd8524852\",\"name\":\"AR\",\"image\":{\"@type\":\"ImageObject\",\"inLanguage\":\"es\",\"@id\":\"https:\/\/diarioabcdemichoacan.com.mx\/lasnoticias\/#\/schema\/person\/image\/\",\"url\":\"https:\/\/secure.gravatar.com\/avatar\/44eca2ff970262234e20e1e082872af0?s=96&d=mm&r=g\",\"contentUrl\":\"https:\/\/secure.gravatar.com\/avatar\/44eca2ff970262234e20e1e082872af0?s=96&d=mm&r=g\",\"caption\":\"AR\"},\"url\":\"https:\/\/diarioabcdemichoacan.com.mx\/lasnoticias\/author\/adrian\/\"}]}<\/script>\n<!-- \/ Yoast SEO plugin. -->","yoast_head_json":{"title":"Se re\u00fane Alfonso Mart\u00ednez con alcalde y empresarios de Zamora - Diario ABC de Michoac\u00e1n","robots":{"index":"index","follow":"follow","max-snippet":"max-snippet:-1","max-image-preview":"max-image-preview:large","max-video-preview":"max-video-preview:-1"},"canonical":"https:\/\/diarioabcdemichoacan.com.mx\/lasnoticias\/se-reune-alfonso-martinez-con-alcalde-y-empresarios-de-zamora\/","og_locale":"es_ES","og_type":"article","og_title":"Se re\u00fane Alfonso Mart\u00ednez con alcalde y empresarios de Zamora - Diario ABC de Michoac\u00e1n","og_description":"Coinciden en la necesidad de fortalecer la seguridad y fomentar turismo Zamora, Mich.- El presidente municipal de Morelia, Alfonso Mart\u00ednez Alc\u00e1zar, acompa\u00f1ado por su hom\u00f3logo de Zamora, Carlos Soto Delgado, encabez\u00f3 una reuni\u00f3n para compartir las buenas pr\u00e1cticas de la capital que pueden adoptarse para beneficio de esta localidad y de Michoac\u00e1n. Al asistir a [&hellip;]","og_url":"https:\/\/diarioabcdemichoacan.com.mx\/lasnoticias\/se-reune-alfonso-martinez-con-alcalde-y-empresarios-de-zamora\/","og_site_name":"Diario ABC de Michoac\u00e1n","article_published_time":"2026-03-16T19:23:09+00:00","og_image":[{"width":1280,"height":823,"url":"https:\/\/diarioabcdemichoacan.com.mx\/lasnoticias\/wp-content\/uploads\/2026\/03\/WhatsApp-Image-2026-03-14-at-4.03.39-PM.jpeg","type":"image\/jpeg"}],"author":"AR","twitter_card":"summary_large_image","twitter_misc":{"Escrito por":"AR","Tiempo de lectura":"2 minutos"},"schema":{"@context":"https:\/\/schema.org","@graph":[{"@type":"WebPage","@id":"https:\/\/diarioabcdemichoacan.com.mx\/lasnoticias\/se-reune-alfonso-martinez-con-alcalde-y-empresarios-de-zamora\/","url":"https:\/\/diarioabcdemichoacan.com.mx\/lasnoticias\/se-reune-alfonso-martinez-con-alcalde-y-empresarios-de-zamora\/","name":"Se re\u00fane Alfonso Mart\u00ednez con alcalde y empresarios de Zamora - Diario ABC de Michoac\u00e1n","isPartOf":{"@id":"https:\/\/diarioabcdemichoacan.com.mx\/lasnoticias\/#website"},"primaryImageOfPage":{"@id":"https:\/\/diarioabcdemichoacan.com.mx\/lasnoticias\/se-reune-alfonso-martinez-con-alcalde-y-empresarios-de-zamora\/#primaryimage"},"image":{"@id":"https:\/\/diarioabcdemichoacan.com.mx\/lasnoticias\/se-reune-alfonso-martinez-con-alcalde-y-empresarios-de-zamora\/#primaryimage"},"thumbnailUrl":"https:\/\/diarioabcdemichoacan.com.mx\/lasnoticias\/wp-content\/uploads\/2026\/03\/WhatsApp-Image-2026-03-14-at-4.03.39-PM.jpeg","datePublished":"2026-03-16T19:23:09+00:00","dateModified":"2026-03-16T19:23:09+00:00","author":{"@id":"https:\/\/diarioabcdemichoacan.com.mx\/lasnoticias\/#\/schema\/person\/19ae376040f6cbc489682ebdd8524852"},"breadcrumb":{"@id":"https:\/\/diarioabcdemichoacan.com.mx\/lasnoticias\/se-reune-alfonso-martinez-con-alcalde-y-empresarios-de-zamora\/#breadcrumb"},"inLanguage":"es","potentialAction":[{"@type":"ReadAction","target":["https:\/\/diarioabcdemichoacan.com.mx\/lasnoticias\/se-reune-alfonso-martinez-con-alcalde-y-empresarios-de-zamora\/"]}]},{"@type":"ImageObject","inLanguage":"es","@id":"https:\/\/diarioabcdemichoacan.com.mx\/lasnoticias\/se-reune-alfonso-martinez-con-alcalde-y-empresarios-de-zamora\/#primaryimage","url":"https:\/\/diarioabcdemichoacan.com.mx\/lasnoticias\/wp-content\/uploads\/2026\/03\/WhatsApp-Image-2026-03-14-at-4.03.39-PM.jpeg","contentUrl":"https:\/\/diarioabcdemichoacan.com.mx\/lasnoticias\/wp-content\/uploads\/2026\/03\/WhatsApp-Image-2026-03-14-at-4.03.39-PM.jpeg","width":1280,"height":823},{"@type":"BreadcrumbList","@id":"https:\/\/diarioabcdemichoacan.com.mx\/lasnoticias\/se-reune-alfonso-martinez-con-alcalde-y-empresarios-de-zamora\/#breadcrumb","itemListElement":[{"@type":"ListItem","position":1,"name":"Portada","item":"https:\/\/diarioabcdemichoacan.com.mx\/lasnoticias\/"},{"@type":"ListItem","position":2,"name":"Se re\u00fane Alfonso Mart\u00ednez con alcalde y empresarios de Zamora"}]},{"@type":"WebSite","@id":"https:\/\/diarioabcdemichoacan.com.mx\/lasnoticias\/#website","url":"https:\/\/diarioabcdemichoacan.com.mx\/lasnoticias\/","name":"Diario ABC de Michoac\u00e1n","description":"Las noticias al momento","potentialAction":[{"@type":"SearchAction","target":{"@type":"EntryPoint","urlTemplate":"https:\/\/diarioabcdemichoacan.com.mx\/lasnoticias\/?s={search_term_string}"},"query-input":{"@type":"PropertyValueSpecification","valueRequired":true,"valueName":"search_term_string"}}],"inLanguage":"es"},{"@type":"Person","@id":"https:\/\/diarioabcdemichoacan.com.mx\/lasnoticias\/#\/schema\/person\/19ae376040f6cbc489682ebdd8524852","name":"AR","image":{"@type":"ImageObject","inLanguage":"es","@id":"https:\/\/diarioabcdemichoacan.com.mx\/lasnoticias\/#\/schema\/person\/image\/","url":"https:\/\/secure.gravatar.com\/avatar\/44eca2ff970262234e20e1e082872af0?s=96&d=mm&r=g","contentUrl":"https:\/\/secure.gravatar.com\/avatar\/44eca2ff970262234e20e1e082872af0?s=96&d=mm&r=g","caption":"AR"},"url":"https:\/\/diarioabcdemichoacan.com.mx\/lasnoticias\/author\/adrian\/"}]}},"_links":{"self":[{"href":"https:\/\/diarioabcdemichoacan.com.mx\/lasnoticias\/wp-json\/wp\/v2\/posts\/77330","targetHints":{"allow":["GET"]}}],"collection":[{"href":"https:\/\/diarioabcdemichoacan.com.mx\/lasnoticias\/wp-json\/wp\/v2\/posts"}],"about":[{"href":"https:\/\/diarioabcdemichoacan.com.mx\/lasnoticias\/wp-json\/wp\/v2\/types\/post"}],"author":[{"embeddable":true,"href":"https:\/\/diarioabcdemichoacan.com.mx\/lasnoticias\/wp-json\/wp\/v2\/users\/9"}],"replies":[{"embeddable":true,"href":"https:\/\/diarioabcdemichoacan.com.mx\/lasnoticias\/wp-json\/wp\/v2\/comments?post=77330"}],"version-history":[{"count":1,"href":"https:\/\/diarioabcdemichoacan.com.mx\/lasnoticias\/wp-json\/wp\/v2\/posts\/77330\/revisions"}],"predecessor-version":[{"id":77332,"href":"https:\/\/diarioabcdemichoacan.com.mx\/lasnoticias\/wp-json\/wp\/v2\/posts\/77330\/revisions\/77332"}],"wp:featuredmedia":[{"embeddable":true,"href":"https:\/\/diarioabcdemichoacan.com.mx\/lasnoticias\/wp-json\/wp\/v2\/media\/77331"}],"wp:attachment":[{"href":"https:\/\/diarioabcdemichoacan.com.mx\/lasnoticias\/wp-json\/wp\/v2\/media?parent=77330"}],"wp:term":[{"taxonomy":"category","embeddable":true,"href":"https:\/\/diarioabcdemichoacan.com.mx\/lasnoticias\/wp-json\/wp\/v2\/categories?post=77330"},{"taxonomy":"post_tag","embeddable":true,"href":"https:\/\/diarioabcdemichoacan.com.mx\/lasnoticias\/wp-json\/wp\/v2\/tags?post=77330"}],"curies":[{"name":"wp","href":"https:\/\/api.w.org\/{rel}","templated":true}]}}