{"id":77336,"date":"2026-03-16T13:31:31","date_gmt":"2026-03-16T19:31:31","guid":{"rendered":"https:\/\/diarioabcdemichoacan.com.mx\/lasnoticias\/?p=77336"},"modified":"2026-03-16T13:31:31","modified_gmt":"2026-03-16T19:31:31","slug":"recuperan-camioneta-al-poco-tiempo-de-haber-sido-robada","status":"publish","type":"post","link":"https:\/\/diarioabcdemichoacan.com.mx\/lasnoticias\/recuperan-camioneta-al-poco-tiempo-de-haber-sido-robada\/","title":{"rendered":"Recuperan camioneta al poco tiempo de haber sido robada."},"content":{"rendered":"<hr \/>\n<p>Uruapan, Mich- Como resultado de los patrullajes de vigilancia y disuasi\u00f3n del delito que se realizan de manera estrat\u00e9gica en Uruapan, se localiz\u00f3 un veh\u00edculo que recientemente hab\u00eda sido reportado como robado.<\/p>\n<p>La unidad fue localizada, durante recorridos para la prevenci\u00f3n del delito que elementos de la Polic\u00eda Municipal y de la SSPC realizaban en calles de la colonia Riyitos; fue al circular sobre la Privada R\u00edo M\u00e1rquez, que se visualiz\u00f3 un veh\u00edculo en estado de abandono, que coincid\u00eda con las caracter\u00edsticas de una camioneta que horas antes hab\u00eda sido denunciada como robada.<\/p>\n<p>Luego de hacer una inspecci\u00f3n de seguridad y verificar el estatus del automotor, se pudo corroborar que la unidad de la marca Chevrolet en color blanco, contaba con reporte, motivo por el que fue asegurada y puesta a disposici\u00f3n ante la autoridad correspondiente, para que determine su situaci\u00f3n legal.<\/p>\n","protected":false},"excerpt":{"rendered":"<p>Uruapan, Mich- Como resultado de los patrullajes de vigilancia y disuasi\u00f3n del delito que se realizan de manera estrat\u00e9gica en Uruapan, se localiz\u00f3 un veh\u00edculo que recientemente hab\u00eda sido reportado como robado. La unidad fue localizada, durante recorridos para la prevenci\u00f3n del delito que elementos de la Polic\u00eda Municipal y de la SSPC realizaban en [&hellip;]<\/p>\n","protected":false},"author":9,"featured_media":77337,"comment_status":"closed","ping_status":"closed","sticky":false,"template":"","format":"standard","meta":{"footnotes":""},"categories":[25,27,3],"tags":[],"class_list":{"0":"post-77336","1":"post","2":"type-post","3":"status-publish","4":"format-standard","5":"has-post-thumbnail","7":"category-seguridad","8":"category-slider","9":"category-uruapan"},"yoast_head":"<!-- This site is optimized with the Yoast SEO plugin v24.0 - https:\/\/yoast.com\/wordpress\/plugins\/seo\/ -->\n<title>Recuperan camioneta al poco tiempo de haber sido robada. - Diario ABC de Michoac\u00e1n<\/title>\n<meta name=\"robots\" content=\"index, follow, max-snippet:-1, max-image-preview:large, max-video-preview:-1\" \/>\n<link rel=\"canonical\" href=\"https:\/\/diarioabcdemichoacan.com.mx\/lasnoticias\/recuperan-camioneta-al-poco-tiempo-de-haber-sido-robada\/\" \/>\n<meta property=\"og:locale\" content=\"es_ES\" \/>\n<meta property=\"og:type\" content=\"article\" \/>\n<meta property=\"og:title\" content=\"Recuperan camioneta al poco tiempo de haber sido robada. - Diario ABC de Michoac\u00e1n\" \/>\n<meta property=\"og:description\" content=\"Uruapan, Mich- Como resultado de los patrullajes de vigilancia y disuasi\u00f3n del delito que se realizan de manera estrat\u00e9gica en Uruapan, se localiz\u00f3 un veh\u00edculo que recientemente hab\u00eda sido reportado como robado. La unidad fue localizada, durante recorridos para la prevenci\u00f3n del delito que elementos de la Polic\u00eda Municipal y de la SSPC realizaban en [&hellip;]\" \/>\n<meta property=\"og:url\" content=\"https:\/\/diarioabcdemichoacan.com.mx\/lasnoticias\/recuperan-camioneta-al-poco-tiempo-de-haber-sido-robada\/\" \/>\n<meta property=\"og:site_name\" content=\"Diario ABC de Michoac\u00e1n\" \/>\n<meta property=\"article:published_time\" content=\"2026-03-16T19:31:31+00:00\" \/>\n<meta property=\"og:image\" content=\"https:\/\/diarioabcdemichoacan.com.mx\/lasnoticias\/wp-content\/uploads\/2026\/03\/WhatsApp-Image-2026-03-14-at-5.46.24-PM.jpeg\" \/>\n\t<meta property=\"og:image:width\" content=\"1280\" \/>\n\t<meta property=\"og:image:height\" content=\"577\" \/>\n\t<meta property=\"og:image:type\" content=\"image\/jpeg\" \/>\n<meta name=\"author\" content=\"AR\" \/>\n<meta name=\"twitter:card\" content=\"summary_large_image\" \/>\n<meta name=\"twitter:label1\" content=\"Escrito por\" \/>\n\t<meta name=\"twitter:data1\" content=\"AR\" \/>\n\t<meta name=\"twitter:label2\" content=\"Tiempo de lectura\" \/>\n\t<meta name=\"twitter:data2\" content=\"1 minuto\" \/>\n<script type=\"application\/ld+json\" class=\"yoast-schema-graph\">{\"@context\":\"https:\/\/schema.org\",\"@graph\":[{\"@type\":\"WebPage\",\"@id\":\"https:\/\/diarioabcdemichoacan.com.mx\/lasnoticias\/recuperan-camioneta-al-poco-tiempo-de-haber-sido-robada\/\",\"url\":\"https:\/\/diarioabcdemichoacan.com.mx\/lasnoticias\/recuperan-camioneta-al-poco-tiempo-de-haber-sido-robada\/\",\"name\":\"Recuperan camioneta al poco tiempo de haber sido robada. - Diario ABC de Michoac\u00e1n\",\"isPartOf\":{\"@id\":\"https:\/\/diarioabcdemichoacan.com.mx\/lasnoticias\/#website\"},\"primaryImageOfPage\":{\"@id\":\"https:\/\/diarioabcdemichoacan.com.mx\/lasnoticias\/recuperan-camioneta-al-poco-tiempo-de-haber-sido-robada\/#primaryimage\"},\"image\":{\"@id\":\"https:\/\/diarioabcdemichoacan.com.mx\/lasnoticias\/recuperan-camioneta-al-poco-tiempo-de-haber-sido-robada\/#primaryimage\"},\"thumbnailUrl\":\"https:\/\/diarioabcdemichoacan.com.mx\/lasnoticias\/wp-content\/uploads\/2026\/03\/WhatsApp-Image-2026-03-14-at-5.46.24-PM.jpeg\",\"datePublished\":\"2026-03-16T19:31:31+00:00\",\"dateModified\":\"2026-03-16T19:31:31+00:00\",\"author\":{\"@id\":\"https:\/\/diarioabcdemichoacan.com.mx\/lasnoticias\/#\/schema\/person\/19ae376040f6cbc489682ebdd8524852\"},\"breadcrumb\":{\"@id\":\"https:\/\/diarioabcdemichoacan.com.mx\/lasnoticias\/recuperan-camioneta-al-poco-tiempo-de-haber-sido-robada\/#breadcrumb\"},\"inLanguage\":\"es\",\"potentialAction\":[{\"@type\":\"ReadAction\",\"target\":[\"https:\/\/diarioabcdemichoacan.com.mx\/lasnoticias\/recuperan-camioneta-al-poco-tiempo-de-haber-sido-robada\/\"]}]},{\"@type\":\"ImageObject\",\"inLanguage\":\"es\",\"@id\":\"https:\/\/diarioabcdemichoacan.com.mx\/lasnoticias\/recuperan-camioneta-al-poco-tiempo-de-haber-sido-robada\/#primaryimage\",\"url\":\"https:\/\/diarioabcdemichoacan.com.mx\/lasnoticias\/wp-content\/uploads\/2026\/03\/WhatsApp-Image-2026-03-14-at-5.46.24-PM.jpeg\",\"contentUrl\":\"https:\/\/diarioabcdemichoacan.com.mx\/lasnoticias\/wp-content\/uploads\/2026\/03\/WhatsApp-Image-2026-03-14-at-5.46.24-PM.jpeg\",\"width\":1280,\"height\":577},{\"@type\":\"BreadcrumbList\",\"@id\":\"https:\/\/diarioabcdemichoacan.com.mx\/lasnoticias\/recuperan-camioneta-al-poco-tiempo-de-haber-sido-robada\/#breadcrumb\",\"itemListElement\":[{\"@type\":\"ListItem\",\"position\":1,\"name\":\"Portada\",\"item\":\"https:\/\/diarioabcdemichoacan.com.mx\/lasnoticias\/\"},{\"@type\":\"ListItem\",\"position\":2,\"name\":\"Recuperan camioneta al poco tiempo de haber sido robada.\"}]},{\"@type\":\"WebSite\",\"@id\":\"https:\/\/diarioabcdemichoacan.com.mx\/lasnoticias\/#website\",\"url\":\"https:\/\/diarioabcdemichoacan.com.mx\/lasnoticias\/\",\"name\":\"Diario ABC de Michoac\u00e1n\",\"description\":\"Las noticias al momento\",\"potentialAction\":[{\"@type\":\"SearchAction\",\"target\":{\"@type\":\"EntryPoint\",\"urlTemplate\":\"https:\/\/diarioabcdemichoacan.com.mx\/lasnoticias\/?s={search_term_string}\"},\"query-input\":{\"@type\":\"PropertyValueSpecification\",\"valueRequired\":true,\"valueName\":\"search_term_string\"}}],\"inLanguage\":\"es\"},{\"@type\":\"Person\",\"@id\":\"https:\/\/diarioabcdemichoacan.com.mx\/lasnoticias\/#\/schema\/person\/19ae376040f6cbc489682ebdd8524852\",\"name\":\"AR\",\"image\":{\"@type\":\"ImageObject\",\"inLanguage\":\"es\",\"@id\":\"https:\/\/diarioabcdemichoacan.com.mx\/lasnoticias\/#\/schema\/person\/image\/\",\"url\":\"https:\/\/secure.gravatar.com\/avatar\/44eca2ff970262234e20e1e082872af0?s=96&d=mm&r=g\",\"contentUrl\":\"https:\/\/secure.gravatar.com\/avatar\/44eca2ff970262234e20e1e082872af0?s=96&d=mm&r=g\",\"caption\":\"AR\"},\"url\":\"https:\/\/diarioabcdemichoacan.com.mx\/lasnoticias\/author\/adrian\/\"}]}<\/script>\n<!-- \/ Yoast SEO plugin. -->","yoast_head_json":{"title":"Recuperan camioneta al poco tiempo de haber sido robada. - Diario ABC de Michoac\u00e1n","robots":{"index":"index","follow":"follow","max-snippet":"max-snippet:-1","max-image-preview":"max-image-preview:large","max-video-preview":"max-video-preview:-1"},"canonical":"https:\/\/diarioabcdemichoacan.com.mx\/lasnoticias\/recuperan-camioneta-al-poco-tiempo-de-haber-sido-robada\/","og_locale":"es_ES","og_type":"article","og_title":"Recuperan camioneta al poco tiempo de haber sido robada. - Diario ABC de Michoac\u00e1n","og_description":"Uruapan, Mich- Como resultado de los patrullajes de vigilancia y disuasi\u00f3n del delito que se realizan de manera estrat\u00e9gica en Uruapan, se localiz\u00f3 un veh\u00edculo que recientemente hab\u00eda sido reportado como robado. La unidad fue localizada, durante recorridos para la prevenci\u00f3n del delito que elementos de la Polic\u00eda Municipal y de la SSPC realizaban en [&hellip;]","og_url":"https:\/\/diarioabcdemichoacan.com.mx\/lasnoticias\/recuperan-camioneta-al-poco-tiempo-de-haber-sido-robada\/","og_site_name":"Diario ABC de Michoac\u00e1n","article_published_time":"2026-03-16T19:31:31+00:00","og_image":[{"width":1280,"height":577,"url":"https:\/\/diarioabcdemichoacan.com.mx\/lasnoticias\/wp-content\/uploads\/2026\/03\/WhatsApp-Image-2026-03-14-at-5.46.24-PM.jpeg","type":"image\/jpeg"}],"author":"AR","twitter_card":"summary_large_image","twitter_misc":{"Escrito por":"AR","Tiempo de lectura":"1 minuto"},"schema":{"@context":"https:\/\/schema.org","@graph":[{"@type":"WebPage","@id":"https:\/\/diarioabcdemichoacan.com.mx\/lasnoticias\/recuperan-camioneta-al-poco-tiempo-de-haber-sido-robada\/","url":"https:\/\/diarioabcdemichoacan.com.mx\/lasnoticias\/recuperan-camioneta-al-poco-tiempo-de-haber-sido-robada\/","name":"Recuperan camioneta al poco tiempo de haber sido robada. - Diario ABC de Michoac\u00e1n","isPartOf":{"@id":"https:\/\/diarioabcdemichoacan.com.mx\/lasnoticias\/#website"},"primaryImageOfPage":{"@id":"https:\/\/diarioabcdemichoacan.com.mx\/lasnoticias\/recuperan-camioneta-al-poco-tiempo-de-haber-sido-robada\/#primaryimage"},"image":{"@id":"https:\/\/diarioabcdemichoacan.com.mx\/lasnoticias\/recuperan-camioneta-al-poco-tiempo-de-haber-sido-robada\/#primaryimage"},"thumbnailUrl":"https:\/\/diarioabcdemichoacan.com.mx\/lasnoticias\/wp-content\/uploads\/2026\/03\/WhatsApp-Image-2026-03-14-at-5.46.24-PM.jpeg","datePublished":"2026-03-16T19:31:31+00:00","dateModified":"2026-03-16T19:31:31+00:00","author":{"@id":"https:\/\/diarioabcdemichoacan.com.mx\/lasnoticias\/#\/schema\/person\/19ae376040f6cbc489682ebdd8524852"},"breadcrumb":{"@id":"https:\/\/diarioabcdemichoacan.com.mx\/lasnoticias\/recuperan-camioneta-al-poco-tiempo-de-haber-sido-robada\/#breadcrumb"},"inLanguage":"es","potentialAction":[{"@type":"ReadAction","target":["https:\/\/diarioabcdemichoacan.com.mx\/lasnoticias\/recuperan-camioneta-al-poco-tiempo-de-haber-sido-robada\/"]}]},{"@type":"ImageObject","inLanguage":"es","@id":"https:\/\/diarioabcdemichoacan.com.mx\/lasnoticias\/recuperan-camioneta-al-poco-tiempo-de-haber-sido-robada\/#primaryimage","url":"https:\/\/diarioabcdemichoacan.com.mx\/lasnoticias\/wp-content\/uploads\/2026\/03\/WhatsApp-Image-2026-03-14-at-5.46.24-PM.jpeg","contentUrl":"https:\/\/diarioabcdemichoacan.com.mx\/lasnoticias\/wp-content\/uploads\/2026\/03\/WhatsApp-Image-2026-03-14-at-5.46.24-PM.jpeg","width":1280,"height":577},{"@type":"BreadcrumbList","@id":"https:\/\/diarioabcdemichoacan.com.mx\/lasnoticias\/recuperan-camioneta-al-poco-tiempo-de-haber-sido-robada\/#breadcrumb","itemListElement":[{"@type":"ListItem","position":1,"name":"Portada","item":"https:\/\/diarioabcdemichoacan.com.mx\/lasnoticias\/"},{"@type":"ListItem","position":2,"name":"Recuperan camioneta al poco tiempo de haber sido robada."}]},{"@type":"WebSite","@id":"https:\/\/diarioabcdemichoacan.com.mx\/lasnoticias\/#website","url":"https:\/\/diarioabcdemichoacan.com.mx\/lasnoticias\/","name":"Diario ABC de Michoac\u00e1n","description":"Las noticias al momento","potentialAction":[{"@type":"SearchAction","target":{"@type":"EntryPoint","urlTemplate":"https:\/\/diarioabcdemichoacan.com.mx\/lasnoticias\/?s={search_term_string}"},"query-input":{"@type":"PropertyValueSpecification","valueRequired":true,"valueName":"search_term_string"}}],"inLanguage":"es"},{"@type":"Person","@id":"https:\/\/diarioabcdemichoacan.com.mx\/lasnoticias\/#\/schema\/person\/19ae376040f6cbc489682ebdd8524852","name":"AR","image":{"@type":"ImageObject","inLanguage":"es","@id":"https:\/\/diarioabcdemichoacan.com.mx\/lasnoticias\/#\/schema\/person\/image\/","url":"https:\/\/secure.gravatar.com\/avatar\/44eca2ff970262234e20e1e082872af0?s=96&d=mm&r=g","contentUrl":"https:\/\/secure.gravatar.com\/avatar\/44eca2ff970262234e20e1e082872af0?s=96&d=mm&r=g","caption":"AR"},"url":"https:\/\/diarioabcdemichoacan.com.mx\/lasnoticias\/author\/adrian\/"}]}},"_links":{"self":[{"href":"https:\/\/diarioabcdemichoacan.com.mx\/lasnoticias\/wp-json\/wp\/v2\/posts\/77336","targetHints":{"allow":["GET"]}}],"collection":[{"href":"https:\/\/diarioabcdemichoacan.com.mx\/lasnoticias\/wp-json\/wp\/v2\/posts"}],"about":[{"href":"https:\/\/diarioabcdemichoacan.com.mx\/lasnoticias\/wp-json\/wp\/v2\/types\/post"}],"author":[{"embeddable":true,"href":"https:\/\/diarioabcdemichoacan.com.mx\/lasnoticias\/wp-json\/wp\/v2\/users\/9"}],"replies":[{"embeddable":true,"href":"https:\/\/diarioabcdemichoacan.com.mx\/lasnoticias\/wp-json\/wp\/v2\/comments?post=77336"}],"version-history":[{"count":1,"href":"https:\/\/diarioabcdemichoacan.com.mx\/lasnoticias\/wp-json\/wp\/v2\/posts\/77336\/revisions"}],"predecessor-version":[{"id":77338,"href":"https:\/\/diarioabcdemichoacan.com.mx\/lasnoticias\/wp-json\/wp\/v2\/posts\/77336\/revisions\/77338"}],"wp:featuredmedia":[{"embeddable":true,"href":"https:\/\/diarioabcdemichoacan.com.mx\/lasnoticias\/wp-json\/wp\/v2\/media\/77337"}],"wp:attachment":[{"href":"https:\/\/diarioabcdemichoacan.com.mx\/lasnoticias\/wp-json\/wp\/v2\/media?parent=77336"}],"wp:term":[{"taxonomy":"category","embeddable":true,"href":"https:\/\/diarioabcdemichoacan.com.mx\/lasnoticias\/wp-json\/wp\/v2\/categories?post=77336"},{"taxonomy":"post_tag","embeddable":true,"href":"https:\/\/diarioabcdemichoacan.com.mx\/lasnoticias\/wp-json\/wp\/v2\/tags?post=77336"}],"curies":[{"name":"wp","href":"https:\/\/api.w.org\/{rel}","templated":true}]}}