{"id":77342,"date":"2026-03-16T13:44:13","date_gmt":"2026-03-16T19:44:13","guid":{"rendered":"https:\/\/diarioabcdemichoacan.com.mx\/lasnoticias\/?p=77342"},"modified":"2026-03-16T13:44:13","modified_gmt":"2026-03-16T19:44:13","slug":"fabiola-alanis-visito-la-zona-de-produccion-de-arroz-y-mango-en-la-tierra-caliente","status":"publish","type":"post","link":"https:\/\/diarioabcdemichoacan.com.mx\/lasnoticias\/fabiola-alanis-visito-la-zona-de-produccion-de-arroz-y-mango-en-la-tierra-caliente\/","title":{"rendered":"Fabiola Alan\u00eds visit\u00f3 la zona de producci\u00f3n de arroz y mango en la tierra caliente"},"content":{"rendered":"<hr \/>\n<p>Gabriel Zamora, Mich.- Desde la zona de producci\u00f3n de mango y arroz en la Tierra Caliente michoacana, la Diputada Fabiola Alan\u00eds reiter\u00f3 su apoyo a la agroindustria a trav\u00e9s del impulso a las sociedades cooperativas, ya que por siglos han demostrado ser un modelo competitivo, solidario y generador de derechos laborales.<\/p>\n<p>La presidenta de la Junta de Coordinaci\u00f3n Pol\u00edtica en el Congreso del Estado, junto con el diputado Iv\u00e1n Ar\u00e9valo Vera, visit\u00f3 el Molino Arroceros del Valle del Marqu\u00e9s y la empacadora de mangos JSC ubicados en Gabriel Zamora, desde donde record\u00f3 que ya se encuentra en an\u00e1lisis una iniciativa de reforma a la Ley de Desarrollo Econ\u00f3mico del Estado para fortalecer el sector social, particularmente a las cooperativas.<\/p>\n<p>Comparti\u00f3 que apegada a los principios de la Cuarta Transformaci\u00f3n, desde el Poder Legislativo impulsa la construcci\u00f3n de un modelo de desarrollo distinto al que instituy\u00f3 el neoliberalismo, que traiga bienestar para las mayor\u00edas.<\/p>\n<p>Reconoci\u00f3 la invaluable aportaci\u00f3n que la empresa arrocera constituida como una sociedad, realiza a esta regi\u00f3n mediante la producci\u00f3n y comercializaci\u00f3n del arroz: \u201cTenemos claridad en que la econom\u00eda michoacana se sostiene sobre tres pilares: el sector p\u00fablico, el sector privado y el sector social, por lo que cuando uno se debilita, aumenta la desigualdad\u201d.<\/p>\n<p>Tambi\u00e9n ante los productores y empacadores de mango record\u00f3 que el empleo no solo se crea desde la gran empresa o el gobierno, sino que en Michoac\u00e1n \u201ctenemos una profunda tradici\u00f3n comunal y cooperativa, cuya vocaci\u00f3n hist\u00f3rica puede convertirse en motor econ\u00f3mico.\u201d<\/p>\n<p>Por eso, expuso Fabiola Alan\u00eds que la iniciativa que present\u00f3 busca la organizaci\u00f3n y establecimiento de sociedades cooperativas, as\u00ed como garantizar beneficios directos para sus integrantes, adem\u00e1s de impulsar su articulaci\u00f3n efectiva con cadenas de valor estatales y regionales e incorporar el fomento cooperativo como eje estrat\u00e9gico del desarrollo econ\u00f3mico.<\/p>\n<p>Por lo que, puntualiz\u00f3, desde el congreso local no se regatear\u00e1 el impulso a este modelo econ\u00f3mico, bajo la convicci\u00f3n de que las cooperativas no son econom\u00eda de segunda, sino empresas sociales que distribuyen mejor la riqueza,m y fortalecen comunidades.<\/p>\n","protected":false},"excerpt":{"rendered":"<p>Gabriel Zamora, Mich.- Desde la zona de producci\u00f3n de mango y arroz en la Tierra Caliente michoacana, la Diputada Fabiola Alan\u00eds reiter\u00f3 su apoyo a la agroindustria a trav\u00e9s del impulso a las sociedades cooperativas, ya que por siglos han demostrado ser un modelo competitivo, solidario y generador de derechos laborales. La presidenta de la [&hellip;]<\/p>\n","protected":false},"author":9,"featured_media":77343,"comment_status":"closed","ping_status":"closed","sticky":false,"template":"","format":"standard","meta":{"footnotes":""},"categories":[13,22,28,27],"tags":[],"class_list":{"0":"post-77342","1":"post","2":"type-post","3":"status-publish","4":"format-standard","5":"has-post-thumbnail","7":"category-congreso","8":"category-congreso-de-michoacan","9":"category-politica","10":"category-slider"},"yoast_head":"<!-- This site is optimized with the Yoast SEO plugin v24.0 - https:\/\/yoast.com\/wordpress\/plugins\/seo\/ -->\n<title>Fabiola Alan\u00eds visit\u00f3 la zona de producci\u00f3n de arroz y mango en la tierra caliente - Diario ABC de Michoac\u00e1n<\/title>\n<meta name=\"robots\" content=\"index, follow, max-snippet:-1, max-image-preview:large, max-video-preview:-1\" \/>\n<link rel=\"canonical\" href=\"https:\/\/diarioabcdemichoacan.com.mx\/lasnoticias\/fabiola-alanis-visito-la-zona-de-produccion-de-arroz-y-mango-en-la-tierra-caliente\/\" \/>\n<meta property=\"og:locale\" content=\"es_ES\" \/>\n<meta property=\"og:type\" content=\"article\" \/>\n<meta property=\"og:title\" content=\"Fabiola Alan\u00eds visit\u00f3 la zona de producci\u00f3n de arroz y mango en la tierra caliente - Diario ABC de Michoac\u00e1n\" \/>\n<meta property=\"og:description\" content=\"Gabriel Zamora, Mich.- Desde la zona de producci\u00f3n de mango y arroz en la Tierra Caliente michoacana, la Diputada Fabiola Alan\u00eds reiter\u00f3 su apoyo a la agroindustria a trav\u00e9s del impulso a las sociedades cooperativas, ya que por siglos han demostrado ser un modelo competitivo, solidario y generador de derechos laborales. La presidenta de la [&hellip;]\" \/>\n<meta property=\"og:url\" content=\"https:\/\/diarioabcdemichoacan.com.mx\/lasnoticias\/fabiola-alanis-visito-la-zona-de-produccion-de-arroz-y-mango-en-la-tierra-caliente\/\" \/>\n<meta property=\"og:site_name\" content=\"Diario ABC de Michoac\u00e1n\" \/>\n<meta property=\"article:published_time\" content=\"2026-03-16T19:44:13+00:00\" \/>\n<meta property=\"og:image\" content=\"https:\/\/diarioabcdemichoacan.com.mx\/lasnoticias\/wp-content\/uploads\/2026\/03\/WhatsApp-Image-2026-03-15-at-8.58.36-AM.jpeg\" \/>\n\t<meta property=\"og:image:width\" content=\"1600\" \/>\n\t<meta property=\"og:image:height\" content=\"1066\" \/>\n\t<meta property=\"og:image:type\" content=\"image\/jpeg\" \/>\n<meta name=\"author\" content=\"AR\" \/>\n<meta name=\"twitter:card\" content=\"summary_large_image\" \/>\n<meta name=\"twitter:label1\" content=\"Escrito por\" \/>\n\t<meta name=\"twitter:data1\" content=\"AR\" \/>\n\t<meta name=\"twitter:label2\" content=\"Tiempo de lectura\" \/>\n\t<meta name=\"twitter:data2\" content=\"2 minutos\" \/>\n<script type=\"application\/ld+json\" class=\"yoast-schema-graph\">{\"@context\":\"https:\/\/schema.org\",\"@graph\":[{\"@type\":\"WebPage\",\"@id\":\"https:\/\/diarioabcdemichoacan.com.mx\/lasnoticias\/fabiola-alanis-visito-la-zona-de-produccion-de-arroz-y-mango-en-la-tierra-caliente\/\",\"url\":\"https:\/\/diarioabcdemichoacan.com.mx\/lasnoticias\/fabiola-alanis-visito-la-zona-de-produccion-de-arroz-y-mango-en-la-tierra-caliente\/\",\"name\":\"Fabiola Alan\u00eds visit\u00f3 la zona de producci\u00f3n de arroz y mango en la tierra caliente - Diario ABC de Michoac\u00e1n\",\"isPartOf\":{\"@id\":\"https:\/\/diarioabcdemichoacan.com.mx\/lasnoticias\/#website\"},\"primaryImageOfPage\":{\"@id\":\"https:\/\/diarioabcdemichoacan.com.mx\/lasnoticias\/fabiola-alanis-visito-la-zona-de-produccion-de-arroz-y-mango-en-la-tierra-caliente\/#primaryimage\"},\"image\":{\"@id\":\"https:\/\/diarioabcdemichoacan.com.mx\/lasnoticias\/fabiola-alanis-visito-la-zona-de-produccion-de-arroz-y-mango-en-la-tierra-caliente\/#primaryimage\"},\"thumbnailUrl\":\"https:\/\/diarioabcdemichoacan.com.mx\/lasnoticias\/wp-content\/uploads\/2026\/03\/WhatsApp-Image-2026-03-15-at-8.58.36-AM.jpeg\",\"datePublished\":\"2026-03-16T19:44:13+00:00\",\"dateModified\":\"2026-03-16T19:44:13+00:00\",\"author\":{\"@id\":\"https:\/\/diarioabcdemichoacan.com.mx\/lasnoticias\/#\/schema\/person\/19ae376040f6cbc489682ebdd8524852\"},\"breadcrumb\":{\"@id\":\"https:\/\/diarioabcdemichoacan.com.mx\/lasnoticias\/fabiola-alanis-visito-la-zona-de-produccion-de-arroz-y-mango-en-la-tierra-caliente\/#breadcrumb\"},\"inLanguage\":\"es\",\"potentialAction\":[{\"@type\":\"ReadAction\",\"target\":[\"https:\/\/diarioabcdemichoacan.com.mx\/lasnoticias\/fabiola-alanis-visito-la-zona-de-produccion-de-arroz-y-mango-en-la-tierra-caliente\/\"]}]},{\"@type\":\"ImageObject\",\"inLanguage\":\"es\",\"@id\":\"https:\/\/diarioabcdemichoacan.com.mx\/lasnoticias\/fabiola-alanis-visito-la-zona-de-produccion-de-arroz-y-mango-en-la-tierra-caliente\/#primaryimage\",\"url\":\"https:\/\/diarioabcdemichoacan.com.mx\/lasnoticias\/wp-content\/uploads\/2026\/03\/WhatsApp-Image-2026-03-15-at-8.58.36-AM.jpeg\",\"contentUrl\":\"https:\/\/diarioabcdemichoacan.com.mx\/lasnoticias\/wp-content\/uploads\/2026\/03\/WhatsApp-Image-2026-03-15-at-8.58.36-AM.jpeg\",\"width\":1600,\"height\":1066},{\"@type\":\"BreadcrumbList\",\"@id\":\"https:\/\/diarioabcdemichoacan.com.mx\/lasnoticias\/fabiola-alanis-visito-la-zona-de-produccion-de-arroz-y-mango-en-la-tierra-caliente\/#breadcrumb\",\"itemListElement\":[{\"@type\":\"ListItem\",\"position\":1,\"name\":\"Portada\",\"item\":\"https:\/\/diarioabcdemichoacan.com.mx\/lasnoticias\/\"},{\"@type\":\"ListItem\",\"position\":2,\"name\":\"Fabiola Alan\u00eds visit\u00f3 la zona de producci\u00f3n de arroz y mango en la tierra caliente\"}]},{\"@type\":\"WebSite\",\"@id\":\"https:\/\/diarioabcdemichoacan.com.mx\/lasnoticias\/#website\",\"url\":\"https:\/\/diarioabcdemichoacan.com.mx\/lasnoticias\/\",\"name\":\"Diario ABC de Michoac\u00e1n\",\"description\":\"Las noticias al momento\",\"potentialAction\":[{\"@type\":\"SearchAction\",\"target\":{\"@type\":\"EntryPoint\",\"urlTemplate\":\"https:\/\/diarioabcdemichoacan.com.mx\/lasnoticias\/?s={search_term_string}\"},\"query-input\":{\"@type\":\"PropertyValueSpecification\",\"valueRequired\":true,\"valueName\":\"search_term_string\"}}],\"inLanguage\":\"es\"},{\"@type\":\"Person\",\"@id\":\"https:\/\/diarioabcdemichoacan.com.mx\/lasnoticias\/#\/schema\/person\/19ae376040f6cbc489682ebdd8524852\",\"name\":\"AR\",\"image\":{\"@type\":\"ImageObject\",\"inLanguage\":\"es\",\"@id\":\"https:\/\/diarioabcdemichoacan.com.mx\/lasnoticias\/#\/schema\/person\/image\/\",\"url\":\"https:\/\/secure.gravatar.com\/avatar\/44eca2ff970262234e20e1e082872af0?s=96&d=mm&r=g\",\"contentUrl\":\"https:\/\/secure.gravatar.com\/avatar\/44eca2ff970262234e20e1e082872af0?s=96&d=mm&r=g\",\"caption\":\"AR\"},\"url\":\"https:\/\/diarioabcdemichoacan.com.mx\/lasnoticias\/author\/adrian\/\"}]}<\/script>\n<!-- \/ Yoast SEO plugin. -->","yoast_head_json":{"title":"Fabiola Alan\u00eds visit\u00f3 la zona de producci\u00f3n de arroz y mango en la tierra caliente - Diario ABC de Michoac\u00e1n","robots":{"index":"index","follow":"follow","max-snippet":"max-snippet:-1","max-image-preview":"max-image-preview:large","max-video-preview":"max-video-preview:-1"},"canonical":"https:\/\/diarioabcdemichoacan.com.mx\/lasnoticias\/fabiola-alanis-visito-la-zona-de-produccion-de-arroz-y-mango-en-la-tierra-caliente\/","og_locale":"es_ES","og_type":"article","og_title":"Fabiola Alan\u00eds visit\u00f3 la zona de producci\u00f3n de arroz y mango en la tierra caliente - Diario ABC de Michoac\u00e1n","og_description":"Gabriel Zamora, Mich.- Desde la zona de producci\u00f3n de mango y arroz en la Tierra Caliente michoacana, la Diputada Fabiola Alan\u00eds reiter\u00f3 su apoyo a la agroindustria a trav\u00e9s del impulso a las sociedades cooperativas, ya que por siglos han demostrado ser un modelo competitivo, solidario y generador de derechos laborales. La presidenta de la [&hellip;]","og_url":"https:\/\/diarioabcdemichoacan.com.mx\/lasnoticias\/fabiola-alanis-visito-la-zona-de-produccion-de-arroz-y-mango-en-la-tierra-caliente\/","og_site_name":"Diario ABC de Michoac\u00e1n","article_published_time":"2026-03-16T19:44:13+00:00","og_image":[{"width":1600,"height":1066,"url":"https:\/\/diarioabcdemichoacan.com.mx\/lasnoticias\/wp-content\/uploads\/2026\/03\/WhatsApp-Image-2026-03-15-at-8.58.36-AM.jpeg","type":"image\/jpeg"}],"author":"AR","twitter_card":"summary_large_image","twitter_misc":{"Escrito por":"AR","Tiempo de lectura":"2 minutos"},"schema":{"@context":"https:\/\/schema.org","@graph":[{"@type":"WebPage","@id":"https:\/\/diarioabcdemichoacan.com.mx\/lasnoticias\/fabiola-alanis-visito-la-zona-de-produccion-de-arroz-y-mango-en-la-tierra-caliente\/","url":"https:\/\/diarioabcdemichoacan.com.mx\/lasnoticias\/fabiola-alanis-visito-la-zona-de-produccion-de-arroz-y-mango-en-la-tierra-caliente\/","name":"Fabiola Alan\u00eds visit\u00f3 la zona de producci\u00f3n de arroz y mango en la tierra caliente - Diario ABC de Michoac\u00e1n","isPartOf":{"@id":"https:\/\/diarioabcdemichoacan.com.mx\/lasnoticias\/#website"},"primaryImageOfPage":{"@id":"https:\/\/diarioabcdemichoacan.com.mx\/lasnoticias\/fabiola-alanis-visito-la-zona-de-produccion-de-arroz-y-mango-en-la-tierra-caliente\/#primaryimage"},"image":{"@id":"https:\/\/diarioabcdemichoacan.com.mx\/lasnoticias\/fabiola-alanis-visito-la-zona-de-produccion-de-arroz-y-mango-en-la-tierra-caliente\/#primaryimage"},"thumbnailUrl":"https:\/\/diarioabcdemichoacan.com.mx\/lasnoticias\/wp-content\/uploads\/2026\/03\/WhatsApp-Image-2026-03-15-at-8.58.36-AM.jpeg","datePublished":"2026-03-16T19:44:13+00:00","dateModified":"2026-03-16T19:44:13+00:00","author":{"@id":"https:\/\/diarioabcdemichoacan.com.mx\/lasnoticias\/#\/schema\/person\/19ae376040f6cbc489682ebdd8524852"},"breadcrumb":{"@id":"https:\/\/diarioabcdemichoacan.com.mx\/lasnoticias\/fabiola-alanis-visito-la-zona-de-produccion-de-arroz-y-mango-en-la-tierra-caliente\/#breadcrumb"},"inLanguage":"es","potentialAction":[{"@type":"ReadAction","target":["https:\/\/diarioabcdemichoacan.com.mx\/lasnoticias\/fabiola-alanis-visito-la-zona-de-produccion-de-arroz-y-mango-en-la-tierra-caliente\/"]}]},{"@type":"ImageObject","inLanguage":"es","@id":"https:\/\/diarioabcdemichoacan.com.mx\/lasnoticias\/fabiola-alanis-visito-la-zona-de-produccion-de-arroz-y-mango-en-la-tierra-caliente\/#primaryimage","url":"https:\/\/diarioabcdemichoacan.com.mx\/lasnoticias\/wp-content\/uploads\/2026\/03\/WhatsApp-Image-2026-03-15-at-8.58.36-AM.jpeg","contentUrl":"https:\/\/diarioabcdemichoacan.com.mx\/lasnoticias\/wp-content\/uploads\/2026\/03\/WhatsApp-Image-2026-03-15-at-8.58.36-AM.jpeg","width":1600,"height":1066},{"@type":"BreadcrumbList","@id":"https:\/\/diarioabcdemichoacan.com.mx\/lasnoticias\/fabiola-alanis-visito-la-zona-de-produccion-de-arroz-y-mango-en-la-tierra-caliente\/#breadcrumb","itemListElement":[{"@type":"ListItem","position":1,"name":"Portada","item":"https:\/\/diarioabcdemichoacan.com.mx\/lasnoticias\/"},{"@type":"ListItem","position":2,"name":"Fabiola Alan\u00eds visit\u00f3 la zona de producci\u00f3n de arroz y mango en la tierra caliente"}]},{"@type":"WebSite","@id":"https:\/\/diarioabcdemichoacan.com.mx\/lasnoticias\/#website","url":"https:\/\/diarioabcdemichoacan.com.mx\/lasnoticias\/","name":"Diario ABC de Michoac\u00e1n","description":"Las noticias al momento","potentialAction":[{"@type":"SearchAction","target":{"@type":"EntryPoint","urlTemplate":"https:\/\/diarioabcdemichoacan.com.mx\/lasnoticias\/?s={search_term_string}"},"query-input":{"@type":"PropertyValueSpecification","valueRequired":true,"valueName":"search_term_string"}}],"inLanguage":"es"},{"@type":"Person","@id":"https:\/\/diarioabcdemichoacan.com.mx\/lasnoticias\/#\/schema\/person\/19ae376040f6cbc489682ebdd8524852","name":"AR","image":{"@type":"ImageObject","inLanguage":"es","@id":"https:\/\/diarioabcdemichoacan.com.mx\/lasnoticias\/#\/schema\/person\/image\/","url":"https:\/\/secure.gravatar.com\/avatar\/44eca2ff970262234e20e1e082872af0?s=96&d=mm&r=g","contentUrl":"https:\/\/secure.gravatar.com\/avatar\/44eca2ff970262234e20e1e082872af0?s=96&d=mm&r=g","caption":"AR"},"url":"https:\/\/diarioabcdemichoacan.com.mx\/lasnoticias\/author\/adrian\/"}]}},"_links":{"self":[{"href":"https:\/\/diarioabcdemichoacan.com.mx\/lasnoticias\/wp-json\/wp\/v2\/posts\/77342","targetHints":{"allow":["GET"]}}],"collection":[{"href":"https:\/\/diarioabcdemichoacan.com.mx\/lasnoticias\/wp-json\/wp\/v2\/posts"}],"about":[{"href":"https:\/\/diarioabcdemichoacan.com.mx\/lasnoticias\/wp-json\/wp\/v2\/types\/post"}],"author":[{"embeddable":true,"href":"https:\/\/diarioabcdemichoacan.com.mx\/lasnoticias\/wp-json\/wp\/v2\/users\/9"}],"replies":[{"embeddable":true,"href":"https:\/\/diarioabcdemichoacan.com.mx\/lasnoticias\/wp-json\/wp\/v2\/comments?post=77342"}],"version-history":[{"count":1,"href":"https:\/\/diarioabcdemichoacan.com.mx\/lasnoticias\/wp-json\/wp\/v2\/posts\/77342\/revisions"}],"predecessor-version":[{"id":77344,"href":"https:\/\/diarioabcdemichoacan.com.mx\/lasnoticias\/wp-json\/wp\/v2\/posts\/77342\/revisions\/77344"}],"wp:featuredmedia":[{"embeddable":true,"href":"https:\/\/diarioabcdemichoacan.com.mx\/lasnoticias\/wp-json\/wp\/v2\/media\/77343"}],"wp:attachment":[{"href":"https:\/\/diarioabcdemichoacan.com.mx\/lasnoticias\/wp-json\/wp\/v2\/media?parent=77342"}],"wp:term":[{"taxonomy":"category","embeddable":true,"href":"https:\/\/diarioabcdemichoacan.com.mx\/lasnoticias\/wp-json\/wp\/v2\/categories?post=77342"},{"taxonomy":"post_tag","embeddable":true,"href":"https:\/\/diarioabcdemichoacan.com.mx\/lasnoticias\/wp-json\/wp\/v2\/tags?post=77342"}],"curies":[{"name":"wp","href":"https:\/\/api.w.org\/{rel}","templated":true}]}}