{"id":77354,"date":"2026-03-16T13:51:05","date_gmt":"2026-03-16T19:51:05","guid":{"rendered":"https:\/\/diarioabcdemichoacan.com.mx\/lasnoticias\/?p=77354"},"modified":"2026-03-16T13:51:05","modified_gmt":"2026-03-16T19:51:05","slug":"por-encima-de-todo-debe-estar-el-ciudadano-alfonso-martinez","status":"publish","type":"post","link":"https:\/\/diarioabcdemichoacan.com.mx\/lasnoticias\/por-encima-de-todo-debe-estar-el-ciudadano-alfonso-martinez\/","title":{"rendered":"Por encima de todo debe estar el ciudadano: Alfonso Mart\u00ednez"},"content":{"rendered":"<h2>Comparti\u00f3 buenas pr\u00e1cticas con alcalde y l\u00edderes de Tanganc\u00edcuaro.<\/h2>\n<div><\/div>\n<ul>\n<li>Llam\u00f3 a alzar la voz por el campo mexicano, abandonado por la Federaci\u00f3n.<\/li>\n<\/ul>\n<div><\/div>\n<div>\n<hr \/>\n<p>Tanganc\u00edcuaro, Mich.- El presidente municipal de Morelia, Alfonso Mart\u00ednez Alc\u00e1zar, se\u00f1al\u00f3 que los municipios y l\u00edderes locales -independientemente de sus colores partidistas- deben trabajar juntos y poniendo por encima de todo la voz del ciudadano.<\/p><\/div>\n<div><\/div>\n<div>Acompa\u00f1ado por el presidente municipal de Tanganc\u00edcuaro, Arturo Hern\u00e1ndez V\u00e1zquez, y liderazgos de esta localidad, el alcalde de Morelia particip\u00f3 en una reuni\u00f3n para compartir buenas pr\u00e1cticas de beneficio para ambas poblaciones.<\/div>\n<div><\/div>\n<div>\u00abTenemos que construir todos juntos, pero poniendo por encima la voz del ciudadano\u00bb,\u00a0 expres\u00f3 Alfonso Mart\u00ednez.<\/div>\n<div><\/div>\n<div>En ese sentido, hizo un llamado al di\u00e1logo y a alzar la voz juntos en temas como el campo, donde la Federaci\u00f3n ha acabado con los apoyos a los productores y los ha dejado en el desamparo ante la competencia desleal internacional.<\/div>\n<div><\/div>\n<div>El alcalde de Tanganc\u00edcuaro Arturo Hern\u00e1ndez, coincidi\u00f3 en que los municipios deben trabajar juntos para la construcci\u00f3n de la paz, pues hoy son muchas michoacanas y michoacanos que realizan sus actividades con miedo y zozobra a causa de la inseguridad.<\/div>\n<div><\/div>\n<div>L\u00edderes como Mar\u00eda Asunci\u00f3n Ortega Andrade, V\u00edctor Urenda Maga\u00f1a y Eraclio Bernab\u00e9 Marcelo, presentes en el evento, coincidieron en que las necesidades de Michoac\u00e1n est\u00e1n por encima de cualquier color partidista.<\/div>\n<div><\/div>\n<div>Cabe se\u00f1alar que la reuni\u00f3n estuvo nutrida con la presencia de la presidenta del DIF Tanganc\u00edcuaro, Elsa Mart\u00ednez Garc\u00eda; el expresidente municipal, Pascual Hern\u00e1ndez Tinajero; as\u00ed como familias tanganc\u00edcuarenses, l\u00edderes del campo y luchadores de causas sociales.<\/div>\n","protected":false},"excerpt":{"rendered":"<p>Comparti\u00f3 buenas pr\u00e1cticas con alcalde y l\u00edderes de Tanganc\u00edcuaro. Llam\u00f3 a alzar la voz por el campo mexicano, abandonado por la Federaci\u00f3n. Tanganc\u00edcuaro, Mich.- El presidente municipal de Morelia, Alfonso Mart\u00ednez Alc\u00e1zar, se\u00f1al\u00f3 que los municipios y l\u00edderes locales -independientemente de sus colores partidistas- deben trabajar juntos y poniendo por encima de todo la voz [&hellip;]<\/p>\n","protected":false},"author":9,"featured_media":77355,"comment_status":"closed","ping_status":"closed","sticky":false,"template":"","format":"standard","meta":{"footnotes":""},"categories":[18,7,28,27],"tags":[],"class_list":{"0":"post-77354","1":"post","2":"type-post","3":"status-publish","4":"format-standard","5":"has-post-thumbnail","7":"category-ayuntamiento-de-morelia","8":"category-morelia","9":"category-politica","10":"category-slider"},"yoast_head":"<!-- This site is optimized with the Yoast SEO plugin v24.0 - https:\/\/yoast.com\/wordpress\/plugins\/seo\/ -->\n<title>Por encima de todo debe estar el ciudadano: Alfonso Mart\u00ednez - Diario ABC de Michoac\u00e1n<\/title>\n<meta name=\"robots\" content=\"index, follow, max-snippet:-1, max-image-preview:large, max-video-preview:-1\" \/>\n<link rel=\"canonical\" href=\"https:\/\/diarioabcdemichoacan.com.mx\/lasnoticias\/por-encima-de-todo-debe-estar-el-ciudadano-alfonso-martinez\/\" \/>\n<meta property=\"og:locale\" content=\"es_ES\" \/>\n<meta property=\"og:type\" content=\"article\" \/>\n<meta property=\"og:title\" content=\"Por encima de todo debe estar el ciudadano: Alfonso Mart\u00ednez - Diario ABC de Michoac\u00e1n\" \/>\n<meta property=\"og:description\" content=\"Comparti\u00f3 buenas pr\u00e1cticas con alcalde y l\u00edderes de Tanganc\u00edcuaro. Llam\u00f3 a alzar la voz por el campo mexicano, abandonado por la Federaci\u00f3n. Tanganc\u00edcuaro, Mich.- El presidente municipal de Morelia, Alfonso Mart\u00ednez Alc\u00e1zar, se\u00f1al\u00f3 que los municipios y l\u00edderes locales -independientemente de sus colores partidistas- deben trabajar juntos y poniendo por encima de todo la voz [&hellip;]\" \/>\n<meta property=\"og:url\" content=\"https:\/\/diarioabcdemichoacan.com.mx\/lasnoticias\/por-encima-de-todo-debe-estar-el-ciudadano-alfonso-martinez\/\" \/>\n<meta property=\"og:site_name\" content=\"Diario ABC de Michoac\u00e1n\" \/>\n<meta property=\"article:published_time\" content=\"2026-03-16T19:51:05+00:00\" \/>\n<meta property=\"og:image\" content=\"https:\/\/diarioabcdemichoacan.com.mx\/lasnoticias\/wp-content\/uploads\/2026\/03\/WhatsApp-Image-2026-03-15-at-11.10.26-AM.jpeg\" \/>\n\t<meta property=\"og:image:width\" content=\"1280\" \/>\n\t<meta property=\"og:image:height\" content=\"853\" \/>\n\t<meta property=\"og:image:type\" content=\"image\/jpeg\" \/>\n<meta name=\"author\" content=\"AR\" \/>\n<meta name=\"twitter:card\" content=\"summary_large_image\" \/>\n<meta name=\"twitter:label1\" content=\"Escrito por\" \/>\n\t<meta name=\"twitter:data1\" content=\"AR\" \/>\n\t<meta name=\"twitter:label2\" content=\"Tiempo de lectura\" \/>\n\t<meta name=\"twitter:data2\" content=\"2 minutos\" \/>\n<script type=\"application\/ld+json\" class=\"yoast-schema-graph\">{\"@context\":\"https:\/\/schema.org\",\"@graph\":[{\"@type\":\"WebPage\",\"@id\":\"https:\/\/diarioabcdemichoacan.com.mx\/lasnoticias\/por-encima-de-todo-debe-estar-el-ciudadano-alfonso-martinez\/\",\"url\":\"https:\/\/diarioabcdemichoacan.com.mx\/lasnoticias\/por-encima-de-todo-debe-estar-el-ciudadano-alfonso-martinez\/\",\"name\":\"Por encima de todo debe estar el ciudadano: Alfonso Mart\u00ednez - Diario ABC de Michoac\u00e1n\",\"isPartOf\":{\"@id\":\"https:\/\/diarioabcdemichoacan.com.mx\/lasnoticias\/#website\"},\"primaryImageOfPage\":{\"@id\":\"https:\/\/diarioabcdemichoacan.com.mx\/lasnoticias\/por-encima-de-todo-debe-estar-el-ciudadano-alfonso-martinez\/#primaryimage\"},\"image\":{\"@id\":\"https:\/\/diarioabcdemichoacan.com.mx\/lasnoticias\/por-encima-de-todo-debe-estar-el-ciudadano-alfonso-martinez\/#primaryimage\"},\"thumbnailUrl\":\"https:\/\/diarioabcdemichoacan.com.mx\/lasnoticias\/wp-content\/uploads\/2026\/03\/WhatsApp-Image-2026-03-15-at-11.10.26-AM.jpeg\",\"datePublished\":\"2026-03-16T19:51:05+00:00\",\"dateModified\":\"2026-03-16T19:51:05+00:00\",\"author\":{\"@id\":\"https:\/\/diarioabcdemichoacan.com.mx\/lasnoticias\/#\/schema\/person\/19ae376040f6cbc489682ebdd8524852\"},\"breadcrumb\":{\"@id\":\"https:\/\/diarioabcdemichoacan.com.mx\/lasnoticias\/por-encima-de-todo-debe-estar-el-ciudadano-alfonso-martinez\/#breadcrumb\"},\"inLanguage\":\"es\",\"potentialAction\":[{\"@type\":\"ReadAction\",\"target\":[\"https:\/\/diarioabcdemichoacan.com.mx\/lasnoticias\/por-encima-de-todo-debe-estar-el-ciudadano-alfonso-martinez\/\"]}]},{\"@type\":\"ImageObject\",\"inLanguage\":\"es\",\"@id\":\"https:\/\/diarioabcdemichoacan.com.mx\/lasnoticias\/por-encima-de-todo-debe-estar-el-ciudadano-alfonso-martinez\/#primaryimage\",\"url\":\"https:\/\/diarioabcdemichoacan.com.mx\/lasnoticias\/wp-content\/uploads\/2026\/03\/WhatsApp-Image-2026-03-15-at-11.10.26-AM.jpeg\",\"contentUrl\":\"https:\/\/diarioabcdemichoacan.com.mx\/lasnoticias\/wp-content\/uploads\/2026\/03\/WhatsApp-Image-2026-03-15-at-11.10.26-AM.jpeg\",\"width\":1280,\"height\":853},{\"@type\":\"BreadcrumbList\",\"@id\":\"https:\/\/diarioabcdemichoacan.com.mx\/lasnoticias\/por-encima-de-todo-debe-estar-el-ciudadano-alfonso-martinez\/#breadcrumb\",\"itemListElement\":[{\"@type\":\"ListItem\",\"position\":1,\"name\":\"Portada\",\"item\":\"https:\/\/diarioabcdemichoacan.com.mx\/lasnoticias\/\"},{\"@type\":\"ListItem\",\"position\":2,\"name\":\"Por encima de todo debe estar el ciudadano: Alfonso Mart\u00ednez\"}]},{\"@type\":\"WebSite\",\"@id\":\"https:\/\/diarioabcdemichoacan.com.mx\/lasnoticias\/#website\",\"url\":\"https:\/\/diarioabcdemichoacan.com.mx\/lasnoticias\/\",\"name\":\"Diario ABC de Michoac\u00e1n\",\"description\":\"Las noticias al momento\",\"potentialAction\":[{\"@type\":\"SearchAction\",\"target\":{\"@type\":\"EntryPoint\",\"urlTemplate\":\"https:\/\/diarioabcdemichoacan.com.mx\/lasnoticias\/?s={search_term_string}\"},\"query-input\":{\"@type\":\"PropertyValueSpecification\",\"valueRequired\":true,\"valueName\":\"search_term_string\"}}],\"inLanguage\":\"es\"},{\"@type\":\"Person\",\"@id\":\"https:\/\/diarioabcdemichoacan.com.mx\/lasnoticias\/#\/schema\/person\/19ae376040f6cbc489682ebdd8524852\",\"name\":\"AR\",\"image\":{\"@type\":\"ImageObject\",\"inLanguage\":\"es\",\"@id\":\"https:\/\/diarioabcdemichoacan.com.mx\/lasnoticias\/#\/schema\/person\/image\/\",\"url\":\"https:\/\/secure.gravatar.com\/avatar\/44eca2ff970262234e20e1e082872af0?s=96&d=mm&r=g\",\"contentUrl\":\"https:\/\/secure.gravatar.com\/avatar\/44eca2ff970262234e20e1e082872af0?s=96&d=mm&r=g\",\"caption\":\"AR\"},\"url\":\"https:\/\/diarioabcdemichoacan.com.mx\/lasnoticias\/author\/adrian\/\"}]}<\/script>\n<!-- \/ Yoast SEO plugin. -->","yoast_head_json":{"title":"Por encima de todo debe estar el ciudadano: Alfonso Mart\u00ednez - Diario ABC de Michoac\u00e1n","robots":{"index":"index","follow":"follow","max-snippet":"max-snippet:-1","max-image-preview":"max-image-preview:large","max-video-preview":"max-video-preview:-1"},"canonical":"https:\/\/diarioabcdemichoacan.com.mx\/lasnoticias\/por-encima-de-todo-debe-estar-el-ciudadano-alfonso-martinez\/","og_locale":"es_ES","og_type":"article","og_title":"Por encima de todo debe estar el ciudadano: Alfonso Mart\u00ednez - Diario ABC de Michoac\u00e1n","og_description":"Comparti\u00f3 buenas pr\u00e1cticas con alcalde y l\u00edderes de Tanganc\u00edcuaro. Llam\u00f3 a alzar la voz por el campo mexicano, abandonado por la Federaci\u00f3n. Tanganc\u00edcuaro, Mich.- El presidente municipal de Morelia, Alfonso Mart\u00ednez Alc\u00e1zar, se\u00f1al\u00f3 que los municipios y l\u00edderes locales -independientemente de sus colores partidistas- deben trabajar juntos y poniendo por encima de todo la voz [&hellip;]","og_url":"https:\/\/diarioabcdemichoacan.com.mx\/lasnoticias\/por-encima-de-todo-debe-estar-el-ciudadano-alfonso-martinez\/","og_site_name":"Diario ABC de Michoac\u00e1n","article_published_time":"2026-03-16T19:51:05+00:00","og_image":[{"width":1280,"height":853,"url":"https:\/\/diarioabcdemichoacan.com.mx\/lasnoticias\/wp-content\/uploads\/2026\/03\/WhatsApp-Image-2026-03-15-at-11.10.26-AM.jpeg","type":"image\/jpeg"}],"author":"AR","twitter_card":"summary_large_image","twitter_misc":{"Escrito por":"AR","Tiempo de lectura":"2 minutos"},"schema":{"@context":"https:\/\/schema.org","@graph":[{"@type":"WebPage","@id":"https:\/\/diarioabcdemichoacan.com.mx\/lasnoticias\/por-encima-de-todo-debe-estar-el-ciudadano-alfonso-martinez\/","url":"https:\/\/diarioabcdemichoacan.com.mx\/lasnoticias\/por-encima-de-todo-debe-estar-el-ciudadano-alfonso-martinez\/","name":"Por encima de todo debe estar el ciudadano: Alfonso Mart\u00ednez - Diario ABC de Michoac\u00e1n","isPartOf":{"@id":"https:\/\/diarioabcdemichoacan.com.mx\/lasnoticias\/#website"},"primaryImageOfPage":{"@id":"https:\/\/diarioabcdemichoacan.com.mx\/lasnoticias\/por-encima-de-todo-debe-estar-el-ciudadano-alfonso-martinez\/#primaryimage"},"image":{"@id":"https:\/\/diarioabcdemichoacan.com.mx\/lasnoticias\/por-encima-de-todo-debe-estar-el-ciudadano-alfonso-martinez\/#primaryimage"},"thumbnailUrl":"https:\/\/diarioabcdemichoacan.com.mx\/lasnoticias\/wp-content\/uploads\/2026\/03\/WhatsApp-Image-2026-03-15-at-11.10.26-AM.jpeg","datePublished":"2026-03-16T19:51:05+00:00","dateModified":"2026-03-16T19:51:05+00:00","author":{"@id":"https:\/\/diarioabcdemichoacan.com.mx\/lasnoticias\/#\/schema\/person\/19ae376040f6cbc489682ebdd8524852"},"breadcrumb":{"@id":"https:\/\/diarioabcdemichoacan.com.mx\/lasnoticias\/por-encima-de-todo-debe-estar-el-ciudadano-alfonso-martinez\/#breadcrumb"},"inLanguage":"es","potentialAction":[{"@type":"ReadAction","target":["https:\/\/diarioabcdemichoacan.com.mx\/lasnoticias\/por-encima-de-todo-debe-estar-el-ciudadano-alfonso-martinez\/"]}]},{"@type":"ImageObject","inLanguage":"es","@id":"https:\/\/diarioabcdemichoacan.com.mx\/lasnoticias\/por-encima-de-todo-debe-estar-el-ciudadano-alfonso-martinez\/#primaryimage","url":"https:\/\/diarioabcdemichoacan.com.mx\/lasnoticias\/wp-content\/uploads\/2026\/03\/WhatsApp-Image-2026-03-15-at-11.10.26-AM.jpeg","contentUrl":"https:\/\/diarioabcdemichoacan.com.mx\/lasnoticias\/wp-content\/uploads\/2026\/03\/WhatsApp-Image-2026-03-15-at-11.10.26-AM.jpeg","width":1280,"height":853},{"@type":"BreadcrumbList","@id":"https:\/\/diarioabcdemichoacan.com.mx\/lasnoticias\/por-encima-de-todo-debe-estar-el-ciudadano-alfonso-martinez\/#breadcrumb","itemListElement":[{"@type":"ListItem","position":1,"name":"Portada","item":"https:\/\/diarioabcdemichoacan.com.mx\/lasnoticias\/"},{"@type":"ListItem","position":2,"name":"Por encima de todo debe estar el ciudadano: Alfonso Mart\u00ednez"}]},{"@type":"WebSite","@id":"https:\/\/diarioabcdemichoacan.com.mx\/lasnoticias\/#website","url":"https:\/\/diarioabcdemichoacan.com.mx\/lasnoticias\/","name":"Diario ABC de Michoac\u00e1n","description":"Las noticias al momento","potentialAction":[{"@type":"SearchAction","target":{"@type":"EntryPoint","urlTemplate":"https:\/\/diarioabcdemichoacan.com.mx\/lasnoticias\/?s={search_term_string}"},"query-input":{"@type":"PropertyValueSpecification","valueRequired":true,"valueName":"search_term_string"}}],"inLanguage":"es"},{"@type":"Person","@id":"https:\/\/diarioabcdemichoacan.com.mx\/lasnoticias\/#\/schema\/person\/19ae376040f6cbc489682ebdd8524852","name":"AR","image":{"@type":"ImageObject","inLanguage":"es","@id":"https:\/\/diarioabcdemichoacan.com.mx\/lasnoticias\/#\/schema\/person\/image\/","url":"https:\/\/secure.gravatar.com\/avatar\/44eca2ff970262234e20e1e082872af0?s=96&d=mm&r=g","contentUrl":"https:\/\/secure.gravatar.com\/avatar\/44eca2ff970262234e20e1e082872af0?s=96&d=mm&r=g","caption":"AR"},"url":"https:\/\/diarioabcdemichoacan.com.mx\/lasnoticias\/author\/adrian\/"}]}},"_links":{"self":[{"href":"https:\/\/diarioabcdemichoacan.com.mx\/lasnoticias\/wp-json\/wp\/v2\/posts\/77354","targetHints":{"allow":["GET"]}}],"collection":[{"href":"https:\/\/diarioabcdemichoacan.com.mx\/lasnoticias\/wp-json\/wp\/v2\/posts"}],"about":[{"href":"https:\/\/diarioabcdemichoacan.com.mx\/lasnoticias\/wp-json\/wp\/v2\/types\/post"}],"author":[{"embeddable":true,"href":"https:\/\/diarioabcdemichoacan.com.mx\/lasnoticias\/wp-json\/wp\/v2\/users\/9"}],"replies":[{"embeddable":true,"href":"https:\/\/diarioabcdemichoacan.com.mx\/lasnoticias\/wp-json\/wp\/v2\/comments?post=77354"}],"version-history":[{"count":1,"href":"https:\/\/diarioabcdemichoacan.com.mx\/lasnoticias\/wp-json\/wp\/v2\/posts\/77354\/revisions"}],"predecessor-version":[{"id":77356,"href":"https:\/\/diarioabcdemichoacan.com.mx\/lasnoticias\/wp-json\/wp\/v2\/posts\/77354\/revisions\/77356"}],"wp:featuredmedia":[{"embeddable":true,"href":"https:\/\/diarioabcdemichoacan.com.mx\/lasnoticias\/wp-json\/wp\/v2\/media\/77355"}],"wp:attachment":[{"href":"https:\/\/diarioabcdemichoacan.com.mx\/lasnoticias\/wp-json\/wp\/v2\/media?parent=77354"}],"wp:term":[{"taxonomy":"category","embeddable":true,"href":"https:\/\/diarioabcdemichoacan.com.mx\/lasnoticias\/wp-json\/wp\/v2\/categories?post=77354"},{"taxonomy":"post_tag","embeddable":true,"href":"https:\/\/diarioabcdemichoacan.com.mx\/lasnoticias\/wp-json\/wp\/v2\/tags?post=77354"}],"curies":[{"name":"wp","href":"https:\/\/api.w.org\/{rel}","templated":true}]}}