{"id":77357,"date":"2026-03-16T13:54:03","date_gmt":"2026-03-16T19:54:03","guid":{"rendered":"https:\/\/diarioabcdemichoacan.com.mx\/lasnoticias\/?p=77357"},"modified":"2026-03-16T13:54:03","modified_gmt":"2026-03-16T19:54:03","slug":"todo-listo-el-18-de-abril-arranca-el-teleferico-de-uruapan-con-seguridad-de-primer-nivel","status":"publish","type":"post","link":"https:\/\/diarioabcdemichoacan.com.mx\/lasnoticias\/todo-listo-el-18-de-abril-arranca-el-teleferico-de-uruapan-con-seguridad-de-primer-nivel\/","title":{"rendered":"\u00a1Todo listo! El 18 de abril arranca el telef\u00e9rico de Uruapan con seguridad de primer nivel"},"content":{"rendered":"<hr \/>\n<p>Morelia, Mich.- Con el objetivo de ofrecer un servicio de transporte p\u00fablico moderno, eficiente y seguro, el gobernador Alfredo Ram\u00edrez Bedolla inform\u00f3 que el nuevo telef\u00e9rico de Uruapan operar\u00e1 bajo los m\u00e1s estrictos est\u00e1ndares de seguridad internacional a partir de su inauguraci\u00f3n programada para el pr\u00f3ximo 18 de abril.<\/p>\n<p>El mandatario estatal destac\u00f3 que este proyecto no solo transformar\u00e1 la movilidad de la regi\u00f3n, sino que se ha dise\u00f1ado como un entorno blindado para el bienestar de las y los usuarios.<\/p>\n<p>\u00abCada cabina y cada estaci\u00f3n contar\u00e1n con sistemas de vanguardia para garantizar un servicio de primer nivel\u00bb, se\u00f1al\u00f3 Ram\u00edrez Bedolla, tras puntualizar que para asegurar un trayecto tranquilo, el sistema integrar\u00e1 diversas medidas de seguridad.<\/p>\n<p>Detall\u00f3 que las 91 cabinas estar\u00e1n equipadas con c\u00e1maras de seguridad tanto en su interior como en el exterior y se han instalado botones de p\u00e1nico en cada unidad para que los pasajeros puedan reportar cualquier emergencia o eventualidad durante su trayecto.<\/p>\n<p>Adem\u00e1s de que las seis estaciones del sistema contar\u00e1n de manera permanente con agentes de seguridad y personal de servicio m\u00e9dico para atenci\u00f3n inmediata.<\/p>\n<p>El gobernador refiri\u00f3 que el telef\u00e9rico de Uruapan est\u00e1 preparado para mantener su marcha ya que el sistema dispone de tres motores de repuesto, los cuales entrar\u00e1n en operaci\u00f3n de forma autom\u00e1tica en caso de apagones o fallas en el suministro el\u00e9ctrico.<\/p>\n","protected":false},"excerpt":{"rendered":"<p>Morelia, Mich.- Con el objetivo de ofrecer un servicio de transporte p\u00fablico moderno, eficiente y seguro, el gobernador Alfredo Ram\u00edrez Bedolla inform\u00f3 que el nuevo telef\u00e9rico de Uruapan operar\u00e1 bajo los m\u00e1s estrictos est\u00e1ndares de seguridad internacional a partir de su inauguraci\u00f3n programada para el pr\u00f3ximo 18 de abril. El mandatario estatal destac\u00f3 que este [&hellip;]<\/p>\n","protected":false},"author":9,"featured_media":77358,"comment_status":"closed","ping_status":"closed","sticky":false,"template":"","format":"standard","meta":{"footnotes":""},"categories":[10,17,28,27,3],"tags":[],"class_list":{"0":"post-77357","1":"post","2":"type-post","3":"status-publish","4":"format-standard","5":"has-post-thumbnail","7":"category-estado","8":"category-gobierno-de-michoacan","9":"category-politica","10":"category-slider","11":"category-uruapan"},"yoast_head":"<!-- This site is optimized with the Yoast SEO plugin v24.0 - https:\/\/yoast.com\/wordpress\/plugins\/seo\/ -->\n<title>\u00a1Todo listo! El 18 de abril arranca el telef\u00e9rico de Uruapan con seguridad de primer nivel - Diario ABC de Michoac\u00e1n<\/title>\n<meta name=\"robots\" content=\"index, follow, max-snippet:-1, max-image-preview:large, max-video-preview:-1\" \/>\n<link rel=\"canonical\" href=\"https:\/\/diarioabcdemichoacan.com.mx\/lasnoticias\/todo-listo-el-18-de-abril-arranca-el-teleferico-de-uruapan-con-seguridad-de-primer-nivel\/\" \/>\n<meta property=\"og:locale\" content=\"es_ES\" \/>\n<meta property=\"og:type\" content=\"article\" \/>\n<meta property=\"og:title\" content=\"\u00a1Todo listo! El 18 de abril arranca el telef\u00e9rico de Uruapan con seguridad de primer nivel - Diario ABC de Michoac\u00e1n\" \/>\n<meta property=\"og:description\" content=\"Morelia, Mich.- Con el objetivo de ofrecer un servicio de transporte p\u00fablico moderno, eficiente y seguro, el gobernador Alfredo Ram\u00edrez Bedolla inform\u00f3 que el nuevo telef\u00e9rico de Uruapan operar\u00e1 bajo los m\u00e1s estrictos est\u00e1ndares de seguridad internacional a partir de su inauguraci\u00f3n programada para el pr\u00f3ximo 18 de abril. El mandatario estatal destac\u00f3 que este [&hellip;]\" \/>\n<meta property=\"og:url\" content=\"https:\/\/diarioabcdemichoacan.com.mx\/lasnoticias\/todo-listo-el-18-de-abril-arranca-el-teleferico-de-uruapan-con-seguridad-de-primer-nivel\/\" \/>\n<meta property=\"og:site_name\" content=\"Diario ABC de Michoac\u00e1n\" \/>\n<meta property=\"article:published_time\" content=\"2026-03-16T19:54:03+00:00\" \/>\n<meta property=\"og:image\" content=\"https:\/\/diarioabcdemichoacan.com.mx\/lasnoticias\/wp-content\/uploads\/2026\/03\/WhatsApp-Image-2026-03-15-at-2.14.37-PM.jpeg\" \/>\n\t<meta property=\"og:image:width\" content=\"1280\" \/>\n\t<meta property=\"og:image:height\" content=\"960\" \/>\n\t<meta property=\"og:image:type\" content=\"image\/jpeg\" \/>\n<meta name=\"author\" content=\"AR\" \/>\n<meta name=\"twitter:card\" content=\"summary_large_image\" \/>\n<meta name=\"twitter:label1\" content=\"Escrito por\" \/>\n\t<meta name=\"twitter:data1\" content=\"AR\" \/>\n\t<meta name=\"twitter:label2\" content=\"Tiempo de lectura\" \/>\n\t<meta name=\"twitter:data2\" content=\"2 minutos\" \/>\n<script type=\"application\/ld+json\" class=\"yoast-schema-graph\">{\"@context\":\"https:\/\/schema.org\",\"@graph\":[{\"@type\":\"WebPage\",\"@id\":\"https:\/\/diarioabcdemichoacan.com.mx\/lasnoticias\/todo-listo-el-18-de-abril-arranca-el-teleferico-de-uruapan-con-seguridad-de-primer-nivel\/\",\"url\":\"https:\/\/diarioabcdemichoacan.com.mx\/lasnoticias\/todo-listo-el-18-de-abril-arranca-el-teleferico-de-uruapan-con-seguridad-de-primer-nivel\/\",\"name\":\"\u00a1Todo listo! El 18 de abril arranca el telef\u00e9rico de Uruapan con seguridad de primer nivel - Diario ABC de Michoac\u00e1n\",\"isPartOf\":{\"@id\":\"https:\/\/diarioabcdemichoacan.com.mx\/lasnoticias\/#website\"},\"primaryImageOfPage\":{\"@id\":\"https:\/\/diarioabcdemichoacan.com.mx\/lasnoticias\/todo-listo-el-18-de-abril-arranca-el-teleferico-de-uruapan-con-seguridad-de-primer-nivel\/#primaryimage\"},\"image\":{\"@id\":\"https:\/\/diarioabcdemichoacan.com.mx\/lasnoticias\/todo-listo-el-18-de-abril-arranca-el-teleferico-de-uruapan-con-seguridad-de-primer-nivel\/#primaryimage\"},\"thumbnailUrl\":\"https:\/\/diarioabcdemichoacan.com.mx\/lasnoticias\/wp-content\/uploads\/2026\/03\/WhatsApp-Image-2026-03-15-at-2.14.37-PM.jpeg\",\"datePublished\":\"2026-03-16T19:54:03+00:00\",\"dateModified\":\"2026-03-16T19:54:03+00:00\",\"author\":{\"@id\":\"https:\/\/diarioabcdemichoacan.com.mx\/lasnoticias\/#\/schema\/person\/19ae376040f6cbc489682ebdd8524852\"},\"breadcrumb\":{\"@id\":\"https:\/\/diarioabcdemichoacan.com.mx\/lasnoticias\/todo-listo-el-18-de-abril-arranca-el-teleferico-de-uruapan-con-seguridad-de-primer-nivel\/#breadcrumb\"},\"inLanguage\":\"es\",\"potentialAction\":[{\"@type\":\"ReadAction\",\"target\":[\"https:\/\/diarioabcdemichoacan.com.mx\/lasnoticias\/todo-listo-el-18-de-abril-arranca-el-teleferico-de-uruapan-con-seguridad-de-primer-nivel\/\"]}]},{\"@type\":\"ImageObject\",\"inLanguage\":\"es\",\"@id\":\"https:\/\/diarioabcdemichoacan.com.mx\/lasnoticias\/todo-listo-el-18-de-abril-arranca-el-teleferico-de-uruapan-con-seguridad-de-primer-nivel\/#primaryimage\",\"url\":\"https:\/\/diarioabcdemichoacan.com.mx\/lasnoticias\/wp-content\/uploads\/2026\/03\/WhatsApp-Image-2026-03-15-at-2.14.37-PM.jpeg\",\"contentUrl\":\"https:\/\/diarioabcdemichoacan.com.mx\/lasnoticias\/wp-content\/uploads\/2026\/03\/WhatsApp-Image-2026-03-15-at-2.14.37-PM.jpeg\",\"width\":1280,\"height\":960},{\"@type\":\"BreadcrumbList\",\"@id\":\"https:\/\/diarioabcdemichoacan.com.mx\/lasnoticias\/todo-listo-el-18-de-abril-arranca-el-teleferico-de-uruapan-con-seguridad-de-primer-nivel\/#breadcrumb\",\"itemListElement\":[{\"@type\":\"ListItem\",\"position\":1,\"name\":\"Portada\",\"item\":\"https:\/\/diarioabcdemichoacan.com.mx\/lasnoticias\/\"},{\"@type\":\"ListItem\",\"position\":2,\"name\":\"\u00a1Todo listo! El 18 de abril arranca el telef\u00e9rico de Uruapan con seguridad de primer nivel\"}]},{\"@type\":\"WebSite\",\"@id\":\"https:\/\/diarioabcdemichoacan.com.mx\/lasnoticias\/#website\",\"url\":\"https:\/\/diarioabcdemichoacan.com.mx\/lasnoticias\/\",\"name\":\"Diario ABC de Michoac\u00e1n\",\"description\":\"Las noticias al momento\",\"potentialAction\":[{\"@type\":\"SearchAction\",\"target\":{\"@type\":\"EntryPoint\",\"urlTemplate\":\"https:\/\/diarioabcdemichoacan.com.mx\/lasnoticias\/?s={search_term_string}\"},\"query-input\":{\"@type\":\"PropertyValueSpecification\",\"valueRequired\":true,\"valueName\":\"search_term_string\"}}],\"inLanguage\":\"es\"},{\"@type\":\"Person\",\"@id\":\"https:\/\/diarioabcdemichoacan.com.mx\/lasnoticias\/#\/schema\/person\/19ae376040f6cbc489682ebdd8524852\",\"name\":\"AR\",\"image\":{\"@type\":\"ImageObject\",\"inLanguage\":\"es\",\"@id\":\"https:\/\/diarioabcdemichoacan.com.mx\/lasnoticias\/#\/schema\/person\/image\/\",\"url\":\"https:\/\/secure.gravatar.com\/avatar\/44eca2ff970262234e20e1e082872af0?s=96&d=mm&r=g\",\"contentUrl\":\"https:\/\/secure.gravatar.com\/avatar\/44eca2ff970262234e20e1e082872af0?s=96&d=mm&r=g\",\"caption\":\"AR\"},\"url\":\"https:\/\/diarioabcdemichoacan.com.mx\/lasnoticias\/author\/adrian\/\"}]}<\/script>\n<!-- \/ Yoast SEO plugin. -->","yoast_head_json":{"title":"\u00a1Todo listo! El 18 de abril arranca el telef\u00e9rico de Uruapan con seguridad de primer nivel - Diario ABC de Michoac\u00e1n","robots":{"index":"index","follow":"follow","max-snippet":"max-snippet:-1","max-image-preview":"max-image-preview:large","max-video-preview":"max-video-preview:-1"},"canonical":"https:\/\/diarioabcdemichoacan.com.mx\/lasnoticias\/todo-listo-el-18-de-abril-arranca-el-teleferico-de-uruapan-con-seguridad-de-primer-nivel\/","og_locale":"es_ES","og_type":"article","og_title":"\u00a1Todo listo! El 18 de abril arranca el telef\u00e9rico de Uruapan con seguridad de primer nivel - Diario ABC de Michoac\u00e1n","og_description":"Morelia, Mich.- Con el objetivo de ofrecer un servicio de transporte p\u00fablico moderno, eficiente y seguro, el gobernador Alfredo Ram\u00edrez Bedolla inform\u00f3 que el nuevo telef\u00e9rico de Uruapan operar\u00e1 bajo los m\u00e1s estrictos est\u00e1ndares de seguridad internacional a partir de su inauguraci\u00f3n programada para el pr\u00f3ximo 18 de abril. El mandatario estatal destac\u00f3 que este [&hellip;]","og_url":"https:\/\/diarioabcdemichoacan.com.mx\/lasnoticias\/todo-listo-el-18-de-abril-arranca-el-teleferico-de-uruapan-con-seguridad-de-primer-nivel\/","og_site_name":"Diario ABC de Michoac\u00e1n","article_published_time":"2026-03-16T19:54:03+00:00","og_image":[{"width":1280,"height":960,"url":"https:\/\/diarioabcdemichoacan.com.mx\/lasnoticias\/wp-content\/uploads\/2026\/03\/WhatsApp-Image-2026-03-15-at-2.14.37-PM.jpeg","type":"image\/jpeg"}],"author":"AR","twitter_card":"summary_large_image","twitter_misc":{"Escrito por":"AR","Tiempo de lectura":"2 minutos"},"schema":{"@context":"https:\/\/schema.org","@graph":[{"@type":"WebPage","@id":"https:\/\/diarioabcdemichoacan.com.mx\/lasnoticias\/todo-listo-el-18-de-abril-arranca-el-teleferico-de-uruapan-con-seguridad-de-primer-nivel\/","url":"https:\/\/diarioabcdemichoacan.com.mx\/lasnoticias\/todo-listo-el-18-de-abril-arranca-el-teleferico-de-uruapan-con-seguridad-de-primer-nivel\/","name":"\u00a1Todo listo! El 18 de abril arranca el telef\u00e9rico de Uruapan con seguridad de primer nivel - Diario ABC de Michoac\u00e1n","isPartOf":{"@id":"https:\/\/diarioabcdemichoacan.com.mx\/lasnoticias\/#website"},"primaryImageOfPage":{"@id":"https:\/\/diarioabcdemichoacan.com.mx\/lasnoticias\/todo-listo-el-18-de-abril-arranca-el-teleferico-de-uruapan-con-seguridad-de-primer-nivel\/#primaryimage"},"image":{"@id":"https:\/\/diarioabcdemichoacan.com.mx\/lasnoticias\/todo-listo-el-18-de-abril-arranca-el-teleferico-de-uruapan-con-seguridad-de-primer-nivel\/#primaryimage"},"thumbnailUrl":"https:\/\/diarioabcdemichoacan.com.mx\/lasnoticias\/wp-content\/uploads\/2026\/03\/WhatsApp-Image-2026-03-15-at-2.14.37-PM.jpeg","datePublished":"2026-03-16T19:54:03+00:00","dateModified":"2026-03-16T19:54:03+00:00","author":{"@id":"https:\/\/diarioabcdemichoacan.com.mx\/lasnoticias\/#\/schema\/person\/19ae376040f6cbc489682ebdd8524852"},"breadcrumb":{"@id":"https:\/\/diarioabcdemichoacan.com.mx\/lasnoticias\/todo-listo-el-18-de-abril-arranca-el-teleferico-de-uruapan-con-seguridad-de-primer-nivel\/#breadcrumb"},"inLanguage":"es","potentialAction":[{"@type":"ReadAction","target":["https:\/\/diarioabcdemichoacan.com.mx\/lasnoticias\/todo-listo-el-18-de-abril-arranca-el-teleferico-de-uruapan-con-seguridad-de-primer-nivel\/"]}]},{"@type":"ImageObject","inLanguage":"es","@id":"https:\/\/diarioabcdemichoacan.com.mx\/lasnoticias\/todo-listo-el-18-de-abril-arranca-el-teleferico-de-uruapan-con-seguridad-de-primer-nivel\/#primaryimage","url":"https:\/\/diarioabcdemichoacan.com.mx\/lasnoticias\/wp-content\/uploads\/2026\/03\/WhatsApp-Image-2026-03-15-at-2.14.37-PM.jpeg","contentUrl":"https:\/\/diarioabcdemichoacan.com.mx\/lasnoticias\/wp-content\/uploads\/2026\/03\/WhatsApp-Image-2026-03-15-at-2.14.37-PM.jpeg","width":1280,"height":960},{"@type":"BreadcrumbList","@id":"https:\/\/diarioabcdemichoacan.com.mx\/lasnoticias\/todo-listo-el-18-de-abril-arranca-el-teleferico-de-uruapan-con-seguridad-de-primer-nivel\/#breadcrumb","itemListElement":[{"@type":"ListItem","position":1,"name":"Portada","item":"https:\/\/diarioabcdemichoacan.com.mx\/lasnoticias\/"},{"@type":"ListItem","position":2,"name":"\u00a1Todo listo! El 18 de abril arranca el telef\u00e9rico de Uruapan con seguridad de primer nivel"}]},{"@type":"WebSite","@id":"https:\/\/diarioabcdemichoacan.com.mx\/lasnoticias\/#website","url":"https:\/\/diarioabcdemichoacan.com.mx\/lasnoticias\/","name":"Diario ABC de Michoac\u00e1n","description":"Las noticias al momento","potentialAction":[{"@type":"SearchAction","target":{"@type":"EntryPoint","urlTemplate":"https:\/\/diarioabcdemichoacan.com.mx\/lasnoticias\/?s={search_term_string}"},"query-input":{"@type":"PropertyValueSpecification","valueRequired":true,"valueName":"search_term_string"}}],"inLanguage":"es"},{"@type":"Person","@id":"https:\/\/diarioabcdemichoacan.com.mx\/lasnoticias\/#\/schema\/person\/19ae376040f6cbc489682ebdd8524852","name":"AR","image":{"@type":"ImageObject","inLanguage":"es","@id":"https:\/\/diarioabcdemichoacan.com.mx\/lasnoticias\/#\/schema\/person\/image\/","url":"https:\/\/secure.gravatar.com\/avatar\/44eca2ff970262234e20e1e082872af0?s=96&d=mm&r=g","contentUrl":"https:\/\/secure.gravatar.com\/avatar\/44eca2ff970262234e20e1e082872af0?s=96&d=mm&r=g","caption":"AR"},"url":"https:\/\/diarioabcdemichoacan.com.mx\/lasnoticias\/author\/adrian\/"}]}},"_links":{"self":[{"href":"https:\/\/diarioabcdemichoacan.com.mx\/lasnoticias\/wp-json\/wp\/v2\/posts\/77357","targetHints":{"allow":["GET"]}}],"collection":[{"href":"https:\/\/diarioabcdemichoacan.com.mx\/lasnoticias\/wp-json\/wp\/v2\/posts"}],"about":[{"href":"https:\/\/diarioabcdemichoacan.com.mx\/lasnoticias\/wp-json\/wp\/v2\/types\/post"}],"author":[{"embeddable":true,"href":"https:\/\/diarioabcdemichoacan.com.mx\/lasnoticias\/wp-json\/wp\/v2\/users\/9"}],"replies":[{"embeddable":true,"href":"https:\/\/diarioabcdemichoacan.com.mx\/lasnoticias\/wp-json\/wp\/v2\/comments?post=77357"}],"version-history":[{"count":1,"href":"https:\/\/diarioabcdemichoacan.com.mx\/lasnoticias\/wp-json\/wp\/v2\/posts\/77357\/revisions"}],"predecessor-version":[{"id":77359,"href":"https:\/\/diarioabcdemichoacan.com.mx\/lasnoticias\/wp-json\/wp\/v2\/posts\/77357\/revisions\/77359"}],"wp:featuredmedia":[{"embeddable":true,"href":"https:\/\/diarioabcdemichoacan.com.mx\/lasnoticias\/wp-json\/wp\/v2\/media\/77358"}],"wp:attachment":[{"href":"https:\/\/diarioabcdemichoacan.com.mx\/lasnoticias\/wp-json\/wp\/v2\/media?parent=77357"}],"wp:term":[{"taxonomy":"category","embeddable":true,"href":"https:\/\/diarioabcdemichoacan.com.mx\/lasnoticias\/wp-json\/wp\/v2\/categories?post=77357"},{"taxonomy":"post_tag","embeddable":true,"href":"https:\/\/diarioabcdemichoacan.com.mx\/lasnoticias\/wp-json\/wp\/v2\/tags?post=77357"}],"curies":[{"name":"wp","href":"https:\/\/api.w.org\/{rel}","templated":true}]}}