{"id":77375,"date":"2026-03-16T14:01:54","date_gmt":"2026-03-16T20:01:54","guid":{"rendered":"https:\/\/diarioabcdemichoacan.com.mx\/lasnoticias\/?p=77375"},"modified":"2026-03-16T14:01:54","modified_gmt":"2026-03-16T20:01:54","slug":"michoacan-destina-725-mdp-para-infraestructura-de-educacion-superior-rogelio-zarazua","status":"publish","type":"post","link":"https:\/\/diarioabcdemichoacan.com.mx\/lasnoticias\/michoacan-destina-725-mdp-para-infraestructura-de-educacion-superior-rogelio-zarazua\/","title":{"rendered":"Michoac\u00e1n destina 725 mdp para infraestructura de educaci\u00f3n superior: Rogelio Zaraz\u00faa"},"content":{"rendered":"<h2>Las acciones se enmarcan en el Plan Michoac\u00e1n por la Paz y la Justicia<\/h2>\n<p>&nbsp;<\/p>\n<hr \/>\n<p>Morelia, Mich.- El Gobierno de Michoac\u00e1n fortalecer\u00e1 la infraestructura de educaci\u00f3n superior en 2026 con una inversi\u00f3n de 725 millones de pesos, monto que representa un aumento superior al 611 por ciento respecto al a\u00f1o pasado, inform\u00f3 el titular de la Secretar\u00eda de Comunicaciones y Obras P\u00fablicas (SCOP), Rogelio Zaraz\u00faa S\u00e1nchez.<\/p>\n<p>El funcionario estatal destac\u00f3 que en 2025 se recibieron recursos por m\u00e1s de 101.9 millones de pesos para educaci\u00f3n superior, mientras que ahora esa cifra se multiplic\u00f3 por seis para invertir en m\u00e1s de 19 instituciones de educaci\u00f3n superior con presencia en casi todas las regiones del estado, entre ellas la Universidad Michoacana de San Nicol\u00e1s de Hidalgo (UMSNH); las universidades Intercultural Ind\u00edgena, de la Ci\u00e9nega y Tecnol\u00f3gica de Morelia; las tecnol\u00f3gicas y polit\u00e9cnicas de Uruapan, del Oriente de Michoac\u00e1n y de L\u00e1zaro C\u00e1rdenas; y el Instituto Michoacano de Ciencias de la Educaci\u00f3n.<\/p>\n<p>Adem\u00e1s, se destinar\u00e1n recursos para infraestructura en escuelas normales, por lo que se ver\u00e1n beneficiadas la Escuela Normal Rural de Tiripet\u00edo, el Centro Regional de Educaci\u00f3n Normal de Arteaga, la Escuela Normal de Educadoras \u201cProfesor Seraf\u00edn Contreras Manzo\u201d, el Centro de Actualizaci\u00f3n del Magisterio de Michoac\u00e1n y la Escuela Normal Superior de Michoac\u00e1n, entre otras.<\/p>\n<p>Precis\u00f3 que la Universidad Tecnol\u00f3gica y Polit\u00e9cnica de Aquila, que ya cuenta con barda perimetral y edificio propio, recibir\u00e1 un apoyo de 40.2 millones de pesos, monto con el que concluir\u00e1 su construcci\u00f3n para estar lista el pr\u00f3ximo a\u00f1o.<\/p>\n<p>Destac\u00f3 que estas acciones son posibles gracias al Plan Michoac\u00e1n por la Paz y la Justicia, impulsado por la presidenta Claudia Sheinbaum Pardo y el gobernador Alfredo Ram\u00edrez Bedolla.<\/p>\n","protected":false},"excerpt":{"rendered":"<p>Las acciones se enmarcan en el Plan Michoac\u00e1n por la Paz y la Justicia &nbsp; Morelia, Mich.- El Gobierno de Michoac\u00e1n fortalecer\u00e1 la infraestructura de educaci\u00f3n superior en 2026 con una inversi\u00f3n de 725 millones de pesos, monto que representa un aumento superior al 611 por ciento respecto al a\u00f1o pasado, inform\u00f3 el titular de [&hellip;]<\/p>\n","protected":false},"author":9,"featured_media":77376,"comment_status":"closed","ping_status":"closed","sticky":false,"template":"","format":"standard","meta":{"footnotes":""},"categories":[10,17,28],"tags":[],"class_list":{"0":"post-77375","1":"post","2":"type-post","3":"status-publish","4":"format-standard","5":"has-post-thumbnail","7":"category-estado","8":"category-gobierno-de-michoacan","9":"category-politica"},"yoast_head":"<!-- This site is optimized with the Yoast SEO plugin v24.0 - https:\/\/yoast.com\/wordpress\/plugins\/seo\/ -->\n<title>Michoac\u00e1n destina 725 mdp para infraestructura de educaci\u00f3n superior: Rogelio Zaraz\u00faa - Diario ABC de Michoac\u00e1n<\/title>\n<meta name=\"robots\" content=\"index, follow, max-snippet:-1, max-image-preview:large, max-video-preview:-1\" \/>\n<link rel=\"canonical\" href=\"https:\/\/diarioabcdemichoacan.com.mx\/lasnoticias\/michoacan-destina-725-mdp-para-infraestructura-de-educacion-superior-rogelio-zarazua\/\" \/>\n<meta property=\"og:locale\" content=\"es_ES\" \/>\n<meta property=\"og:type\" content=\"article\" \/>\n<meta property=\"og:title\" content=\"Michoac\u00e1n destina 725 mdp para infraestructura de educaci\u00f3n superior: Rogelio Zaraz\u00faa - Diario ABC de Michoac\u00e1n\" \/>\n<meta property=\"og:description\" content=\"Las acciones se enmarcan en el Plan Michoac\u00e1n por la Paz y la Justicia &nbsp; Morelia, Mich.- El Gobierno de Michoac\u00e1n fortalecer\u00e1 la infraestructura de educaci\u00f3n superior en 2026 con una inversi\u00f3n de 725 millones de pesos, monto que representa un aumento superior al 611 por ciento respecto al a\u00f1o pasado, inform\u00f3 el titular de [&hellip;]\" \/>\n<meta property=\"og:url\" content=\"https:\/\/diarioabcdemichoacan.com.mx\/lasnoticias\/michoacan-destina-725-mdp-para-infraestructura-de-educacion-superior-rogelio-zarazua\/\" \/>\n<meta property=\"og:site_name\" content=\"Diario ABC de Michoac\u00e1n\" \/>\n<meta property=\"article:published_time\" content=\"2026-03-16T20:01:54+00:00\" \/>\n<meta property=\"og:image\" content=\"https:\/\/diarioabcdemichoacan.com.mx\/lasnoticias\/wp-content\/uploads\/2026\/03\/WhatsApp-Image-2026-03-16-at-9.18.27-AM-1.jpeg\" \/>\n\t<meta property=\"og:image:width\" content=\"1280\" \/>\n\t<meta property=\"og:image:height\" content=\"960\" \/>\n\t<meta property=\"og:image:type\" content=\"image\/jpeg\" \/>\n<meta name=\"author\" content=\"AR\" \/>\n<meta name=\"twitter:card\" content=\"summary_large_image\" \/>\n<meta name=\"twitter:label1\" content=\"Escrito por\" \/>\n\t<meta name=\"twitter:data1\" content=\"AR\" \/>\n\t<meta name=\"twitter:label2\" content=\"Tiempo de lectura\" \/>\n\t<meta name=\"twitter:data2\" content=\"2 minutos\" \/>\n<script type=\"application\/ld+json\" class=\"yoast-schema-graph\">{\"@context\":\"https:\/\/schema.org\",\"@graph\":[{\"@type\":\"WebPage\",\"@id\":\"https:\/\/diarioabcdemichoacan.com.mx\/lasnoticias\/michoacan-destina-725-mdp-para-infraestructura-de-educacion-superior-rogelio-zarazua\/\",\"url\":\"https:\/\/diarioabcdemichoacan.com.mx\/lasnoticias\/michoacan-destina-725-mdp-para-infraestructura-de-educacion-superior-rogelio-zarazua\/\",\"name\":\"Michoac\u00e1n destina 725 mdp para infraestructura de educaci\u00f3n superior: Rogelio Zaraz\u00faa - Diario ABC de Michoac\u00e1n\",\"isPartOf\":{\"@id\":\"https:\/\/diarioabcdemichoacan.com.mx\/lasnoticias\/#website\"},\"primaryImageOfPage\":{\"@id\":\"https:\/\/diarioabcdemichoacan.com.mx\/lasnoticias\/michoacan-destina-725-mdp-para-infraestructura-de-educacion-superior-rogelio-zarazua\/#primaryimage\"},\"image\":{\"@id\":\"https:\/\/diarioabcdemichoacan.com.mx\/lasnoticias\/michoacan-destina-725-mdp-para-infraestructura-de-educacion-superior-rogelio-zarazua\/#primaryimage\"},\"thumbnailUrl\":\"https:\/\/diarioabcdemichoacan.com.mx\/lasnoticias\/wp-content\/uploads\/2026\/03\/WhatsApp-Image-2026-03-16-at-9.18.27-AM-1.jpeg\",\"datePublished\":\"2026-03-16T20:01:54+00:00\",\"dateModified\":\"2026-03-16T20:01:54+00:00\",\"author\":{\"@id\":\"https:\/\/diarioabcdemichoacan.com.mx\/lasnoticias\/#\/schema\/person\/19ae376040f6cbc489682ebdd8524852\"},\"breadcrumb\":{\"@id\":\"https:\/\/diarioabcdemichoacan.com.mx\/lasnoticias\/michoacan-destina-725-mdp-para-infraestructura-de-educacion-superior-rogelio-zarazua\/#breadcrumb\"},\"inLanguage\":\"es\",\"potentialAction\":[{\"@type\":\"ReadAction\",\"target\":[\"https:\/\/diarioabcdemichoacan.com.mx\/lasnoticias\/michoacan-destina-725-mdp-para-infraestructura-de-educacion-superior-rogelio-zarazua\/\"]}]},{\"@type\":\"ImageObject\",\"inLanguage\":\"es\",\"@id\":\"https:\/\/diarioabcdemichoacan.com.mx\/lasnoticias\/michoacan-destina-725-mdp-para-infraestructura-de-educacion-superior-rogelio-zarazua\/#primaryimage\",\"url\":\"https:\/\/diarioabcdemichoacan.com.mx\/lasnoticias\/wp-content\/uploads\/2026\/03\/WhatsApp-Image-2026-03-16-at-9.18.27-AM-1.jpeg\",\"contentUrl\":\"https:\/\/diarioabcdemichoacan.com.mx\/lasnoticias\/wp-content\/uploads\/2026\/03\/WhatsApp-Image-2026-03-16-at-9.18.27-AM-1.jpeg\",\"width\":1280,\"height\":960},{\"@type\":\"BreadcrumbList\",\"@id\":\"https:\/\/diarioabcdemichoacan.com.mx\/lasnoticias\/michoacan-destina-725-mdp-para-infraestructura-de-educacion-superior-rogelio-zarazua\/#breadcrumb\",\"itemListElement\":[{\"@type\":\"ListItem\",\"position\":1,\"name\":\"Portada\",\"item\":\"https:\/\/diarioabcdemichoacan.com.mx\/lasnoticias\/\"},{\"@type\":\"ListItem\",\"position\":2,\"name\":\"Michoac\u00e1n destina 725 mdp para infraestructura de educaci\u00f3n superior: Rogelio Zaraz\u00faa\"}]},{\"@type\":\"WebSite\",\"@id\":\"https:\/\/diarioabcdemichoacan.com.mx\/lasnoticias\/#website\",\"url\":\"https:\/\/diarioabcdemichoacan.com.mx\/lasnoticias\/\",\"name\":\"Diario ABC de Michoac\u00e1n\",\"description\":\"Las noticias al momento\",\"potentialAction\":[{\"@type\":\"SearchAction\",\"target\":{\"@type\":\"EntryPoint\",\"urlTemplate\":\"https:\/\/diarioabcdemichoacan.com.mx\/lasnoticias\/?s={search_term_string}\"},\"query-input\":{\"@type\":\"PropertyValueSpecification\",\"valueRequired\":true,\"valueName\":\"search_term_string\"}}],\"inLanguage\":\"es\"},{\"@type\":\"Person\",\"@id\":\"https:\/\/diarioabcdemichoacan.com.mx\/lasnoticias\/#\/schema\/person\/19ae376040f6cbc489682ebdd8524852\",\"name\":\"AR\",\"image\":{\"@type\":\"ImageObject\",\"inLanguage\":\"es\",\"@id\":\"https:\/\/diarioabcdemichoacan.com.mx\/lasnoticias\/#\/schema\/person\/image\/\",\"url\":\"https:\/\/secure.gravatar.com\/avatar\/44eca2ff970262234e20e1e082872af0?s=96&d=mm&r=g\",\"contentUrl\":\"https:\/\/secure.gravatar.com\/avatar\/44eca2ff970262234e20e1e082872af0?s=96&d=mm&r=g\",\"caption\":\"AR\"},\"url\":\"https:\/\/diarioabcdemichoacan.com.mx\/lasnoticias\/author\/adrian\/\"}]}<\/script>\n<!-- \/ Yoast SEO plugin. -->","yoast_head_json":{"title":"Michoac\u00e1n destina 725 mdp para infraestructura de educaci\u00f3n superior: Rogelio Zaraz\u00faa - Diario ABC de Michoac\u00e1n","robots":{"index":"index","follow":"follow","max-snippet":"max-snippet:-1","max-image-preview":"max-image-preview:large","max-video-preview":"max-video-preview:-1"},"canonical":"https:\/\/diarioabcdemichoacan.com.mx\/lasnoticias\/michoacan-destina-725-mdp-para-infraestructura-de-educacion-superior-rogelio-zarazua\/","og_locale":"es_ES","og_type":"article","og_title":"Michoac\u00e1n destina 725 mdp para infraestructura de educaci\u00f3n superior: Rogelio Zaraz\u00faa - Diario ABC de Michoac\u00e1n","og_description":"Las acciones se enmarcan en el Plan Michoac\u00e1n por la Paz y la Justicia &nbsp; Morelia, Mich.- El Gobierno de Michoac\u00e1n fortalecer\u00e1 la infraestructura de educaci\u00f3n superior en 2026 con una inversi\u00f3n de 725 millones de pesos, monto que representa un aumento superior al 611 por ciento respecto al a\u00f1o pasado, inform\u00f3 el titular de [&hellip;]","og_url":"https:\/\/diarioabcdemichoacan.com.mx\/lasnoticias\/michoacan-destina-725-mdp-para-infraestructura-de-educacion-superior-rogelio-zarazua\/","og_site_name":"Diario ABC de Michoac\u00e1n","article_published_time":"2026-03-16T20:01:54+00:00","og_image":[{"width":1280,"height":960,"url":"https:\/\/diarioabcdemichoacan.com.mx\/lasnoticias\/wp-content\/uploads\/2026\/03\/WhatsApp-Image-2026-03-16-at-9.18.27-AM-1.jpeg","type":"image\/jpeg"}],"author":"AR","twitter_card":"summary_large_image","twitter_misc":{"Escrito por":"AR","Tiempo de lectura":"2 minutos"},"schema":{"@context":"https:\/\/schema.org","@graph":[{"@type":"WebPage","@id":"https:\/\/diarioabcdemichoacan.com.mx\/lasnoticias\/michoacan-destina-725-mdp-para-infraestructura-de-educacion-superior-rogelio-zarazua\/","url":"https:\/\/diarioabcdemichoacan.com.mx\/lasnoticias\/michoacan-destina-725-mdp-para-infraestructura-de-educacion-superior-rogelio-zarazua\/","name":"Michoac\u00e1n destina 725 mdp para infraestructura de educaci\u00f3n superior: Rogelio Zaraz\u00faa - Diario ABC de Michoac\u00e1n","isPartOf":{"@id":"https:\/\/diarioabcdemichoacan.com.mx\/lasnoticias\/#website"},"primaryImageOfPage":{"@id":"https:\/\/diarioabcdemichoacan.com.mx\/lasnoticias\/michoacan-destina-725-mdp-para-infraestructura-de-educacion-superior-rogelio-zarazua\/#primaryimage"},"image":{"@id":"https:\/\/diarioabcdemichoacan.com.mx\/lasnoticias\/michoacan-destina-725-mdp-para-infraestructura-de-educacion-superior-rogelio-zarazua\/#primaryimage"},"thumbnailUrl":"https:\/\/diarioabcdemichoacan.com.mx\/lasnoticias\/wp-content\/uploads\/2026\/03\/WhatsApp-Image-2026-03-16-at-9.18.27-AM-1.jpeg","datePublished":"2026-03-16T20:01:54+00:00","dateModified":"2026-03-16T20:01:54+00:00","author":{"@id":"https:\/\/diarioabcdemichoacan.com.mx\/lasnoticias\/#\/schema\/person\/19ae376040f6cbc489682ebdd8524852"},"breadcrumb":{"@id":"https:\/\/diarioabcdemichoacan.com.mx\/lasnoticias\/michoacan-destina-725-mdp-para-infraestructura-de-educacion-superior-rogelio-zarazua\/#breadcrumb"},"inLanguage":"es","potentialAction":[{"@type":"ReadAction","target":["https:\/\/diarioabcdemichoacan.com.mx\/lasnoticias\/michoacan-destina-725-mdp-para-infraestructura-de-educacion-superior-rogelio-zarazua\/"]}]},{"@type":"ImageObject","inLanguage":"es","@id":"https:\/\/diarioabcdemichoacan.com.mx\/lasnoticias\/michoacan-destina-725-mdp-para-infraestructura-de-educacion-superior-rogelio-zarazua\/#primaryimage","url":"https:\/\/diarioabcdemichoacan.com.mx\/lasnoticias\/wp-content\/uploads\/2026\/03\/WhatsApp-Image-2026-03-16-at-9.18.27-AM-1.jpeg","contentUrl":"https:\/\/diarioabcdemichoacan.com.mx\/lasnoticias\/wp-content\/uploads\/2026\/03\/WhatsApp-Image-2026-03-16-at-9.18.27-AM-1.jpeg","width":1280,"height":960},{"@type":"BreadcrumbList","@id":"https:\/\/diarioabcdemichoacan.com.mx\/lasnoticias\/michoacan-destina-725-mdp-para-infraestructura-de-educacion-superior-rogelio-zarazua\/#breadcrumb","itemListElement":[{"@type":"ListItem","position":1,"name":"Portada","item":"https:\/\/diarioabcdemichoacan.com.mx\/lasnoticias\/"},{"@type":"ListItem","position":2,"name":"Michoac\u00e1n destina 725 mdp para infraestructura de educaci\u00f3n superior: Rogelio Zaraz\u00faa"}]},{"@type":"WebSite","@id":"https:\/\/diarioabcdemichoacan.com.mx\/lasnoticias\/#website","url":"https:\/\/diarioabcdemichoacan.com.mx\/lasnoticias\/","name":"Diario ABC de Michoac\u00e1n","description":"Las noticias al momento","potentialAction":[{"@type":"SearchAction","target":{"@type":"EntryPoint","urlTemplate":"https:\/\/diarioabcdemichoacan.com.mx\/lasnoticias\/?s={search_term_string}"},"query-input":{"@type":"PropertyValueSpecification","valueRequired":true,"valueName":"search_term_string"}}],"inLanguage":"es"},{"@type":"Person","@id":"https:\/\/diarioabcdemichoacan.com.mx\/lasnoticias\/#\/schema\/person\/19ae376040f6cbc489682ebdd8524852","name":"AR","image":{"@type":"ImageObject","inLanguage":"es","@id":"https:\/\/diarioabcdemichoacan.com.mx\/lasnoticias\/#\/schema\/person\/image\/","url":"https:\/\/secure.gravatar.com\/avatar\/44eca2ff970262234e20e1e082872af0?s=96&d=mm&r=g","contentUrl":"https:\/\/secure.gravatar.com\/avatar\/44eca2ff970262234e20e1e082872af0?s=96&d=mm&r=g","caption":"AR"},"url":"https:\/\/diarioabcdemichoacan.com.mx\/lasnoticias\/author\/adrian\/"}]}},"_links":{"self":[{"href":"https:\/\/diarioabcdemichoacan.com.mx\/lasnoticias\/wp-json\/wp\/v2\/posts\/77375","targetHints":{"allow":["GET"]}}],"collection":[{"href":"https:\/\/diarioabcdemichoacan.com.mx\/lasnoticias\/wp-json\/wp\/v2\/posts"}],"about":[{"href":"https:\/\/diarioabcdemichoacan.com.mx\/lasnoticias\/wp-json\/wp\/v2\/types\/post"}],"author":[{"embeddable":true,"href":"https:\/\/diarioabcdemichoacan.com.mx\/lasnoticias\/wp-json\/wp\/v2\/users\/9"}],"replies":[{"embeddable":true,"href":"https:\/\/diarioabcdemichoacan.com.mx\/lasnoticias\/wp-json\/wp\/v2\/comments?post=77375"}],"version-history":[{"count":1,"href":"https:\/\/diarioabcdemichoacan.com.mx\/lasnoticias\/wp-json\/wp\/v2\/posts\/77375\/revisions"}],"predecessor-version":[{"id":77377,"href":"https:\/\/diarioabcdemichoacan.com.mx\/lasnoticias\/wp-json\/wp\/v2\/posts\/77375\/revisions\/77377"}],"wp:featuredmedia":[{"embeddable":true,"href":"https:\/\/diarioabcdemichoacan.com.mx\/lasnoticias\/wp-json\/wp\/v2\/media\/77376"}],"wp:attachment":[{"href":"https:\/\/diarioabcdemichoacan.com.mx\/lasnoticias\/wp-json\/wp\/v2\/media?parent=77375"}],"wp:term":[{"taxonomy":"category","embeddable":true,"href":"https:\/\/diarioabcdemichoacan.com.mx\/lasnoticias\/wp-json\/wp\/v2\/categories?post=77375"},{"taxonomy":"post_tag","embeddable":true,"href":"https:\/\/diarioabcdemichoacan.com.mx\/lasnoticias\/wp-json\/wp\/v2\/tags?post=77375"}],"curies":[{"name":"wp","href":"https:\/\/api.w.org\/{rel}","templated":true}]}}