{"id":77381,"date":"2026-03-16T14:04:31","date_gmt":"2026-03-16T20:04:31","guid":{"rendered":"https:\/\/diarioabcdemichoacan.com.mx\/lasnoticias\/?p=77381"},"modified":"2026-03-16T14:04:31","modified_gmt":"2026-03-16T20:04:31","slug":"gladyz-butanda-teleferico-de-uruapan-genero-1422-empleos","status":"publish","type":"post","link":"https:\/\/diarioabcdemichoacan.com.mx\/lasnoticias\/gladyz-butanda-teleferico-de-uruapan-genero-1422-empleos\/","title":{"rendered":"Gladyz Butanda: telef\u00e9rico de Uruapan gener\u00f3 1,422 empleos"},"content":{"rendered":"<h2>Cruzar\u00e1 por 8 mil 794 negocios locales<\/h2>\n<p>&nbsp;<\/p>\n<hr \/>\n<p>Morelia, Mich.- El telef\u00e9rico de Uruapan gener\u00f3 mil 422 empleos directos e indirectos. De este total, mil 255 plazas se generaron durante la etapa de obra, seg\u00fan inform\u00f3 Gladys Butanda Mac\u00edas, secretaria de Desarrollo Urbano y Movilidad.<\/p>\n<p>En conferencia de prensa, encabezada por el gobernador Alfredo Ram\u00edrez Bedolla, precis\u00f3 que en la fase de la obra se generaron 120 puestos administrativos, 80 de operadores y 615 de personal, adem\u00e1s de otros 400 generados a trav\u00e9s de proveedores.<\/p>\n<p>La funcionaria estatal destac\u00f3 que las otras 167 plazas que se abrir\u00e1n con la puesta en marcha de este medio de transporte fueron definidas en coordinaci\u00f3n con la empresa Doppelmayr, bajo la intenci\u00f3n de seleccionar a los mejores perfiles.<\/p>\n<p>Para el proceso de contrataci\u00f3n, Butanda Mac\u00edas record\u00f3 que se emiti\u00f3 una convocatoria a trav\u00e9s de las redes oficiales de la Secretar\u00eda de Desarrollo Urbano y Movilidad (Sedum), donde se recibieron 300 curr\u00edculos, para finalmente seleccionar a las personas m\u00e1s capacitadas.<\/p>\n<p>Adicional a los empleos que se generar\u00e1n, inform\u00f3 que el telef\u00e9rico cruzar\u00e1 por 8 mil 794 unidades econ\u00f3micas, entre ellas 4 mil 109 comercios al por menor y mil 275 restaurantes y hoteles, con lo que se potenciar\u00e1 el desarrollo del municipio y la regi\u00f3n, subray\u00f3.<\/p>\n","protected":false},"excerpt":{"rendered":"<p>Cruzar\u00e1 por 8 mil 794 negocios locales &nbsp; Morelia, Mich.- El telef\u00e9rico de Uruapan gener\u00f3 mil 422 empleos directos e indirectos. De este total, mil 255 plazas se generaron durante la etapa de obra, seg\u00fan inform\u00f3 Gladys Butanda Mac\u00edas, secretaria de Desarrollo Urbano y Movilidad. En conferencia de prensa, encabezada por el gobernador Alfredo Ram\u00edrez [&hellip;]<\/p>\n","protected":false},"author":9,"featured_media":77382,"comment_status":"closed","ping_status":"closed","sticky":false,"template":"","format":"standard","meta":{"footnotes":""},"categories":[10,17,7,28,27],"tags":[],"class_list":{"0":"post-77381","1":"post","2":"type-post","3":"status-publish","4":"format-standard","5":"has-post-thumbnail","7":"category-estado","8":"category-gobierno-de-michoacan","9":"category-morelia","10":"category-politica","11":"category-slider"},"yoast_head":"<!-- This site is optimized with the Yoast SEO plugin v24.0 - https:\/\/yoast.com\/wordpress\/plugins\/seo\/ -->\n<title>Gladyz Butanda: telef\u00e9rico de Uruapan gener\u00f3 1,422 empleos - Diario ABC de Michoac\u00e1n<\/title>\n<meta name=\"robots\" content=\"index, follow, max-snippet:-1, max-image-preview:large, max-video-preview:-1\" \/>\n<link rel=\"canonical\" href=\"https:\/\/diarioabcdemichoacan.com.mx\/lasnoticias\/gladyz-butanda-teleferico-de-uruapan-genero-1422-empleos\/\" \/>\n<meta property=\"og:locale\" content=\"es_ES\" \/>\n<meta property=\"og:type\" content=\"article\" \/>\n<meta property=\"og:title\" content=\"Gladyz Butanda: telef\u00e9rico de Uruapan gener\u00f3 1,422 empleos - Diario ABC de Michoac\u00e1n\" \/>\n<meta property=\"og:description\" content=\"Cruzar\u00e1 por 8 mil 794 negocios locales &nbsp; Morelia, Mich.- El telef\u00e9rico de Uruapan gener\u00f3 mil 422 empleos directos e indirectos. De este total, mil 255 plazas se generaron durante la etapa de obra, seg\u00fan inform\u00f3 Gladys Butanda Mac\u00edas, secretaria de Desarrollo Urbano y Movilidad. En conferencia de prensa, encabezada por el gobernador Alfredo Ram\u00edrez [&hellip;]\" \/>\n<meta property=\"og:url\" content=\"https:\/\/diarioabcdemichoacan.com.mx\/lasnoticias\/gladyz-butanda-teleferico-de-uruapan-genero-1422-empleos\/\" \/>\n<meta property=\"og:site_name\" content=\"Diario ABC de Michoac\u00e1n\" \/>\n<meta property=\"article:published_time\" content=\"2026-03-16T20:04:31+00:00\" \/>\n<meta property=\"og:image\" content=\"https:\/\/diarioabcdemichoacan.com.mx\/lasnoticias\/wp-content\/uploads\/2026\/03\/WhatsApp-Image-2026-03-16-at-1.54.54-PM.jpeg\" \/>\n\t<meta property=\"og:image:width\" content=\"1280\" \/>\n\t<meta property=\"og:image:height\" content=\"958\" \/>\n\t<meta property=\"og:image:type\" content=\"image\/jpeg\" \/>\n<meta name=\"author\" content=\"AR\" \/>\n<meta name=\"twitter:card\" content=\"summary_large_image\" \/>\n<meta name=\"twitter:label1\" content=\"Escrito por\" \/>\n\t<meta name=\"twitter:data1\" content=\"AR\" \/>\n\t<meta name=\"twitter:label2\" content=\"Tiempo de lectura\" \/>\n\t<meta name=\"twitter:data2\" content=\"2 minutos\" \/>\n<script type=\"application\/ld+json\" class=\"yoast-schema-graph\">{\"@context\":\"https:\/\/schema.org\",\"@graph\":[{\"@type\":\"WebPage\",\"@id\":\"https:\/\/diarioabcdemichoacan.com.mx\/lasnoticias\/gladyz-butanda-teleferico-de-uruapan-genero-1422-empleos\/\",\"url\":\"https:\/\/diarioabcdemichoacan.com.mx\/lasnoticias\/gladyz-butanda-teleferico-de-uruapan-genero-1422-empleos\/\",\"name\":\"Gladyz Butanda: telef\u00e9rico de Uruapan gener\u00f3 1,422 empleos - Diario ABC de Michoac\u00e1n\",\"isPartOf\":{\"@id\":\"https:\/\/diarioabcdemichoacan.com.mx\/lasnoticias\/#website\"},\"primaryImageOfPage\":{\"@id\":\"https:\/\/diarioabcdemichoacan.com.mx\/lasnoticias\/gladyz-butanda-teleferico-de-uruapan-genero-1422-empleos\/#primaryimage\"},\"image\":{\"@id\":\"https:\/\/diarioabcdemichoacan.com.mx\/lasnoticias\/gladyz-butanda-teleferico-de-uruapan-genero-1422-empleos\/#primaryimage\"},\"thumbnailUrl\":\"https:\/\/diarioabcdemichoacan.com.mx\/lasnoticias\/wp-content\/uploads\/2026\/03\/WhatsApp-Image-2026-03-16-at-1.54.54-PM.jpeg\",\"datePublished\":\"2026-03-16T20:04:31+00:00\",\"dateModified\":\"2026-03-16T20:04:31+00:00\",\"author\":{\"@id\":\"https:\/\/diarioabcdemichoacan.com.mx\/lasnoticias\/#\/schema\/person\/19ae376040f6cbc489682ebdd8524852\"},\"breadcrumb\":{\"@id\":\"https:\/\/diarioabcdemichoacan.com.mx\/lasnoticias\/gladyz-butanda-teleferico-de-uruapan-genero-1422-empleos\/#breadcrumb\"},\"inLanguage\":\"es\",\"potentialAction\":[{\"@type\":\"ReadAction\",\"target\":[\"https:\/\/diarioabcdemichoacan.com.mx\/lasnoticias\/gladyz-butanda-teleferico-de-uruapan-genero-1422-empleos\/\"]}]},{\"@type\":\"ImageObject\",\"inLanguage\":\"es\",\"@id\":\"https:\/\/diarioabcdemichoacan.com.mx\/lasnoticias\/gladyz-butanda-teleferico-de-uruapan-genero-1422-empleos\/#primaryimage\",\"url\":\"https:\/\/diarioabcdemichoacan.com.mx\/lasnoticias\/wp-content\/uploads\/2026\/03\/WhatsApp-Image-2026-03-16-at-1.54.54-PM.jpeg\",\"contentUrl\":\"https:\/\/diarioabcdemichoacan.com.mx\/lasnoticias\/wp-content\/uploads\/2026\/03\/WhatsApp-Image-2026-03-16-at-1.54.54-PM.jpeg\",\"width\":1280,\"height\":958},{\"@type\":\"BreadcrumbList\",\"@id\":\"https:\/\/diarioabcdemichoacan.com.mx\/lasnoticias\/gladyz-butanda-teleferico-de-uruapan-genero-1422-empleos\/#breadcrumb\",\"itemListElement\":[{\"@type\":\"ListItem\",\"position\":1,\"name\":\"Portada\",\"item\":\"https:\/\/diarioabcdemichoacan.com.mx\/lasnoticias\/\"},{\"@type\":\"ListItem\",\"position\":2,\"name\":\"Gladyz Butanda: telef\u00e9rico de Uruapan gener\u00f3 1,422 empleos\"}]},{\"@type\":\"WebSite\",\"@id\":\"https:\/\/diarioabcdemichoacan.com.mx\/lasnoticias\/#website\",\"url\":\"https:\/\/diarioabcdemichoacan.com.mx\/lasnoticias\/\",\"name\":\"Diario ABC de Michoac\u00e1n\",\"description\":\"Las noticias al momento\",\"potentialAction\":[{\"@type\":\"SearchAction\",\"target\":{\"@type\":\"EntryPoint\",\"urlTemplate\":\"https:\/\/diarioabcdemichoacan.com.mx\/lasnoticias\/?s={search_term_string}\"},\"query-input\":{\"@type\":\"PropertyValueSpecification\",\"valueRequired\":true,\"valueName\":\"search_term_string\"}}],\"inLanguage\":\"es\"},{\"@type\":\"Person\",\"@id\":\"https:\/\/diarioabcdemichoacan.com.mx\/lasnoticias\/#\/schema\/person\/19ae376040f6cbc489682ebdd8524852\",\"name\":\"AR\",\"image\":{\"@type\":\"ImageObject\",\"inLanguage\":\"es\",\"@id\":\"https:\/\/diarioabcdemichoacan.com.mx\/lasnoticias\/#\/schema\/person\/image\/\",\"url\":\"https:\/\/secure.gravatar.com\/avatar\/44eca2ff970262234e20e1e082872af0?s=96&d=mm&r=g\",\"contentUrl\":\"https:\/\/secure.gravatar.com\/avatar\/44eca2ff970262234e20e1e082872af0?s=96&d=mm&r=g\",\"caption\":\"AR\"},\"url\":\"https:\/\/diarioabcdemichoacan.com.mx\/lasnoticias\/author\/adrian\/\"}]}<\/script>\n<!-- \/ Yoast SEO plugin. -->","yoast_head_json":{"title":"Gladyz Butanda: telef\u00e9rico de Uruapan gener\u00f3 1,422 empleos - Diario ABC de Michoac\u00e1n","robots":{"index":"index","follow":"follow","max-snippet":"max-snippet:-1","max-image-preview":"max-image-preview:large","max-video-preview":"max-video-preview:-1"},"canonical":"https:\/\/diarioabcdemichoacan.com.mx\/lasnoticias\/gladyz-butanda-teleferico-de-uruapan-genero-1422-empleos\/","og_locale":"es_ES","og_type":"article","og_title":"Gladyz Butanda: telef\u00e9rico de Uruapan gener\u00f3 1,422 empleos - Diario ABC de Michoac\u00e1n","og_description":"Cruzar\u00e1 por 8 mil 794 negocios locales &nbsp; Morelia, Mich.- El telef\u00e9rico de Uruapan gener\u00f3 mil 422 empleos directos e indirectos. De este total, mil 255 plazas se generaron durante la etapa de obra, seg\u00fan inform\u00f3 Gladys Butanda Mac\u00edas, secretaria de Desarrollo Urbano y Movilidad. En conferencia de prensa, encabezada por el gobernador Alfredo Ram\u00edrez [&hellip;]","og_url":"https:\/\/diarioabcdemichoacan.com.mx\/lasnoticias\/gladyz-butanda-teleferico-de-uruapan-genero-1422-empleos\/","og_site_name":"Diario ABC de Michoac\u00e1n","article_published_time":"2026-03-16T20:04:31+00:00","og_image":[{"width":1280,"height":958,"url":"https:\/\/diarioabcdemichoacan.com.mx\/lasnoticias\/wp-content\/uploads\/2026\/03\/WhatsApp-Image-2026-03-16-at-1.54.54-PM.jpeg","type":"image\/jpeg"}],"author":"AR","twitter_card":"summary_large_image","twitter_misc":{"Escrito por":"AR","Tiempo de lectura":"2 minutos"},"schema":{"@context":"https:\/\/schema.org","@graph":[{"@type":"WebPage","@id":"https:\/\/diarioabcdemichoacan.com.mx\/lasnoticias\/gladyz-butanda-teleferico-de-uruapan-genero-1422-empleos\/","url":"https:\/\/diarioabcdemichoacan.com.mx\/lasnoticias\/gladyz-butanda-teleferico-de-uruapan-genero-1422-empleos\/","name":"Gladyz Butanda: telef\u00e9rico de Uruapan gener\u00f3 1,422 empleos - Diario ABC de Michoac\u00e1n","isPartOf":{"@id":"https:\/\/diarioabcdemichoacan.com.mx\/lasnoticias\/#website"},"primaryImageOfPage":{"@id":"https:\/\/diarioabcdemichoacan.com.mx\/lasnoticias\/gladyz-butanda-teleferico-de-uruapan-genero-1422-empleos\/#primaryimage"},"image":{"@id":"https:\/\/diarioabcdemichoacan.com.mx\/lasnoticias\/gladyz-butanda-teleferico-de-uruapan-genero-1422-empleos\/#primaryimage"},"thumbnailUrl":"https:\/\/diarioabcdemichoacan.com.mx\/lasnoticias\/wp-content\/uploads\/2026\/03\/WhatsApp-Image-2026-03-16-at-1.54.54-PM.jpeg","datePublished":"2026-03-16T20:04:31+00:00","dateModified":"2026-03-16T20:04:31+00:00","author":{"@id":"https:\/\/diarioabcdemichoacan.com.mx\/lasnoticias\/#\/schema\/person\/19ae376040f6cbc489682ebdd8524852"},"breadcrumb":{"@id":"https:\/\/diarioabcdemichoacan.com.mx\/lasnoticias\/gladyz-butanda-teleferico-de-uruapan-genero-1422-empleos\/#breadcrumb"},"inLanguage":"es","potentialAction":[{"@type":"ReadAction","target":["https:\/\/diarioabcdemichoacan.com.mx\/lasnoticias\/gladyz-butanda-teleferico-de-uruapan-genero-1422-empleos\/"]}]},{"@type":"ImageObject","inLanguage":"es","@id":"https:\/\/diarioabcdemichoacan.com.mx\/lasnoticias\/gladyz-butanda-teleferico-de-uruapan-genero-1422-empleos\/#primaryimage","url":"https:\/\/diarioabcdemichoacan.com.mx\/lasnoticias\/wp-content\/uploads\/2026\/03\/WhatsApp-Image-2026-03-16-at-1.54.54-PM.jpeg","contentUrl":"https:\/\/diarioabcdemichoacan.com.mx\/lasnoticias\/wp-content\/uploads\/2026\/03\/WhatsApp-Image-2026-03-16-at-1.54.54-PM.jpeg","width":1280,"height":958},{"@type":"BreadcrumbList","@id":"https:\/\/diarioabcdemichoacan.com.mx\/lasnoticias\/gladyz-butanda-teleferico-de-uruapan-genero-1422-empleos\/#breadcrumb","itemListElement":[{"@type":"ListItem","position":1,"name":"Portada","item":"https:\/\/diarioabcdemichoacan.com.mx\/lasnoticias\/"},{"@type":"ListItem","position":2,"name":"Gladyz Butanda: telef\u00e9rico de Uruapan gener\u00f3 1,422 empleos"}]},{"@type":"WebSite","@id":"https:\/\/diarioabcdemichoacan.com.mx\/lasnoticias\/#website","url":"https:\/\/diarioabcdemichoacan.com.mx\/lasnoticias\/","name":"Diario ABC de Michoac\u00e1n","description":"Las noticias al momento","potentialAction":[{"@type":"SearchAction","target":{"@type":"EntryPoint","urlTemplate":"https:\/\/diarioabcdemichoacan.com.mx\/lasnoticias\/?s={search_term_string}"},"query-input":{"@type":"PropertyValueSpecification","valueRequired":true,"valueName":"search_term_string"}}],"inLanguage":"es"},{"@type":"Person","@id":"https:\/\/diarioabcdemichoacan.com.mx\/lasnoticias\/#\/schema\/person\/19ae376040f6cbc489682ebdd8524852","name":"AR","image":{"@type":"ImageObject","inLanguage":"es","@id":"https:\/\/diarioabcdemichoacan.com.mx\/lasnoticias\/#\/schema\/person\/image\/","url":"https:\/\/secure.gravatar.com\/avatar\/44eca2ff970262234e20e1e082872af0?s=96&d=mm&r=g","contentUrl":"https:\/\/secure.gravatar.com\/avatar\/44eca2ff970262234e20e1e082872af0?s=96&d=mm&r=g","caption":"AR"},"url":"https:\/\/diarioabcdemichoacan.com.mx\/lasnoticias\/author\/adrian\/"}]}},"_links":{"self":[{"href":"https:\/\/diarioabcdemichoacan.com.mx\/lasnoticias\/wp-json\/wp\/v2\/posts\/77381","targetHints":{"allow":["GET"]}}],"collection":[{"href":"https:\/\/diarioabcdemichoacan.com.mx\/lasnoticias\/wp-json\/wp\/v2\/posts"}],"about":[{"href":"https:\/\/diarioabcdemichoacan.com.mx\/lasnoticias\/wp-json\/wp\/v2\/types\/post"}],"author":[{"embeddable":true,"href":"https:\/\/diarioabcdemichoacan.com.mx\/lasnoticias\/wp-json\/wp\/v2\/users\/9"}],"replies":[{"embeddable":true,"href":"https:\/\/diarioabcdemichoacan.com.mx\/lasnoticias\/wp-json\/wp\/v2\/comments?post=77381"}],"version-history":[{"count":1,"href":"https:\/\/diarioabcdemichoacan.com.mx\/lasnoticias\/wp-json\/wp\/v2\/posts\/77381\/revisions"}],"predecessor-version":[{"id":77383,"href":"https:\/\/diarioabcdemichoacan.com.mx\/lasnoticias\/wp-json\/wp\/v2\/posts\/77381\/revisions\/77383"}],"wp:featuredmedia":[{"embeddable":true,"href":"https:\/\/diarioabcdemichoacan.com.mx\/lasnoticias\/wp-json\/wp\/v2\/media\/77382"}],"wp:attachment":[{"href":"https:\/\/diarioabcdemichoacan.com.mx\/lasnoticias\/wp-json\/wp\/v2\/media?parent=77381"}],"wp:term":[{"taxonomy":"category","embeddable":true,"href":"https:\/\/diarioabcdemichoacan.com.mx\/lasnoticias\/wp-json\/wp\/v2\/categories?post=77381"},{"taxonomy":"post_tag","embeddable":true,"href":"https:\/\/diarioabcdemichoacan.com.mx\/lasnoticias\/wp-json\/wp\/v2\/tags?post=77381"}],"curies":[{"name":"wp","href":"https:\/\/api.w.org\/{rel}","templated":true}]}}