{"id":79035,"date":"2026-04-27T12:49:51","date_gmt":"2026-04-27T18:49:51","guid":{"rendered":"https:\/\/diarioabcdemichoacan.com.mx\/lasnoticias\/?p=79035"},"modified":"2026-04-27T12:49:51","modified_gmt":"2026-04-27T18:49:51","slug":"se-consolida-raul-moron-como-el-protagonista-de-la-unidad-en-michoacan","status":"publish","type":"post","link":"https:\/\/diarioabcdemichoacan.com.mx\/lasnoticias\/se-consolida-raul-moron-como-el-protagonista-de-la-unidad-en-michoacan\/","title":{"rendered":"Se consolida Ra\u00fal Mor\u00f3n como el protagonista de la unidad en Michoac\u00e1n"},"content":{"rendered":"<h2>El legislador contin\u00faa con su gira por el estado en donde a su paso teje una alianza entre toda la poblaci\u00f3n para resolver los pendientes del estado desde el esfuerzo colectivo, con la participaci\u00f3n de todos los sectores<\/h2>\n<p>&nbsp;<\/p>\n<hr \/>\n<p>Apatzing\u00e1n, Mich.- El senador de Morena Ra\u00fal Mor\u00f3n Orozco, reafirm\u00f3 su papel como el principal articulador de la unidad en Michoac\u00e1n, luego de una intensa jornada de trabajo este fin de semana por los municipios de Villa Madero, P\u00e1tzcuaro, Los Reyes, Jiquilpan y Apatzing\u00e1n, en donde sostuvo encuentros con liderazgos pol\u00edticos y representantes sociales para sumar esfuerzos en un frente com\u00fan que permita encarar con \u00e9xito los retos actuales que enfrenta el estado en cada una de sus regiones.<\/p>\n<p>Para el legislador michoacano la pol\u00edtica solo adquiere sentido cuando el poder se ejerce con la firme convicci\u00f3n de obedecer el mandato popular y transformar las demandas de la gente en acciones que generen bienestar real en su vida cotidiana. Bajo esta premisa Mor\u00f3n Orozco escuch\u00f3 de primera mano las necesidades de los diversos sectores productivos y sociales para asegurar que la agenda legislativa responda con exactitud a las realidades locales.<\/p>\n<p>En este esfuerzo de organizaci\u00f3n, el senador hizo un llamado a mantener la cohesi\u00f3n de todos los sectores sociales, ya que la unidad es la herramienta indispensable para profundizar la Cuarta Transformaci\u00f3n y ofreci\u00f3 presencia territorial permanente para coordinar la construcci\u00f3n de soluciones.<\/p>\n<p>Esta labor territorial se complementa con su trabajo en el Senado de la Rep\u00fablica, donde el legislador ratific\u00f3 su respaldo total a la presidenta Claudia Sheinbaum Pardo y a la implementaci\u00f3n de sus pol\u00edticas p\u00fablicas, en aras de que los beneficios del proyecto federal lleguen de manera directa a cada rinc\u00f3n de Michoac\u00e1n para garantizar que el crecimiento econ\u00f3mico y la paz social sean una realidad para todas las familias.<\/p>\n","protected":false},"excerpt":{"rendered":"<p>El legislador contin\u00faa con su gira por el estado en donde a su paso teje una alianza entre toda la poblaci\u00f3n para resolver los pendientes del estado desde el esfuerzo colectivo, con la participaci\u00f3n de todos los sectores &nbsp; Apatzing\u00e1n, Mich.- El senador de Morena Ra\u00fal Mor\u00f3n Orozco, reafirm\u00f3 su papel como el principal articulador [&hellip;]<\/p>\n","protected":false},"author":9,"featured_media":79036,"comment_status":"closed","ping_status":"closed","sticky":false,"template":"","format":"standard","meta":{"footnotes":""},"categories":[10,28,27],"tags":[],"class_list":{"0":"post-79035","1":"post","2":"type-post","3":"status-publish","4":"format-standard","5":"has-post-thumbnail","7":"category-estado","8":"category-politica","9":"category-slider"},"yoast_head":"<!-- This site is optimized with the Yoast SEO plugin v24.0 - https:\/\/yoast.com\/wordpress\/plugins\/seo\/ -->\n<title>Se consolida Ra\u00fal Mor\u00f3n como el protagonista de la unidad en Michoac\u00e1n - Diario ABC de Michoac\u00e1n<\/title>\n<meta name=\"robots\" content=\"index, follow, max-snippet:-1, max-image-preview:large, max-video-preview:-1\" \/>\n<link rel=\"canonical\" href=\"https:\/\/diarioabcdemichoacan.com.mx\/lasnoticias\/se-consolida-raul-moron-como-el-protagonista-de-la-unidad-en-michoacan\/\" \/>\n<meta property=\"og:locale\" content=\"es_ES\" \/>\n<meta property=\"og:type\" content=\"article\" \/>\n<meta property=\"og:title\" content=\"Se consolida Ra\u00fal Mor\u00f3n como el protagonista de la unidad en Michoac\u00e1n - Diario ABC de Michoac\u00e1n\" \/>\n<meta property=\"og:description\" content=\"El legislador contin\u00faa con su gira por el estado en donde a su paso teje una alianza entre toda la poblaci\u00f3n para resolver los pendientes del estado desde el esfuerzo colectivo, con la participaci\u00f3n de todos los sectores &nbsp; Apatzing\u00e1n, Mich.- El senador de Morena Ra\u00fal Mor\u00f3n Orozco, reafirm\u00f3 su papel como el principal articulador [&hellip;]\" \/>\n<meta property=\"og:url\" content=\"https:\/\/diarioabcdemichoacan.com.mx\/lasnoticias\/se-consolida-raul-moron-como-el-protagonista-de-la-unidad-en-michoacan\/\" \/>\n<meta property=\"og:site_name\" content=\"Diario ABC de Michoac\u00e1n\" \/>\n<meta property=\"article:published_time\" content=\"2026-04-27T18:49:51+00:00\" \/>\n<meta property=\"og:image\" content=\"https:\/\/diarioabcdemichoacan.com.mx\/lasnoticias\/wp-content\/uploads\/2026\/04\/WhatsApp-Image-2026-04-27-at-11.50.42-AM-scaled.jpeg\" \/>\n\t<meta property=\"og:image:width\" content=\"2560\" \/>\n\t<meta property=\"og:image:height\" content=\"1706\" \/>\n\t<meta property=\"og:image:type\" content=\"image\/jpeg\" \/>\n<meta name=\"author\" content=\"AR\" \/>\n<meta name=\"twitter:card\" content=\"summary_large_image\" \/>\n<meta name=\"twitter:label1\" content=\"Escrito por\" \/>\n\t<meta name=\"twitter:data1\" content=\"AR\" \/>\n\t<meta name=\"twitter:label2\" content=\"Tiempo de lectura\" \/>\n\t<meta name=\"twitter:data2\" content=\"2 minutos\" \/>\n<script type=\"application\/ld+json\" class=\"yoast-schema-graph\">{\"@context\":\"https:\/\/schema.org\",\"@graph\":[{\"@type\":\"WebPage\",\"@id\":\"https:\/\/diarioabcdemichoacan.com.mx\/lasnoticias\/se-consolida-raul-moron-como-el-protagonista-de-la-unidad-en-michoacan\/\",\"url\":\"https:\/\/diarioabcdemichoacan.com.mx\/lasnoticias\/se-consolida-raul-moron-como-el-protagonista-de-la-unidad-en-michoacan\/\",\"name\":\"Se consolida Ra\u00fal Mor\u00f3n como el protagonista de la unidad en Michoac\u00e1n - Diario ABC de Michoac\u00e1n\",\"isPartOf\":{\"@id\":\"https:\/\/diarioabcdemichoacan.com.mx\/lasnoticias\/#website\"},\"primaryImageOfPage\":{\"@id\":\"https:\/\/diarioabcdemichoacan.com.mx\/lasnoticias\/se-consolida-raul-moron-como-el-protagonista-de-la-unidad-en-michoacan\/#primaryimage\"},\"image\":{\"@id\":\"https:\/\/diarioabcdemichoacan.com.mx\/lasnoticias\/se-consolida-raul-moron-como-el-protagonista-de-la-unidad-en-michoacan\/#primaryimage\"},\"thumbnailUrl\":\"https:\/\/diarioabcdemichoacan.com.mx\/lasnoticias\/wp-content\/uploads\/2026\/04\/WhatsApp-Image-2026-04-27-at-11.50.42-AM-scaled.jpeg\",\"datePublished\":\"2026-04-27T18:49:51+00:00\",\"dateModified\":\"2026-04-27T18:49:51+00:00\",\"author\":{\"@id\":\"https:\/\/diarioabcdemichoacan.com.mx\/lasnoticias\/#\/schema\/person\/19ae376040f6cbc489682ebdd8524852\"},\"breadcrumb\":{\"@id\":\"https:\/\/diarioabcdemichoacan.com.mx\/lasnoticias\/se-consolida-raul-moron-como-el-protagonista-de-la-unidad-en-michoacan\/#breadcrumb\"},\"inLanguage\":\"es\",\"potentialAction\":[{\"@type\":\"ReadAction\",\"target\":[\"https:\/\/diarioabcdemichoacan.com.mx\/lasnoticias\/se-consolida-raul-moron-como-el-protagonista-de-la-unidad-en-michoacan\/\"]}]},{\"@type\":\"ImageObject\",\"inLanguage\":\"es\",\"@id\":\"https:\/\/diarioabcdemichoacan.com.mx\/lasnoticias\/se-consolida-raul-moron-como-el-protagonista-de-la-unidad-en-michoacan\/#primaryimage\",\"url\":\"https:\/\/diarioabcdemichoacan.com.mx\/lasnoticias\/wp-content\/uploads\/2026\/04\/WhatsApp-Image-2026-04-27-at-11.50.42-AM-scaled.jpeg\",\"contentUrl\":\"https:\/\/diarioabcdemichoacan.com.mx\/lasnoticias\/wp-content\/uploads\/2026\/04\/WhatsApp-Image-2026-04-27-at-11.50.42-AM-scaled.jpeg\",\"width\":2560,\"height\":1706},{\"@type\":\"BreadcrumbList\",\"@id\":\"https:\/\/diarioabcdemichoacan.com.mx\/lasnoticias\/se-consolida-raul-moron-como-el-protagonista-de-la-unidad-en-michoacan\/#breadcrumb\",\"itemListElement\":[{\"@type\":\"ListItem\",\"position\":1,\"name\":\"Portada\",\"item\":\"https:\/\/diarioabcdemichoacan.com.mx\/lasnoticias\/\"},{\"@type\":\"ListItem\",\"position\":2,\"name\":\"Se consolida Ra\u00fal Mor\u00f3n como el protagonista de la unidad en Michoac\u00e1n\"}]},{\"@type\":\"WebSite\",\"@id\":\"https:\/\/diarioabcdemichoacan.com.mx\/lasnoticias\/#website\",\"url\":\"https:\/\/diarioabcdemichoacan.com.mx\/lasnoticias\/\",\"name\":\"Diario ABC de Michoac\u00e1n\",\"description\":\"Las noticias al momento\",\"potentialAction\":[{\"@type\":\"SearchAction\",\"target\":{\"@type\":\"EntryPoint\",\"urlTemplate\":\"https:\/\/diarioabcdemichoacan.com.mx\/lasnoticias\/?s={search_term_string}\"},\"query-input\":{\"@type\":\"PropertyValueSpecification\",\"valueRequired\":true,\"valueName\":\"search_term_string\"}}],\"inLanguage\":\"es\"},{\"@type\":\"Person\",\"@id\":\"https:\/\/diarioabcdemichoacan.com.mx\/lasnoticias\/#\/schema\/person\/19ae376040f6cbc489682ebdd8524852\",\"name\":\"AR\",\"image\":{\"@type\":\"ImageObject\",\"inLanguage\":\"es\",\"@id\":\"https:\/\/diarioabcdemichoacan.com.mx\/lasnoticias\/#\/schema\/person\/image\/\",\"url\":\"https:\/\/secure.gravatar.com\/avatar\/44eca2ff970262234e20e1e082872af0?s=96&d=mm&r=g\",\"contentUrl\":\"https:\/\/secure.gravatar.com\/avatar\/44eca2ff970262234e20e1e082872af0?s=96&d=mm&r=g\",\"caption\":\"AR\"},\"url\":\"https:\/\/diarioabcdemichoacan.com.mx\/lasnoticias\/author\/adrian\/\"}]}<\/script>\n<!-- \/ Yoast SEO plugin. -->","yoast_head_json":{"title":"Se consolida Ra\u00fal Mor\u00f3n como el protagonista de la unidad en Michoac\u00e1n - Diario ABC de Michoac\u00e1n","robots":{"index":"index","follow":"follow","max-snippet":"max-snippet:-1","max-image-preview":"max-image-preview:large","max-video-preview":"max-video-preview:-1"},"canonical":"https:\/\/diarioabcdemichoacan.com.mx\/lasnoticias\/se-consolida-raul-moron-como-el-protagonista-de-la-unidad-en-michoacan\/","og_locale":"es_ES","og_type":"article","og_title":"Se consolida Ra\u00fal Mor\u00f3n como el protagonista de la unidad en Michoac\u00e1n - Diario ABC de Michoac\u00e1n","og_description":"El legislador contin\u00faa con su gira por el estado en donde a su paso teje una alianza entre toda la poblaci\u00f3n para resolver los pendientes del estado desde el esfuerzo colectivo, con la participaci\u00f3n de todos los sectores &nbsp; Apatzing\u00e1n, Mich.- El senador de Morena Ra\u00fal Mor\u00f3n Orozco, reafirm\u00f3 su papel como el principal articulador [&hellip;]","og_url":"https:\/\/diarioabcdemichoacan.com.mx\/lasnoticias\/se-consolida-raul-moron-como-el-protagonista-de-la-unidad-en-michoacan\/","og_site_name":"Diario ABC de Michoac\u00e1n","article_published_time":"2026-04-27T18:49:51+00:00","og_image":[{"width":2560,"height":1706,"url":"https:\/\/diarioabcdemichoacan.com.mx\/lasnoticias\/wp-content\/uploads\/2026\/04\/WhatsApp-Image-2026-04-27-at-11.50.42-AM-scaled.jpeg","type":"image\/jpeg"}],"author":"AR","twitter_card":"summary_large_image","twitter_misc":{"Escrito por":"AR","Tiempo de lectura":"2 minutos"},"schema":{"@context":"https:\/\/schema.org","@graph":[{"@type":"WebPage","@id":"https:\/\/diarioabcdemichoacan.com.mx\/lasnoticias\/se-consolida-raul-moron-como-el-protagonista-de-la-unidad-en-michoacan\/","url":"https:\/\/diarioabcdemichoacan.com.mx\/lasnoticias\/se-consolida-raul-moron-como-el-protagonista-de-la-unidad-en-michoacan\/","name":"Se consolida Ra\u00fal Mor\u00f3n como el protagonista de la unidad en Michoac\u00e1n - Diario ABC de Michoac\u00e1n","isPartOf":{"@id":"https:\/\/diarioabcdemichoacan.com.mx\/lasnoticias\/#website"},"primaryImageOfPage":{"@id":"https:\/\/diarioabcdemichoacan.com.mx\/lasnoticias\/se-consolida-raul-moron-como-el-protagonista-de-la-unidad-en-michoacan\/#primaryimage"},"image":{"@id":"https:\/\/diarioabcdemichoacan.com.mx\/lasnoticias\/se-consolida-raul-moron-como-el-protagonista-de-la-unidad-en-michoacan\/#primaryimage"},"thumbnailUrl":"https:\/\/diarioabcdemichoacan.com.mx\/lasnoticias\/wp-content\/uploads\/2026\/04\/WhatsApp-Image-2026-04-27-at-11.50.42-AM-scaled.jpeg","datePublished":"2026-04-27T18:49:51+00:00","dateModified":"2026-04-27T18:49:51+00:00","author":{"@id":"https:\/\/diarioabcdemichoacan.com.mx\/lasnoticias\/#\/schema\/person\/19ae376040f6cbc489682ebdd8524852"},"breadcrumb":{"@id":"https:\/\/diarioabcdemichoacan.com.mx\/lasnoticias\/se-consolida-raul-moron-como-el-protagonista-de-la-unidad-en-michoacan\/#breadcrumb"},"inLanguage":"es","potentialAction":[{"@type":"ReadAction","target":["https:\/\/diarioabcdemichoacan.com.mx\/lasnoticias\/se-consolida-raul-moron-como-el-protagonista-de-la-unidad-en-michoacan\/"]}]},{"@type":"ImageObject","inLanguage":"es","@id":"https:\/\/diarioabcdemichoacan.com.mx\/lasnoticias\/se-consolida-raul-moron-como-el-protagonista-de-la-unidad-en-michoacan\/#primaryimage","url":"https:\/\/diarioabcdemichoacan.com.mx\/lasnoticias\/wp-content\/uploads\/2026\/04\/WhatsApp-Image-2026-04-27-at-11.50.42-AM-scaled.jpeg","contentUrl":"https:\/\/diarioabcdemichoacan.com.mx\/lasnoticias\/wp-content\/uploads\/2026\/04\/WhatsApp-Image-2026-04-27-at-11.50.42-AM-scaled.jpeg","width":2560,"height":1706},{"@type":"BreadcrumbList","@id":"https:\/\/diarioabcdemichoacan.com.mx\/lasnoticias\/se-consolida-raul-moron-como-el-protagonista-de-la-unidad-en-michoacan\/#breadcrumb","itemListElement":[{"@type":"ListItem","position":1,"name":"Portada","item":"https:\/\/diarioabcdemichoacan.com.mx\/lasnoticias\/"},{"@type":"ListItem","position":2,"name":"Se consolida Ra\u00fal Mor\u00f3n como el protagonista de la unidad en Michoac\u00e1n"}]},{"@type":"WebSite","@id":"https:\/\/diarioabcdemichoacan.com.mx\/lasnoticias\/#website","url":"https:\/\/diarioabcdemichoacan.com.mx\/lasnoticias\/","name":"Diario ABC de Michoac\u00e1n","description":"Las noticias al momento","potentialAction":[{"@type":"SearchAction","target":{"@type":"EntryPoint","urlTemplate":"https:\/\/diarioabcdemichoacan.com.mx\/lasnoticias\/?s={search_term_string}"},"query-input":{"@type":"PropertyValueSpecification","valueRequired":true,"valueName":"search_term_string"}}],"inLanguage":"es"},{"@type":"Person","@id":"https:\/\/diarioabcdemichoacan.com.mx\/lasnoticias\/#\/schema\/person\/19ae376040f6cbc489682ebdd8524852","name":"AR","image":{"@type":"ImageObject","inLanguage":"es","@id":"https:\/\/diarioabcdemichoacan.com.mx\/lasnoticias\/#\/schema\/person\/image\/","url":"https:\/\/secure.gravatar.com\/avatar\/44eca2ff970262234e20e1e082872af0?s=96&d=mm&r=g","contentUrl":"https:\/\/secure.gravatar.com\/avatar\/44eca2ff970262234e20e1e082872af0?s=96&d=mm&r=g","caption":"AR"},"url":"https:\/\/diarioabcdemichoacan.com.mx\/lasnoticias\/author\/adrian\/"}]}},"_links":{"self":[{"href":"https:\/\/diarioabcdemichoacan.com.mx\/lasnoticias\/wp-json\/wp\/v2\/posts\/79035","targetHints":{"allow":["GET"]}}],"collection":[{"href":"https:\/\/diarioabcdemichoacan.com.mx\/lasnoticias\/wp-json\/wp\/v2\/posts"}],"about":[{"href":"https:\/\/diarioabcdemichoacan.com.mx\/lasnoticias\/wp-json\/wp\/v2\/types\/post"}],"author":[{"embeddable":true,"href":"https:\/\/diarioabcdemichoacan.com.mx\/lasnoticias\/wp-json\/wp\/v2\/users\/9"}],"replies":[{"embeddable":true,"href":"https:\/\/diarioabcdemichoacan.com.mx\/lasnoticias\/wp-json\/wp\/v2\/comments?post=79035"}],"version-history":[{"count":1,"href":"https:\/\/diarioabcdemichoacan.com.mx\/lasnoticias\/wp-json\/wp\/v2\/posts\/79035\/revisions"}],"predecessor-version":[{"id":79037,"href":"https:\/\/diarioabcdemichoacan.com.mx\/lasnoticias\/wp-json\/wp\/v2\/posts\/79035\/revisions\/79037"}],"wp:featuredmedia":[{"embeddable":true,"href":"https:\/\/diarioabcdemichoacan.com.mx\/lasnoticias\/wp-json\/wp\/v2\/media\/79036"}],"wp:attachment":[{"href":"https:\/\/diarioabcdemichoacan.com.mx\/lasnoticias\/wp-json\/wp\/v2\/media?parent=79035"}],"wp:term":[{"taxonomy":"category","embeddable":true,"href":"https:\/\/diarioabcdemichoacan.com.mx\/lasnoticias\/wp-json\/wp\/v2\/categories?post=79035"},{"taxonomy":"post_tag","embeddable":true,"href":"https:\/\/diarioabcdemichoacan.com.mx\/lasnoticias\/wp-json\/wp\/v2\/tags?post=79035"}],"curies":[{"name":"wp","href":"https:\/\/api.w.org\/{rel}","templated":true}]}}