{"id":79041,"date":"2026-04-27T12:52:09","date_gmt":"2026-04-27T18:52:09","guid":{"rendered":"https:\/\/diarioabcdemichoacan.com.mx\/lasnoticias\/?p=79041"},"modified":"2026-04-27T12:52:09","modified_gmt":"2026-04-27T18:52:09","slug":"manana-inauguran-paso-superior-ferroviario-independencia-en-morelia","status":"publish","type":"post","link":"https:\/\/diarioabcdemichoacan.com.mx\/lasnoticias\/manana-inauguran-paso-superior-ferroviario-independencia-en-morelia\/","title":{"rendered":"Ma\u00f1ana inauguran Paso Superior Ferroviario Independencia, en Morelia"},"content":{"rendered":"<h6>Por Mariano Bola\u00f1os Monta\u00f1ez<\/h6>\n<hr \/>\n<p>Morelia, Mich.- Dando soluci\u00f3n al congestionamiento vehicular generado por el paso del tren en la zona poniente de la capital michoacana, el gobierno de Michoac\u00e1n inaugurar\u00e1 oficialmente el Paso Superior Ferroviario Independencia.<\/p>\n<p>En conferencia de prensa encabezada por el gobernador Alfredo Ram\u00edrez Bedolla se puntualiz\u00f3 que con esta medida se lograr\u00e1 un mejor flujo vial con los dos carriles por sentido en el puente y otros dos por sentido a nivel de suelo que se construyeron, adem\u00e1s de disminuir considerablemente los accidentes en la zona.<\/p>\n<p>M\u00e1s de 85 mil veh\u00edculos tramitar\u00e1n diario por esta obra ejecutada por el estado, beneficiando a 255 mil habitantes que adem\u00e1s se ver\u00e1n beneficiadas con las obras complementarias debajo del puente, a partir de los m\u00e1s de 3 mil 200 metros cuadrados recuperados.<\/p>\n<p>En este sentido, se contempla la construcci\u00f3n de un skatepark, juegos infantiles, gimnasio, \u00e1rea para mascotas, vigilancia, iluminaci\u00f3n y cruces seguros.<\/p>\n","protected":false},"excerpt":{"rendered":"<p>Por Mariano Bola\u00f1os Monta\u00f1ez Morelia, Mich.- Dando soluci\u00f3n al congestionamiento vehicular generado por el paso del tren en la zona poniente de la capital michoacana, el gobierno de Michoac\u00e1n inaugurar\u00e1 oficialmente el Paso Superior Ferroviario Independencia. En conferencia de prensa encabezada por el gobernador Alfredo Ram\u00edrez Bedolla se puntualiz\u00f3 que con esta medida se lograr\u00e1 [&hellip;]<\/p>\n","protected":false},"author":9,"featured_media":79042,"comment_status":"closed","ping_status":"closed","sticky":false,"template":"","format":"standard","meta":{"footnotes":""},"categories":[30,7,27],"tags":[],"class_list":{"0":"post-79041","1":"post","2":"type-post","3":"status-publish","4":"format-standard","5":"has-post-thumbnail","7":"category-columnas","8":"category-morelia","9":"category-slider"},"yoast_head":"<!-- This site is optimized with the Yoast SEO plugin v24.0 - https:\/\/yoast.com\/wordpress\/plugins\/seo\/ -->\n<title>Ma\u00f1ana inauguran Paso Superior Ferroviario Independencia, en Morelia - Diario ABC de Michoac\u00e1n<\/title>\n<meta name=\"robots\" content=\"index, follow, max-snippet:-1, max-image-preview:large, max-video-preview:-1\" \/>\n<link rel=\"canonical\" href=\"https:\/\/diarioabcdemichoacan.com.mx\/lasnoticias\/manana-inauguran-paso-superior-ferroviario-independencia-en-morelia\/\" \/>\n<meta property=\"og:locale\" content=\"es_ES\" \/>\n<meta property=\"og:type\" content=\"article\" \/>\n<meta property=\"og:title\" content=\"Ma\u00f1ana inauguran Paso Superior Ferroviario Independencia, en Morelia - Diario ABC de Michoac\u00e1n\" \/>\n<meta property=\"og:description\" content=\"Por Mariano Bola\u00f1os Monta\u00f1ez Morelia, Mich.- Dando soluci\u00f3n al congestionamiento vehicular generado por el paso del tren en la zona poniente de la capital michoacana, el gobierno de Michoac\u00e1n inaugurar\u00e1 oficialmente el Paso Superior Ferroviario Independencia. En conferencia de prensa encabezada por el gobernador Alfredo Ram\u00edrez Bedolla se puntualiz\u00f3 que con esta medida se lograr\u00e1 [&hellip;]\" \/>\n<meta property=\"og:url\" content=\"https:\/\/diarioabcdemichoacan.com.mx\/lasnoticias\/manana-inauguran-paso-superior-ferroviario-independencia-en-morelia\/\" \/>\n<meta property=\"og:site_name\" content=\"Diario ABC de Michoac\u00e1n\" \/>\n<meta property=\"article:published_time\" content=\"2026-04-27T18:52:09+00:00\" \/>\n<meta property=\"og:image\" content=\"https:\/\/diarioabcdemichoacan.com.mx\/lasnoticias\/wp-content\/uploads\/2026\/04\/WhatsApp-Image-2026-04-27-at-11.29.55-AM.jpeg\" \/>\n\t<meta property=\"og:image:width\" content=\"1392\" \/>\n\t<meta property=\"og:image:height\" content=\"838\" \/>\n\t<meta property=\"og:image:type\" content=\"image\/jpeg\" \/>\n<meta name=\"author\" content=\"AR\" \/>\n<meta name=\"twitter:card\" content=\"summary_large_image\" \/>\n<meta name=\"twitter:label1\" content=\"Escrito por\" \/>\n\t<meta name=\"twitter:data1\" content=\"AR\" \/>\n\t<meta name=\"twitter:label2\" content=\"Tiempo de lectura\" \/>\n\t<meta name=\"twitter:data2\" content=\"1 minuto\" \/>\n<script type=\"application\/ld+json\" class=\"yoast-schema-graph\">{\"@context\":\"https:\/\/schema.org\",\"@graph\":[{\"@type\":\"WebPage\",\"@id\":\"https:\/\/diarioabcdemichoacan.com.mx\/lasnoticias\/manana-inauguran-paso-superior-ferroviario-independencia-en-morelia\/\",\"url\":\"https:\/\/diarioabcdemichoacan.com.mx\/lasnoticias\/manana-inauguran-paso-superior-ferroviario-independencia-en-morelia\/\",\"name\":\"Ma\u00f1ana inauguran Paso Superior Ferroviario Independencia, en Morelia - Diario ABC de Michoac\u00e1n\",\"isPartOf\":{\"@id\":\"https:\/\/diarioabcdemichoacan.com.mx\/lasnoticias\/#website\"},\"primaryImageOfPage\":{\"@id\":\"https:\/\/diarioabcdemichoacan.com.mx\/lasnoticias\/manana-inauguran-paso-superior-ferroviario-independencia-en-morelia\/#primaryimage\"},\"image\":{\"@id\":\"https:\/\/diarioabcdemichoacan.com.mx\/lasnoticias\/manana-inauguran-paso-superior-ferroviario-independencia-en-morelia\/#primaryimage\"},\"thumbnailUrl\":\"https:\/\/diarioabcdemichoacan.com.mx\/lasnoticias\/wp-content\/uploads\/2026\/04\/WhatsApp-Image-2026-04-27-at-11.29.55-AM.jpeg\",\"datePublished\":\"2026-04-27T18:52:09+00:00\",\"dateModified\":\"2026-04-27T18:52:09+00:00\",\"author\":{\"@id\":\"https:\/\/diarioabcdemichoacan.com.mx\/lasnoticias\/#\/schema\/person\/19ae376040f6cbc489682ebdd8524852\"},\"breadcrumb\":{\"@id\":\"https:\/\/diarioabcdemichoacan.com.mx\/lasnoticias\/manana-inauguran-paso-superior-ferroviario-independencia-en-morelia\/#breadcrumb\"},\"inLanguage\":\"es\",\"potentialAction\":[{\"@type\":\"ReadAction\",\"target\":[\"https:\/\/diarioabcdemichoacan.com.mx\/lasnoticias\/manana-inauguran-paso-superior-ferroviario-independencia-en-morelia\/\"]}]},{\"@type\":\"ImageObject\",\"inLanguage\":\"es\",\"@id\":\"https:\/\/diarioabcdemichoacan.com.mx\/lasnoticias\/manana-inauguran-paso-superior-ferroviario-independencia-en-morelia\/#primaryimage\",\"url\":\"https:\/\/diarioabcdemichoacan.com.mx\/lasnoticias\/wp-content\/uploads\/2026\/04\/WhatsApp-Image-2026-04-27-at-11.29.55-AM.jpeg\",\"contentUrl\":\"https:\/\/diarioabcdemichoacan.com.mx\/lasnoticias\/wp-content\/uploads\/2026\/04\/WhatsApp-Image-2026-04-27-at-11.29.55-AM.jpeg\",\"width\":1392,\"height\":838},{\"@type\":\"BreadcrumbList\",\"@id\":\"https:\/\/diarioabcdemichoacan.com.mx\/lasnoticias\/manana-inauguran-paso-superior-ferroviario-independencia-en-morelia\/#breadcrumb\",\"itemListElement\":[{\"@type\":\"ListItem\",\"position\":1,\"name\":\"Portada\",\"item\":\"https:\/\/diarioabcdemichoacan.com.mx\/lasnoticias\/\"},{\"@type\":\"ListItem\",\"position\":2,\"name\":\"Ma\u00f1ana inauguran Paso Superior Ferroviario Independencia, en Morelia\"}]},{\"@type\":\"WebSite\",\"@id\":\"https:\/\/diarioabcdemichoacan.com.mx\/lasnoticias\/#website\",\"url\":\"https:\/\/diarioabcdemichoacan.com.mx\/lasnoticias\/\",\"name\":\"Diario ABC de Michoac\u00e1n\",\"description\":\"Las noticias al momento\",\"potentialAction\":[{\"@type\":\"SearchAction\",\"target\":{\"@type\":\"EntryPoint\",\"urlTemplate\":\"https:\/\/diarioabcdemichoacan.com.mx\/lasnoticias\/?s={search_term_string}\"},\"query-input\":{\"@type\":\"PropertyValueSpecification\",\"valueRequired\":true,\"valueName\":\"search_term_string\"}}],\"inLanguage\":\"es\"},{\"@type\":\"Person\",\"@id\":\"https:\/\/diarioabcdemichoacan.com.mx\/lasnoticias\/#\/schema\/person\/19ae376040f6cbc489682ebdd8524852\",\"name\":\"AR\",\"image\":{\"@type\":\"ImageObject\",\"inLanguage\":\"es\",\"@id\":\"https:\/\/diarioabcdemichoacan.com.mx\/lasnoticias\/#\/schema\/person\/image\/\",\"url\":\"https:\/\/secure.gravatar.com\/avatar\/44eca2ff970262234e20e1e082872af0?s=96&d=mm&r=g\",\"contentUrl\":\"https:\/\/secure.gravatar.com\/avatar\/44eca2ff970262234e20e1e082872af0?s=96&d=mm&r=g\",\"caption\":\"AR\"},\"url\":\"https:\/\/diarioabcdemichoacan.com.mx\/lasnoticias\/author\/adrian\/\"}]}<\/script>\n<!-- \/ Yoast SEO plugin. -->","yoast_head_json":{"title":"Ma\u00f1ana inauguran Paso Superior Ferroviario Independencia, en Morelia - Diario ABC de Michoac\u00e1n","robots":{"index":"index","follow":"follow","max-snippet":"max-snippet:-1","max-image-preview":"max-image-preview:large","max-video-preview":"max-video-preview:-1"},"canonical":"https:\/\/diarioabcdemichoacan.com.mx\/lasnoticias\/manana-inauguran-paso-superior-ferroviario-independencia-en-morelia\/","og_locale":"es_ES","og_type":"article","og_title":"Ma\u00f1ana inauguran Paso Superior Ferroviario Independencia, en Morelia - Diario ABC de Michoac\u00e1n","og_description":"Por Mariano Bola\u00f1os Monta\u00f1ez Morelia, Mich.- Dando soluci\u00f3n al congestionamiento vehicular generado por el paso del tren en la zona poniente de la capital michoacana, el gobierno de Michoac\u00e1n inaugurar\u00e1 oficialmente el Paso Superior Ferroviario Independencia. En conferencia de prensa encabezada por el gobernador Alfredo Ram\u00edrez Bedolla se puntualiz\u00f3 que con esta medida se lograr\u00e1 [&hellip;]","og_url":"https:\/\/diarioabcdemichoacan.com.mx\/lasnoticias\/manana-inauguran-paso-superior-ferroviario-independencia-en-morelia\/","og_site_name":"Diario ABC de Michoac\u00e1n","article_published_time":"2026-04-27T18:52:09+00:00","og_image":[{"width":1392,"height":838,"url":"https:\/\/diarioabcdemichoacan.com.mx\/lasnoticias\/wp-content\/uploads\/2026\/04\/WhatsApp-Image-2026-04-27-at-11.29.55-AM.jpeg","type":"image\/jpeg"}],"author":"AR","twitter_card":"summary_large_image","twitter_misc":{"Escrito por":"AR","Tiempo de lectura":"1 minuto"},"schema":{"@context":"https:\/\/schema.org","@graph":[{"@type":"WebPage","@id":"https:\/\/diarioabcdemichoacan.com.mx\/lasnoticias\/manana-inauguran-paso-superior-ferroviario-independencia-en-morelia\/","url":"https:\/\/diarioabcdemichoacan.com.mx\/lasnoticias\/manana-inauguran-paso-superior-ferroviario-independencia-en-morelia\/","name":"Ma\u00f1ana inauguran Paso Superior Ferroviario Independencia, en Morelia - Diario ABC de Michoac\u00e1n","isPartOf":{"@id":"https:\/\/diarioabcdemichoacan.com.mx\/lasnoticias\/#website"},"primaryImageOfPage":{"@id":"https:\/\/diarioabcdemichoacan.com.mx\/lasnoticias\/manana-inauguran-paso-superior-ferroviario-independencia-en-morelia\/#primaryimage"},"image":{"@id":"https:\/\/diarioabcdemichoacan.com.mx\/lasnoticias\/manana-inauguran-paso-superior-ferroviario-independencia-en-morelia\/#primaryimage"},"thumbnailUrl":"https:\/\/diarioabcdemichoacan.com.mx\/lasnoticias\/wp-content\/uploads\/2026\/04\/WhatsApp-Image-2026-04-27-at-11.29.55-AM.jpeg","datePublished":"2026-04-27T18:52:09+00:00","dateModified":"2026-04-27T18:52:09+00:00","author":{"@id":"https:\/\/diarioabcdemichoacan.com.mx\/lasnoticias\/#\/schema\/person\/19ae376040f6cbc489682ebdd8524852"},"breadcrumb":{"@id":"https:\/\/diarioabcdemichoacan.com.mx\/lasnoticias\/manana-inauguran-paso-superior-ferroviario-independencia-en-morelia\/#breadcrumb"},"inLanguage":"es","potentialAction":[{"@type":"ReadAction","target":["https:\/\/diarioabcdemichoacan.com.mx\/lasnoticias\/manana-inauguran-paso-superior-ferroviario-independencia-en-morelia\/"]}]},{"@type":"ImageObject","inLanguage":"es","@id":"https:\/\/diarioabcdemichoacan.com.mx\/lasnoticias\/manana-inauguran-paso-superior-ferroviario-independencia-en-morelia\/#primaryimage","url":"https:\/\/diarioabcdemichoacan.com.mx\/lasnoticias\/wp-content\/uploads\/2026\/04\/WhatsApp-Image-2026-04-27-at-11.29.55-AM.jpeg","contentUrl":"https:\/\/diarioabcdemichoacan.com.mx\/lasnoticias\/wp-content\/uploads\/2026\/04\/WhatsApp-Image-2026-04-27-at-11.29.55-AM.jpeg","width":1392,"height":838},{"@type":"BreadcrumbList","@id":"https:\/\/diarioabcdemichoacan.com.mx\/lasnoticias\/manana-inauguran-paso-superior-ferroviario-independencia-en-morelia\/#breadcrumb","itemListElement":[{"@type":"ListItem","position":1,"name":"Portada","item":"https:\/\/diarioabcdemichoacan.com.mx\/lasnoticias\/"},{"@type":"ListItem","position":2,"name":"Ma\u00f1ana inauguran Paso Superior Ferroviario Independencia, en Morelia"}]},{"@type":"WebSite","@id":"https:\/\/diarioabcdemichoacan.com.mx\/lasnoticias\/#website","url":"https:\/\/diarioabcdemichoacan.com.mx\/lasnoticias\/","name":"Diario ABC de Michoac\u00e1n","description":"Las noticias al momento","potentialAction":[{"@type":"SearchAction","target":{"@type":"EntryPoint","urlTemplate":"https:\/\/diarioabcdemichoacan.com.mx\/lasnoticias\/?s={search_term_string}"},"query-input":{"@type":"PropertyValueSpecification","valueRequired":true,"valueName":"search_term_string"}}],"inLanguage":"es"},{"@type":"Person","@id":"https:\/\/diarioabcdemichoacan.com.mx\/lasnoticias\/#\/schema\/person\/19ae376040f6cbc489682ebdd8524852","name":"AR","image":{"@type":"ImageObject","inLanguage":"es","@id":"https:\/\/diarioabcdemichoacan.com.mx\/lasnoticias\/#\/schema\/person\/image\/","url":"https:\/\/secure.gravatar.com\/avatar\/44eca2ff970262234e20e1e082872af0?s=96&d=mm&r=g","contentUrl":"https:\/\/secure.gravatar.com\/avatar\/44eca2ff970262234e20e1e082872af0?s=96&d=mm&r=g","caption":"AR"},"url":"https:\/\/diarioabcdemichoacan.com.mx\/lasnoticias\/author\/adrian\/"}]}},"_links":{"self":[{"href":"https:\/\/diarioabcdemichoacan.com.mx\/lasnoticias\/wp-json\/wp\/v2\/posts\/79041","targetHints":{"allow":["GET"]}}],"collection":[{"href":"https:\/\/diarioabcdemichoacan.com.mx\/lasnoticias\/wp-json\/wp\/v2\/posts"}],"about":[{"href":"https:\/\/diarioabcdemichoacan.com.mx\/lasnoticias\/wp-json\/wp\/v2\/types\/post"}],"author":[{"embeddable":true,"href":"https:\/\/diarioabcdemichoacan.com.mx\/lasnoticias\/wp-json\/wp\/v2\/users\/9"}],"replies":[{"embeddable":true,"href":"https:\/\/diarioabcdemichoacan.com.mx\/lasnoticias\/wp-json\/wp\/v2\/comments?post=79041"}],"version-history":[{"count":1,"href":"https:\/\/diarioabcdemichoacan.com.mx\/lasnoticias\/wp-json\/wp\/v2\/posts\/79041\/revisions"}],"predecessor-version":[{"id":79043,"href":"https:\/\/diarioabcdemichoacan.com.mx\/lasnoticias\/wp-json\/wp\/v2\/posts\/79041\/revisions\/79043"}],"wp:featuredmedia":[{"embeddable":true,"href":"https:\/\/diarioabcdemichoacan.com.mx\/lasnoticias\/wp-json\/wp\/v2\/media\/79042"}],"wp:attachment":[{"href":"https:\/\/diarioabcdemichoacan.com.mx\/lasnoticias\/wp-json\/wp\/v2\/media?parent=79041"}],"wp:term":[{"taxonomy":"category","embeddable":true,"href":"https:\/\/diarioabcdemichoacan.com.mx\/lasnoticias\/wp-json\/wp\/v2\/categories?post=79041"},{"taxonomy":"post_tag","embeddable":true,"href":"https:\/\/diarioabcdemichoacan.com.mx\/lasnoticias\/wp-json\/wp\/v2\/tags?post=79041"}],"curies":[{"name":"wp","href":"https:\/\/api.w.org\/{rel}","templated":true}]}}