{"id":79050,"date":"2026-04-27T13:00:23","date_gmt":"2026-04-27T19:00:23","guid":{"rendered":"https:\/\/diarioabcdemichoacan.com.mx\/lasnoticias\/?p=79050"},"modified":"2026-04-27T13:00:23","modified_gmt":"2026-04-27T19:00:23","slug":"estas-son-las-obras-que-se-inauguraran-proximamente-en-uruapan","status":"publish","type":"post","link":"https:\/\/diarioabcdemichoacan.com.mx\/lasnoticias\/estas-son-las-obras-que-se-inauguraran-proximamente-en-uruapan\/","title":{"rendered":"Estas son las obras que se inaugurar\u00e1n pr\u00f3ximamente en Uruapan"},"content":{"rendered":"<h6>Por Mariano Bola\u00f1os Monta\u00f1ez\/Sara\u00ed Rangel<\/h6>\n<hr \/>\n<p>Morelia, Mich.- En pr\u00f3ximas semanas, la Perla del Cupatitzio podr\u00e1 ver consolidadas varias obras que desde el Gobierno del Estado se construyen y en lo que resta del a\u00f1o se inaugurar\u00e1n, al menos algunas de ellas.<\/p>\n<p>En conferencia de prensa, la titular de la Secretar\u00eda de Desarrollo Urbano y Movilidad (Sedum), Gladyz Butanda Mac\u00edas, inform\u00f3 que se ejecutan obras correspondientes a una inversi\u00f3n de casi los 160 millones de pesos.<\/p>\n<p>Entre las m\u00e1s destacables resalt\u00f3 las nuevas instalaciones del DIF; el Skatepark al lado de la estaci\u00f3n Centro del Telef\u00e9rico; la tercera etapa de la rehabilitaci\u00f3n de la Avenida Revoluci\u00f3n, misma que ir\u00e1 desde la intersecci\u00f3n con la Calle M\u00e9xico hasta Camino a la Fundici\u00f3n; y la rehabilitaci\u00f3n del Boulevard Industrial, desde su cruce con Calzada la Fuente hasta la calle Puerto Rico.<\/p>\n<p>A la par Rogelio Zaraz\u00faa, Secretario de Obras P\u00fablicas (SCOP), inform\u00f3 que se invierten 139 millones de pesos en obras urbanas y viales, correspondientes a la rehabilitaci\u00f3n del Paseo L\u00e1zaro C\u00e1rdenas entre calles Brucelas y Argelia, y una segunda etapa de la rehabilitaci\u00f3n del Libramiento Oriente.<\/p>\n<p>En obras educativas, 201 mdp se invierten en un nuevo bachillerato tecnol\u00f3gico; la Universidad Nacional Rosario Castellanos; dos bachilleratos comunitarios; edificio, cancha, barda perimetral, mobiliario y equipo para la Universidad Polit\u00e9cnica de Uruapan; y la rehabilitaci\u00f3n general de los planteles \u00ab16 de Septiembre\u00bb y \u00abConstituyentes\u00bb.<\/p>\n<p>Finalmente se construye el Ramal Uruapan, la Carretera Uruapan-Nueva Italia, y la carretera Uruapan-Zamora.<\/p>\n","protected":false},"excerpt":{"rendered":"<p>Por Mariano Bola\u00f1os Monta\u00f1ez\/Sara\u00ed Rangel Morelia, Mich.- En pr\u00f3ximas semanas, la Perla del Cupatitzio podr\u00e1 ver consolidadas varias obras que desde el Gobierno del Estado se construyen y en lo que resta del a\u00f1o se inaugurar\u00e1n, al menos algunas de ellas. En conferencia de prensa, la titular de la Secretar\u00eda de Desarrollo Urbano y Movilidad [&hellip;]<\/p>\n","protected":false},"author":9,"featured_media":79051,"comment_status":"closed","ping_status":"closed","sticky":false,"template":"","format":"standard","meta":{"footnotes":""},"categories":[30,10,28,27,3],"tags":[],"class_list":{"0":"post-79050","1":"post","2":"type-post","3":"status-publish","4":"format-standard","5":"has-post-thumbnail","7":"category-columnas","8":"category-estado","9":"category-politica","10":"category-slider","11":"category-uruapan"},"yoast_head":"<!-- This site is optimized with the Yoast SEO plugin v24.0 - https:\/\/yoast.com\/wordpress\/plugins\/seo\/ -->\n<title>Estas son las obras que se inaugurar\u00e1n pr\u00f3ximamente en Uruapan - Diario ABC de Michoac\u00e1n<\/title>\n<meta name=\"robots\" content=\"index, follow, max-snippet:-1, max-image-preview:large, max-video-preview:-1\" \/>\n<link rel=\"canonical\" href=\"https:\/\/diarioabcdemichoacan.com.mx\/lasnoticias\/estas-son-las-obras-que-se-inauguraran-proximamente-en-uruapan\/\" \/>\n<meta property=\"og:locale\" content=\"es_ES\" \/>\n<meta property=\"og:type\" content=\"article\" \/>\n<meta property=\"og:title\" content=\"Estas son las obras que se inaugurar\u00e1n pr\u00f3ximamente en Uruapan - Diario ABC de Michoac\u00e1n\" \/>\n<meta property=\"og:description\" content=\"Por Mariano Bola\u00f1os Monta\u00f1ez\/Sara\u00ed Rangel Morelia, Mich.- En pr\u00f3ximas semanas, la Perla del Cupatitzio podr\u00e1 ver consolidadas varias obras que desde el Gobierno del Estado se construyen y en lo que resta del a\u00f1o se inaugurar\u00e1n, al menos algunas de ellas. En conferencia de prensa, la titular de la Secretar\u00eda de Desarrollo Urbano y Movilidad [&hellip;]\" \/>\n<meta property=\"og:url\" content=\"https:\/\/diarioabcdemichoacan.com.mx\/lasnoticias\/estas-son-las-obras-que-se-inauguraran-proximamente-en-uruapan\/\" \/>\n<meta property=\"og:site_name\" content=\"Diario ABC de Michoac\u00e1n\" \/>\n<meta property=\"article:published_time\" content=\"2026-04-27T19:00:23+00:00\" \/>\n<meta property=\"og:image\" content=\"https:\/\/diarioabcdemichoacan.com.mx\/lasnoticias\/wp-content\/uploads\/2026\/04\/uruapan-vista-aerea-de-uruapan-foto-shutterstock.webp\" \/>\n\t<meta property=\"og:image:width\" content=\"1500\" \/>\n\t<meta property=\"og:image:height\" content=\"999\" \/>\n\t<meta property=\"og:image:type\" content=\"image\/webp\" \/>\n<meta name=\"author\" content=\"AR\" \/>\n<meta name=\"twitter:card\" content=\"summary_large_image\" \/>\n<meta name=\"twitter:label1\" content=\"Escrito por\" \/>\n\t<meta name=\"twitter:data1\" content=\"AR\" \/>\n\t<meta name=\"twitter:label2\" content=\"Tiempo de lectura\" \/>\n\t<meta name=\"twitter:data2\" content=\"2 minutos\" \/>\n<script type=\"application\/ld+json\" class=\"yoast-schema-graph\">{\"@context\":\"https:\/\/schema.org\",\"@graph\":[{\"@type\":\"WebPage\",\"@id\":\"https:\/\/diarioabcdemichoacan.com.mx\/lasnoticias\/estas-son-las-obras-que-se-inauguraran-proximamente-en-uruapan\/\",\"url\":\"https:\/\/diarioabcdemichoacan.com.mx\/lasnoticias\/estas-son-las-obras-que-se-inauguraran-proximamente-en-uruapan\/\",\"name\":\"Estas son las obras que se inaugurar\u00e1n pr\u00f3ximamente en Uruapan - Diario ABC de Michoac\u00e1n\",\"isPartOf\":{\"@id\":\"https:\/\/diarioabcdemichoacan.com.mx\/lasnoticias\/#website\"},\"primaryImageOfPage\":{\"@id\":\"https:\/\/diarioabcdemichoacan.com.mx\/lasnoticias\/estas-son-las-obras-que-se-inauguraran-proximamente-en-uruapan\/#primaryimage\"},\"image\":{\"@id\":\"https:\/\/diarioabcdemichoacan.com.mx\/lasnoticias\/estas-son-las-obras-que-se-inauguraran-proximamente-en-uruapan\/#primaryimage\"},\"thumbnailUrl\":\"https:\/\/diarioabcdemichoacan.com.mx\/lasnoticias\/wp-content\/uploads\/2026\/04\/uruapan-vista-aerea-de-uruapan-foto-shutterstock.webp\",\"datePublished\":\"2026-04-27T19:00:23+00:00\",\"dateModified\":\"2026-04-27T19:00:23+00:00\",\"author\":{\"@id\":\"https:\/\/diarioabcdemichoacan.com.mx\/lasnoticias\/#\/schema\/person\/19ae376040f6cbc489682ebdd8524852\"},\"breadcrumb\":{\"@id\":\"https:\/\/diarioabcdemichoacan.com.mx\/lasnoticias\/estas-son-las-obras-que-se-inauguraran-proximamente-en-uruapan\/#breadcrumb\"},\"inLanguage\":\"es\",\"potentialAction\":[{\"@type\":\"ReadAction\",\"target\":[\"https:\/\/diarioabcdemichoacan.com.mx\/lasnoticias\/estas-son-las-obras-que-se-inauguraran-proximamente-en-uruapan\/\"]}]},{\"@type\":\"ImageObject\",\"inLanguage\":\"es\",\"@id\":\"https:\/\/diarioabcdemichoacan.com.mx\/lasnoticias\/estas-son-las-obras-que-se-inauguraran-proximamente-en-uruapan\/#primaryimage\",\"url\":\"https:\/\/diarioabcdemichoacan.com.mx\/lasnoticias\/wp-content\/uploads\/2026\/04\/uruapan-vista-aerea-de-uruapan-foto-shutterstock.webp\",\"contentUrl\":\"https:\/\/diarioabcdemichoacan.com.mx\/lasnoticias\/wp-content\/uploads\/2026\/04\/uruapan-vista-aerea-de-uruapan-foto-shutterstock.webp\",\"width\":1500,\"height\":999},{\"@type\":\"BreadcrumbList\",\"@id\":\"https:\/\/diarioabcdemichoacan.com.mx\/lasnoticias\/estas-son-las-obras-que-se-inauguraran-proximamente-en-uruapan\/#breadcrumb\",\"itemListElement\":[{\"@type\":\"ListItem\",\"position\":1,\"name\":\"Portada\",\"item\":\"https:\/\/diarioabcdemichoacan.com.mx\/lasnoticias\/\"},{\"@type\":\"ListItem\",\"position\":2,\"name\":\"Estas son las obras que se inaugurar\u00e1n pr\u00f3ximamente en Uruapan\"}]},{\"@type\":\"WebSite\",\"@id\":\"https:\/\/diarioabcdemichoacan.com.mx\/lasnoticias\/#website\",\"url\":\"https:\/\/diarioabcdemichoacan.com.mx\/lasnoticias\/\",\"name\":\"Diario ABC de Michoac\u00e1n\",\"description\":\"Las noticias al momento\",\"potentialAction\":[{\"@type\":\"SearchAction\",\"target\":{\"@type\":\"EntryPoint\",\"urlTemplate\":\"https:\/\/diarioabcdemichoacan.com.mx\/lasnoticias\/?s={search_term_string}\"},\"query-input\":{\"@type\":\"PropertyValueSpecification\",\"valueRequired\":true,\"valueName\":\"search_term_string\"}}],\"inLanguage\":\"es\"},{\"@type\":\"Person\",\"@id\":\"https:\/\/diarioabcdemichoacan.com.mx\/lasnoticias\/#\/schema\/person\/19ae376040f6cbc489682ebdd8524852\",\"name\":\"AR\",\"image\":{\"@type\":\"ImageObject\",\"inLanguage\":\"es\",\"@id\":\"https:\/\/diarioabcdemichoacan.com.mx\/lasnoticias\/#\/schema\/person\/image\/\",\"url\":\"https:\/\/secure.gravatar.com\/avatar\/44eca2ff970262234e20e1e082872af0?s=96&d=mm&r=g\",\"contentUrl\":\"https:\/\/secure.gravatar.com\/avatar\/44eca2ff970262234e20e1e082872af0?s=96&d=mm&r=g\",\"caption\":\"AR\"},\"url\":\"https:\/\/diarioabcdemichoacan.com.mx\/lasnoticias\/author\/adrian\/\"}]}<\/script>\n<!-- \/ Yoast SEO plugin. -->","yoast_head_json":{"title":"Estas son las obras que se inaugurar\u00e1n pr\u00f3ximamente en Uruapan - Diario ABC de Michoac\u00e1n","robots":{"index":"index","follow":"follow","max-snippet":"max-snippet:-1","max-image-preview":"max-image-preview:large","max-video-preview":"max-video-preview:-1"},"canonical":"https:\/\/diarioabcdemichoacan.com.mx\/lasnoticias\/estas-son-las-obras-que-se-inauguraran-proximamente-en-uruapan\/","og_locale":"es_ES","og_type":"article","og_title":"Estas son las obras que se inaugurar\u00e1n pr\u00f3ximamente en Uruapan - Diario ABC de Michoac\u00e1n","og_description":"Por Mariano Bola\u00f1os Monta\u00f1ez\/Sara\u00ed Rangel Morelia, Mich.- En pr\u00f3ximas semanas, la Perla del Cupatitzio podr\u00e1 ver consolidadas varias obras que desde el Gobierno del Estado se construyen y en lo que resta del a\u00f1o se inaugurar\u00e1n, al menos algunas de ellas. En conferencia de prensa, la titular de la Secretar\u00eda de Desarrollo Urbano y Movilidad [&hellip;]","og_url":"https:\/\/diarioabcdemichoacan.com.mx\/lasnoticias\/estas-son-las-obras-que-se-inauguraran-proximamente-en-uruapan\/","og_site_name":"Diario ABC de Michoac\u00e1n","article_published_time":"2026-04-27T19:00:23+00:00","og_image":[{"width":1500,"height":999,"url":"https:\/\/diarioabcdemichoacan.com.mx\/lasnoticias\/wp-content\/uploads\/2026\/04\/uruapan-vista-aerea-de-uruapan-foto-shutterstock.webp","type":"image\/webp"}],"author":"AR","twitter_card":"summary_large_image","twitter_misc":{"Escrito por":"AR","Tiempo de lectura":"2 minutos"},"schema":{"@context":"https:\/\/schema.org","@graph":[{"@type":"WebPage","@id":"https:\/\/diarioabcdemichoacan.com.mx\/lasnoticias\/estas-son-las-obras-que-se-inauguraran-proximamente-en-uruapan\/","url":"https:\/\/diarioabcdemichoacan.com.mx\/lasnoticias\/estas-son-las-obras-que-se-inauguraran-proximamente-en-uruapan\/","name":"Estas son las obras que se inaugurar\u00e1n pr\u00f3ximamente en Uruapan - Diario ABC de Michoac\u00e1n","isPartOf":{"@id":"https:\/\/diarioabcdemichoacan.com.mx\/lasnoticias\/#website"},"primaryImageOfPage":{"@id":"https:\/\/diarioabcdemichoacan.com.mx\/lasnoticias\/estas-son-las-obras-que-se-inauguraran-proximamente-en-uruapan\/#primaryimage"},"image":{"@id":"https:\/\/diarioabcdemichoacan.com.mx\/lasnoticias\/estas-son-las-obras-que-se-inauguraran-proximamente-en-uruapan\/#primaryimage"},"thumbnailUrl":"https:\/\/diarioabcdemichoacan.com.mx\/lasnoticias\/wp-content\/uploads\/2026\/04\/uruapan-vista-aerea-de-uruapan-foto-shutterstock.webp","datePublished":"2026-04-27T19:00:23+00:00","dateModified":"2026-04-27T19:00:23+00:00","author":{"@id":"https:\/\/diarioabcdemichoacan.com.mx\/lasnoticias\/#\/schema\/person\/19ae376040f6cbc489682ebdd8524852"},"breadcrumb":{"@id":"https:\/\/diarioabcdemichoacan.com.mx\/lasnoticias\/estas-son-las-obras-que-se-inauguraran-proximamente-en-uruapan\/#breadcrumb"},"inLanguage":"es","potentialAction":[{"@type":"ReadAction","target":["https:\/\/diarioabcdemichoacan.com.mx\/lasnoticias\/estas-son-las-obras-que-se-inauguraran-proximamente-en-uruapan\/"]}]},{"@type":"ImageObject","inLanguage":"es","@id":"https:\/\/diarioabcdemichoacan.com.mx\/lasnoticias\/estas-son-las-obras-que-se-inauguraran-proximamente-en-uruapan\/#primaryimage","url":"https:\/\/diarioabcdemichoacan.com.mx\/lasnoticias\/wp-content\/uploads\/2026\/04\/uruapan-vista-aerea-de-uruapan-foto-shutterstock.webp","contentUrl":"https:\/\/diarioabcdemichoacan.com.mx\/lasnoticias\/wp-content\/uploads\/2026\/04\/uruapan-vista-aerea-de-uruapan-foto-shutterstock.webp","width":1500,"height":999},{"@type":"BreadcrumbList","@id":"https:\/\/diarioabcdemichoacan.com.mx\/lasnoticias\/estas-son-las-obras-que-se-inauguraran-proximamente-en-uruapan\/#breadcrumb","itemListElement":[{"@type":"ListItem","position":1,"name":"Portada","item":"https:\/\/diarioabcdemichoacan.com.mx\/lasnoticias\/"},{"@type":"ListItem","position":2,"name":"Estas son las obras que se inaugurar\u00e1n pr\u00f3ximamente en Uruapan"}]},{"@type":"WebSite","@id":"https:\/\/diarioabcdemichoacan.com.mx\/lasnoticias\/#website","url":"https:\/\/diarioabcdemichoacan.com.mx\/lasnoticias\/","name":"Diario ABC de Michoac\u00e1n","description":"Las noticias al momento","potentialAction":[{"@type":"SearchAction","target":{"@type":"EntryPoint","urlTemplate":"https:\/\/diarioabcdemichoacan.com.mx\/lasnoticias\/?s={search_term_string}"},"query-input":{"@type":"PropertyValueSpecification","valueRequired":true,"valueName":"search_term_string"}}],"inLanguage":"es"},{"@type":"Person","@id":"https:\/\/diarioabcdemichoacan.com.mx\/lasnoticias\/#\/schema\/person\/19ae376040f6cbc489682ebdd8524852","name":"AR","image":{"@type":"ImageObject","inLanguage":"es","@id":"https:\/\/diarioabcdemichoacan.com.mx\/lasnoticias\/#\/schema\/person\/image\/","url":"https:\/\/secure.gravatar.com\/avatar\/44eca2ff970262234e20e1e082872af0?s=96&d=mm&r=g","contentUrl":"https:\/\/secure.gravatar.com\/avatar\/44eca2ff970262234e20e1e082872af0?s=96&d=mm&r=g","caption":"AR"},"url":"https:\/\/diarioabcdemichoacan.com.mx\/lasnoticias\/author\/adrian\/"}]}},"_links":{"self":[{"href":"https:\/\/diarioabcdemichoacan.com.mx\/lasnoticias\/wp-json\/wp\/v2\/posts\/79050","targetHints":{"allow":["GET"]}}],"collection":[{"href":"https:\/\/diarioabcdemichoacan.com.mx\/lasnoticias\/wp-json\/wp\/v2\/posts"}],"about":[{"href":"https:\/\/diarioabcdemichoacan.com.mx\/lasnoticias\/wp-json\/wp\/v2\/types\/post"}],"author":[{"embeddable":true,"href":"https:\/\/diarioabcdemichoacan.com.mx\/lasnoticias\/wp-json\/wp\/v2\/users\/9"}],"replies":[{"embeddable":true,"href":"https:\/\/diarioabcdemichoacan.com.mx\/lasnoticias\/wp-json\/wp\/v2\/comments?post=79050"}],"version-history":[{"count":1,"href":"https:\/\/diarioabcdemichoacan.com.mx\/lasnoticias\/wp-json\/wp\/v2\/posts\/79050\/revisions"}],"predecessor-version":[{"id":79052,"href":"https:\/\/diarioabcdemichoacan.com.mx\/lasnoticias\/wp-json\/wp\/v2\/posts\/79050\/revisions\/79052"}],"wp:featuredmedia":[{"embeddable":true,"href":"https:\/\/diarioabcdemichoacan.com.mx\/lasnoticias\/wp-json\/wp\/v2\/media\/79051"}],"wp:attachment":[{"href":"https:\/\/diarioabcdemichoacan.com.mx\/lasnoticias\/wp-json\/wp\/v2\/media?parent=79050"}],"wp:term":[{"taxonomy":"category","embeddable":true,"href":"https:\/\/diarioabcdemichoacan.com.mx\/lasnoticias\/wp-json\/wp\/v2\/categories?post=79050"},{"taxonomy":"post_tag","embeddable":true,"href":"https:\/\/diarioabcdemichoacan.com.mx\/lasnoticias\/wp-json\/wp\/v2\/tags?post=79050"}],"curies":[{"name":"wp","href":"https:\/\/api.w.org\/{rel}","templated":true}]}}