{"id":79059,"date":"2026-04-27T13:07:55","date_gmt":"2026-04-27T19:07:55","guid":{"rendered":"https:\/\/diarioabcdemichoacan.com.mx\/lasnoticias\/?p=79059"},"modified":"2026-04-27T13:07:55","modified_gmt":"2026-04-27T19:07:55","slug":"asetur-nombra-a-roberto-monroy-como-su-presidente-para-el-periodo-2026-2027","status":"publish","type":"post","link":"https:\/\/diarioabcdemichoacan.com.mx\/lasnoticias\/asetur-nombra-a-roberto-monroy-como-su-presidente-para-el-periodo-2026-2027\/","title":{"rendered":"Asetur nombra a Roberto Monroy como su presidente para el periodo 2026-2027"},"content":{"rendered":"<h2>El titular de Turismo de Michoac\u00e1n recibi\u00f3 el respaldo un\u00e1nime de sus hom\u00f3logos del pa\u00eds<\/h2>\n<p>&nbsp;<\/p>\n<hr \/>\n<p>Acapulco, Guero.- En el marco de la 68 Asamblea General Ordinaria de la Uni\u00f3n de Secretarias y Secretarios de Turismo de M\u00e9xico (Asetur), se llev\u00f3 a cabo la elecci\u00f3n de la nueva Mesa Directiva para el periodo 2026-2027, la cual ser\u00e1 encabezada por Roberto Monroy Garc\u00eda, titular de la Secretar\u00eda de Turismo de Michoac\u00e1n (Sectur).<\/p>\n<p>La designaci\u00f3n se realiz\u00f3 por consenso y con el respaldo un\u00e1nime de las y los titulares de turismo de las 32 entidades federativas, reconociendo la trayectoria, liderazgo y capacidad de articulaci\u00f3n del funcionario michoacano en favor del desarrollo tur\u00edstico nacional.<\/p>\n<p>Durante la asamblea, celebrada en el puerto de Acapulco previo al Tianguis Tur\u00edstico de M\u00e9xico 2026, se destac\u00f3 la importancia de fortalecer la coordinaci\u00f3n entre estados para consolidar al turismo como un motor estrat\u00e9gico de crecimiento econ\u00f3mico, generaci\u00f3n de empleo y bienestar social en el pa\u00eds.<\/p>\n<p>El actual presidente de Asetur, Bernardo Cueto Riestra, refrend\u00f3 su compromiso de continuar impulsando una agenda conjunta que priorice al turismo como eje fundamental del desarrollo nacional, al tiempo que agradeci\u00f3 el respaldo de Josefina Rodr\u00edguez Zamora, titular de la Secretar\u00eda de Turismo federal, para seguir fortaleciendo las pol\u00edticas p\u00fablicas del sector.<\/p>\n<p>Roberto Monroy Garc\u00eda tomar\u00e1 protesta en la pr\u00f3xima Asamblea General Ordinaria, desde donde impulsar\u00e1 estrategias de promoci\u00f3n, conectividad e innovaci\u00f3n tur\u00edstica, en beneficio de todos los destinos del pa\u00eds.<\/p>\n","protected":false},"excerpt":{"rendered":"<p>El titular de Turismo de Michoac\u00e1n recibi\u00f3 el respaldo un\u00e1nime de sus hom\u00f3logos del pa\u00eds &nbsp; Acapulco, Guero.- En el marco de la 68 Asamblea General Ordinaria de la Uni\u00f3n de Secretarias y Secretarios de Turismo de M\u00e9xico (Asetur), se llev\u00f3 a cabo la elecci\u00f3n de la nueva Mesa Directiva para el periodo 2026-2027, la [&hellip;]<\/p>\n","protected":false},"author":9,"featured_media":79061,"comment_status":"closed","ping_status":"closed","sticky":false,"template":"","format":"standard","meta":{"footnotes":""},"categories":[10,17,28,27,37],"tags":[],"class_list":{"0":"post-79059","1":"post","2":"type-post","3":"status-publish","4":"format-standard","5":"has-post-thumbnail","7":"category-estado","8":"category-gobierno-de-michoacan","9":"category-politica","10":"category-slider","11":"category-turismo"},"yoast_head":"<!-- This site is optimized with the Yoast SEO plugin v24.0 - https:\/\/yoast.com\/wordpress\/plugins\/seo\/ -->\n<title>Asetur nombra a Roberto Monroy como su presidente para el periodo 2026-2027 - Diario ABC de Michoac\u00e1n<\/title>\n<meta name=\"robots\" content=\"index, follow, max-snippet:-1, max-image-preview:large, max-video-preview:-1\" \/>\n<link rel=\"canonical\" href=\"https:\/\/diarioabcdemichoacan.com.mx\/lasnoticias\/asetur-nombra-a-roberto-monroy-como-su-presidente-para-el-periodo-2026-2027\/\" \/>\n<meta property=\"og:locale\" content=\"es_ES\" \/>\n<meta property=\"og:type\" content=\"article\" \/>\n<meta property=\"og:title\" content=\"Asetur nombra a Roberto Monroy como su presidente para el periodo 2026-2027 - Diario ABC de Michoac\u00e1n\" \/>\n<meta property=\"og:description\" content=\"El titular de Turismo de Michoac\u00e1n recibi\u00f3 el respaldo un\u00e1nime de sus hom\u00f3logos del pa\u00eds &nbsp; Acapulco, Guero.- En el marco de la 68 Asamblea General Ordinaria de la Uni\u00f3n de Secretarias y Secretarios de Turismo de M\u00e9xico (Asetur), se llev\u00f3 a cabo la elecci\u00f3n de la nueva Mesa Directiva para el periodo 2026-2027, la [&hellip;]\" \/>\n<meta property=\"og:url\" content=\"https:\/\/diarioabcdemichoacan.com.mx\/lasnoticias\/asetur-nombra-a-roberto-monroy-como-su-presidente-para-el-periodo-2026-2027\/\" \/>\n<meta property=\"og:site_name\" content=\"Diario ABC de Michoac\u00e1n\" \/>\n<meta property=\"article:published_time\" content=\"2026-04-27T19:07:55+00:00\" \/>\n<meta property=\"og:image\" content=\"https:\/\/diarioabcdemichoacan.com.mx\/lasnoticias\/wp-content\/uploads\/2026\/04\/WhatsApp-Image-2026-04-26-at-6.24.11-PM.jpeg\" \/>\n\t<meta property=\"og:image:width\" content=\"1280\" \/>\n\t<meta property=\"og:image:height\" content=\"838\" \/>\n\t<meta property=\"og:image:type\" content=\"image\/jpeg\" \/>\n<meta name=\"author\" content=\"AR\" \/>\n<meta name=\"twitter:card\" content=\"summary_large_image\" \/>\n<meta name=\"twitter:label1\" content=\"Escrito por\" \/>\n\t<meta name=\"twitter:data1\" content=\"AR\" \/>\n\t<meta name=\"twitter:label2\" content=\"Tiempo de lectura\" \/>\n\t<meta name=\"twitter:data2\" content=\"2 minutos\" \/>\n<script type=\"application\/ld+json\" class=\"yoast-schema-graph\">{\"@context\":\"https:\/\/schema.org\",\"@graph\":[{\"@type\":\"WebPage\",\"@id\":\"https:\/\/diarioabcdemichoacan.com.mx\/lasnoticias\/asetur-nombra-a-roberto-monroy-como-su-presidente-para-el-periodo-2026-2027\/\",\"url\":\"https:\/\/diarioabcdemichoacan.com.mx\/lasnoticias\/asetur-nombra-a-roberto-monroy-como-su-presidente-para-el-periodo-2026-2027\/\",\"name\":\"Asetur nombra a Roberto Monroy como su presidente para el periodo 2026-2027 - Diario ABC de Michoac\u00e1n\",\"isPartOf\":{\"@id\":\"https:\/\/diarioabcdemichoacan.com.mx\/lasnoticias\/#website\"},\"primaryImageOfPage\":{\"@id\":\"https:\/\/diarioabcdemichoacan.com.mx\/lasnoticias\/asetur-nombra-a-roberto-monroy-como-su-presidente-para-el-periodo-2026-2027\/#primaryimage\"},\"image\":{\"@id\":\"https:\/\/diarioabcdemichoacan.com.mx\/lasnoticias\/asetur-nombra-a-roberto-monroy-como-su-presidente-para-el-periodo-2026-2027\/#primaryimage\"},\"thumbnailUrl\":\"https:\/\/diarioabcdemichoacan.com.mx\/lasnoticias\/wp-content\/uploads\/2026\/04\/WhatsApp-Image-2026-04-26-at-6.24.11-PM.jpeg\",\"datePublished\":\"2026-04-27T19:07:55+00:00\",\"dateModified\":\"2026-04-27T19:07:55+00:00\",\"author\":{\"@id\":\"https:\/\/diarioabcdemichoacan.com.mx\/lasnoticias\/#\/schema\/person\/19ae376040f6cbc489682ebdd8524852\"},\"breadcrumb\":{\"@id\":\"https:\/\/diarioabcdemichoacan.com.mx\/lasnoticias\/asetur-nombra-a-roberto-monroy-como-su-presidente-para-el-periodo-2026-2027\/#breadcrumb\"},\"inLanguage\":\"es\",\"potentialAction\":[{\"@type\":\"ReadAction\",\"target\":[\"https:\/\/diarioabcdemichoacan.com.mx\/lasnoticias\/asetur-nombra-a-roberto-monroy-como-su-presidente-para-el-periodo-2026-2027\/\"]}]},{\"@type\":\"ImageObject\",\"inLanguage\":\"es\",\"@id\":\"https:\/\/diarioabcdemichoacan.com.mx\/lasnoticias\/asetur-nombra-a-roberto-monroy-como-su-presidente-para-el-periodo-2026-2027\/#primaryimage\",\"url\":\"https:\/\/diarioabcdemichoacan.com.mx\/lasnoticias\/wp-content\/uploads\/2026\/04\/WhatsApp-Image-2026-04-26-at-6.24.11-PM.jpeg\",\"contentUrl\":\"https:\/\/diarioabcdemichoacan.com.mx\/lasnoticias\/wp-content\/uploads\/2026\/04\/WhatsApp-Image-2026-04-26-at-6.24.11-PM.jpeg\",\"width\":1280,\"height\":838},{\"@type\":\"BreadcrumbList\",\"@id\":\"https:\/\/diarioabcdemichoacan.com.mx\/lasnoticias\/asetur-nombra-a-roberto-monroy-como-su-presidente-para-el-periodo-2026-2027\/#breadcrumb\",\"itemListElement\":[{\"@type\":\"ListItem\",\"position\":1,\"name\":\"Portada\",\"item\":\"https:\/\/diarioabcdemichoacan.com.mx\/lasnoticias\/\"},{\"@type\":\"ListItem\",\"position\":2,\"name\":\"Asetur nombra a Roberto Monroy como su presidente para el periodo 2026-2027\"}]},{\"@type\":\"WebSite\",\"@id\":\"https:\/\/diarioabcdemichoacan.com.mx\/lasnoticias\/#website\",\"url\":\"https:\/\/diarioabcdemichoacan.com.mx\/lasnoticias\/\",\"name\":\"Diario ABC de Michoac\u00e1n\",\"description\":\"Las noticias al momento\",\"potentialAction\":[{\"@type\":\"SearchAction\",\"target\":{\"@type\":\"EntryPoint\",\"urlTemplate\":\"https:\/\/diarioabcdemichoacan.com.mx\/lasnoticias\/?s={search_term_string}\"},\"query-input\":{\"@type\":\"PropertyValueSpecification\",\"valueRequired\":true,\"valueName\":\"search_term_string\"}}],\"inLanguage\":\"es\"},{\"@type\":\"Person\",\"@id\":\"https:\/\/diarioabcdemichoacan.com.mx\/lasnoticias\/#\/schema\/person\/19ae376040f6cbc489682ebdd8524852\",\"name\":\"AR\",\"image\":{\"@type\":\"ImageObject\",\"inLanguage\":\"es\",\"@id\":\"https:\/\/diarioabcdemichoacan.com.mx\/lasnoticias\/#\/schema\/person\/image\/\",\"url\":\"https:\/\/secure.gravatar.com\/avatar\/44eca2ff970262234e20e1e082872af0?s=96&d=mm&r=g\",\"contentUrl\":\"https:\/\/secure.gravatar.com\/avatar\/44eca2ff970262234e20e1e082872af0?s=96&d=mm&r=g\",\"caption\":\"AR\"},\"url\":\"https:\/\/diarioabcdemichoacan.com.mx\/lasnoticias\/author\/adrian\/\"}]}<\/script>\n<!-- \/ Yoast SEO plugin. -->","yoast_head_json":{"title":"Asetur nombra a Roberto Monroy como su presidente para el periodo 2026-2027 - Diario ABC de Michoac\u00e1n","robots":{"index":"index","follow":"follow","max-snippet":"max-snippet:-1","max-image-preview":"max-image-preview:large","max-video-preview":"max-video-preview:-1"},"canonical":"https:\/\/diarioabcdemichoacan.com.mx\/lasnoticias\/asetur-nombra-a-roberto-monroy-como-su-presidente-para-el-periodo-2026-2027\/","og_locale":"es_ES","og_type":"article","og_title":"Asetur nombra a Roberto Monroy como su presidente para el periodo 2026-2027 - Diario ABC de Michoac\u00e1n","og_description":"El titular de Turismo de Michoac\u00e1n recibi\u00f3 el respaldo un\u00e1nime de sus hom\u00f3logos del pa\u00eds &nbsp; Acapulco, Guero.- En el marco de la 68 Asamblea General Ordinaria de la Uni\u00f3n de Secretarias y Secretarios de Turismo de M\u00e9xico (Asetur), se llev\u00f3 a cabo la elecci\u00f3n de la nueva Mesa Directiva para el periodo 2026-2027, la [&hellip;]","og_url":"https:\/\/diarioabcdemichoacan.com.mx\/lasnoticias\/asetur-nombra-a-roberto-monroy-como-su-presidente-para-el-periodo-2026-2027\/","og_site_name":"Diario ABC de Michoac\u00e1n","article_published_time":"2026-04-27T19:07:55+00:00","og_image":[{"width":1280,"height":838,"url":"https:\/\/diarioabcdemichoacan.com.mx\/lasnoticias\/wp-content\/uploads\/2026\/04\/WhatsApp-Image-2026-04-26-at-6.24.11-PM.jpeg","type":"image\/jpeg"}],"author":"AR","twitter_card":"summary_large_image","twitter_misc":{"Escrito por":"AR","Tiempo de lectura":"2 minutos"},"schema":{"@context":"https:\/\/schema.org","@graph":[{"@type":"WebPage","@id":"https:\/\/diarioabcdemichoacan.com.mx\/lasnoticias\/asetur-nombra-a-roberto-monroy-como-su-presidente-para-el-periodo-2026-2027\/","url":"https:\/\/diarioabcdemichoacan.com.mx\/lasnoticias\/asetur-nombra-a-roberto-monroy-como-su-presidente-para-el-periodo-2026-2027\/","name":"Asetur nombra a Roberto Monroy como su presidente para el periodo 2026-2027 - Diario ABC de Michoac\u00e1n","isPartOf":{"@id":"https:\/\/diarioabcdemichoacan.com.mx\/lasnoticias\/#website"},"primaryImageOfPage":{"@id":"https:\/\/diarioabcdemichoacan.com.mx\/lasnoticias\/asetur-nombra-a-roberto-monroy-como-su-presidente-para-el-periodo-2026-2027\/#primaryimage"},"image":{"@id":"https:\/\/diarioabcdemichoacan.com.mx\/lasnoticias\/asetur-nombra-a-roberto-monroy-como-su-presidente-para-el-periodo-2026-2027\/#primaryimage"},"thumbnailUrl":"https:\/\/diarioabcdemichoacan.com.mx\/lasnoticias\/wp-content\/uploads\/2026\/04\/WhatsApp-Image-2026-04-26-at-6.24.11-PM.jpeg","datePublished":"2026-04-27T19:07:55+00:00","dateModified":"2026-04-27T19:07:55+00:00","author":{"@id":"https:\/\/diarioabcdemichoacan.com.mx\/lasnoticias\/#\/schema\/person\/19ae376040f6cbc489682ebdd8524852"},"breadcrumb":{"@id":"https:\/\/diarioabcdemichoacan.com.mx\/lasnoticias\/asetur-nombra-a-roberto-monroy-como-su-presidente-para-el-periodo-2026-2027\/#breadcrumb"},"inLanguage":"es","potentialAction":[{"@type":"ReadAction","target":["https:\/\/diarioabcdemichoacan.com.mx\/lasnoticias\/asetur-nombra-a-roberto-monroy-como-su-presidente-para-el-periodo-2026-2027\/"]}]},{"@type":"ImageObject","inLanguage":"es","@id":"https:\/\/diarioabcdemichoacan.com.mx\/lasnoticias\/asetur-nombra-a-roberto-monroy-como-su-presidente-para-el-periodo-2026-2027\/#primaryimage","url":"https:\/\/diarioabcdemichoacan.com.mx\/lasnoticias\/wp-content\/uploads\/2026\/04\/WhatsApp-Image-2026-04-26-at-6.24.11-PM.jpeg","contentUrl":"https:\/\/diarioabcdemichoacan.com.mx\/lasnoticias\/wp-content\/uploads\/2026\/04\/WhatsApp-Image-2026-04-26-at-6.24.11-PM.jpeg","width":1280,"height":838},{"@type":"BreadcrumbList","@id":"https:\/\/diarioabcdemichoacan.com.mx\/lasnoticias\/asetur-nombra-a-roberto-monroy-como-su-presidente-para-el-periodo-2026-2027\/#breadcrumb","itemListElement":[{"@type":"ListItem","position":1,"name":"Portada","item":"https:\/\/diarioabcdemichoacan.com.mx\/lasnoticias\/"},{"@type":"ListItem","position":2,"name":"Asetur nombra a Roberto Monroy como su presidente para el periodo 2026-2027"}]},{"@type":"WebSite","@id":"https:\/\/diarioabcdemichoacan.com.mx\/lasnoticias\/#website","url":"https:\/\/diarioabcdemichoacan.com.mx\/lasnoticias\/","name":"Diario ABC de Michoac\u00e1n","description":"Las noticias al momento","potentialAction":[{"@type":"SearchAction","target":{"@type":"EntryPoint","urlTemplate":"https:\/\/diarioabcdemichoacan.com.mx\/lasnoticias\/?s={search_term_string}"},"query-input":{"@type":"PropertyValueSpecification","valueRequired":true,"valueName":"search_term_string"}}],"inLanguage":"es"},{"@type":"Person","@id":"https:\/\/diarioabcdemichoacan.com.mx\/lasnoticias\/#\/schema\/person\/19ae376040f6cbc489682ebdd8524852","name":"AR","image":{"@type":"ImageObject","inLanguage":"es","@id":"https:\/\/diarioabcdemichoacan.com.mx\/lasnoticias\/#\/schema\/person\/image\/","url":"https:\/\/secure.gravatar.com\/avatar\/44eca2ff970262234e20e1e082872af0?s=96&d=mm&r=g","contentUrl":"https:\/\/secure.gravatar.com\/avatar\/44eca2ff970262234e20e1e082872af0?s=96&d=mm&r=g","caption":"AR"},"url":"https:\/\/diarioabcdemichoacan.com.mx\/lasnoticias\/author\/adrian\/"}]}},"_links":{"self":[{"href":"https:\/\/diarioabcdemichoacan.com.mx\/lasnoticias\/wp-json\/wp\/v2\/posts\/79059","targetHints":{"allow":["GET"]}}],"collection":[{"href":"https:\/\/diarioabcdemichoacan.com.mx\/lasnoticias\/wp-json\/wp\/v2\/posts"}],"about":[{"href":"https:\/\/diarioabcdemichoacan.com.mx\/lasnoticias\/wp-json\/wp\/v2\/types\/post"}],"author":[{"embeddable":true,"href":"https:\/\/diarioabcdemichoacan.com.mx\/lasnoticias\/wp-json\/wp\/v2\/users\/9"}],"replies":[{"embeddable":true,"href":"https:\/\/diarioabcdemichoacan.com.mx\/lasnoticias\/wp-json\/wp\/v2\/comments?post=79059"}],"version-history":[{"count":1,"href":"https:\/\/diarioabcdemichoacan.com.mx\/lasnoticias\/wp-json\/wp\/v2\/posts\/79059\/revisions"}],"predecessor-version":[{"id":79063,"href":"https:\/\/diarioabcdemichoacan.com.mx\/lasnoticias\/wp-json\/wp\/v2\/posts\/79059\/revisions\/79063"}],"wp:featuredmedia":[{"embeddable":true,"href":"https:\/\/diarioabcdemichoacan.com.mx\/lasnoticias\/wp-json\/wp\/v2\/media\/79061"}],"wp:attachment":[{"href":"https:\/\/diarioabcdemichoacan.com.mx\/lasnoticias\/wp-json\/wp\/v2\/media?parent=79059"}],"wp:term":[{"taxonomy":"category","embeddable":true,"href":"https:\/\/diarioabcdemichoacan.com.mx\/lasnoticias\/wp-json\/wp\/v2\/categories?post=79059"},{"taxonomy":"post_tag","embeddable":true,"href":"https:\/\/diarioabcdemichoacan.com.mx\/lasnoticias\/wp-json\/wp\/v2\/tags?post=79059"}],"curies":[{"name":"wp","href":"https:\/\/api.w.org\/{rel}","templated":true}]}}