{"id":79067,"date":"2026-04-27T15:14:12","date_gmt":"2026-04-27T21:14:12","guid":{"rendered":"https:\/\/diarioabcdemichoacan.com.mx\/lasnoticias\/?p=79067"},"modified":"2026-04-27T15:14:12","modified_gmt":"2026-04-27T21:14:12","slug":"este-martes-abre-a-la-circulacion-el-paso-superior-de-policia-y-transito-bedolla","status":"publish","type":"post","link":"https:\/\/diarioabcdemichoacan.com.mx\/lasnoticias\/este-martes-abre-a-la-circulacion-el-paso-superior-de-policia-y-transito-bedolla\/","title":{"rendered":"Este martes abre a la circulaci\u00f3n el paso superior de Polic\u00eda y Tr\u00e1nsito: Bedolla"},"content":{"rendered":"<div>Continuar\u00e1 la obra en bajopuente y laterales<\/div>\n<div>\n<hr \/>\n<\/div>\n<div>Morelia, Michoac\u00e1n, 27 de abril de 2026.- Para agilizar el flujo de 85 mil veh\u00edculos diarios y eliminar la espera por el paso del tren, este martes se habilitar\u00e1 la circulaci\u00f3n en los cuatro carriles del paso elevado del puente ferroviario Independencia, ubicado en las inmediaciones de Polic\u00eda y Tr\u00e1nsito. Mientras contin\u00faan las labores de construcci\u00f3n en el resto de la obra, as\u00ed lo inform\u00f3 el gobernador Alfredo Ram\u00edrez Bedolla.<\/div>\n<div><\/div>\n<div>Durante la conferencia de prensa, el mandatario estatal puntualiz\u00f3 que este paso superior garantizar\u00e1 el libre tr\u00e1nsito en el perif\u00e9rico, espec\u00edficamente sobre las v\u00edas ferroviarias. Dicha infraestructura mejorar\u00e1 la conectividad y reducir\u00e1 los accidentes viales, beneficiando a conductores que diariamente perd\u00edan hasta 15 minutos en ese cruce.<\/div>\n<div><\/div>\n<div>El gobernador detall\u00f3 que la estructura superior mide 380 metros de largo y cuenta con 8.5 metros de alto. Est\u00e1 dise\u00f1ada para una velocidad de 40 kil\u00f3metros por hora, con dos carriles por sentido, 30 luminarias LED solares, parapetos met\u00e1licos y barreras centrales de concreto. Con esta puesta en marcha, se elimina el sem\u00e1foro a la altura de la Pepsi y se recorre la vuelta a la izquierda hacia la avenida Periodismo.<\/div>\n<div><\/div>\n<div>El secretario de Comunicaciones y Obras P\u00fablicas, Rogelio Zaraz\u00faa, indic\u00f3 que la obra continuar\u00e1, ya que falta intervenir el bajopuente con una dimensi\u00f3n de 3 mil 264 metros cuadrados, as\u00ed como las laterales con concreto hidr\u00e1ulico.<\/div>\n<div><\/div>\n<div>Asimismo, se\u00f1al\u00f3 que la obra que beneficiar\u00e1 a m\u00e1s de 255 mil habitantes, en su bajopuente incluir\u00e1 un skatepark, juegos infantiles, gimnasio al aire libre, cancha de p\u00e1del y cruces seguros, convirtiendo una zona de tr\u00e1nsito en un punto de encuentro para las familias.<\/div>\n","protected":false},"excerpt":{"rendered":"<p>Continuar\u00e1 la obra en bajopuente y laterales Morelia, Michoac\u00e1n, 27 de abril de 2026.- Para agilizar el flujo de 85 mil veh\u00edculos diarios y eliminar la espera por el paso del tren, este martes se habilitar\u00e1 la circulaci\u00f3n en los cuatro carriles del paso elevado del puente ferroviario Independencia, ubicado en las inmediaciones de Polic\u00eda [&hellip;]<\/p>\n","protected":false},"author":6,"featured_media":79068,"comment_status":"closed","ping_status":"closed","sticky":false,"template":"","format":"standard","meta":{"footnotes":""},"categories":[10,17,7],"tags":[],"class_list":{"0":"post-79067","1":"post","2":"type-post","3":"status-publish","4":"format-standard","5":"has-post-thumbnail","7":"category-estado","8":"category-gobierno-de-michoacan","9":"category-morelia"},"yoast_head":"<!-- This site is optimized with the Yoast SEO plugin v24.0 - https:\/\/yoast.com\/wordpress\/plugins\/seo\/ -->\n<title>Este martes abre a la circulaci\u00f3n el paso superior de Polic\u00eda y Tr\u00e1nsito: Bedolla - Diario ABC de Michoac\u00e1n<\/title>\n<meta name=\"robots\" content=\"index, follow, max-snippet:-1, max-image-preview:large, max-video-preview:-1\" \/>\n<link rel=\"canonical\" href=\"https:\/\/diarioabcdemichoacan.com.mx\/lasnoticias\/este-martes-abre-a-la-circulacion-el-paso-superior-de-policia-y-transito-bedolla\/\" \/>\n<meta property=\"og:locale\" content=\"es_ES\" \/>\n<meta property=\"og:type\" content=\"article\" \/>\n<meta property=\"og:title\" content=\"Este martes abre a la circulaci\u00f3n el paso superior de Polic\u00eda y Tr\u00e1nsito: Bedolla - Diario ABC de Michoac\u00e1n\" \/>\n<meta property=\"og:description\" content=\"Continuar\u00e1 la obra en bajopuente y laterales Morelia, Michoac\u00e1n, 27 de abril de 2026.- Para agilizar el flujo de 85 mil veh\u00edculos diarios y eliminar la espera por el paso del tren, este martes se habilitar\u00e1 la circulaci\u00f3n en los cuatro carriles del paso elevado del puente ferroviario Independencia, ubicado en las inmediaciones de Polic\u00eda [&hellip;]\" \/>\n<meta property=\"og:url\" content=\"https:\/\/diarioabcdemichoacan.com.mx\/lasnoticias\/este-martes-abre-a-la-circulacion-el-paso-superior-de-policia-y-transito-bedolla\/\" \/>\n<meta property=\"og:site_name\" content=\"Diario ABC de Michoac\u00e1n\" \/>\n<meta property=\"article:published_time\" content=\"2026-04-27T21:14:12+00:00\" \/>\n<meta property=\"og:image\" content=\"https:\/\/diarioabcdemichoacan.com.mx\/lasnoticias\/wp-content\/uploads\/2026\/04\/ca7f0587-bfbd-4c15-8163-97431c3d4327.jpg\" \/>\n\t<meta property=\"og:image:width\" content=\"1206\" \/>\n\t<meta property=\"og:image:height\" content=\"682\" \/>\n\t<meta property=\"og:image:type\" content=\"image\/jpeg\" \/>\n<meta name=\"author\" content=\"MB\" \/>\n<meta name=\"twitter:card\" content=\"summary_large_image\" \/>\n<meta name=\"twitter:label1\" content=\"Escrito por\" \/>\n\t<meta name=\"twitter:data1\" content=\"MB\" \/>\n\t<meta name=\"twitter:label2\" content=\"Tiempo de lectura\" \/>\n\t<meta name=\"twitter:data2\" content=\"2 minutos\" \/>\n<script type=\"application\/ld+json\" class=\"yoast-schema-graph\">{\"@context\":\"https:\/\/schema.org\",\"@graph\":[{\"@type\":\"WebPage\",\"@id\":\"https:\/\/diarioabcdemichoacan.com.mx\/lasnoticias\/este-martes-abre-a-la-circulacion-el-paso-superior-de-policia-y-transito-bedolla\/\",\"url\":\"https:\/\/diarioabcdemichoacan.com.mx\/lasnoticias\/este-martes-abre-a-la-circulacion-el-paso-superior-de-policia-y-transito-bedolla\/\",\"name\":\"Este martes abre a la circulaci\u00f3n el paso superior de Polic\u00eda y Tr\u00e1nsito: Bedolla - Diario ABC de Michoac\u00e1n\",\"isPartOf\":{\"@id\":\"https:\/\/diarioabcdemichoacan.com.mx\/lasnoticias\/#website\"},\"primaryImageOfPage\":{\"@id\":\"https:\/\/diarioabcdemichoacan.com.mx\/lasnoticias\/este-martes-abre-a-la-circulacion-el-paso-superior-de-policia-y-transito-bedolla\/#primaryimage\"},\"image\":{\"@id\":\"https:\/\/diarioabcdemichoacan.com.mx\/lasnoticias\/este-martes-abre-a-la-circulacion-el-paso-superior-de-policia-y-transito-bedolla\/#primaryimage\"},\"thumbnailUrl\":\"https:\/\/diarioabcdemichoacan.com.mx\/lasnoticias\/wp-content\/uploads\/2026\/04\/ca7f0587-bfbd-4c15-8163-97431c3d4327.jpg\",\"datePublished\":\"2026-04-27T21:14:12+00:00\",\"dateModified\":\"2026-04-27T21:14:12+00:00\",\"author\":{\"@id\":\"https:\/\/diarioabcdemichoacan.com.mx\/lasnoticias\/#\/schema\/person\/0546f9c3407148f7452ca932715c5e88\"},\"breadcrumb\":{\"@id\":\"https:\/\/diarioabcdemichoacan.com.mx\/lasnoticias\/este-martes-abre-a-la-circulacion-el-paso-superior-de-policia-y-transito-bedolla\/#breadcrumb\"},\"inLanguage\":\"es\",\"potentialAction\":[{\"@type\":\"ReadAction\",\"target\":[\"https:\/\/diarioabcdemichoacan.com.mx\/lasnoticias\/este-martes-abre-a-la-circulacion-el-paso-superior-de-policia-y-transito-bedolla\/\"]}]},{\"@type\":\"ImageObject\",\"inLanguage\":\"es\",\"@id\":\"https:\/\/diarioabcdemichoacan.com.mx\/lasnoticias\/este-martes-abre-a-la-circulacion-el-paso-superior-de-policia-y-transito-bedolla\/#primaryimage\",\"url\":\"https:\/\/diarioabcdemichoacan.com.mx\/lasnoticias\/wp-content\/uploads\/2026\/04\/ca7f0587-bfbd-4c15-8163-97431c3d4327.jpg\",\"contentUrl\":\"https:\/\/diarioabcdemichoacan.com.mx\/lasnoticias\/wp-content\/uploads\/2026\/04\/ca7f0587-bfbd-4c15-8163-97431c3d4327.jpg\",\"width\":1206,\"height\":682},{\"@type\":\"BreadcrumbList\",\"@id\":\"https:\/\/diarioabcdemichoacan.com.mx\/lasnoticias\/este-martes-abre-a-la-circulacion-el-paso-superior-de-policia-y-transito-bedolla\/#breadcrumb\",\"itemListElement\":[{\"@type\":\"ListItem\",\"position\":1,\"name\":\"Portada\",\"item\":\"https:\/\/diarioabcdemichoacan.com.mx\/lasnoticias\/\"},{\"@type\":\"ListItem\",\"position\":2,\"name\":\"Este martes abre a la circulaci\u00f3n el paso superior de Polic\u00eda y Tr\u00e1nsito: Bedolla\"}]},{\"@type\":\"WebSite\",\"@id\":\"https:\/\/diarioabcdemichoacan.com.mx\/lasnoticias\/#website\",\"url\":\"https:\/\/diarioabcdemichoacan.com.mx\/lasnoticias\/\",\"name\":\"Diario ABC de Michoac\u00e1n\",\"description\":\"Las noticias al momento\",\"potentialAction\":[{\"@type\":\"SearchAction\",\"target\":{\"@type\":\"EntryPoint\",\"urlTemplate\":\"https:\/\/diarioabcdemichoacan.com.mx\/lasnoticias\/?s={search_term_string}\"},\"query-input\":{\"@type\":\"PropertyValueSpecification\",\"valueRequired\":true,\"valueName\":\"search_term_string\"}}],\"inLanguage\":\"es\"},{\"@type\":\"Person\",\"@id\":\"https:\/\/diarioabcdemichoacan.com.mx\/lasnoticias\/#\/schema\/person\/0546f9c3407148f7452ca932715c5e88\",\"name\":\"MB\",\"image\":{\"@type\":\"ImageObject\",\"inLanguage\":\"es\",\"@id\":\"https:\/\/diarioabcdemichoacan.com.mx\/lasnoticias\/#\/schema\/person\/image\/\",\"url\":\"https:\/\/secure.gravatar.com\/avatar\/adcd41fde6b8d0b5d9d0de001d3112b3?s=96&d=mm&r=g\",\"contentUrl\":\"https:\/\/secure.gravatar.com\/avatar\/adcd41fde6b8d0b5d9d0de001d3112b3?s=96&d=mm&r=g\",\"caption\":\"MB\"},\"url\":\"https:\/\/diarioabcdemichoacan.com.mx\/lasnoticias\/author\/bomariano03\/\"}]}<\/script>\n<!-- \/ Yoast SEO plugin. -->","yoast_head_json":{"title":"Este martes abre a la circulaci\u00f3n el paso superior de Polic\u00eda y Tr\u00e1nsito: Bedolla - Diario ABC de Michoac\u00e1n","robots":{"index":"index","follow":"follow","max-snippet":"max-snippet:-1","max-image-preview":"max-image-preview:large","max-video-preview":"max-video-preview:-1"},"canonical":"https:\/\/diarioabcdemichoacan.com.mx\/lasnoticias\/este-martes-abre-a-la-circulacion-el-paso-superior-de-policia-y-transito-bedolla\/","og_locale":"es_ES","og_type":"article","og_title":"Este martes abre a la circulaci\u00f3n el paso superior de Polic\u00eda y Tr\u00e1nsito: Bedolla - Diario ABC de Michoac\u00e1n","og_description":"Continuar\u00e1 la obra en bajopuente y laterales Morelia, Michoac\u00e1n, 27 de abril de 2026.- Para agilizar el flujo de 85 mil veh\u00edculos diarios y eliminar la espera por el paso del tren, este martes se habilitar\u00e1 la circulaci\u00f3n en los cuatro carriles del paso elevado del puente ferroviario Independencia, ubicado en las inmediaciones de Polic\u00eda [&hellip;]","og_url":"https:\/\/diarioabcdemichoacan.com.mx\/lasnoticias\/este-martes-abre-a-la-circulacion-el-paso-superior-de-policia-y-transito-bedolla\/","og_site_name":"Diario ABC de Michoac\u00e1n","article_published_time":"2026-04-27T21:14:12+00:00","og_image":[{"width":1206,"height":682,"url":"https:\/\/diarioabcdemichoacan.com.mx\/lasnoticias\/wp-content\/uploads\/2026\/04\/ca7f0587-bfbd-4c15-8163-97431c3d4327.jpg","type":"image\/jpeg"}],"author":"MB","twitter_card":"summary_large_image","twitter_misc":{"Escrito por":"MB","Tiempo de lectura":"2 minutos"},"schema":{"@context":"https:\/\/schema.org","@graph":[{"@type":"WebPage","@id":"https:\/\/diarioabcdemichoacan.com.mx\/lasnoticias\/este-martes-abre-a-la-circulacion-el-paso-superior-de-policia-y-transito-bedolla\/","url":"https:\/\/diarioabcdemichoacan.com.mx\/lasnoticias\/este-martes-abre-a-la-circulacion-el-paso-superior-de-policia-y-transito-bedolla\/","name":"Este martes abre a la circulaci\u00f3n el paso superior de Polic\u00eda y Tr\u00e1nsito: Bedolla - Diario ABC de Michoac\u00e1n","isPartOf":{"@id":"https:\/\/diarioabcdemichoacan.com.mx\/lasnoticias\/#website"},"primaryImageOfPage":{"@id":"https:\/\/diarioabcdemichoacan.com.mx\/lasnoticias\/este-martes-abre-a-la-circulacion-el-paso-superior-de-policia-y-transito-bedolla\/#primaryimage"},"image":{"@id":"https:\/\/diarioabcdemichoacan.com.mx\/lasnoticias\/este-martes-abre-a-la-circulacion-el-paso-superior-de-policia-y-transito-bedolla\/#primaryimage"},"thumbnailUrl":"https:\/\/diarioabcdemichoacan.com.mx\/lasnoticias\/wp-content\/uploads\/2026\/04\/ca7f0587-bfbd-4c15-8163-97431c3d4327.jpg","datePublished":"2026-04-27T21:14:12+00:00","dateModified":"2026-04-27T21:14:12+00:00","author":{"@id":"https:\/\/diarioabcdemichoacan.com.mx\/lasnoticias\/#\/schema\/person\/0546f9c3407148f7452ca932715c5e88"},"breadcrumb":{"@id":"https:\/\/diarioabcdemichoacan.com.mx\/lasnoticias\/este-martes-abre-a-la-circulacion-el-paso-superior-de-policia-y-transito-bedolla\/#breadcrumb"},"inLanguage":"es","potentialAction":[{"@type":"ReadAction","target":["https:\/\/diarioabcdemichoacan.com.mx\/lasnoticias\/este-martes-abre-a-la-circulacion-el-paso-superior-de-policia-y-transito-bedolla\/"]}]},{"@type":"ImageObject","inLanguage":"es","@id":"https:\/\/diarioabcdemichoacan.com.mx\/lasnoticias\/este-martes-abre-a-la-circulacion-el-paso-superior-de-policia-y-transito-bedolla\/#primaryimage","url":"https:\/\/diarioabcdemichoacan.com.mx\/lasnoticias\/wp-content\/uploads\/2026\/04\/ca7f0587-bfbd-4c15-8163-97431c3d4327.jpg","contentUrl":"https:\/\/diarioabcdemichoacan.com.mx\/lasnoticias\/wp-content\/uploads\/2026\/04\/ca7f0587-bfbd-4c15-8163-97431c3d4327.jpg","width":1206,"height":682},{"@type":"BreadcrumbList","@id":"https:\/\/diarioabcdemichoacan.com.mx\/lasnoticias\/este-martes-abre-a-la-circulacion-el-paso-superior-de-policia-y-transito-bedolla\/#breadcrumb","itemListElement":[{"@type":"ListItem","position":1,"name":"Portada","item":"https:\/\/diarioabcdemichoacan.com.mx\/lasnoticias\/"},{"@type":"ListItem","position":2,"name":"Este martes abre a la circulaci\u00f3n el paso superior de Polic\u00eda y Tr\u00e1nsito: Bedolla"}]},{"@type":"WebSite","@id":"https:\/\/diarioabcdemichoacan.com.mx\/lasnoticias\/#website","url":"https:\/\/diarioabcdemichoacan.com.mx\/lasnoticias\/","name":"Diario ABC de Michoac\u00e1n","description":"Las noticias al momento","potentialAction":[{"@type":"SearchAction","target":{"@type":"EntryPoint","urlTemplate":"https:\/\/diarioabcdemichoacan.com.mx\/lasnoticias\/?s={search_term_string}"},"query-input":{"@type":"PropertyValueSpecification","valueRequired":true,"valueName":"search_term_string"}}],"inLanguage":"es"},{"@type":"Person","@id":"https:\/\/diarioabcdemichoacan.com.mx\/lasnoticias\/#\/schema\/person\/0546f9c3407148f7452ca932715c5e88","name":"MB","image":{"@type":"ImageObject","inLanguage":"es","@id":"https:\/\/diarioabcdemichoacan.com.mx\/lasnoticias\/#\/schema\/person\/image\/","url":"https:\/\/secure.gravatar.com\/avatar\/adcd41fde6b8d0b5d9d0de001d3112b3?s=96&d=mm&r=g","contentUrl":"https:\/\/secure.gravatar.com\/avatar\/adcd41fde6b8d0b5d9d0de001d3112b3?s=96&d=mm&r=g","caption":"MB"},"url":"https:\/\/diarioabcdemichoacan.com.mx\/lasnoticias\/author\/bomariano03\/"}]}},"_links":{"self":[{"href":"https:\/\/diarioabcdemichoacan.com.mx\/lasnoticias\/wp-json\/wp\/v2\/posts\/79067","targetHints":{"allow":["GET"]}}],"collection":[{"href":"https:\/\/diarioabcdemichoacan.com.mx\/lasnoticias\/wp-json\/wp\/v2\/posts"}],"about":[{"href":"https:\/\/diarioabcdemichoacan.com.mx\/lasnoticias\/wp-json\/wp\/v2\/types\/post"}],"author":[{"embeddable":true,"href":"https:\/\/diarioabcdemichoacan.com.mx\/lasnoticias\/wp-json\/wp\/v2\/users\/6"}],"replies":[{"embeddable":true,"href":"https:\/\/diarioabcdemichoacan.com.mx\/lasnoticias\/wp-json\/wp\/v2\/comments?post=79067"}],"version-history":[{"count":1,"href":"https:\/\/diarioabcdemichoacan.com.mx\/lasnoticias\/wp-json\/wp\/v2\/posts\/79067\/revisions"}],"predecessor-version":[{"id":79069,"href":"https:\/\/diarioabcdemichoacan.com.mx\/lasnoticias\/wp-json\/wp\/v2\/posts\/79067\/revisions\/79069"}],"wp:featuredmedia":[{"embeddable":true,"href":"https:\/\/diarioabcdemichoacan.com.mx\/lasnoticias\/wp-json\/wp\/v2\/media\/79068"}],"wp:attachment":[{"href":"https:\/\/diarioabcdemichoacan.com.mx\/lasnoticias\/wp-json\/wp\/v2\/media?parent=79067"}],"wp:term":[{"taxonomy":"category","embeddable":true,"href":"https:\/\/diarioabcdemichoacan.com.mx\/lasnoticias\/wp-json\/wp\/v2\/categories?post=79067"},{"taxonomy":"post_tag","embeddable":true,"href":"https:\/\/diarioabcdemichoacan.com.mx\/lasnoticias\/wp-json\/wp\/v2\/tags?post=79067"}],"curies":[{"name":"wp","href":"https:\/\/api.w.org\/{rel}","templated":true}]}}