{"id":79084,"date":"2026-04-29T11:10:36","date_gmt":"2026-04-29T17:10:36","guid":{"rendered":"https:\/\/diarioabcdemichoacan.com.mx\/lasnoticias\/?p=79084"},"modified":"2026-04-29T11:10:36","modified_gmt":"2026-04-29T17:10:36","slug":"acceso-a-becas-y-fortalecimiento-de-programas-de-estudio-compromisos-de-moron-con-universitarios","status":"publish","type":"post","link":"https:\/\/diarioabcdemichoacan.com.mx\/lasnoticias\/acceso-a-becas-y-fortalecimiento-de-programas-de-estudio-compromisos-de-moron-con-universitarios\/","title":{"rendered":"Acceso a becas y fortalecimiento de programas de estudio, compromisos de Mor\u00f3n con universitarios"},"content":{"rendered":"<h2>El senador particip\u00f3 en el \u201cEncuentro con Legisladores\u201d a invitaci\u00f3n de la Universidad La Salle Morelia.<\/h2>\n<p>&nbsp;<\/p>\n<hr \/>\n<p>Trabajo legislativo para tener acceso a becas de programas federales y una profunda revisi\u00f3n a los programas de estudio para que la formaci\u00f3n de profesionistas responda a las necesidades sociales de M\u00e9xico y Michoac\u00e1n, son compromisos asumidos por el senador de Morena, Ra\u00fal Mor\u00f3n Orozco.<\/p>\n<p>A invitaci\u00f3n de la Universidad La Salle Morelia, Ra\u00fal Mor\u00f3n particip\u00f3 en el \u201cEncuentro con Legisladores\u201d, un espacio de interacci\u00f3n entre el senador y la comunidad estudiantil, para compartir su experiencia y escuchar las inquietudes de las nuevas generaciones.<\/p>\n<p>En su calidad de presidente de la Comisi\u00f3n de Educaci\u00f3n del Senado de la Rep\u00fablica, habl\u00f3 sobre los retos que enfrenta el nivel Superior y comparti\u00f3 que se realizan an\u00e1lisis para fortalecer los programas de formaci\u00f3n de profesionistas, as\u00ed como la cobertura de becas.<\/p>\n<p>Se\u00f1al\u00f3 que las y los j\u00f3venes tienen un papel fundamental para profundizar la Cuarta Transformaci\u00f3n y asegur\u00f3 que las autoridades tienen la responsabilidad de generar los espacios para que todo su talento y creatividad se aproveche para desarrollar el estado.<\/p>\n<p>Finalmente, los estudiantes realizaron cuestionamientos y expresaron inquietudes al legislador, quien las respondi\u00f3 y alent\u00f3, al tiempo que los invit\u00f3 a ser agentes de cambio en sus comunidades y a aprovechar la energ\u00eda de esa etapa de su vida.<\/p>\n","protected":false},"excerpt":{"rendered":"<p>El senador particip\u00f3 en el \u201cEncuentro con Legisladores\u201d a invitaci\u00f3n de la Universidad La Salle Morelia. &nbsp; Trabajo legislativo para tener acceso a becas de programas federales y una profunda revisi\u00f3n a los programas de estudio para que la formaci\u00f3n de profesionistas responda a las necesidades sociales de M\u00e9xico y Michoac\u00e1n, son compromisos asumidos por [&hellip;]<\/p>\n","protected":false},"author":9,"featured_media":79085,"comment_status":"closed","ping_status":"closed","sticky":false,"template":"","format":"standard","meta":{"footnotes":""},"categories":[10,28,27],"tags":[],"class_list":{"0":"post-79084","1":"post","2":"type-post","3":"status-publish","4":"format-standard","5":"has-post-thumbnail","7":"category-estado","8":"category-politica","9":"category-slider"},"yoast_head":"<!-- This site is optimized with the Yoast SEO plugin v24.0 - https:\/\/yoast.com\/wordpress\/plugins\/seo\/ -->\n<title>Acceso a becas y fortalecimiento de programas de estudio, compromisos de Mor\u00f3n con universitarios - Diario ABC de Michoac\u00e1n<\/title>\n<meta name=\"robots\" content=\"index, follow, max-snippet:-1, max-image-preview:large, max-video-preview:-1\" \/>\n<link rel=\"canonical\" href=\"https:\/\/diarioabcdemichoacan.com.mx\/lasnoticias\/acceso-a-becas-y-fortalecimiento-de-programas-de-estudio-compromisos-de-moron-con-universitarios\/\" \/>\n<meta property=\"og:locale\" content=\"es_ES\" \/>\n<meta property=\"og:type\" content=\"article\" \/>\n<meta property=\"og:title\" content=\"Acceso a becas y fortalecimiento de programas de estudio, compromisos de Mor\u00f3n con universitarios - Diario ABC de Michoac\u00e1n\" \/>\n<meta property=\"og:description\" content=\"El senador particip\u00f3 en el \u201cEncuentro con Legisladores\u201d a invitaci\u00f3n de la Universidad La Salle Morelia. &nbsp; Trabajo legislativo para tener acceso a becas de programas federales y una profunda revisi\u00f3n a los programas de estudio para que la formaci\u00f3n de profesionistas responda a las necesidades sociales de M\u00e9xico y Michoac\u00e1n, son compromisos asumidos por [&hellip;]\" \/>\n<meta property=\"og:url\" content=\"https:\/\/diarioabcdemichoacan.com.mx\/lasnoticias\/acceso-a-becas-y-fortalecimiento-de-programas-de-estudio-compromisos-de-moron-con-universitarios\/\" \/>\n<meta property=\"og:site_name\" content=\"Diario ABC de Michoac\u00e1n\" \/>\n<meta property=\"article:published_time\" content=\"2026-04-29T17:10:36+00:00\" \/>\n<meta property=\"og:image\" content=\"https:\/\/diarioabcdemichoacan.com.mx\/lasnoticias\/wp-content\/uploads\/2026\/04\/WhatsApp-Image-2026-04-29-at-10.13.32-AMc.jpeg\" \/>\n\t<meta property=\"og:image:width\" content=\"1280\" \/>\n\t<meta property=\"og:image:height\" content=\"853\" \/>\n\t<meta property=\"og:image:type\" content=\"image\/jpeg\" \/>\n<meta name=\"author\" content=\"AR\" \/>\n<meta name=\"twitter:card\" content=\"summary_large_image\" \/>\n<meta name=\"twitter:label1\" content=\"Escrito por\" \/>\n\t<meta name=\"twitter:data1\" content=\"AR\" \/>\n\t<meta name=\"twitter:label2\" content=\"Tiempo de lectura\" \/>\n\t<meta name=\"twitter:data2\" content=\"2 minutos\" \/>\n<script type=\"application\/ld+json\" class=\"yoast-schema-graph\">{\"@context\":\"https:\/\/schema.org\",\"@graph\":[{\"@type\":\"WebPage\",\"@id\":\"https:\/\/diarioabcdemichoacan.com.mx\/lasnoticias\/acceso-a-becas-y-fortalecimiento-de-programas-de-estudio-compromisos-de-moron-con-universitarios\/\",\"url\":\"https:\/\/diarioabcdemichoacan.com.mx\/lasnoticias\/acceso-a-becas-y-fortalecimiento-de-programas-de-estudio-compromisos-de-moron-con-universitarios\/\",\"name\":\"Acceso a becas y fortalecimiento de programas de estudio, compromisos de Mor\u00f3n con universitarios - Diario ABC de Michoac\u00e1n\",\"isPartOf\":{\"@id\":\"https:\/\/diarioabcdemichoacan.com.mx\/lasnoticias\/#website\"},\"primaryImageOfPage\":{\"@id\":\"https:\/\/diarioabcdemichoacan.com.mx\/lasnoticias\/acceso-a-becas-y-fortalecimiento-de-programas-de-estudio-compromisos-de-moron-con-universitarios\/#primaryimage\"},\"image\":{\"@id\":\"https:\/\/diarioabcdemichoacan.com.mx\/lasnoticias\/acceso-a-becas-y-fortalecimiento-de-programas-de-estudio-compromisos-de-moron-con-universitarios\/#primaryimage\"},\"thumbnailUrl\":\"https:\/\/diarioabcdemichoacan.com.mx\/lasnoticias\/wp-content\/uploads\/2026\/04\/WhatsApp-Image-2026-04-29-at-10.13.32-AMc.jpeg\",\"datePublished\":\"2026-04-29T17:10:36+00:00\",\"dateModified\":\"2026-04-29T17:10:36+00:00\",\"author\":{\"@id\":\"https:\/\/diarioabcdemichoacan.com.mx\/lasnoticias\/#\/schema\/person\/19ae376040f6cbc489682ebdd8524852\"},\"breadcrumb\":{\"@id\":\"https:\/\/diarioabcdemichoacan.com.mx\/lasnoticias\/acceso-a-becas-y-fortalecimiento-de-programas-de-estudio-compromisos-de-moron-con-universitarios\/#breadcrumb\"},\"inLanguage\":\"es\",\"potentialAction\":[{\"@type\":\"ReadAction\",\"target\":[\"https:\/\/diarioabcdemichoacan.com.mx\/lasnoticias\/acceso-a-becas-y-fortalecimiento-de-programas-de-estudio-compromisos-de-moron-con-universitarios\/\"]}]},{\"@type\":\"ImageObject\",\"inLanguage\":\"es\",\"@id\":\"https:\/\/diarioabcdemichoacan.com.mx\/lasnoticias\/acceso-a-becas-y-fortalecimiento-de-programas-de-estudio-compromisos-de-moron-con-universitarios\/#primaryimage\",\"url\":\"https:\/\/diarioabcdemichoacan.com.mx\/lasnoticias\/wp-content\/uploads\/2026\/04\/WhatsApp-Image-2026-04-29-at-10.13.32-AMc.jpeg\",\"contentUrl\":\"https:\/\/diarioabcdemichoacan.com.mx\/lasnoticias\/wp-content\/uploads\/2026\/04\/WhatsApp-Image-2026-04-29-at-10.13.32-AMc.jpeg\",\"width\":1280,\"height\":853},{\"@type\":\"BreadcrumbList\",\"@id\":\"https:\/\/diarioabcdemichoacan.com.mx\/lasnoticias\/acceso-a-becas-y-fortalecimiento-de-programas-de-estudio-compromisos-de-moron-con-universitarios\/#breadcrumb\",\"itemListElement\":[{\"@type\":\"ListItem\",\"position\":1,\"name\":\"Portada\",\"item\":\"https:\/\/diarioabcdemichoacan.com.mx\/lasnoticias\/\"},{\"@type\":\"ListItem\",\"position\":2,\"name\":\"Acceso a becas y fortalecimiento de programas de estudio, compromisos de Mor\u00f3n con universitarios\"}]},{\"@type\":\"WebSite\",\"@id\":\"https:\/\/diarioabcdemichoacan.com.mx\/lasnoticias\/#website\",\"url\":\"https:\/\/diarioabcdemichoacan.com.mx\/lasnoticias\/\",\"name\":\"Diario ABC de Michoac\u00e1n\",\"description\":\"Las noticias al momento\",\"potentialAction\":[{\"@type\":\"SearchAction\",\"target\":{\"@type\":\"EntryPoint\",\"urlTemplate\":\"https:\/\/diarioabcdemichoacan.com.mx\/lasnoticias\/?s={search_term_string}\"},\"query-input\":{\"@type\":\"PropertyValueSpecification\",\"valueRequired\":true,\"valueName\":\"search_term_string\"}}],\"inLanguage\":\"es\"},{\"@type\":\"Person\",\"@id\":\"https:\/\/diarioabcdemichoacan.com.mx\/lasnoticias\/#\/schema\/person\/19ae376040f6cbc489682ebdd8524852\",\"name\":\"AR\",\"image\":{\"@type\":\"ImageObject\",\"inLanguage\":\"es\",\"@id\":\"https:\/\/diarioabcdemichoacan.com.mx\/lasnoticias\/#\/schema\/person\/image\/\",\"url\":\"https:\/\/secure.gravatar.com\/avatar\/44eca2ff970262234e20e1e082872af0?s=96&d=mm&r=g\",\"contentUrl\":\"https:\/\/secure.gravatar.com\/avatar\/44eca2ff970262234e20e1e082872af0?s=96&d=mm&r=g\",\"caption\":\"AR\"},\"url\":\"https:\/\/diarioabcdemichoacan.com.mx\/lasnoticias\/author\/adrian\/\"}]}<\/script>\n<!-- \/ Yoast SEO plugin. -->","yoast_head_json":{"title":"Acceso a becas y fortalecimiento de programas de estudio, compromisos de Mor\u00f3n con universitarios - Diario ABC de Michoac\u00e1n","robots":{"index":"index","follow":"follow","max-snippet":"max-snippet:-1","max-image-preview":"max-image-preview:large","max-video-preview":"max-video-preview:-1"},"canonical":"https:\/\/diarioabcdemichoacan.com.mx\/lasnoticias\/acceso-a-becas-y-fortalecimiento-de-programas-de-estudio-compromisos-de-moron-con-universitarios\/","og_locale":"es_ES","og_type":"article","og_title":"Acceso a becas y fortalecimiento de programas de estudio, compromisos de Mor\u00f3n con universitarios - Diario ABC de Michoac\u00e1n","og_description":"El senador particip\u00f3 en el \u201cEncuentro con Legisladores\u201d a invitaci\u00f3n de la Universidad La Salle Morelia. &nbsp; Trabajo legislativo para tener acceso a becas de programas federales y una profunda revisi\u00f3n a los programas de estudio para que la formaci\u00f3n de profesionistas responda a las necesidades sociales de M\u00e9xico y Michoac\u00e1n, son compromisos asumidos por [&hellip;]","og_url":"https:\/\/diarioabcdemichoacan.com.mx\/lasnoticias\/acceso-a-becas-y-fortalecimiento-de-programas-de-estudio-compromisos-de-moron-con-universitarios\/","og_site_name":"Diario ABC de Michoac\u00e1n","article_published_time":"2026-04-29T17:10:36+00:00","og_image":[{"width":1280,"height":853,"url":"https:\/\/diarioabcdemichoacan.com.mx\/lasnoticias\/wp-content\/uploads\/2026\/04\/WhatsApp-Image-2026-04-29-at-10.13.32-AMc.jpeg","type":"image\/jpeg"}],"author":"AR","twitter_card":"summary_large_image","twitter_misc":{"Escrito por":"AR","Tiempo de lectura":"2 minutos"},"schema":{"@context":"https:\/\/schema.org","@graph":[{"@type":"WebPage","@id":"https:\/\/diarioabcdemichoacan.com.mx\/lasnoticias\/acceso-a-becas-y-fortalecimiento-de-programas-de-estudio-compromisos-de-moron-con-universitarios\/","url":"https:\/\/diarioabcdemichoacan.com.mx\/lasnoticias\/acceso-a-becas-y-fortalecimiento-de-programas-de-estudio-compromisos-de-moron-con-universitarios\/","name":"Acceso a becas y fortalecimiento de programas de estudio, compromisos de Mor\u00f3n con universitarios - Diario ABC de Michoac\u00e1n","isPartOf":{"@id":"https:\/\/diarioabcdemichoacan.com.mx\/lasnoticias\/#website"},"primaryImageOfPage":{"@id":"https:\/\/diarioabcdemichoacan.com.mx\/lasnoticias\/acceso-a-becas-y-fortalecimiento-de-programas-de-estudio-compromisos-de-moron-con-universitarios\/#primaryimage"},"image":{"@id":"https:\/\/diarioabcdemichoacan.com.mx\/lasnoticias\/acceso-a-becas-y-fortalecimiento-de-programas-de-estudio-compromisos-de-moron-con-universitarios\/#primaryimage"},"thumbnailUrl":"https:\/\/diarioabcdemichoacan.com.mx\/lasnoticias\/wp-content\/uploads\/2026\/04\/WhatsApp-Image-2026-04-29-at-10.13.32-AMc.jpeg","datePublished":"2026-04-29T17:10:36+00:00","dateModified":"2026-04-29T17:10:36+00:00","author":{"@id":"https:\/\/diarioabcdemichoacan.com.mx\/lasnoticias\/#\/schema\/person\/19ae376040f6cbc489682ebdd8524852"},"breadcrumb":{"@id":"https:\/\/diarioabcdemichoacan.com.mx\/lasnoticias\/acceso-a-becas-y-fortalecimiento-de-programas-de-estudio-compromisos-de-moron-con-universitarios\/#breadcrumb"},"inLanguage":"es","potentialAction":[{"@type":"ReadAction","target":["https:\/\/diarioabcdemichoacan.com.mx\/lasnoticias\/acceso-a-becas-y-fortalecimiento-de-programas-de-estudio-compromisos-de-moron-con-universitarios\/"]}]},{"@type":"ImageObject","inLanguage":"es","@id":"https:\/\/diarioabcdemichoacan.com.mx\/lasnoticias\/acceso-a-becas-y-fortalecimiento-de-programas-de-estudio-compromisos-de-moron-con-universitarios\/#primaryimage","url":"https:\/\/diarioabcdemichoacan.com.mx\/lasnoticias\/wp-content\/uploads\/2026\/04\/WhatsApp-Image-2026-04-29-at-10.13.32-AMc.jpeg","contentUrl":"https:\/\/diarioabcdemichoacan.com.mx\/lasnoticias\/wp-content\/uploads\/2026\/04\/WhatsApp-Image-2026-04-29-at-10.13.32-AMc.jpeg","width":1280,"height":853},{"@type":"BreadcrumbList","@id":"https:\/\/diarioabcdemichoacan.com.mx\/lasnoticias\/acceso-a-becas-y-fortalecimiento-de-programas-de-estudio-compromisos-de-moron-con-universitarios\/#breadcrumb","itemListElement":[{"@type":"ListItem","position":1,"name":"Portada","item":"https:\/\/diarioabcdemichoacan.com.mx\/lasnoticias\/"},{"@type":"ListItem","position":2,"name":"Acceso a becas y fortalecimiento de programas de estudio, compromisos de Mor\u00f3n con universitarios"}]},{"@type":"WebSite","@id":"https:\/\/diarioabcdemichoacan.com.mx\/lasnoticias\/#website","url":"https:\/\/diarioabcdemichoacan.com.mx\/lasnoticias\/","name":"Diario ABC de Michoac\u00e1n","description":"Las noticias al momento","potentialAction":[{"@type":"SearchAction","target":{"@type":"EntryPoint","urlTemplate":"https:\/\/diarioabcdemichoacan.com.mx\/lasnoticias\/?s={search_term_string}"},"query-input":{"@type":"PropertyValueSpecification","valueRequired":true,"valueName":"search_term_string"}}],"inLanguage":"es"},{"@type":"Person","@id":"https:\/\/diarioabcdemichoacan.com.mx\/lasnoticias\/#\/schema\/person\/19ae376040f6cbc489682ebdd8524852","name":"AR","image":{"@type":"ImageObject","inLanguage":"es","@id":"https:\/\/diarioabcdemichoacan.com.mx\/lasnoticias\/#\/schema\/person\/image\/","url":"https:\/\/secure.gravatar.com\/avatar\/44eca2ff970262234e20e1e082872af0?s=96&d=mm&r=g","contentUrl":"https:\/\/secure.gravatar.com\/avatar\/44eca2ff970262234e20e1e082872af0?s=96&d=mm&r=g","caption":"AR"},"url":"https:\/\/diarioabcdemichoacan.com.mx\/lasnoticias\/author\/adrian\/"}]}},"_links":{"self":[{"href":"https:\/\/diarioabcdemichoacan.com.mx\/lasnoticias\/wp-json\/wp\/v2\/posts\/79084","targetHints":{"allow":["GET"]}}],"collection":[{"href":"https:\/\/diarioabcdemichoacan.com.mx\/lasnoticias\/wp-json\/wp\/v2\/posts"}],"about":[{"href":"https:\/\/diarioabcdemichoacan.com.mx\/lasnoticias\/wp-json\/wp\/v2\/types\/post"}],"author":[{"embeddable":true,"href":"https:\/\/diarioabcdemichoacan.com.mx\/lasnoticias\/wp-json\/wp\/v2\/users\/9"}],"replies":[{"embeddable":true,"href":"https:\/\/diarioabcdemichoacan.com.mx\/lasnoticias\/wp-json\/wp\/v2\/comments?post=79084"}],"version-history":[{"count":1,"href":"https:\/\/diarioabcdemichoacan.com.mx\/lasnoticias\/wp-json\/wp\/v2\/posts\/79084\/revisions"}],"predecessor-version":[{"id":79086,"href":"https:\/\/diarioabcdemichoacan.com.mx\/lasnoticias\/wp-json\/wp\/v2\/posts\/79084\/revisions\/79086"}],"wp:featuredmedia":[{"embeddable":true,"href":"https:\/\/diarioabcdemichoacan.com.mx\/lasnoticias\/wp-json\/wp\/v2\/media\/79085"}],"wp:attachment":[{"href":"https:\/\/diarioabcdemichoacan.com.mx\/lasnoticias\/wp-json\/wp\/v2\/media?parent=79084"}],"wp:term":[{"taxonomy":"category","embeddable":true,"href":"https:\/\/diarioabcdemichoacan.com.mx\/lasnoticias\/wp-json\/wp\/v2\/categories?post=79084"},{"taxonomy":"post_tag","embeddable":true,"href":"https:\/\/diarioabcdemichoacan.com.mx\/lasnoticias\/wp-json\/wp\/v2\/tags?post=79084"}],"curies":[{"name":"wp","href":"https:\/\/api.w.org\/{rel}","templated":true}]}}