{"id":79087,"date":"2026-04-29T11:12:26","date_gmt":"2026-04-29T17:12:26","guid":{"rendered":"https:\/\/diarioabcdemichoacan.com.mx\/lasnoticias\/?p=79087"},"modified":"2026-04-29T11:12:26","modified_gmt":"2026-04-29T17:12:26","slug":"prefeco-melchor-ocampo-epicentro-del-talento-juvenil-en-el-eniep-2026","status":"publish","type":"post","link":"https:\/\/diarioabcdemichoacan.com.mx\/lasnoticias\/prefeco-melchor-ocampo-epicentro-del-talento-juvenil-en-el-eniep-2026\/","title":{"rendered":"PREFECO \u201cMelchor Ocampo\u201d epicentro del talento juvenil en el ENIEP 2026"},"content":{"rendered":"<h2>Morelia, sede del mayor encuentro de PREFECOs del pa\u00eds<\/h2>\n<p>&nbsp;<\/p>\n<hr \/>\n<p>Morelia, Michoac\u00e1n, 29 de abril del 2026.- La Preparatoria Federal por Cooperaci\u00f3n \u201cMelchor Ocampo\u201d se alista para recibir, por cuarta ocasi\u00f3n, el Encuentro Nacional Interdisciplinario de Escuelas Preparatorias Federales por Cooperaci\u00f3n (ENIEP) 2026, que este a\u00f1o celebra su XXII edici\u00f3n y se consolida como el evento m\u00e1s relevante para \u00e9ste subsistema educativo en M\u00e9xico.<\/p>\n<p>Las actividades dar\u00e1n inicio el pr\u00f3ximo domingo 3 de mayo con un desfile inaugural en el que participar\u00e1n contingentes de distintas PREFECOs del pa\u00eds. El recorrido partir\u00e1 de la Plaza Jard\u00edn Morelos hacia la Plaza Valladolid, donde se llevar\u00e1 a cabo la ceremonia oficial de apertura, y que marcar\u00e1 el comienzo de cuatro d\u00edas de intensa actividad acad\u00e9mica, cultural y deportiva.<\/p>\n<p>Del 3 al 6 de mayo, la instituci\u00f3n anfitriona recibir\u00e1 a aproximadamente mil 500 estudiantes provenientes de entidades como Estado de M\u00e9xico, Chihuahua, Sonora, Sinaloa, Morelos, Puebla, Tabasco, Oaxaca, Hidalgo, Guanajuato y Michoac\u00e1n. En este marco, la PREFECO \u201cMelchor Ocampo\u201d no solo fungir\u00e1 como sede, sino tambi\u00e9n como representante de la capital del estado en las distintas competencias.<\/p>\n<p>La elecci\u00f3n como anfitriona se dio mediante consenso entre directivos de todo el pa\u00eds, quienes reconocieron tanto su capacidad organizativa como el atractivo tur\u00edstico de la ciudad, conocida como la capital de la cantera rosa.<\/p>\n<p>El director del plantel, Rub\u00e9n Loya \u00c1lvarez, destac\u00f3 que el ENIEP trasciende el \u00e1mbito acad\u00e9mico. \u201cNo solo es un evento acad\u00e9mico, sino tambi\u00e9n una plataforma para el fortalecimiento de v\u00ednculos institucionales y el desarrollo profesional docente. La participaci\u00f3n de las distintas entidades federativas enriquece las propuestas pedag\u00f3gicas y consolida una comunidad educativa unida por el compromiso con la excelencia\u201d, se\u00f1al\u00f3. Asimismo, agradeci\u00f3 el respaldo de la Asociaci\u00f3n de Padres de Familia y de las autoridades municipales y estatales por las facilidades otorgadas para la realizaci\u00f3n del encuentro.<\/p>\n<p>Por su parte, Juan Manuel Reyes P\u00e1ramo, secretario del comit\u00e9 directivo de la Asociaci\u00f3n Civil de Padres de Familia, subray\u00f3 el orgullo que representa para la instituci\u00f3n albergar este evento, al destacar que permitir\u00e1 a estudiantes y acad\u00e9micos que visitan Morelia no solo competir, sino tambi\u00e9n conocer los principales atractivos tur\u00edsticos y espacios culturales de la ciudad.<\/p>\n<p>Las sedes de las actividades estar\u00e1n distribuidas en distintos puntos estrat\u00e9gicos. Las competencias deportivas se llevar\u00e1n a cabo en la Unidad Deportiva Venustiano Carranza y el Complejo Deportivo Bicentenario. En tanto, las actividades acad\u00e9micas y culturales \u2014como oratoria, canto y la Olimpiada del Conocimiento\u2014 tendr\u00e1n lugar en la Biblioteca P\u00fablica Central \u201cFrancisco J. M\u00fagica\u201d y en las instalaciones de la propia PREFECO \u201cMelchor Ocampo\u201d.<\/p>\n<p>La Plaza Jard\u00edn Morelos ser\u00e1 escenario de las competencias art\u00edsticas, mientras que el programa tambi\u00e9n contempla concursos de ajedrez y dibujo, as\u00ed como exhibiciones de bandas de guerra, reforzando el car\u00e1cter integral del encuentro.<br \/>\nCon esta edici\u00f3n, el ENIEP reafirma su papel como un espacio de convivencia, intercambio acad\u00e9mico y fortalecimiento institucional, en el que convergen j\u00f3venes talentos de todo el pa\u00eds bajo un mismo objetivo: la excelencia educativa y la formaci\u00f3n integral.<\/p>\n","protected":false},"excerpt":{"rendered":"<p>Morelia, sede del mayor encuentro de PREFECOs del pa\u00eds &nbsp; Morelia, Michoac\u00e1n, 29 de abril del 2026.- La Preparatoria Federal por Cooperaci\u00f3n \u201cMelchor Ocampo\u201d se alista para recibir, por cuarta ocasi\u00f3n, el Encuentro Nacional Interdisciplinario de Escuelas Preparatorias Federales por Cooperaci\u00f3n (ENIEP) 2026, que este a\u00f1o celebra su XXII edici\u00f3n y se consolida como el [&hellip;]<\/p>\n","protected":false},"author":9,"featured_media":79088,"comment_status":"closed","ping_status":"closed","sticky":false,"template":"","format":"standard","meta":{"footnotes":""},"categories":[14,15,10,17,27],"tags":[],"class_list":{"0":"post-79087","1":"post","2":"type-post","3":"status-publish","4":"format-standard","5":"has-post-thumbnail","7":"category-deportes","8":"category-educacion","9":"category-estado","10":"category-gobierno-de-michoacan","11":"category-slider"},"yoast_head":"<!-- This site is optimized with the Yoast SEO plugin v24.0 - https:\/\/yoast.com\/wordpress\/plugins\/seo\/ -->\n<title>PREFECO \u201cMelchor Ocampo\u201d epicentro del talento juvenil en el ENIEP 2026 - Diario ABC de Michoac\u00e1n<\/title>\n<meta name=\"robots\" content=\"index, follow, max-snippet:-1, max-image-preview:large, max-video-preview:-1\" \/>\n<link rel=\"canonical\" href=\"https:\/\/diarioabcdemichoacan.com.mx\/lasnoticias\/prefeco-melchor-ocampo-epicentro-del-talento-juvenil-en-el-eniep-2026\/\" \/>\n<meta property=\"og:locale\" content=\"es_ES\" \/>\n<meta property=\"og:type\" content=\"article\" \/>\n<meta property=\"og:title\" content=\"PREFECO \u201cMelchor Ocampo\u201d epicentro del talento juvenil en el ENIEP 2026 - Diario ABC de Michoac\u00e1n\" \/>\n<meta property=\"og:description\" content=\"Morelia, sede del mayor encuentro de PREFECOs del pa\u00eds &nbsp; Morelia, Michoac\u00e1n, 29 de abril del 2026.- La Preparatoria Federal por Cooperaci\u00f3n \u201cMelchor Ocampo\u201d se alista para recibir, por cuarta ocasi\u00f3n, el Encuentro Nacional Interdisciplinario de Escuelas Preparatorias Federales por Cooperaci\u00f3n (ENIEP) 2026, que este a\u00f1o celebra su XXII edici\u00f3n y se consolida como el [&hellip;]\" \/>\n<meta property=\"og:url\" content=\"https:\/\/diarioabcdemichoacan.com.mx\/lasnoticias\/prefeco-melchor-ocampo-epicentro-del-talento-juvenil-en-el-eniep-2026\/\" \/>\n<meta property=\"og:site_name\" content=\"Diario ABC de Michoac\u00e1n\" \/>\n<meta property=\"article:published_time\" content=\"2026-04-29T17:12:26+00:00\" \/>\n<meta property=\"og:image\" content=\"https:\/\/diarioabcdemichoacan.com.mx\/lasnoticias\/wp-content\/uploads\/2026\/04\/WhatsApp-Image-2026-04-29-at-10.03.58-AM.jpeg\" \/>\n\t<meta property=\"og:image:width\" content=\"1600\" \/>\n\t<meta property=\"og:image:height\" content=\"1067\" \/>\n\t<meta property=\"og:image:type\" content=\"image\/jpeg\" \/>\n<meta name=\"author\" content=\"AR\" \/>\n<meta name=\"twitter:card\" content=\"summary_large_image\" \/>\n<meta name=\"twitter:label1\" content=\"Escrito por\" \/>\n\t<meta name=\"twitter:data1\" content=\"AR\" \/>\n\t<meta name=\"twitter:label2\" content=\"Tiempo de lectura\" \/>\n\t<meta name=\"twitter:data2\" content=\"3 minutos\" \/>\n<script type=\"application\/ld+json\" class=\"yoast-schema-graph\">{\"@context\":\"https:\/\/schema.org\",\"@graph\":[{\"@type\":\"WebPage\",\"@id\":\"https:\/\/diarioabcdemichoacan.com.mx\/lasnoticias\/prefeco-melchor-ocampo-epicentro-del-talento-juvenil-en-el-eniep-2026\/\",\"url\":\"https:\/\/diarioabcdemichoacan.com.mx\/lasnoticias\/prefeco-melchor-ocampo-epicentro-del-talento-juvenil-en-el-eniep-2026\/\",\"name\":\"PREFECO \u201cMelchor Ocampo\u201d epicentro del talento juvenil en el ENIEP 2026 - Diario ABC de Michoac\u00e1n\",\"isPartOf\":{\"@id\":\"https:\/\/diarioabcdemichoacan.com.mx\/lasnoticias\/#website\"},\"primaryImageOfPage\":{\"@id\":\"https:\/\/diarioabcdemichoacan.com.mx\/lasnoticias\/prefeco-melchor-ocampo-epicentro-del-talento-juvenil-en-el-eniep-2026\/#primaryimage\"},\"image\":{\"@id\":\"https:\/\/diarioabcdemichoacan.com.mx\/lasnoticias\/prefeco-melchor-ocampo-epicentro-del-talento-juvenil-en-el-eniep-2026\/#primaryimage\"},\"thumbnailUrl\":\"https:\/\/diarioabcdemichoacan.com.mx\/lasnoticias\/wp-content\/uploads\/2026\/04\/WhatsApp-Image-2026-04-29-at-10.03.58-AM.jpeg\",\"datePublished\":\"2026-04-29T17:12:26+00:00\",\"dateModified\":\"2026-04-29T17:12:26+00:00\",\"author\":{\"@id\":\"https:\/\/diarioabcdemichoacan.com.mx\/lasnoticias\/#\/schema\/person\/19ae376040f6cbc489682ebdd8524852\"},\"breadcrumb\":{\"@id\":\"https:\/\/diarioabcdemichoacan.com.mx\/lasnoticias\/prefeco-melchor-ocampo-epicentro-del-talento-juvenil-en-el-eniep-2026\/#breadcrumb\"},\"inLanguage\":\"es\",\"potentialAction\":[{\"@type\":\"ReadAction\",\"target\":[\"https:\/\/diarioabcdemichoacan.com.mx\/lasnoticias\/prefeco-melchor-ocampo-epicentro-del-talento-juvenil-en-el-eniep-2026\/\"]}]},{\"@type\":\"ImageObject\",\"inLanguage\":\"es\",\"@id\":\"https:\/\/diarioabcdemichoacan.com.mx\/lasnoticias\/prefeco-melchor-ocampo-epicentro-del-talento-juvenil-en-el-eniep-2026\/#primaryimage\",\"url\":\"https:\/\/diarioabcdemichoacan.com.mx\/lasnoticias\/wp-content\/uploads\/2026\/04\/WhatsApp-Image-2026-04-29-at-10.03.58-AM.jpeg\",\"contentUrl\":\"https:\/\/diarioabcdemichoacan.com.mx\/lasnoticias\/wp-content\/uploads\/2026\/04\/WhatsApp-Image-2026-04-29-at-10.03.58-AM.jpeg\",\"width\":1600,\"height\":1067},{\"@type\":\"BreadcrumbList\",\"@id\":\"https:\/\/diarioabcdemichoacan.com.mx\/lasnoticias\/prefeco-melchor-ocampo-epicentro-del-talento-juvenil-en-el-eniep-2026\/#breadcrumb\",\"itemListElement\":[{\"@type\":\"ListItem\",\"position\":1,\"name\":\"Portada\",\"item\":\"https:\/\/diarioabcdemichoacan.com.mx\/lasnoticias\/\"},{\"@type\":\"ListItem\",\"position\":2,\"name\":\"PREFECO \u201cMelchor Ocampo\u201d epicentro del talento juvenil en el ENIEP 2026\"}]},{\"@type\":\"WebSite\",\"@id\":\"https:\/\/diarioabcdemichoacan.com.mx\/lasnoticias\/#website\",\"url\":\"https:\/\/diarioabcdemichoacan.com.mx\/lasnoticias\/\",\"name\":\"Diario ABC de Michoac\u00e1n\",\"description\":\"Las noticias al momento\",\"potentialAction\":[{\"@type\":\"SearchAction\",\"target\":{\"@type\":\"EntryPoint\",\"urlTemplate\":\"https:\/\/diarioabcdemichoacan.com.mx\/lasnoticias\/?s={search_term_string}\"},\"query-input\":{\"@type\":\"PropertyValueSpecification\",\"valueRequired\":true,\"valueName\":\"search_term_string\"}}],\"inLanguage\":\"es\"},{\"@type\":\"Person\",\"@id\":\"https:\/\/diarioabcdemichoacan.com.mx\/lasnoticias\/#\/schema\/person\/19ae376040f6cbc489682ebdd8524852\",\"name\":\"AR\",\"image\":{\"@type\":\"ImageObject\",\"inLanguage\":\"es\",\"@id\":\"https:\/\/diarioabcdemichoacan.com.mx\/lasnoticias\/#\/schema\/person\/image\/\",\"url\":\"https:\/\/secure.gravatar.com\/avatar\/44eca2ff970262234e20e1e082872af0?s=96&d=mm&r=g\",\"contentUrl\":\"https:\/\/secure.gravatar.com\/avatar\/44eca2ff970262234e20e1e082872af0?s=96&d=mm&r=g\",\"caption\":\"AR\"},\"url\":\"https:\/\/diarioabcdemichoacan.com.mx\/lasnoticias\/author\/adrian\/\"}]}<\/script>\n<!-- \/ Yoast SEO plugin. -->","yoast_head_json":{"title":"PREFECO \u201cMelchor Ocampo\u201d epicentro del talento juvenil en el ENIEP 2026 - Diario ABC de Michoac\u00e1n","robots":{"index":"index","follow":"follow","max-snippet":"max-snippet:-1","max-image-preview":"max-image-preview:large","max-video-preview":"max-video-preview:-1"},"canonical":"https:\/\/diarioabcdemichoacan.com.mx\/lasnoticias\/prefeco-melchor-ocampo-epicentro-del-talento-juvenil-en-el-eniep-2026\/","og_locale":"es_ES","og_type":"article","og_title":"PREFECO \u201cMelchor Ocampo\u201d epicentro del talento juvenil en el ENIEP 2026 - Diario ABC de Michoac\u00e1n","og_description":"Morelia, sede del mayor encuentro de PREFECOs del pa\u00eds &nbsp; Morelia, Michoac\u00e1n, 29 de abril del 2026.- La Preparatoria Federal por Cooperaci\u00f3n \u201cMelchor Ocampo\u201d se alista para recibir, por cuarta ocasi\u00f3n, el Encuentro Nacional Interdisciplinario de Escuelas Preparatorias Federales por Cooperaci\u00f3n (ENIEP) 2026, que este a\u00f1o celebra su XXII edici\u00f3n y se consolida como el [&hellip;]","og_url":"https:\/\/diarioabcdemichoacan.com.mx\/lasnoticias\/prefeco-melchor-ocampo-epicentro-del-talento-juvenil-en-el-eniep-2026\/","og_site_name":"Diario ABC de Michoac\u00e1n","article_published_time":"2026-04-29T17:12:26+00:00","og_image":[{"width":1600,"height":1067,"url":"https:\/\/diarioabcdemichoacan.com.mx\/lasnoticias\/wp-content\/uploads\/2026\/04\/WhatsApp-Image-2026-04-29-at-10.03.58-AM.jpeg","type":"image\/jpeg"}],"author":"AR","twitter_card":"summary_large_image","twitter_misc":{"Escrito por":"AR","Tiempo de lectura":"3 minutos"},"schema":{"@context":"https:\/\/schema.org","@graph":[{"@type":"WebPage","@id":"https:\/\/diarioabcdemichoacan.com.mx\/lasnoticias\/prefeco-melchor-ocampo-epicentro-del-talento-juvenil-en-el-eniep-2026\/","url":"https:\/\/diarioabcdemichoacan.com.mx\/lasnoticias\/prefeco-melchor-ocampo-epicentro-del-talento-juvenil-en-el-eniep-2026\/","name":"PREFECO \u201cMelchor Ocampo\u201d epicentro del talento juvenil en el ENIEP 2026 - Diario ABC de Michoac\u00e1n","isPartOf":{"@id":"https:\/\/diarioabcdemichoacan.com.mx\/lasnoticias\/#website"},"primaryImageOfPage":{"@id":"https:\/\/diarioabcdemichoacan.com.mx\/lasnoticias\/prefeco-melchor-ocampo-epicentro-del-talento-juvenil-en-el-eniep-2026\/#primaryimage"},"image":{"@id":"https:\/\/diarioabcdemichoacan.com.mx\/lasnoticias\/prefeco-melchor-ocampo-epicentro-del-talento-juvenil-en-el-eniep-2026\/#primaryimage"},"thumbnailUrl":"https:\/\/diarioabcdemichoacan.com.mx\/lasnoticias\/wp-content\/uploads\/2026\/04\/WhatsApp-Image-2026-04-29-at-10.03.58-AM.jpeg","datePublished":"2026-04-29T17:12:26+00:00","dateModified":"2026-04-29T17:12:26+00:00","author":{"@id":"https:\/\/diarioabcdemichoacan.com.mx\/lasnoticias\/#\/schema\/person\/19ae376040f6cbc489682ebdd8524852"},"breadcrumb":{"@id":"https:\/\/diarioabcdemichoacan.com.mx\/lasnoticias\/prefeco-melchor-ocampo-epicentro-del-talento-juvenil-en-el-eniep-2026\/#breadcrumb"},"inLanguage":"es","potentialAction":[{"@type":"ReadAction","target":["https:\/\/diarioabcdemichoacan.com.mx\/lasnoticias\/prefeco-melchor-ocampo-epicentro-del-talento-juvenil-en-el-eniep-2026\/"]}]},{"@type":"ImageObject","inLanguage":"es","@id":"https:\/\/diarioabcdemichoacan.com.mx\/lasnoticias\/prefeco-melchor-ocampo-epicentro-del-talento-juvenil-en-el-eniep-2026\/#primaryimage","url":"https:\/\/diarioabcdemichoacan.com.mx\/lasnoticias\/wp-content\/uploads\/2026\/04\/WhatsApp-Image-2026-04-29-at-10.03.58-AM.jpeg","contentUrl":"https:\/\/diarioabcdemichoacan.com.mx\/lasnoticias\/wp-content\/uploads\/2026\/04\/WhatsApp-Image-2026-04-29-at-10.03.58-AM.jpeg","width":1600,"height":1067},{"@type":"BreadcrumbList","@id":"https:\/\/diarioabcdemichoacan.com.mx\/lasnoticias\/prefeco-melchor-ocampo-epicentro-del-talento-juvenil-en-el-eniep-2026\/#breadcrumb","itemListElement":[{"@type":"ListItem","position":1,"name":"Portada","item":"https:\/\/diarioabcdemichoacan.com.mx\/lasnoticias\/"},{"@type":"ListItem","position":2,"name":"PREFECO \u201cMelchor Ocampo\u201d epicentro del talento juvenil en el ENIEP 2026"}]},{"@type":"WebSite","@id":"https:\/\/diarioabcdemichoacan.com.mx\/lasnoticias\/#website","url":"https:\/\/diarioabcdemichoacan.com.mx\/lasnoticias\/","name":"Diario ABC de Michoac\u00e1n","description":"Las noticias al momento","potentialAction":[{"@type":"SearchAction","target":{"@type":"EntryPoint","urlTemplate":"https:\/\/diarioabcdemichoacan.com.mx\/lasnoticias\/?s={search_term_string}"},"query-input":{"@type":"PropertyValueSpecification","valueRequired":true,"valueName":"search_term_string"}}],"inLanguage":"es"},{"@type":"Person","@id":"https:\/\/diarioabcdemichoacan.com.mx\/lasnoticias\/#\/schema\/person\/19ae376040f6cbc489682ebdd8524852","name":"AR","image":{"@type":"ImageObject","inLanguage":"es","@id":"https:\/\/diarioabcdemichoacan.com.mx\/lasnoticias\/#\/schema\/person\/image\/","url":"https:\/\/secure.gravatar.com\/avatar\/44eca2ff970262234e20e1e082872af0?s=96&d=mm&r=g","contentUrl":"https:\/\/secure.gravatar.com\/avatar\/44eca2ff970262234e20e1e082872af0?s=96&d=mm&r=g","caption":"AR"},"url":"https:\/\/diarioabcdemichoacan.com.mx\/lasnoticias\/author\/adrian\/"}]}},"_links":{"self":[{"href":"https:\/\/diarioabcdemichoacan.com.mx\/lasnoticias\/wp-json\/wp\/v2\/posts\/79087","targetHints":{"allow":["GET"]}}],"collection":[{"href":"https:\/\/diarioabcdemichoacan.com.mx\/lasnoticias\/wp-json\/wp\/v2\/posts"}],"about":[{"href":"https:\/\/diarioabcdemichoacan.com.mx\/lasnoticias\/wp-json\/wp\/v2\/types\/post"}],"author":[{"embeddable":true,"href":"https:\/\/diarioabcdemichoacan.com.mx\/lasnoticias\/wp-json\/wp\/v2\/users\/9"}],"replies":[{"embeddable":true,"href":"https:\/\/diarioabcdemichoacan.com.mx\/lasnoticias\/wp-json\/wp\/v2\/comments?post=79087"}],"version-history":[{"count":1,"href":"https:\/\/diarioabcdemichoacan.com.mx\/lasnoticias\/wp-json\/wp\/v2\/posts\/79087\/revisions"}],"predecessor-version":[{"id":79089,"href":"https:\/\/diarioabcdemichoacan.com.mx\/lasnoticias\/wp-json\/wp\/v2\/posts\/79087\/revisions\/79089"}],"wp:featuredmedia":[{"embeddable":true,"href":"https:\/\/diarioabcdemichoacan.com.mx\/lasnoticias\/wp-json\/wp\/v2\/media\/79088"}],"wp:attachment":[{"href":"https:\/\/diarioabcdemichoacan.com.mx\/lasnoticias\/wp-json\/wp\/v2\/media?parent=79087"}],"wp:term":[{"taxonomy":"category","embeddable":true,"href":"https:\/\/diarioabcdemichoacan.com.mx\/lasnoticias\/wp-json\/wp\/v2\/categories?post=79087"},{"taxonomy":"post_tag","embeddable":true,"href":"https:\/\/diarioabcdemichoacan.com.mx\/lasnoticias\/wp-json\/wp\/v2\/tags?post=79087"}],"curies":[{"name":"wp","href":"https:\/\/api.w.org\/{rel}","templated":true}]}}