{"id":79093,"date":"2026-04-29T11:16:19","date_gmt":"2026-04-29T17:16:19","guid":{"rendered":"https:\/\/diarioabcdemichoacan.com.mx\/lasnoticias\/?p=79093"},"modified":"2026-04-29T11:16:19","modified_gmt":"2026-04-29T17:16:19","slug":"adios-al-trafico-bedolla-abre-carriles-superiores-del-puente-independencia","status":"publish","type":"post","link":"https:\/\/diarioabcdemichoacan.com.mx\/lasnoticias\/adios-al-trafico-bedolla-abre-carriles-superiores-del-puente-independencia\/","title":{"rendered":"\u00a1Adi\u00f3s al tr\u00e1fico! Bedolla abre carriles superiores del puente Independencia"},"content":{"rendered":"<h2>La obra contin\u00faa en el bajopuente que tendr\u00e1 una extensi\u00f3n de de 3 mil 600 m2<\/h2>\n<p>&nbsp;<\/p>\n<hr \/>\n<p>Morelia, Mich.- El gobernador Alfredo Ram\u00edrez Bedolla abri\u00f3 a la circulaci\u00f3n los cuatro carriles superiores del puente vehicular Independencia en las inmediaciones de Polic\u00eda y Tr\u00e1nsito, en Morelia, para poner fin al conflicto vial ocasionado por el paso del tren.<\/p>\n<p>Inform\u00f3 que con esta obra donde se realiz\u00f3 una inversi\u00f3n 100 por ciento estatal de 350 millones de pesos sin necesidad de contratar deuda p\u00fablica gracias al buen manejo de las finanzas, en la capital michoacana ya no existe ning\u00fan paso a nivel del ferrocarril, lo que permitir\u00e1 agilizar el tr\u00e1nsito en la zona surponiente de la ciudad mientras contin\u00faan las obras en el bajopuente.<\/p>\n<p>Explic\u00f3 que el puente aument\u00f3 de seis a ocho carriles, entre superiores y laterales, construidos con concreto hidr\u00e1ulico para garantizar mayor durabilidad; adem\u00e1s contar\u00e1 con cruces seguros para peatones y un bajopuente de 3 mil 600 metros cuadrados con \u00e1reas de esparcimiento y recreaci\u00f3n para las familias morelianas.<\/p>\n<p>Por su parte, el secretario de Comunicaciones y Obras P\u00fablicas, Rogelio Zaraz\u00faa S\u00e1nchez, destac\u00f3 que el puente dar\u00e1 soluci\u00f3n al conflicto vial que se generaba en la zona, ya que en los laterales habr\u00e1 cuatro carriles, dos por cada sentido.<\/p>\n<p>Explic\u00f3 que consta de 400 metros de longitud y una altura de hasta 8.5 metros, m\u00e1s de lo com\u00fan para permitir el paso del tren. Adem\u00e1s que, para mejorar el tr\u00e1nsito vehicular, se cancela un sem\u00e1foro a la altura de la Pepsi por lo que la vuelta izquierda ser\u00e1 hasta las inmediaciones de Ravisa, mientras que se considerar\u00e1n retornos en el bajopuente.<\/p>\n<p>Acompa\u00f1aron al gobernador el secretario de Finanzas, Luis Navarro Garc\u00eda; el fiscal general de Michoac\u00e1n, Carlos Torres Pi\u00f1a; el alcalde de Morelia, Alfonso Mart\u00ednez Alc\u00e1zar; diputadas y diputados locales; representantes del sector empresarial y habitantes beneficiados.<\/p>\n","protected":false},"excerpt":{"rendered":"<p>La obra contin\u00faa en el bajopuente que tendr\u00e1 una extensi\u00f3n de de 3 mil 600 m2 &nbsp; Morelia, Mich.- El gobernador Alfredo Ram\u00edrez Bedolla abri\u00f3 a la circulaci\u00f3n los cuatro carriles superiores del puente vehicular Independencia en las inmediaciones de Polic\u00eda y Tr\u00e1nsito, en Morelia, para poner fin al conflicto vial ocasionado por el paso [&hellip;]<\/p>\n","protected":false},"author":9,"featured_media":79095,"comment_status":"closed","ping_status":"closed","sticky":false,"template":"","format":"standard","meta":{"footnotes":""},"categories":[10,17,28,27],"tags":[],"class_list":{"0":"post-79093","1":"post","2":"type-post","3":"status-publish","4":"format-standard","5":"has-post-thumbnail","7":"category-estado","8":"category-gobierno-de-michoacan","9":"category-politica","10":"category-slider"},"yoast_head":"<!-- This site is optimized with the Yoast SEO plugin v24.0 - https:\/\/yoast.com\/wordpress\/plugins\/seo\/ -->\n<title>\u00a1Adi\u00f3s al tr\u00e1fico! Bedolla abre carriles superiores del puente Independencia - Diario ABC de Michoac\u00e1n<\/title>\n<meta name=\"robots\" content=\"index, follow, max-snippet:-1, max-image-preview:large, max-video-preview:-1\" \/>\n<link rel=\"canonical\" href=\"https:\/\/diarioabcdemichoacan.com.mx\/lasnoticias\/adios-al-trafico-bedolla-abre-carriles-superiores-del-puente-independencia\/\" \/>\n<meta property=\"og:locale\" content=\"es_ES\" \/>\n<meta property=\"og:type\" content=\"article\" \/>\n<meta property=\"og:title\" content=\"\u00a1Adi\u00f3s al tr\u00e1fico! Bedolla abre carriles superiores del puente Independencia - Diario ABC de Michoac\u00e1n\" \/>\n<meta property=\"og:description\" content=\"La obra contin\u00faa en el bajopuente que tendr\u00e1 una extensi\u00f3n de de 3 mil 600 m2 &nbsp; Morelia, Mich.- El gobernador Alfredo Ram\u00edrez Bedolla abri\u00f3 a la circulaci\u00f3n los cuatro carriles superiores del puente vehicular Independencia en las inmediaciones de Polic\u00eda y Tr\u00e1nsito, en Morelia, para poner fin al conflicto vial ocasionado por el paso [&hellip;]\" \/>\n<meta property=\"og:url\" content=\"https:\/\/diarioabcdemichoacan.com.mx\/lasnoticias\/adios-al-trafico-bedolla-abre-carriles-superiores-del-puente-independencia\/\" \/>\n<meta property=\"og:site_name\" content=\"Diario ABC de Michoac\u00e1n\" \/>\n<meta property=\"article:published_time\" content=\"2026-04-29T17:16:19+00:00\" \/>\n<meta property=\"og:image\" content=\"https:\/\/diarioabcdemichoacan.com.mx\/lasnoticias\/wp-content\/uploads\/2026\/04\/WhatsApp-Image-2026-04-28-at-9.21.01-PM.jpeg\" \/>\n\t<meta property=\"og:image:width\" content=\"1600\" \/>\n\t<meta property=\"og:image:height\" content=\"1066\" \/>\n\t<meta property=\"og:image:type\" content=\"image\/jpeg\" \/>\n<meta name=\"author\" content=\"AR\" \/>\n<meta name=\"twitter:card\" content=\"summary_large_image\" \/>\n<meta name=\"twitter:label1\" content=\"Escrito por\" \/>\n\t<meta name=\"twitter:data1\" content=\"AR\" \/>\n\t<meta name=\"twitter:label2\" content=\"Tiempo de lectura\" \/>\n\t<meta name=\"twitter:data2\" content=\"2 minutos\" \/>\n<script type=\"application\/ld+json\" class=\"yoast-schema-graph\">{\"@context\":\"https:\/\/schema.org\",\"@graph\":[{\"@type\":\"WebPage\",\"@id\":\"https:\/\/diarioabcdemichoacan.com.mx\/lasnoticias\/adios-al-trafico-bedolla-abre-carriles-superiores-del-puente-independencia\/\",\"url\":\"https:\/\/diarioabcdemichoacan.com.mx\/lasnoticias\/adios-al-trafico-bedolla-abre-carriles-superiores-del-puente-independencia\/\",\"name\":\"\u00a1Adi\u00f3s al tr\u00e1fico! Bedolla abre carriles superiores del puente Independencia - Diario ABC de Michoac\u00e1n\",\"isPartOf\":{\"@id\":\"https:\/\/diarioabcdemichoacan.com.mx\/lasnoticias\/#website\"},\"primaryImageOfPage\":{\"@id\":\"https:\/\/diarioabcdemichoacan.com.mx\/lasnoticias\/adios-al-trafico-bedolla-abre-carriles-superiores-del-puente-independencia\/#primaryimage\"},\"image\":{\"@id\":\"https:\/\/diarioabcdemichoacan.com.mx\/lasnoticias\/adios-al-trafico-bedolla-abre-carriles-superiores-del-puente-independencia\/#primaryimage\"},\"thumbnailUrl\":\"https:\/\/diarioabcdemichoacan.com.mx\/lasnoticias\/wp-content\/uploads\/2026\/04\/WhatsApp-Image-2026-04-28-at-9.21.01-PM.jpeg\",\"datePublished\":\"2026-04-29T17:16:19+00:00\",\"dateModified\":\"2026-04-29T17:16:19+00:00\",\"author\":{\"@id\":\"https:\/\/diarioabcdemichoacan.com.mx\/lasnoticias\/#\/schema\/person\/19ae376040f6cbc489682ebdd8524852\"},\"breadcrumb\":{\"@id\":\"https:\/\/diarioabcdemichoacan.com.mx\/lasnoticias\/adios-al-trafico-bedolla-abre-carriles-superiores-del-puente-independencia\/#breadcrumb\"},\"inLanguage\":\"es\",\"potentialAction\":[{\"@type\":\"ReadAction\",\"target\":[\"https:\/\/diarioabcdemichoacan.com.mx\/lasnoticias\/adios-al-trafico-bedolla-abre-carriles-superiores-del-puente-independencia\/\"]}]},{\"@type\":\"ImageObject\",\"inLanguage\":\"es\",\"@id\":\"https:\/\/diarioabcdemichoacan.com.mx\/lasnoticias\/adios-al-trafico-bedolla-abre-carriles-superiores-del-puente-independencia\/#primaryimage\",\"url\":\"https:\/\/diarioabcdemichoacan.com.mx\/lasnoticias\/wp-content\/uploads\/2026\/04\/WhatsApp-Image-2026-04-28-at-9.21.01-PM.jpeg\",\"contentUrl\":\"https:\/\/diarioabcdemichoacan.com.mx\/lasnoticias\/wp-content\/uploads\/2026\/04\/WhatsApp-Image-2026-04-28-at-9.21.01-PM.jpeg\",\"width\":1600,\"height\":1066},{\"@type\":\"BreadcrumbList\",\"@id\":\"https:\/\/diarioabcdemichoacan.com.mx\/lasnoticias\/adios-al-trafico-bedolla-abre-carriles-superiores-del-puente-independencia\/#breadcrumb\",\"itemListElement\":[{\"@type\":\"ListItem\",\"position\":1,\"name\":\"Portada\",\"item\":\"https:\/\/diarioabcdemichoacan.com.mx\/lasnoticias\/\"},{\"@type\":\"ListItem\",\"position\":2,\"name\":\"\u00a1Adi\u00f3s al tr\u00e1fico! Bedolla abre carriles superiores del puente Independencia\"}]},{\"@type\":\"WebSite\",\"@id\":\"https:\/\/diarioabcdemichoacan.com.mx\/lasnoticias\/#website\",\"url\":\"https:\/\/diarioabcdemichoacan.com.mx\/lasnoticias\/\",\"name\":\"Diario ABC de Michoac\u00e1n\",\"description\":\"Las noticias al momento\",\"potentialAction\":[{\"@type\":\"SearchAction\",\"target\":{\"@type\":\"EntryPoint\",\"urlTemplate\":\"https:\/\/diarioabcdemichoacan.com.mx\/lasnoticias\/?s={search_term_string}\"},\"query-input\":{\"@type\":\"PropertyValueSpecification\",\"valueRequired\":true,\"valueName\":\"search_term_string\"}}],\"inLanguage\":\"es\"},{\"@type\":\"Person\",\"@id\":\"https:\/\/diarioabcdemichoacan.com.mx\/lasnoticias\/#\/schema\/person\/19ae376040f6cbc489682ebdd8524852\",\"name\":\"AR\",\"image\":{\"@type\":\"ImageObject\",\"inLanguage\":\"es\",\"@id\":\"https:\/\/diarioabcdemichoacan.com.mx\/lasnoticias\/#\/schema\/person\/image\/\",\"url\":\"https:\/\/secure.gravatar.com\/avatar\/44eca2ff970262234e20e1e082872af0?s=96&d=mm&r=g\",\"contentUrl\":\"https:\/\/secure.gravatar.com\/avatar\/44eca2ff970262234e20e1e082872af0?s=96&d=mm&r=g\",\"caption\":\"AR\"},\"url\":\"https:\/\/diarioabcdemichoacan.com.mx\/lasnoticias\/author\/adrian\/\"}]}<\/script>\n<!-- \/ Yoast SEO plugin. -->","yoast_head_json":{"title":"\u00a1Adi\u00f3s al tr\u00e1fico! Bedolla abre carriles superiores del puente Independencia - Diario ABC de Michoac\u00e1n","robots":{"index":"index","follow":"follow","max-snippet":"max-snippet:-1","max-image-preview":"max-image-preview:large","max-video-preview":"max-video-preview:-1"},"canonical":"https:\/\/diarioabcdemichoacan.com.mx\/lasnoticias\/adios-al-trafico-bedolla-abre-carriles-superiores-del-puente-independencia\/","og_locale":"es_ES","og_type":"article","og_title":"\u00a1Adi\u00f3s al tr\u00e1fico! Bedolla abre carriles superiores del puente Independencia - Diario ABC de Michoac\u00e1n","og_description":"La obra contin\u00faa en el bajopuente que tendr\u00e1 una extensi\u00f3n de de 3 mil 600 m2 &nbsp; Morelia, Mich.- El gobernador Alfredo Ram\u00edrez Bedolla abri\u00f3 a la circulaci\u00f3n los cuatro carriles superiores del puente vehicular Independencia en las inmediaciones de Polic\u00eda y Tr\u00e1nsito, en Morelia, para poner fin al conflicto vial ocasionado por el paso [&hellip;]","og_url":"https:\/\/diarioabcdemichoacan.com.mx\/lasnoticias\/adios-al-trafico-bedolla-abre-carriles-superiores-del-puente-independencia\/","og_site_name":"Diario ABC de Michoac\u00e1n","article_published_time":"2026-04-29T17:16:19+00:00","og_image":[{"width":1600,"height":1066,"url":"https:\/\/diarioabcdemichoacan.com.mx\/lasnoticias\/wp-content\/uploads\/2026\/04\/WhatsApp-Image-2026-04-28-at-9.21.01-PM.jpeg","type":"image\/jpeg"}],"author":"AR","twitter_card":"summary_large_image","twitter_misc":{"Escrito por":"AR","Tiempo de lectura":"2 minutos"},"schema":{"@context":"https:\/\/schema.org","@graph":[{"@type":"WebPage","@id":"https:\/\/diarioabcdemichoacan.com.mx\/lasnoticias\/adios-al-trafico-bedolla-abre-carriles-superiores-del-puente-independencia\/","url":"https:\/\/diarioabcdemichoacan.com.mx\/lasnoticias\/adios-al-trafico-bedolla-abre-carriles-superiores-del-puente-independencia\/","name":"\u00a1Adi\u00f3s al tr\u00e1fico! Bedolla abre carriles superiores del puente Independencia - Diario ABC de Michoac\u00e1n","isPartOf":{"@id":"https:\/\/diarioabcdemichoacan.com.mx\/lasnoticias\/#website"},"primaryImageOfPage":{"@id":"https:\/\/diarioabcdemichoacan.com.mx\/lasnoticias\/adios-al-trafico-bedolla-abre-carriles-superiores-del-puente-independencia\/#primaryimage"},"image":{"@id":"https:\/\/diarioabcdemichoacan.com.mx\/lasnoticias\/adios-al-trafico-bedolla-abre-carriles-superiores-del-puente-independencia\/#primaryimage"},"thumbnailUrl":"https:\/\/diarioabcdemichoacan.com.mx\/lasnoticias\/wp-content\/uploads\/2026\/04\/WhatsApp-Image-2026-04-28-at-9.21.01-PM.jpeg","datePublished":"2026-04-29T17:16:19+00:00","dateModified":"2026-04-29T17:16:19+00:00","author":{"@id":"https:\/\/diarioabcdemichoacan.com.mx\/lasnoticias\/#\/schema\/person\/19ae376040f6cbc489682ebdd8524852"},"breadcrumb":{"@id":"https:\/\/diarioabcdemichoacan.com.mx\/lasnoticias\/adios-al-trafico-bedolla-abre-carriles-superiores-del-puente-independencia\/#breadcrumb"},"inLanguage":"es","potentialAction":[{"@type":"ReadAction","target":["https:\/\/diarioabcdemichoacan.com.mx\/lasnoticias\/adios-al-trafico-bedolla-abre-carriles-superiores-del-puente-independencia\/"]}]},{"@type":"ImageObject","inLanguage":"es","@id":"https:\/\/diarioabcdemichoacan.com.mx\/lasnoticias\/adios-al-trafico-bedolla-abre-carriles-superiores-del-puente-independencia\/#primaryimage","url":"https:\/\/diarioabcdemichoacan.com.mx\/lasnoticias\/wp-content\/uploads\/2026\/04\/WhatsApp-Image-2026-04-28-at-9.21.01-PM.jpeg","contentUrl":"https:\/\/diarioabcdemichoacan.com.mx\/lasnoticias\/wp-content\/uploads\/2026\/04\/WhatsApp-Image-2026-04-28-at-9.21.01-PM.jpeg","width":1600,"height":1066},{"@type":"BreadcrumbList","@id":"https:\/\/diarioabcdemichoacan.com.mx\/lasnoticias\/adios-al-trafico-bedolla-abre-carriles-superiores-del-puente-independencia\/#breadcrumb","itemListElement":[{"@type":"ListItem","position":1,"name":"Portada","item":"https:\/\/diarioabcdemichoacan.com.mx\/lasnoticias\/"},{"@type":"ListItem","position":2,"name":"\u00a1Adi\u00f3s al tr\u00e1fico! Bedolla abre carriles superiores del puente Independencia"}]},{"@type":"WebSite","@id":"https:\/\/diarioabcdemichoacan.com.mx\/lasnoticias\/#website","url":"https:\/\/diarioabcdemichoacan.com.mx\/lasnoticias\/","name":"Diario ABC de Michoac\u00e1n","description":"Las noticias al momento","potentialAction":[{"@type":"SearchAction","target":{"@type":"EntryPoint","urlTemplate":"https:\/\/diarioabcdemichoacan.com.mx\/lasnoticias\/?s={search_term_string}"},"query-input":{"@type":"PropertyValueSpecification","valueRequired":true,"valueName":"search_term_string"}}],"inLanguage":"es"},{"@type":"Person","@id":"https:\/\/diarioabcdemichoacan.com.mx\/lasnoticias\/#\/schema\/person\/19ae376040f6cbc489682ebdd8524852","name":"AR","image":{"@type":"ImageObject","inLanguage":"es","@id":"https:\/\/diarioabcdemichoacan.com.mx\/lasnoticias\/#\/schema\/person\/image\/","url":"https:\/\/secure.gravatar.com\/avatar\/44eca2ff970262234e20e1e082872af0?s=96&d=mm&r=g","contentUrl":"https:\/\/secure.gravatar.com\/avatar\/44eca2ff970262234e20e1e082872af0?s=96&d=mm&r=g","caption":"AR"},"url":"https:\/\/diarioabcdemichoacan.com.mx\/lasnoticias\/author\/adrian\/"}]}},"_links":{"self":[{"href":"https:\/\/diarioabcdemichoacan.com.mx\/lasnoticias\/wp-json\/wp\/v2\/posts\/79093","targetHints":{"allow":["GET"]}}],"collection":[{"href":"https:\/\/diarioabcdemichoacan.com.mx\/lasnoticias\/wp-json\/wp\/v2\/posts"}],"about":[{"href":"https:\/\/diarioabcdemichoacan.com.mx\/lasnoticias\/wp-json\/wp\/v2\/types\/post"}],"author":[{"embeddable":true,"href":"https:\/\/diarioabcdemichoacan.com.mx\/lasnoticias\/wp-json\/wp\/v2\/users\/9"}],"replies":[{"embeddable":true,"href":"https:\/\/diarioabcdemichoacan.com.mx\/lasnoticias\/wp-json\/wp\/v2\/comments?post=79093"}],"version-history":[{"count":1,"href":"https:\/\/diarioabcdemichoacan.com.mx\/lasnoticias\/wp-json\/wp\/v2\/posts\/79093\/revisions"}],"predecessor-version":[{"id":79096,"href":"https:\/\/diarioabcdemichoacan.com.mx\/lasnoticias\/wp-json\/wp\/v2\/posts\/79093\/revisions\/79096"}],"wp:featuredmedia":[{"embeddable":true,"href":"https:\/\/diarioabcdemichoacan.com.mx\/lasnoticias\/wp-json\/wp\/v2\/media\/79095"}],"wp:attachment":[{"href":"https:\/\/diarioabcdemichoacan.com.mx\/lasnoticias\/wp-json\/wp\/v2\/media?parent=79093"}],"wp:term":[{"taxonomy":"category","embeddable":true,"href":"https:\/\/diarioabcdemichoacan.com.mx\/lasnoticias\/wp-json\/wp\/v2\/categories?post=79093"},{"taxonomy":"post_tag","embeddable":true,"href":"https:\/\/diarioabcdemichoacan.com.mx\/lasnoticias\/wp-json\/wp\/v2\/tags?post=79093"}],"curies":[{"name":"wp","href":"https:\/\/api.w.org\/{rel}","templated":true}]}}