{"id":79097,"date":"2026-04-29T11:18:26","date_gmt":"2026-04-29T17:18:26","guid":{"rendered":"https:\/\/diarioabcdemichoacan.com.mx\/lasnoticias\/?p=79097"},"modified":"2026-04-29T11:18:26","modified_gmt":"2026-04-29T17:18:26","slug":"alfonso-martinez-celebra-a-la-ninez-en-santa-maria-y-llama-a-cuidar-el-futuro-de-morelia","status":"publish","type":"post","link":"https:\/\/diarioabcdemichoacan.com.mx\/lasnoticias\/alfonso-martinez-celebra-a-la-ninez-en-santa-maria-y-llama-a-cuidar-el-futuro-de-morelia\/","title":{"rendered":"Alfonso Mart\u00ednez celebra a la ni\u00f1ez en Santa Mar\u00eda y llama a cuidar el futuro de Morelia"},"content":{"rendered":"<h2>El presidente municipal convivi\u00f3 con familias, durante el Festival de la Ni\u00f1ez \u201cH\u00e9roes por la Paz\u201d.<\/h2>\n<p>&nbsp;<\/p>\n<hr \/>\n<p>Morelia, Mich.- En un ambiente de alegr\u00eda y convivencia familiar, el presidente municipal Alfonso Mart\u00ednez Alc\u00e1zar celebr\u00f3 a las ni\u00f1as y ni\u00f1os morelianos durante el Festival de la Ni\u00f1ez \u201cH\u00e9roes por la Paz\u201d, realizado en la colonia Trincheras, en la tenencia de Santa Mar\u00eda, donde reiter\u00f3 que las infancias son una prioridad para el Gobierno de Morelia y llam\u00f3 a madres y padres de familia a cuidar y acompa\u00f1ar a sus hijas e hijos para construir un mejor futuro.<\/p>\n<p>Durante el festejo, organizado como parte de las actividades impulsadas por Paola Delgadillo Hern\u00e1ndez, presidenta honoraria del DIF Morelia, el alcalde convivi\u00f3 con ni\u00f1as, ni\u00f1os y familias, recorri\u00f3 los espacios recreativos y dirigi\u00f3 un mensaje cercano y emotivo en el que destac\u00f3 la importancia de proteger, orientar y brindar oportunidades a la ni\u00f1ez.<\/p>\n<p>\u00abEsta fiesta es para ustedes, las ni\u00f1as y los ni\u00f1os, en su mes, y queremos que se diviertan mucho, que sepan que todos los queremos mucho; ustedes deben preocuparse solamente por estudiar, divertirse y hacerle caso a sus pap\u00e1s\u00bb, expres\u00f3 Alfonso Mart\u00ednez.<\/p>\n<p>Asimismo, el presidente municipal dirigi\u00f3 un mensaje a las familias, subrayando la responsabilidad compartida de formar a las nuevas generaciones:<br \/>\n\u00abA los pap\u00e1s les quiero decir que deben de cuidar mucho a sus hijas y a sus hijos, deben de quererlos, procurar lo mejor para ellos para que vayan a la escuela y tengan un buen futuro, que sean gente buena\u00bb.<\/p>\n<p>La celebraci\u00f3n estuvo llena de entusiasmo y diversi\u00f3n para las y los peque\u00f1os, quienes disfrutaron de juegos mec\u00e1nicos, inflables, pizzas, snacks, aguas frescas, aguinaldos y un espect\u00e1culo de payasos, en una jornada dedicada a reconocer la alegr\u00eda y el valor de la ni\u00f1ez moreliana.<\/p>\n<p>El Festival de la Ni\u00f1ez \u201cH\u00e9roes por la Paz\u201d en esta tenencia fue organizado por la Secretar\u00eda de Servicios P\u00fablicos y el Instituto Moreliano de Protecci\u00f3n Animal (IMPA), como parte de los festejos que el DIF Morelia lleva a diferentes puntos del municipio durante el mes de abril.<\/p>\n<p>Acompa\u00f1aron al presidente municipal en esta actividad el director del DIF Morelia, Jos\u00e9 Manuel \u00c1lvarez Lucio; el secretario de Servicios P\u00fablicos, Nezahualc\u00f3yotl V\u00e1zquez Vargas; y la directora del IMPA, Minerva Bautista G\u00f3mez.<\/p>\n<p>Con estas acciones, el Gobierno de Morelia refrenda su compromiso de seguir impulsando espacios de convivencia y bienestar para las familias, poniendo en el centro a las ni\u00f1as y ni\u00f1os como base del presente y futuro de la ciudad.<\/p>\n","protected":false},"excerpt":{"rendered":"<p>El presidente municipal convivi\u00f3 con familias, durante el Festival de la Ni\u00f1ez \u201cH\u00e9roes por la Paz\u201d. &nbsp; Morelia, Mich.- En un ambiente de alegr\u00eda y convivencia familiar, el presidente municipal Alfonso Mart\u00ednez Alc\u00e1zar celebr\u00f3 a las ni\u00f1as y ni\u00f1os morelianos durante el Festival de la Ni\u00f1ez \u201cH\u00e9roes por la Paz\u201d, realizado en la colonia Trincheras, [&hellip;]<\/p>\n","protected":false},"author":9,"featured_media":79098,"comment_status":"closed","ping_status":"closed","sticky":false,"template":"","format":"standard","meta":{"footnotes":""},"categories":[18,7,27],"tags":[],"class_list":{"0":"post-79097","1":"post","2":"type-post","3":"status-publish","4":"format-standard","5":"has-post-thumbnail","7":"category-ayuntamiento-de-morelia","8":"category-morelia","9":"category-slider"},"yoast_head":"<!-- This site is optimized with the Yoast SEO plugin v24.0 - https:\/\/yoast.com\/wordpress\/plugins\/seo\/ -->\n<title>Alfonso Mart\u00ednez celebra a la ni\u00f1ez en Santa Mar\u00eda y llama a cuidar el futuro de Morelia - Diario ABC de Michoac\u00e1n<\/title>\n<meta name=\"robots\" content=\"index, follow, max-snippet:-1, max-image-preview:large, max-video-preview:-1\" \/>\n<link rel=\"canonical\" href=\"https:\/\/diarioabcdemichoacan.com.mx\/lasnoticias\/alfonso-martinez-celebra-a-la-ninez-en-santa-maria-y-llama-a-cuidar-el-futuro-de-morelia\/\" \/>\n<meta property=\"og:locale\" content=\"es_ES\" \/>\n<meta property=\"og:type\" content=\"article\" \/>\n<meta property=\"og:title\" content=\"Alfonso Mart\u00ednez celebra a la ni\u00f1ez en Santa Mar\u00eda y llama a cuidar el futuro de Morelia - Diario ABC de Michoac\u00e1n\" \/>\n<meta property=\"og:description\" content=\"El presidente municipal convivi\u00f3 con familias, durante el Festival de la Ni\u00f1ez \u201cH\u00e9roes por la Paz\u201d. &nbsp; Morelia, Mich.- En un ambiente de alegr\u00eda y convivencia familiar, el presidente municipal Alfonso Mart\u00ednez Alc\u00e1zar celebr\u00f3 a las ni\u00f1as y ni\u00f1os morelianos durante el Festival de la Ni\u00f1ez \u201cH\u00e9roes por la Paz\u201d, realizado en la colonia Trincheras, [&hellip;]\" \/>\n<meta property=\"og:url\" content=\"https:\/\/diarioabcdemichoacan.com.mx\/lasnoticias\/alfonso-martinez-celebra-a-la-ninez-en-santa-maria-y-llama-a-cuidar-el-futuro-de-morelia\/\" \/>\n<meta property=\"og:site_name\" content=\"Diario ABC de Michoac\u00e1n\" \/>\n<meta property=\"article:published_time\" content=\"2026-04-29T17:18:26+00:00\" \/>\n<meta property=\"og:image\" content=\"https:\/\/diarioabcdemichoacan.com.mx\/lasnoticias\/wp-content\/uploads\/2026\/04\/WhatsApp-Image-2026-04-28-at-9.06.36-PM.jpeg\" \/>\n\t<meta property=\"og:image:width\" content=\"1600\" \/>\n\t<meta property=\"og:image:height\" content=\"1066\" \/>\n\t<meta property=\"og:image:type\" content=\"image\/jpeg\" \/>\n<meta name=\"author\" content=\"AR\" \/>\n<meta name=\"twitter:card\" content=\"summary_large_image\" \/>\n<meta name=\"twitter:label1\" content=\"Escrito por\" \/>\n\t<meta name=\"twitter:data1\" content=\"AR\" \/>\n\t<meta name=\"twitter:label2\" content=\"Tiempo de lectura\" \/>\n\t<meta name=\"twitter:data2\" content=\"3 minutos\" \/>\n<script type=\"application\/ld+json\" class=\"yoast-schema-graph\">{\"@context\":\"https:\/\/schema.org\",\"@graph\":[{\"@type\":\"WebPage\",\"@id\":\"https:\/\/diarioabcdemichoacan.com.mx\/lasnoticias\/alfonso-martinez-celebra-a-la-ninez-en-santa-maria-y-llama-a-cuidar-el-futuro-de-morelia\/\",\"url\":\"https:\/\/diarioabcdemichoacan.com.mx\/lasnoticias\/alfonso-martinez-celebra-a-la-ninez-en-santa-maria-y-llama-a-cuidar-el-futuro-de-morelia\/\",\"name\":\"Alfonso Mart\u00ednez celebra a la ni\u00f1ez en Santa Mar\u00eda y llama a cuidar el futuro de Morelia - Diario ABC de Michoac\u00e1n\",\"isPartOf\":{\"@id\":\"https:\/\/diarioabcdemichoacan.com.mx\/lasnoticias\/#website\"},\"primaryImageOfPage\":{\"@id\":\"https:\/\/diarioabcdemichoacan.com.mx\/lasnoticias\/alfonso-martinez-celebra-a-la-ninez-en-santa-maria-y-llama-a-cuidar-el-futuro-de-morelia\/#primaryimage\"},\"image\":{\"@id\":\"https:\/\/diarioabcdemichoacan.com.mx\/lasnoticias\/alfonso-martinez-celebra-a-la-ninez-en-santa-maria-y-llama-a-cuidar-el-futuro-de-morelia\/#primaryimage\"},\"thumbnailUrl\":\"https:\/\/diarioabcdemichoacan.com.mx\/lasnoticias\/wp-content\/uploads\/2026\/04\/WhatsApp-Image-2026-04-28-at-9.06.36-PM.jpeg\",\"datePublished\":\"2026-04-29T17:18:26+00:00\",\"dateModified\":\"2026-04-29T17:18:26+00:00\",\"author\":{\"@id\":\"https:\/\/diarioabcdemichoacan.com.mx\/lasnoticias\/#\/schema\/person\/19ae376040f6cbc489682ebdd8524852\"},\"breadcrumb\":{\"@id\":\"https:\/\/diarioabcdemichoacan.com.mx\/lasnoticias\/alfonso-martinez-celebra-a-la-ninez-en-santa-maria-y-llama-a-cuidar-el-futuro-de-morelia\/#breadcrumb\"},\"inLanguage\":\"es\",\"potentialAction\":[{\"@type\":\"ReadAction\",\"target\":[\"https:\/\/diarioabcdemichoacan.com.mx\/lasnoticias\/alfonso-martinez-celebra-a-la-ninez-en-santa-maria-y-llama-a-cuidar-el-futuro-de-morelia\/\"]}]},{\"@type\":\"ImageObject\",\"inLanguage\":\"es\",\"@id\":\"https:\/\/diarioabcdemichoacan.com.mx\/lasnoticias\/alfonso-martinez-celebra-a-la-ninez-en-santa-maria-y-llama-a-cuidar-el-futuro-de-morelia\/#primaryimage\",\"url\":\"https:\/\/diarioabcdemichoacan.com.mx\/lasnoticias\/wp-content\/uploads\/2026\/04\/WhatsApp-Image-2026-04-28-at-9.06.36-PM.jpeg\",\"contentUrl\":\"https:\/\/diarioabcdemichoacan.com.mx\/lasnoticias\/wp-content\/uploads\/2026\/04\/WhatsApp-Image-2026-04-28-at-9.06.36-PM.jpeg\",\"width\":1600,\"height\":1066},{\"@type\":\"BreadcrumbList\",\"@id\":\"https:\/\/diarioabcdemichoacan.com.mx\/lasnoticias\/alfonso-martinez-celebra-a-la-ninez-en-santa-maria-y-llama-a-cuidar-el-futuro-de-morelia\/#breadcrumb\",\"itemListElement\":[{\"@type\":\"ListItem\",\"position\":1,\"name\":\"Portada\",\"item\":\"https:\/\/diarioabcdemichoacan.com.mx\/lasnoticias\/\"},{\"@type\":\"ListItem\",\"position\":2,\"name\":\"Alfonso Mart\u00ednez celebra a la ni\u00f1ez en Santa Mar\u00eda y llama a cuidar el futuro de Morelia\"}]},{\"@type\":\"WebSite\",\"@id\":\"https:\/\/diarioabcdemichoacan.com.mx\/lasnoticias\/#website\",\"url\":\"https:\/\/diarioabcdemichoacan.com.mx\/lasnoticias\/\",\"name\":\"Diario ABC de Michoac\u00e1n\",\"description\":\"Las noticias al momento\",\"potentialAction\":[{\"@type\":\"SearchAction\",\"target\":{\"@type\":\"EntryPoint\",\"urlTemplate\":\"https:\/\/diarioabcdemichoacan.com.mx\/lasnoticias\/?s={search_term_string}\"},\"query-input\":{\"@type\":\"PropertyValueSpecification\",\"valueRequired\":true,\"valueName\":\"search_term_string\"}}],\"inLanguage\":\"es\"},{\"@type\":\"Person\",\"@id\":\"https:\/\/diarioabcdemichoacan.com.mx\/lasnoticias\/#\/schema\/person\/19ae376040f6cbc489682ebdd8524852\",\"name\":\"AR\",\"image\":{\"@type\":\"ImageObject\",\"inLanguage\":\"es\",\"@id\":\"https:\/\/diarioabcdemichoacan.com.mx\/lasnoticias\/#\/schema\/person\/image\/\",\"url\":\"https:\/\/secure.gravatar.com\/avatar\/44eca2ff970262234e20e1e082872af0?s=96&d=mm&r=g\",\"contentUrl\":\"https:\/\/secure.gravatar.com\/avatar\/44eca2ff970262234e20e1e082872af0?s=96&d=mm&r=g\",\"caption\":\"AR\"},\"url\":\"https:\/\/diarioabcdemichoacan.com.mx\/lasnoticias\/author\/adrian\/\"}]}<\/script>\n<!-- \/ Yoast SEO plugin. -->","yoast_head_json":{"title":"Alfonso Mart\u00ednez celebra a la ni\u00f1ez en Santa Mar\u00eda y llama a cuidar el futuro de Morelia - Diario ABC de Michoac\u00e1n","robots":{"index":"index","follow":"follow","max-snippet":"max-snippet:-1","max-image-preview":"max-image-preview:large","max-video-preview":"max-video-preview:-1"},"canonical":"https:\/\/diarioabcdemichoacan.com.mx\/lasnoticias\/alfonso-martinez-celebra-a-la-ninez-en-santa-maria-y-llama-a-cuidar-el-futuro-de-morelia\/","og_locale":"es_ES","og_type":"article","og_title":"Alfonso Mart\u00ednez celebra a la ni\u00f1ez en Santa Mar\u00eda y llama a cuidar el futuro de Morelia - Diario ABC de Michoac\u00e1n","og_description":"El presidente municipal convivi\u00f3 con familias, durante el Festival de la Ni\u00f1ez \u201cH\u00e9roes por la Paz\u201d. &nbsp; Morelia, Mich.- En un ambiente de alegr\u00eda y convivencia familiar, el presidente municipal Alfonso Mart\u00ednez Alc\u00e1zar celebr\u00f3 a las ni\u00f1as y ni\u00f1os morelianos durante el Festival de la Ni\u00f1ez \u201cH\u00e9roes por la Paz\u201d, realizado en la colonia Trincheras, [&hellip;]","og_url":"https:\/\/diarioabcdemichoacan.com.mx\/lasnoticias\/alfonso-martinez-celebra-a-la-ninez-en-santa-maria-y-llama-a-cuidar-el-futuro-de-morelia\/","og_site_name":"Diario ABC de Michoac\u00e1n","article_published_time":"2026-04-29T17:18:26+00:00","og_image":[{"width":1600,"height":1066,"url":"https:\/\/diarioabcdemichoacan.com.mx\/lasnoticias\/wp-content\/uploads\/2026\/04\/WhatsApp-Image-2026-04-28-at-9.06.36-PM.jpeg","type":"image\/jpeg"}],"author":"AR","twitter_card":"summary_large_image","twitter_misc":{"Escrito por":"AR","Tiempo de lectura":"3 minutos"},"schema":{"@context":"https:\/\/schema.org","@graph":[{"@type":"WebPage","@id":"https:\/\/diarioabcdemichoacan.com.mx\/lasnoticias\/alfonso-martinez-celebra-a-la-ninez-en-santa-maria-y-llama-a-cuidar-el-futuro-de-morelia\/","url":"https:\/\/diarioabcdemichoacan.com.mx\/lasnoticias\/alfonso-martinez-celebra-a-la-ninez-en-santa-maria-y-llama-a-cuidar-el-futuro-de-morelia\/","name":"Alfonso Mart\u00ednez celebra a la ni\u00f1ez en Santa Mar\u00eda y llama a cuidar el futuro de Morelia - Diario ABC de Michoac\u00e1n","isPartOf":{"@id":"https:\/\/diarioabcdemichoacan.com.mx\/lasnoticias\/#website"},"primaryImageOfPage":{"@id":"https:\/\/diarioabcdemichoacan.com.mx\/lasnoticias\/alfonso-martinez-celebra-a-la-ninez-en-santa-maria-y-llama-a-cuidar-el-futuro-de-morelia\/#primaryimage"},"image":{"@id":"https:\/\/diarioabcdemichoacan.com.mx\/lasnoticias\/alfonso-martinez-celebra-a-la-ninez-en-santa-maria-y-llama-a-cuidar-el-futuro-de-morelia\/#primaryimage"},"thumbnailUrl":"https:\/\/diarioabcdemichoacan.com.mx\/lasnoticias\/wp-content\/uploads\/2026\/04\/WhatsApp-Image-2026-04-28-at-9.06.36-PM.jpeg","datePublished":"2026-04-29T17:18:26+00:00","dateModified":"2026-04-29T17:18:26+00:00","author":{"@id":"https:\/\/diarioabcdemichoacan.com.mx\/lasnoticias\/#\/schema\/person\/19ae376040f6cbc489682ebdd8524852"},"breadcrumb":{"@id":"https:\/\/diarioabcdemichoacan.com.mx\/lasnoticias\/alfonso-martinez-celebra-a-la-ninez-en-santa-maria-y-llama-a-cuidar-el-futuro-de-morelia\/#breadcrumb"},"inLanguage":"es","potentialAction":[{"@type":"ReadAction","target":["https:\/\/diarioabcdemichoacan.com.mx\/lasnoticias\/alfonso-martinez-celebra-a-la-ninez-en-santa-maria-y-llama-a-cuidar-el-futuro-de-morelia\/"]}]},{"@type":"ImageObject","inLanguage":"es","@id":"https:\/\/diarioabcdemichoacan.com.mx\/lasnoticias\/alfonso-martinez-celebra-a-la-ninez-en-santa-maria-y-llama-a-cuidar-el-futuro-de-morelia\/#primaryimage","url":"https:\/\/diarioabcdemichoacan.com.mx\/lasnoticias\/wp-content\/uploads\/2026\/04\/WhatsApp-Image-2026-04-28-at-9.06.36-PM.jpeg","contentUrl":"https:\/\/diarioabcdemichoacan.com.mx\/lasnoticias\/wp-content\/uploads\/2026\/04\/WhatsApp-Image-2026-04-28-at-9.06.36-PM.jpeg","width":1600,"height":1066},{"@type":"BreadcrumbList","@id":"https:\/\/diarioabcdemichoacan.com.mx\/lasnoticias\/alfonso-martinez-celebra-a-la-ninez-en-santa-maria-y-llama-a-cuidar-el-futuro-de-morelia\/#breadcrumb","itemListElement":[{"@type":"ListItem","position":1,"name":"Portada","item":"https:\/\/diarioabcdemichoacan.com.mx\/lasnoticias\/"},{"@type":"ListItem","position":2,"name":"Alfonso Mart\u00ednez celebra a la ni\u00f1ez en Santa Mar\u00eda y llama a cuidar el futuro de Morelia"}]},{"@type":"WebSite","@id":"https:\/\/diarioabcdemichoacan.com.mx\/lasnoticias\/#website","url":"https:\/\/diarioabcdemichoacan.com.mx\/lasnoticias\/","name":"Diario ABC de Michoac\u00e1n","description":"Las noticias al momento","potentialAction":[{"@type":"SearchAction","target":{"@type":"EntryPoint","urlTemplate":"https:\/\/diarioabcdemichoacan.com.mx\/lasnoticias\/?s={search_term_string}"},"query-input":{"@type":"PropertyValueSpecification","valueRequired":true,"valueName":"search_term_string"}}],"inLanguage":"es"},{"@type":"Person","@id":"https:\/\/diarioabcdemichoacan.com.mx\/lasnoticias\/#\/schema\/person\/19ae376040f6cbc489682ebdd8524852","name":"AR","image":{"@type":"ImageObject","inLanguage":"es","@id":"https:\/\/diarioabcdemichoacan.com.mx\/lasnoticias\/#\/schema\/person\/image\/","url":"https:\/\/secure.gravatar.com\/avatar\/44eca2ff970262234e20e1e082872af0?s=96&d=mm&r=g","contentUrl":"https:\/\/secure.gravatar.com\/avatar\/44eca2ff970262234e20e1e082872af0?s=96&d=mm&r=g","caption":"AR"},"url":"https:\/\/diarioabcdemichoacan.com.mx\/lasnoticias\/author\/adrian\/"}]}},"_links":{"self":[{"href":"https:\/\/diarioabcdemichoacan.com.mx\/lasnoticias\/wp-json\/wp\/v2\/posts\/79097","targetHints":{"allow":["GET"]}}],"collection":[{"href":"https:\/\/diarioabcdemichoacan.com.mx\/lasnoticias\/wp-json\/wp\/v2\/posts"}],"about":[{"href":"https:\/\/diarioabcdemichoacan.com.mx\/lasnoticias\/wp-json\/wp\/v2\/types\/post"}],"author":[{"embeddable":true,"href":"https:\/\/diarioabcdemichoacan.com.mx\/lasnoticias\/wp-json\/wp\/v2\/users\/9"}],"replies":[{"embeddable":true,"href":"https:\/\/diarioabcdemichoacan.com.mx\/lasnoticias\/wp-json\/wp\/v2\/comments?post=79097"}],"version-history":[{"count":1,"href":"https:\/\/diarioabcdemichoacan.com.mx\/lasnoticias\/wp-json\/wp\/v2\/posts\/79097\/revisions"}],"predecessor-version":[{"id":79099,"href":"https:\/\/diarioabcdemichoacan.com.mx\/lasnoticias\/wp-json\/wp\/v2\/posts\/79097\/revisions\/79099"}],"wp:featuredmedia":[{"embeddable":true,"href":"https:\/\/diarioabcdemichoacan.com.mx\/lasnoticias\/wp-json\/wp\/v2\/media\/79098"}],"wp:attachment":[{"href":"https:\/\/diarioabcdemichoacan.com.mx\/lasnoticias\/wp-json\/wp\/v2\/media?parent=79097"}],"wp:term":[{"taxonomy":"category","embeddable":true,"href":"https:\/\/diarioabcdemichoacan.com.mx\/lasnoticias\/wp-json\/wp\/v2\/categories?post=79097"},{"taxonomy":"post_tag","embeddable":true,"href":"https:\/\/diarioabcdemichoacan.com.mx\/lasnoticias\/wp-json\/wp\/v2\/tags?post=79097"}],"curies":[{"name":"wp","href":"https:\/\/api.w.org\/{rel}","templated":true}]}}