{"id":79109,"date":"2026-04-29T13:03:19","date_gmt":"2026-04-29T19:03:19","guid":{"rendered":"https:\/\/diarioabcdemichoacan.com.mx\/lasnoticias\/?p=79109"},"modified":"2026-04-29T13:03:19","modified_gmt":"2026-04-29T19:03:19","slug":"michoacan-sera-sede-del-mundial-de-futbol-policias-y-bomberos-con-equipos-internacionales","status":"publish","type":"post","link":"https:\/\/diarioabcdemichoacan.com.mx\/lasnoticias\/michoacan-sera-sede-del-mundial-de-futbol-policias-y-bomberos-con-equipos-internacionales\/","title":{"rendered":"Michoac\u00e1n ser\u00e1 sede del Mundial de F\u00fatbol \u201cPolic\u00edas y Bomberos\u201d con equipos internacionales"},"content":{"rendered":"<p>Por Mariano Bola\u00f1os Monta\u00f1ez<\/p>\n<p>Morelia, Mich.- Del 4 al 8 de mayo, Michoac\u00e1n albergar\u00e1 el Mundial de F\u00fatbol \u201cPolic\u00edas y Bomberos\u201d, evento que reunir\u00e1 a equipos de distintos pa\u00edses y entidades de la Rep\u00fablica, as\u00ed como a un representativo del Consejo Supremo Ind\u00edgena de Michoac\u00e1n.<\/p>\n<p>Durante una conferencia de prensa encabezada por el gobernador Alfredo Ram\u00edrez Bedolla, el titular de la Secretar\u00eda de Seguridad P\u00fablica (SSP), Jos\u00e9 Antonio Cruz Medina, confirm\u00f3 la participaci\u00f3n internacional de delegaciones de Panam\u00e1, Rumania, Colombia y Guatemala.<\/p>\n<p>El funcionario destac\u00f3 que, en el caso de M\u00e9xico, tambi\u00e9n participar\u00e1n elementos policiacos invitados, y que las competencias se desarrollar\u00e1n tanto en rama femenil como varonil.<\/p>\n<p>Aunque la inauguraci\u00f3n oficial se llevar\u00e1 a cabo el 3 de mayo a las 18:00 horas en el Lienzo Charro de Morelia, los encuentros deportivos se disputar\u00e1n del 4 al 8 de mayo en diversas sedes, entre ellas Morelia, Uruapan, P\u00e1tzcuaro y Huandacareo.<\/p>\n<p>Las autoridades se\u00f1alaron que este evento busca proyectar una imagen positiva del estado, destacando las condiciones de seguridad, infraestructura y vocaci\u00f3n tur\u00edstica de las ciudades anfitrionas, adem\u00e1s de fortalecer la convivencia entre corporaciones de distintos pa\u00edses.<\/p>\n","protected":false},"excerpt":{"rendered":"<p>Por Mariano Bola\u00f1os Monta\u00f1ez Morelia, Mich.- Del 4 al 8 de mayo, Michoac\u00e1n albergar\u00e1 el Mundial de F\u00fatbol \u201cPolic\u00edas y Bomberos\u201d, evento que reunir\u00e1 a equipos de distintos pa\u00edses y entidades de la Rep\u00fablica, as\u00ed como a un representativo del Consejo Supremo Ind\u00edgena de Michoac\u00e1n. Durante una conferencia de prensa encabezada por el gobernador Alfredo [&hellip;]<\/p>\n","protected":false},"author":6,"featured_media":79121,"comment_status":"closed","ping_status":"closed","sticky":false,"template":"","format":"standard","meta":{"footnotes":""},"categories":[14,10,17],"tags":[],"class_list":{"0":"post-79109","1":"post","2":"type-post","3":"status-publish","4":"format-standard","5":"has-post-thumbnail","7":"category-deportes","8":"category-estado","9":"category-gobierno-de-michoacan"},"yoast_head":"<!-- This site is optimized with the Yoast SEO plugin v24.0 - https:\/\/yoast.com\/wordpress\/plugins\/seo\/ -->\n<title>Michoac\u00e1n ser\u00e1 sede del Mundial de F\u00fatbol \u201cPolic\u00edas y Bomberos\u201d con equipos internacionales - Diario ABC de Michoac\u00e1n<\/title>\n<meta name=\"robots\" content=\"index, follow, max-snippet:-1, max-image-preview:large, max-video-preview:-1\" \/>\n<link rel=\"canonical\" href=\"https:\/\/diarioabcdemichoacan.com.mx\/lasnoticias\/michoacan-sera-sede-del-mundial-de-futbol-policias-y-bomberos-con-equipos-internacionales\/\" \/>\n<meta property=\"og:locale\" content=\"es_ES\" \/>\n<meta property=\"og:type\" content=\"article\" \/>\n<meta property=\"og:title\" content=\"Michoac\u00e1n ser\u00e1 sede del Mundial de F\u00fatbol \u201cPolic\u00edas y Bomberos\u201d con equipos internacionales - Diario ABC de Michoac\u00e1n\" \/>\n<meta property=\"og:description\" content=\"Por Mariano Bola\u00f1os Monta\u00f1ez Morelia, Mich.- Del 4 al 8 de mayo, Michoac\u00e1n albergar\u00e1 el Mundial de F\u00fatbol \u201cPolic\u00edas y Bomberos\u201d, evento que reunir\u00e1 a equipos de distintos pa\u00edses y entidades de la Rep\u00fablica, as\u00ed como a un representativo del Consejo Supremo Ind\u00edgena de Michoac\u00e1n. Durante una conferencia de prensa encabezada por el gobernador Alfredo [&hellip;]\" \/>\n<meta property=\"og:url\" content=\"https:\/\/diarioabcdemichoacan.com.mx\/lasnoticias\/michoacan-sera-sede-del-mundial-de-futbol-policias-y-bomberos-con-equipos-internacionales\/\" \/>\n<meta property=\"og:site_name\" content=\"Diario ABC de Michoac\u00e1n\" \/>\n<meta property=\"article:published_time\" content=\"2026-04-29T19:03:19+00:00\" \/>\n<meta property=\"og:image\" content=\"https:\/\/diarioabcdemichoacan.com.mx\/lasnoticias\/wp-content\/uploads\/2026\/04\/gsdfgdfsgdfdfsg.jpg\" \/>\n\t<meta property=\"og:image:width\" content=\"540\" \/>\n\t<meta property=\"og:image:height\" content=\"314\" \/>\n\t<meta property=\"og:image:type\" content=\"image\/jpeg\" \/>\n<meta name=\"author\" content=\"MB\" \/>\n<meta name=\"twitter:card\" content=\"summary_large_image\" \/>\n<meta name=\"twitter:label1\" content=\"Escrito por\" \/>\n\t<meta name=\"twitter:data1\" content=\"MB\" \/>\n\t<meta name=\"twitter:label2\" content=\"Tiempo de lectura\" \/>\n\t<meta name=\"twitter:data2\" content=\"2 minutos\" \/>\n<script type=\"application\/ld+json\" class=\"yoast-schema-graph\">{\"@context\":\"https:\/\/schema.org\",\"@graph\":[{\"@type\":\"WebPage\",\"@id\":\"https:\/\/diarioabcdemichoacan.com.mx\/lasnoticias\/michoacan-sera-sede-del-mundial-de-futbol-policias-y-bomberos-con-equipos-internacionales\/\",\"url\":\"https:\/\/diarioabcdemichoacan.com.mx\/lasnoticias\/michoacan-sera-sede-del-mundial-de-futbol-policias-y-bomberos-con-equipos-internacionales\/\",\"name\":\"Michoac\u00e1n ser\u00e1 sede del Mundial de F\u00fatbol \u201cPolic\u00edas y Bomberos\u201d con equipos internacionales - Diario ABC de Michoac\u00e1n\",\"isPartOf\":{\"@id\":\"https:\/\/diarioabcdemichoacan.com.mx\/lasnoticias\/#website\"},\"primaryImageOfPage\":{\"@id\":\"https:\/\/diarioabcdemichoacan.com.mx\/lasnoticias\/michoacan-sera-sede-del-mundial-de-futbol-policias-y-bomberos-con-equipos-internacionales\/#primaryimage\"},\"image\":{\"@id\":\"https:\/\/diarioabcdemichoacan.com.mx\/lasnoticias\/michoacan-sera-sede-del-mundial-de-futbol-policias-y-bomberos-con-equipos-internacionales\/#primaryimage\"},\"thumbnailUrl\":\"https:\/\/diarioabcdemichoacan.com.mx\/lasnoticias\/wp-content\/uploads\/2026\/04\/gsdfgdfsgdfdfsg.jpg\",\"datePublished\":\"2026-04-29T19:03:19+00:00\",\"dateModified\":\"2026-04-29T19:03:19+00:00\",\"author\":{\"@id\":\"https:\/\/diarioabcdemichoacan.com.mx\/lasnoticias\/#\/schema\/person\/0546f9c3407148f7452ca932715c5e88\"},\"breadcrumb\":{\"@id\":\"https:\/\/diarioabcdemichoacan.com.mx\/lasnoticias\/michoacan-sera-sede-del-mundial-de-futbol-policias-y-bomberos-con-equipos-internacionales\/#breadcrumb\"},\"inLanguage\":\"es\",\"potentialAction\":[{\"@type\":\"ReadAction\",\"target\":[\"https:\/\/diarioabcdemichoacan.com.mx\/lasnoticias\/michoacan-sera-sede-del-mundial-de-futbol-policias-y-bomberos-con-equipos-internacionales\/\"]}]},{\"@type\":\"ImageObject\",\"inLanguage\":\"es\",\"@id\":\"https:\/\/diarioabcdemichoacan.com.mx\/lasnoticias\/michoacan-sera-sede-del-mundial-de-futbol-policias-y-bomberos-con-equipos-internacionales\/#primaryimage\",\"url\":\"https:\/\/diarioabcdemichoacan.com.mx\/lasnoticias\/wp-content\/uploads\/2026\/04\/gsdfgdfsgdfdfsg.jpg\",\"contentUrl\":\"https:\/\/diarioabcdemichoacan.com.mx\/lasnoticias\/wp-content\/uploads\/2026\/04\/gsdfgdfsgdfdfsg.jpg\",\"width\":540,\"height\":314},{\"@type\":\"BreadcrumbList\",\"@id\":\"https:\/\/diarioabcdemichoacan.com.mx\/lasnoticias\/michoacan-sera-sede-del-mundial-de-futbol-policias-y-bomberos-con-equipos-internacionales\/#breadcrumb\",\"itemListElement\":[{\"@type\":\"ListItem\",\"position\":1,\"name\":\"Portada\",\"item\":\"https:\/\/diarioabcdemichoacan.com.mx\/lasnoticias\/\"},{\"@type\":\"ListItem\",\"position\":2,\"name\":\"Michoac\u00e1n ser\u00e1 sede del Mundial de F\u00fatbol \u201cPolic\u00edas y Bomberos\u201d con equipos internacionales\"}]},{\"@type\":\"WebSite\",\"@id\":\"https:\/\/diarioabcdemichoacan.com.mx\/lasnoticias\/#website\",\"url\":\"https:\/\/diarioabcdemichoacan.com.mx\/lasnoticias\/\",\"name\":\"Diario ABC de Michoac\u00e1n\",\"description\":\"Las noticias al momento\",\"potentialAction\":[{\"@type\":\"SearchAction\",\"target\":{\"@type\":\"EntryPoint\",\"urlTemplate\":\"https:\/\/diarioabcdemichoacan.com.mx\/lasnoticias\/?s={search_term_string}\"},\"query-input\":{\"@type\":\"PropertyValueSpecification\",\"valueRequired\":true,\"valueName\":\"search_term_string\"}}],\"inLanguage\":\"es\"},{\"@type\":\"Person\",\"@id\":\"https:\/\/diarioabcdemichoacan.com.mx\/lasnoticias\/#\/schema\/person\/0546f9c3407148f7452ca932715c5e88\",\"name\":\"MB\",\"image\":{\"@type\":\"ImageObject\",\"inLanguage\":\"es\",\"@id\":\"https:\/\/diarioabcdemichoacan.com.mx\/lasnoticias\/#\/schema\/person\/image\/\",\"url\":\"https:\/\/secure.gravatar.com\/avatar\/adcd41fde6b8d0b5d9d0de001d3112b3?s=96&d=mm&r=g\",\"contentUrl\":\"https:\/\/secure.gravatar.com\/avatar\/adcd41fde6b8d0b5d9d0de001d3112b3?s=96&d=mm&r=g\",\"caption\":\"MB\"},\"url\":\"https:\/\/diarioabcdemichoacan.com.mx\/lasnoticias\/author\/bomariano03\/\"}]}<\/script>\n<!-- \/ Yoast SEO plugin. -->","yoast_head_json":{"title":"Michoac\u00e1n ser\u00e1 sede del Mundial de F\u00fatbol \u201cPolic\u00edas y Bomberos\u201d con equipos internacionales - Diario ABC de Michoac\u00e1n","robots":{"index":"index","follow":"follow","max-snippet":"max-snippet:-1","max-image-preview":"max-image-preview:large","max-video-preview":"max-video-preview:-1"},"canonical":"https:\/\/diarioabcdemichoacan.com.mx\/lasnoticias\/michoacan-sera-sede-del-mundial-de-futbol-policias-y-bomberos-con-equipos-internacionales\/","og_locale":"es_ES","og_type":"article","og_title":"Michoac\u00e1n ser\u00e1 sede del Mundial de F\u00fatbol \u201cPolic\u00edas y Bomberos\u201d con equipos internacionales - Diario ABC de Michoac\u00e1n","og_description":"Por Mariano Bola\u00f1os Monta\u00f1ez Morelia, Mich.- Del 4 al 8 de mayo, Michoac\u00e1n albergar\u00e1 el Mundial de F\u00fatbol \u201cPolic\u00edas y Bomberos\u201d, evento que reunir\u00e1 a equipos de distintos pa\u00edses y entidades de la Rep\u00fablica, as\u00ed como a un representativo del Consejo Supremo Ind\u00edgena de Michoac\u00e1n. Durante una conferencia de prensa encabezada por el gobernador Alfredo [&hellip;]","og_url":"https:\/\/diarioabcdemichoacan.com.mx\/lasnoticias\/michoacan-sera-sede-del-mundial-de-futbol-policias-y-bomberos-con-equipos-internacionales\/","og_site_name":"Diario ABC de Michoac\u00e1n","article_published_time":"2026-04-29T19:03:19+00:00","og_image":[{"width":540,"height":314,"url":"https:\/\/diarioabcdemichoacan.com.mx\/lasnoticias\/wp-content\/uploads\/2026\/04\/gsdfgdfsgdfdfsg.jpg","type":"image\/jpeg"}],"author":"MB","twitter_card":"summary_large_image","twitter_misc":{"Escrito por":"MB","Tiempo de lectura":"2 minutos"},"schema":{"@context":"https:\/\/schema.org","@graph":[{"@type":"WebPage","@id":"https:\/\/diarioabcdemichoacan.com.mx\/lasnoticias\/michoacan-sera-sede-del-mundial-de-futbol-policias-y-bomberos-con-equipos-internacionales\/","url":"https:\/\/diarioabcdemichoacan.com.mx\/lasnoticias\/michoacan-sera-sede-del-mundial-de-futbol-policias-y-bomberos-con-equipos-internacionales\/","name":"Michoac\u00e1n ser\u00e1 sede del Mundial de F\u00fatbol \u201cPolic\u00edas y Bomberos\u201d con equipos internacionales - Diario ABC de Michoac\u00e1n","isPartOf":{"@id":"https:\/\/diarioabcdemichoacan.com.mx\/lasnoticias\/#website"},"primaryImageOfPage":{"@id":"https:\/\/diarioabcdemichoacan.com.mx\/lasnoticias\/michoacan-sera-sede-del-mundial-de-futbol-policias-y-bomberos-con-equipos-internacionales\/#primaryimage"},"image":{"@id":"https:\/\/diarioabcdemichoacan.com.mx\/lasnoticias\/michoacan-sera-sede-del-mundial-de-futbol-policias-y-bomberos-con-equipos-internacionales\/#primaryimage"},"thumbnailUrl":"https:\/\/diarioabcdemichoacan.com.mx\/lasnoticias\/wp-content\/uploads\/2026\/04\/gsdfgdfsgdfdfsg.jpg","datePublished":"2026-04-29T19:03:19+00:00","dateModified":"2026-04-29T19:03:19+00:00","author":{"@id":"https:\/\/diarioabcdemichoacan.com.mx\/lasnoticias\/#\/schema\/person\/0546f9c3407148f7452ca932715c5e88"},"breadcrumb":{"@id":"https:\/\/diarioabcdemichoacan.com.mx\/lasnoticias\/michoacan-sera-sede-del-mundial-de-futbol-policias-y-bomberos-con-equipos-internacionales\/#breadcrumb"},"inLanguage":"es","potentialAction":[{"@type":"ReadAction","target":["https:\/\/diarioabcdemichoacan.com.mx\/lasnoticias\/michoacan-sera-sede-del-mundial-de-futbol-policias-y-bomberos-con-equipos-internacionales\/"]}]},{"@type":"ImageObject","inLanguage":"es","@id":"https:\/\/diarioabcdemichoacan.com.mx\/lasnoticias\/michoacan-sera-sede-del-mundial-de-futbol-policias-y-bomberos-con-equipos-internacionales\/#primaryimage","url":"https:\/\/diarioabcdemichoacan.com.mx\/lasnoticias\/wp-content\/uploads\/2026\/04\/gsdfgdfsgdfdfsg.jpg","contentUrl":"https:\/\/diarioabcdemichoacan.com.mx\/lasnoticias\/wp-content\/uploads\/2026\/04\/gsdfgdfsgdfdfsg.jpg","width":540,"height":314},{"@type":"BreadcrumbList","@id":"https:\/\/diarioabcdemichoacan.com.mx\/lasnoticias\/michoacan-sera-sede-del-mundial-de-futbol-policias-y-bomberos-con-equipos-internacionales\/#breadcrumb","itemListElement":[{"@type":"ListItem","position":1,"name":"Portada","item":"https:\/\/diarioabcdemichoacan.com.mx\/lasnoticias\/"},{"@type":"ListItem","position":2,"name":"Michoac\u00e1n ser\u00e1 sede del Mundial de F\u00fatbol \u201cPolic\u00edas y Bomberos\u201d con equipos internacionales"}]},{"@type":"WebSite","@id":"https:\/\/diarioabcdemichoacan.com.mx\/lasnoticias\/#website","url":"https:\/\/diarioabcdemichoacan.com.mx\/lasnoticias\/","name":"Diario ABC de Michoac\u00e1n","description":"Las noticias al momento","potentialAction":[{"@type":"SearchAction","target":{"@type":"EntryPoint","urlTemplate":"https:\/\/diarioabcdemichoacan.com.mx\/lasnoticias\/?s={search_term_string}"},"query-input":{"@type":"PropertyValueSpecification","valueRequired":true,"valueName":"search_term_string"}}],"inLanguage":"es"},{"@type":"Person","@id":"https:\/\/diarioabcdemichoacan.com.mx\/lasnoticias\/#\/schema\/person\/0546f9c3407148f7452ca932715c5e88","name":"MB","image":{"@type":"ImageObject","inLanguage":"es","@id":"https:\/\/diarioabcdemichoacan.com.mx\/lasnoticias\/#\/schema\/person\/image\/","url":"https:\/\/secure.gravatar.com\/avatar\/adcd41fde6b8d0b5d9d0de001d3112b3?s=96&d=mm&r=g","contentUrl":"https:\/\/secure.gravatar.com\/avatar\/adcd41fde6b8d0b5d9d0de001d3112b3?s=96&d=mm&r=g","caption":"MB"},"url":"https:\/\/diarioabcdemichoacan.com.mx\/lasnoticias\/author\/bomariano03\/"}]}},"_links":{"self":[{"href":"https:\/\/diarioabcdemichoacan.com.mx\/lasnoticias\/wp-json\/wp\/v2\/posts\/79109","targetHints":{"allow":["GET"]}}],"collection":[{"href":"https:\/\/diarioabcdemichoacan.com.mx\/lasnoticias\/wp-json\/wp\/v2\/posts"}],"about":[{"href":"https:\/\/diarioabcdemichoacan.com.mx\/lasnoticias\/wp-json\/wp\/v2\/types\/post"}],"author":[{"embeddable":true,"href":"https:\/\/diarioabcdemichoacan.com.mx\/lasnoticias\/wp-json\/wp\/v2\/users\/6"}],"replies":[{"embeddable":true,"href":"https:\/\/diarioabcdemichoacan.com.mx\/lasnoticias\/wp-json\/wp\/v2\/comments?post=79109"}],"version-history":[{"count":1,"href":"https:\/\/diarioabcdemichoacan.com.mx\/lasnoticias\/wp-json\/wp\/v2\/posts\/79109\/revisions"}],"predecessor-version":[{"id":79122,"href":"https:\/\/diarioabcdemichoacan.com.mx\/lasnoticias\/wp-json\/wp\/v2\/posts\/79109\/revisions\/79122"}],"wp:featuredmedia":[{"embeddable":true,"href":"https:\/\/diarioabcdemichoacan.com.mx\/lasnoticias\/wp-json\/wp\/v2\/media\/79121"}],"wp:attachment":[{"href":"https:\/\/diarioabcdemichoacan.com.mx\/lasnoticias\/wp-json\/wp\/v2\/media?parent=79109"}],"wp:term":[{"taxonomy":"category","embeddable":true,"href":"https:\/\/diarioabcdemichoacan.com.mx\/lasnoticias\/wp-json\/wp\/v2\/categories?post=79109"},{"taxonomy":"post_tag","embeddable":true,"href":"https:\/\/diarioabcdemichoacan.com.mx\/lasnoticias\/wp-json\/wp\/v2\/tags?post=79109"}],"curies":[{"name":"wp","href":"https:\/\/api.w.org\/{rel}","templated":true}]}}