{"id":79153,"date":"2026-04-29T15:01:06","date_gmt":"2026-04-29T21:01:06","guid":{"rendered":"https:\/\/diarioabcdemichoacan.com.mx\/lasnoticias\/?p=79153"},"modified":"2026-04-29T15:01:06","modified_gmt":"2026-04-29T21:01:06","slug":"inician-los-festivales-de-la-ninez-heroes-por-la-paz-del-dif-morelia","status":"publish","type":"post","link":"https:\/\/diarioabcdemichoacan.com.mx\/lasnoticias\/inician-los-festivales-de-la-ninez-heroes-por-la-paz-del-dif-morelia\/","title":{"rendered":"Inician los Festivales de la Ni\u00f1ez \u00abH\u00e9roes por la Paz\u00bb, del DIF Morelia"},"content":{"rendered":"<h2>Alfonso Mart\u00ednez Paola Delgadillo, celebran a ni\u00f1as y ni\u00f1os llevando festejos a tenencias.<\/h2>\n<ul>\n<li>Gobierno de Morelia organiz\u00f3 festejos en Cuto de la Esperanza, Tac\u00edcuaro y Capula.<\/li>\n<\/ul>\n<p>&nbsp;<\/p>\n<hr \/>\n<p>Morelia, Mich.- Con gran alegr\u00eda, comenzaron los Festivales de la Ni\u00f1ez \u00abH\u00e9roes por la Paz\u00bb, que el DIF Morelia, presidido por Paola Delgadillo Hern\u00e1ndez, organiza para llevar diversi\u00f3n y sorpresas a miles de ni\u00f1as y ni\u00f1os de las 14 tenencias.<\/p>\n<p>El arranque de esta gran fiesta tuvo lugar en Cuto de la Esperanza, lugar en donde la Secretar\u00eda de Administraci\u00f3n y el Colegio de Morelia fueron los responsables de organizar la celebraci\u00f3n. Adem\u00e1s de las dependencias ya mencionadas, tambi\u00e9n participan las Secretar\u00edas de Turismo, la Mujer Moreliana, Contralor\u00eda y Gerencia del Centro Hist\u00f3rico.<\/p>\n<p>Regalos, botargas, espect\u00e1culo de payasos, aguas frescas, juegos inflables, concursos y muchas sorpresas, enmarcaron esta actividad impulsada por el gobierno encabezado por Alfonso Mart\u00ednez Alc\u00e1zar, para festejar a la ni\u00f1ez.<\/p>\n<p>De esta forma, la fiesta de la ni\u00f1ez moreliana arranc\u00f3 exitosamente, convirtiendo las tenencias de la capital en lugares de diversi\u00f3n, alegr\u00eda y paz.<\/p>\n","protected":false},"excerpt":{"rendered":"<p>Alfonso Mart\u00ednez Paola Delgadillo, celebran a ni\u00f1as y ni\u00f1os llevando festejos a tenencias. Gobierno de Morelia organiz\u00f3 festejos en Cuto de la Esperanza, Tac\u00edcuaro y Capula. &nbsp; Morelia, Mich.- Con gran alegr\u00eda, comenzaron los Festivales de la Ni\u00f1ez \u00abH\u00e9roes por la Paz\u00bb, que el DIF Morelia, presidido por Paola Delgadillo Hern\u00e1ndez, organiza para llevar diversi\u00f3n [&hellip;]<\/p>\n","protected":false},"author":9,"featured_media":79154,"comment_status":"closed","ping_status":"closed","sticky":false,"template":"","format":"standard","meta":{"footnotes":""},"categories":[18,7,28,27],"tags":[],"class_list":{"0":"post-79153","1":"post","2":"type-post","3":"status-publish","4":"format-standard","5":"has-post-thumbnail","7":"category-ayuntamiento-de-morelia","8":"category-morelia","9":"category-politica","10":"category-slider"},"yoast_head":"<!-- This site is optimized with the Yoast SEO plugin v24.0 - https:\/\/yoast.com\/wordpress\/plugins\/seo\/ -->\n<title>Inician los Festivales de la Ni\u00f1ez &quot;H\u00e9roes por la Paz&quot;, del DIF Morelia - Diario ABC de Michoac\u00e1n<\/title>\n<meta name=\"robots\" content=\"index, follow, max-snippet:-1, max-image-preview:large, max-video-preview:-1\" \/>\n<link rel=\"canonical\" href=\"https:\/\/diarioabcdemichoacan.com.mx\/lasnoticias\/inician-los-festivales-de-la-ninez-heroes-por-la-paz-del-dif-morelia\/\" \/>\n<meta property=\"og:locale\" content=\"es_ES\" \/>\n<meta property=\"og:type\" content=\"article\" \/>\n<meta property=\"og:title\" content=\"Inician los Festivales de la Ni\u00f1ez &quot;H\u00e9roes por la Paz&quot;, del DIF Morelia - Diario ABC de Michoac\u00e1n\" \/>\n<meta property=\"og:description\" content=\"Alfonso Mart\u00ednez Paola Delgadillo, celebran a ni\u00f1as y ni\u00f1os llevando festejos a tenencias. Gobierno de Morelia organiz\u00f3 festejos en Cuto de la Esperanza, Tac\u00edcuaro y Capula. &nbsp; Morelia, Mich.- Con gran alegr\u00eda, comenzaron los Festivales de la Ni\u00f1ez \u00abH\u00e9roes por la Paz\u00bb, que el DIF Morelia, presidido por Paola Delgadillo Hern\u00e1ndez, organiza para llevar diversi\u00f3n [&hellip;]\" \/>\n<meta property=\"og:url\" content=\"https:\/\/diarioabcdemichoacan.com.mx\/lasnoticias\/inician-los-festivales-de-la-ninez-heroes-por-la-paz-del-dif-morelia\/\" \/>\n<meta property=\"og:site_name\" content=\"Diario ABC de Michoac\u00e1n\" \/>\n<meta property=\"article:published_time\" content=\"2026-04-29T21:01:06+00:00\" \/>\n<meta property=\"og:image\" content=\"https:\/\/diarioabcdemichoacan.com.mx\/lasnoticias\/wp-content\/uploads\/2026\/04\/WhatsApp-Image-2026-04-22-at-12.51.48-PM.jpeg\" \/>\n\t<meta property=\"og:image:width\" content=\"1280\" \/>\n\t<meta property=\"og:image:height\" content=\"853\" \/>\n\t<meta property=\"og:image:type\" content=\"image\/jpeg\" \/>\n<meta name=\"author\" content=\"AR\" \/>\n<meta name=\"twitter:card\" content=\"summary_large_image\" \/>\n<meta name=\"twitter:label1\" content=\"Escrito por\" \/>\n\t<meta name=\"twitter:data1\" content=\"AR\" \/>\n\t<meta name=\"twitter:label2\" content=\"Tiempo de lectura\" \/>\n\t<meta name=\"twitter:data2\" content=\"1 minuto\" \/>\n<script type=\"application\/ld+json\" class=\"yoast-schema-graph\">{\"@context\":\"https:\/\/schema.org\",\"@graph\":[{\"@type\":\"WebPage\",\"@id\":\"https:\/\/diarioabcdemichoacan.com.mx\/lasnoticias\/inician-los-festivales-de-la-ninez-heroes-por-la-paz-del-dif-morelia\/\",\"url\":\"https:\/\/diarioabcdemichoacan.com.mx\/lasnoticias\/inician-los-festivales-de-la-ninez-heroes-por-la-paz-del-dif-morelia\/\",\"name\":\"Inician los Festivales de la Ni\u00f1ez \\\"H\u00e9roes por la Paz\\\", del DIF Morelia - Diario ABC de Michoac\u00e1n\",\"isPartOf\":{\"@id\":\"https:\/\/diarioabcdemichoacan.com.mx\/lasnoticias\/#website\"},\"primaryImageOfPage\":{\"@id\":\"https:\/\/diarioabcdemichoacan.com.mx\/lasnoticias\/inician-los-festivales-de-la-ninez-heroes-por-la-paz-del-dif-morelia\/#primaryimage\"},\"image\":{\"@id\":\"https:\/\/diarioabcdemichoacan.com.mx\/lasnoticias\/inician-los-festivales-de-la-ninez-heroes-por-la-paz-del-dif-morelia\/#primaryimage\"},\"thumbnailUrl\":\"https:\/\/diarioabcdemichoacan.com.mx\/lasnoticias\/wp-content\/uploads\/2026\/04\/WhatsApp-Image-2026-04-22-at-12.51.48-PM.jpeg\",\"datePublished\":\"2026-04-29T21:01:06+00:00\",\"dateModified\":\"2026-04-29T21:01:06+00:00\",\"author\":{\"@id\":\"https:\/\/diarioabcdemichoacan.com.mx\/lasnoticias\/#\/schema\/person\/19ae376040f6cbc489682ebdd8524852\"},\"breadcrumb\":{\"@id\":\"https:\/\/diarioabcdemichoacan.com.mx\/lasnoticias\/inician-los-festivales-de-la-ninez-heroes-por-la-paz-del-dif-morelia\/#breadcrumb\"},\"inLanguage\":\"es\",\"potentialAction\":[{\"@type\":\"ReadAction\",\"target\":[\"https:\/\/diarioabcdemichoacan.com.mx\/lasnoticias\/inician-los-festivales-de-la-ninez-heroes-por-la-paz-del-dif-morelia\/\"]}]},{\"@type\":\"ImageObject\",\"inLanguage\":\"es\",\"@id\":\"https:\/\/diarioabcdemichoacan.com.mx\/lasnoticias\/inician-los-festivales-de-la-ninez-heroes-por-la-paz-del-dif-morelia\/#primaryimage\",\"url\":\"https:\/\/diarioabcdemichoacan.com.mx\/lasnoticias\/wp-content\/uploads\/2026\/04\/WhatsApp-Image-2026-04-22-at-12.51.48-PM.jpeg\",\"contentUrl\":\"https:\/\/diarioabcdemichoacan.com.mx\/lasnoticias\/wp-content\/uploads\/2026\/04\/WhatsApp-Image-2026-04-22-at-12.51.48-PM.jpeg\",\"width\":1280,\"height\":853},{\"@type\":\"BreadcrumbList\",\"@id\":\"https:\/\/diarioabcdemichoacan.com.mx\/lasnoticias\/inician-los-festivales-de-la-ninez-heroes-por-la-paz-del-dif-morelia\/#breadcrumb\",\"itemListElement\":[{\"@type\":\"ListItem\",\"position\":1,\"name\":\"Portada\",\"item\":\"https:\/\/diarioabcdemichoacan.com.mx\/lasnoticias\/\"},{\"@type\":\"ListItem\",\"position\":2,\"name\":\"Inician los Festivales de la Ni\u00f1ez \u00abH\u00e9roes por la Paz\u00bb, del DIF Morelia\"}]},{\"@type\":\"WebSite\",\"@id\":\"https:\/\/diarioabcdemichoacan.com.mx\/lasnoticias\/#website\",\"url\":\"https:\/\/diarioabcdemichoacan.com.mx\/lasnoticias\/\",\"name\":\"Diario ABC de Michoac\u00e1n\",\"description\":\"Las noticias al momento\",\"potentialAction\":[{\"@type\":\"SearchAction\",\"target\":{\"@type\":\"EntryPoint\",\"urlTemplate\":\"https:\/\/diarioabcdemichoacan.com.mx\/lasnoticias\/?s={search_term_string}\"},\"query-input\":{\"@type\":\"PropertyValueSpecification\",\"valueRequired\":true,\"valueName\":\"search_term_string\"}}],\"inLanguage\":\"es\"},{\"@type\":\"Person\",\"@id\":\"https:\/\/diarioabcdemichoacan.com.mx\/lasnoticias\/#\/schema\/person\/19ae376040f6cbc489682ebdd8524852\",\"name\":\"AR\",\"image\":{\"@type\":\"ImageObject\",\"inLanguage\":\"es\",\"@id\":\"https:\/\/diarioabcdemichoacan.com.mx\/lasnoticias\/#\/schema\/person\/image\/\",\"url\":\"https:\/\/secure.gravatar.com\/avatar\/44eca2ff970262234e20e1e082872af0?s=96&d=mm&r=g\",\"contentUrl\":\"https:\/\/secure.gravatar.com\/avatar\/44eca2ff970262234e20e1e082872af0?s=96&d=mm&r=g\",\"caption\":\"AR\"},\"url\":\"https:\/\/diarioabcdemichoacan.com.mx\/lasnoticias\/author\/adrian\/\"}]}<\/script>\n<!-- \/ Yoast SEO plugin. -->","yoast_head_json":{"title":"Inician los Festivales de la Ni\u00f1ez \"H\u00e9roes por la Paz\", del DIF Morelia - Diario ABC de Michoac\u00e1n","robots":{"index":"index","follow":"follow","max-snippet":"max-snippet:-1","max-image-preview":"max-image-preview:large","max-video-preview":"max-video-preview:-1"},"canonical":"https:\/\/diarioabcdemichoacan.com.mx\/lasnoticias\/inician-los-festivales-de-la-ninez-heroes-por-la-paz-del-dif-morelia\/","og_locale":"es_ES","og_type":"article","og_title":"Inician los Festivales de la Ni\u00f1ez \"H\u00e9roes por la Paz\", del DIF Morelia - Diario ABC de Michoac\u00e1n","og_description":"Alfonso Mart\u00ednez Paola Delgadillo, celebran a ni\u00f1as y ni\u00f1os llevando festejos a tenencias. Gobierno de Morelia organiz\u00f3 festejos en Cuto de la Esperanza, Tac\u00edcuaro y Capula. &nbsp; Morelia, Mich.- Con gran alegr\u00eda, comenzaron los Festivales de la Ni\u00f1ez \u00abH\u00e9roes por la Paz\u00bb, que el DIF Morelia, presidido por Paola Delgadillo Hern\u00e1ndez, organiza para llevar diversi\u00f3n [&hellip;]","og_url":"https:\/\/diarioabcdemichoacan.com.mx\/lasnoticias\/inician-los-festivales-de-la-ninez-heroes-por-la-paz-del-dif-morelia\/","og_site_name":"Diario ABC de Michoac\u00e1n","article_published_time":"2026-04-29T21:01:06+00:00","og_image":[{"width":1280,"height":853,"url":"https:\/\/diarioabcdemichoacan.com.mx\/lasnoticias\/wp-content\/uploads\/2026\/04\/WhatsApp-Image-2026-04-22-at-12.51.48-PM.jpeg","type":"image\/jpeg"}],"author":"AR","twitter_card":"summary_large_image","twitter_misc":{"Escrito por":"AR","Tiempo de lectura":"1 minuto"},"schema":{"@context":"https:\/\/schema.org","@graph":[{"@type":"WebPage","@id":"https:\/\/diarioabcdemichoacan.com.mx\/lasnoticias\/inician-los-festivales-de-la-ninez-heroes-por-la-paz-del-dif-morelia\/","url":"https:\/\/diarioabcdemichoacan.com.mx\/lasnoticias\/inician-los-festivales-de-la-ninez-heroes-por-la-paz-del-dif-morelia\/","name":"Inician los Festivales de la Ni\u00f1ez \"H\u00e9roes por la Paz\", del DIF Morelia - Diario ABC de Michoac\u00e1n","isPartOf":{"@id":"https:\/\/diarioabcdemichoacan.com.mx\/lasnoticias\/#website"},"primaryImageOfPage":{"@id":"https:\/\/diarioabcdemichoacan.com.mx\/lasnoticias\/inician-los-festivales-de-la-ninez-heroes-por-la-paz-del-dif-morelia\/#primaryimage"},"image":{"@id":"https:\/\/diarioabcdemichoacan.com.mx\/lasnoticias\/inician-los-festivales-de-la-ninez-heroes-por-la-paz-del-dif-morelia\/#primaryimage"},"thumbnailUrl":"https:\/\/diarioabcdemichoacan.com.mx\/lasnoticias\/wp-content\/uploads\/2026\/04\/WhatsApp-Image-2026-04-22-at-12.51.48-PM.jpeg","datePublished":"2026-04-29T21:01:06+00:00","dateModified":"2026-04-29T21:01:06+00:00","author":{"@id":"https:\/\/diarioabcdemichoacan.com.mx\/lasnoticias\/#\/schema\/person\/19ae376040f6cbc489682ebdd8524852"},"breadcrumb":{"@id":"https:\/\/diarioabcdemichoacan.com.mx\/lasnoticias\/inician-los-festivales-de-la-ninez-heroes-por-la-paz-del-dif-morelia\/#breadcrumb"},"inLanguage":"es","potentialAction":[{"@type":"ReadAction","target":["https:\/\/diarioabcdemichoacan.com.mx\/lasnoticias\/inician-los-festivales-de-la-ninez-heroes-por-la-paz-del-dif-morelia\/"]}]},{"@type":"ImageObject","inLanguage":"es","@id":"https:\/\/diarioabcdemichoacan.com.mx\/lasnoticias\/inician-los-festivales-de-la-ninez-heroes-por-la-paz-del-dif-morelia\/#primaryimage","url":"https:\/\/diarioabcdemichoacan.com.mx\/lasnoticias\/wp-content\/uploads\/2026\/04\/WhatsApp-Image-2026-04-22-at-12.51.48-PM.jpeg","contentUrl":"https:\/\/diarioabcdemichoacan.com.mx\/lasnoticias\/wp-content\/uploads\/2026\/04\/WhatsApp-Image-2026-04-22-at-12.51.48-PM.jpeg","width":1280,"height":853},{"@type":"BreadcrumbList","@id":"https:\/\/diarioabcdemichoacan.com.mx\/lasnoticias\/inician-los-festivales-de-la-ninez-heroes-por-la-paz-del-dif-morelia\/#breadcrumb","itemListElement":[{"@type":"ListItem","position":1,"name":"Portada","item":"https:\/\/diarioabcdemichoacan.com.mx\/lasnoticias\/"},{"@type":"ListItem","position":2,"name":"Inician los Festivales de la Ni\u00f1ez \u00abH\u00e9roes por la Paz\u00bb, del DIF Morelia"}]},{"@type":"WebSite","@id":"https:\/\/diarioabcdemichoacan.com.mx\/lasnoticias\/#website","url":"https:\/\/diarioabcdemichoacan.com.mx\/lasnoticias\/","name":"Diario ABC de Michoac\u00e1n","description":"Las noticias al momento","potentialAction":[{"@type":"SearchAction","target":{"@type":"EntryPoint","urlTemplate":"https:\/\/diarioabcdemichoacan.com.mx\/lasnoticias\/?s={search_term_string}"},"query-input":{"@type":"PropertyValueSpecification","valueRequired":true,"valueName":"search_term_string"}}],"inLanguage":"es"},{"@type":"Person","@id":"https:\/\/diarioabcdemichoacan.com.mx\/lasnoticias\/#\/schema\/person\/19ae376040f6cbc489682ebdd8524852","name":"AR","image":{"@type":"ImageObject","inLanguage":"es","@id":"https:\/\/diarioabcdemichoacan.com.mx\/lasnoticias\/#\/schema\/person\/image\/","url":"https:\/\/secure.gravatar.com\/avatar\/44eca2ff970262234e20e1e082872af0?s=96&d=mm&r=g","contentUrl":"https:\/\/secure.gravatar.com\/avatar\/44eca2ff970262234e20e1e082872af0?s=96&d=mm&r=g","caption":"AR"},"url":"https:\/\/diarioabcdemichoacan.com.mx\/lasnoticias\/author\/adrian\/"}]}},"_links":{"self":[{"href":"https:\/\/diarioabcdemichoacan.com.mx\/lasnoticias\/wp-json\/wp\/v2\/posts\/79153","targetHints":{"allow":["GET"]}}],"collection":[{"href":"https:\/\/diarioabcdemichoacan.com.mx\/lasnoticias\/wp-json\/wp\/v2\/posts"}],"about":[{"href":"https:\/\/diarioabcdemichoacan.com.mx\/lasnoticias\/wp-json\/wp\/v2\/types\/post"}],"author":[{"embeddable":true,"href":"https:\/\/diarioabcdemichoacan.com.mx\/lasnoticias\/wp-json\/wp\/v2\/users\/9"}],"replies":[{"embeddable":true,"href":"https:\/\/diarioabcdemichoacan.com.mx\/lasnoticias\/wp-json\/wp\/v2\/comments?post=79153"}],"version-history":[{"count":1,"href":"https:\/\/diarioabcdemichoacan.com.mx\/lasnoticias\/wp-json\/wp\/v2\/posts\/79153\/revisions"}],"predecessor-version":[{"id":79155,"href":"https:\/\/diarioabcdemichoacan.com.mx\/lasnoticias\/wp-json\/wp\/v2\/posts\/79153\/revisions\/79155"}],"wp:featuredmedia":[{"embeddable":true,"href":"https:\/\/diarioabcdemichoacan.com.mx\/lasnoticias\/wp-json\/wp\/v2\/media\/79154"}],"wp:attachment":[{"href":"https:\/\/diarioabcdemichoacan.com.mx\/lasnoticias\/wp-json\/wp\/v2\/media?parent=79153"}],"wp:term":[{"taxonomy":"category","embeddable":true,"href":"https:\/\/diarioabcdemichoacan.com.mx\/lasnoticias\/wp-json\/wp\/v2\/categories?post=79153"},{"taxonomy":"post_tag","embeddable":true,"href":"https:\/\/diarioabcdemichoacan.com.mx\/lasnoticias\/wp-json\/wp\/v2\/tags?post=79153"}],"curies":[{"name":"wp","href":"https:\/\/api.w.org\/{rel}","templated":true}]}}