{"id":79165,"date":"2026-04-29T15:07:56","date_gmt":"2026-04-29T21:07:56","guid":{"rendered":"https:\/\/diarioabcdemichoacan.com.mx\/lasnoticias\/?p=79165"},"modified":"2026-04-29T15:07:56","modified_gmt":"2026-04-29T21:07:56","slug":"corte-municipal-nuevo-paso-en-la-justicia-administrativa-yankel-benitez","status":"publish","type":"post","link":"https:\/\/diarioabcdemichoacan.com.mx\/lasnoticias\/corte-municipal-nuevo-paso-en-la-justicia-administrativa-yankel-benitez\/","title":{"rendered":"Corte Municipal, nuevo paso en la justicia administrativa: Yankel Ben\u00edtez"},"content":{"rendered":"<h2>Evoluciona el modelo de justicia planteado en 2015.<\/h2>\n<ul>\n<li>\u00a0Ampliaci\u00f3n de derechos y democratizaci\u00f3n para los ciudadanos.<\/li>\n<\/ul>\n<p>&nbsp;<\/p>\n<hr \/>\n<p>Morelia, Mich.- La nueva Corte Municipal, que significa otro paso adelante en la justicia administrativa para las y los morelianos, se encuentra casi lista para entrar en operaci\u00f3n, se\u00f1al\u00f3 el secretario del Ayuntamiento de Morelia, Yankel Ben\u00edtez Silva.<\/p>\n<p>Consider\u00f3 a la Corte Municipal como una \u201cevoluci\u00f3n\u201d del Modelo Justicia C\u00edvica que en 2015 fue una inovaci\u00f3n planteada por el gobierno del presidente Alfonso Mart\u00ednez Alc\u00e1zar, la cual, en esta versi\u00f3n renovada, permite a los ciudadanos el acceso a la justicia administrativa.<\/p>\n<p>En este momento, precis\u00f3 Yankel Ben\u00edtez, ya se cuenta con los 10 jueces capacitados en la reglamentaci\u00f3n municipal, a la par que se efectuaron los cambios al marco legal, adem\u00e1s de las remodelaciones f\u00edsicas en las instalaciones para la mejor atenci\u00f3n a la ciudadan\u00eda.<\/p>\n<p>Ahora, en sanciones de diversos temas como obras civiles, el ciudadano tendr\u00e1 la oportunidad de ser escuchado por la Corte Municipal, puntualiz\u00f3 Ben\u00edtez Silva.<\/p>\n<p>De esta manera, la administraci\u00f3n del alcalde Alfonso Mart\u00ednez sigue ampliando la democratizaci\u00f3n de la vida p\u00fablica y los derechos de los ciudadanos, con el fin de dar un nuevo paso en construir el mejor lugar para vivir.<\/p>\n","protected":false},"excerpt":{"rendered":"<p>Evoluciona el modelo de justicia planteado en 2015. \u00a0Ampliaci\u00f3n de derechos y democratizaci\u00f3n para los ciudadanos. &nbsp; Morelia, Mich.- La nueva Corte Municipal, que significa otro paso adelante en la justicia administrativa para las y los morelianos, se encuentra casi lista para entrar en operaci\u00f3n, se\u00f1al\u00f3 el secretario del Ayuntamiento de Morelia, Yankel Ben\u00edtez Silva. [&hellip;]<\/p>\n","protected":false},"author":9,"featured_media":79166,"comment_status":"closed","ping_status":"closed","sticky":false,"template":"","format":"standard","meta":{"footnotes":""},"categories":[18,7,28,27],"tags":[],"class_list":{"0":"post-79165","1":"post","2":"type-post","3":"status-publish","4":"format-standard","5":"has-post-thumbnail","7":"category-ayuntamiento-de-morelia","8":"category-morelia","9":"category-politica","10":"category-slider"},"yoast_head":"<!-- This site is optimized with the Yoast SEO plugin v24.0 - https:\/\/yoast.com\/wordpress\/plugins\/seo\/ -->\n<title>Corte Municipal, nuevo paso en la justicia administrativa: Yankel Ben\u00edtez - Diario ABC de Michoac\u00e1n<\/title>\n<meta name=\"robots\" content=\"index, follow, max-snippet:-1, max-image-preview:large, max-video-preview:-1\" \/>\n<link rel=\"canonical\" href=\"https:\/\/diarioabcdemichoacan.com.mx\/lasnoticias\/corte-municipal-nuevo-paso-en-la-justicia-administrativa-yankel-benitez\/\" \/>\n<meta property=\"og:locale\" content=\"es_ES\" \/>\n<meta property=\"og:type\" content=\"article\" \/>\n<meta property=\"og:title\" content=\"Corte Municipal, nuevo paso en la justicia administrativa: Yankel Ben\u00edtez - Diario ABC de Michoac\u00e1n\" \/>\n<meta property=\"og:description\" content=\"Evoluciona el modelo de justicia planteado en 2015. \u00a0Ampliaci\u00f3n de derechos y democratizaci\u00f3n para los ciudadanos. &nbsp; Morelia, Mich.- La nueva Corte Municipal, que significa otro paso adelante en la justicia administrativa para las y los morelianos, se encuentra casi lista para entrar en operaci\u00f3n, se\u00f1al\u00f3 el secretario del Ayuntamiento de Morelia, Yankel Ben\u00edtez Silva. [&hellip;]\" \/>\n<meta property=\"og:url\" content=\"https:\/\/diarioabcdemichoacan.com.mx\/lasnoticias\/corte-municipal-nuevo-paso-en-la-justicia-administrativa-yankel-benitez\/\" \/>\n<meta property=\"og:site_name\" content=\"Diario ABC de Michoac\u00e1n\" \/>\n<meta property=\"article:published_time\" content=\"2026-04-29T21:07:56+00:00\" \/>\n<meta property=\"og:image\" content=\"https:\/\/diarioabcdemichoacan.com.mx\/lasnoticias\/wp-content\/uploads\/2026\/04\/WhatsApp-Image-2026-04-22-at-1.27.47-PM.jpeg\" \/>\n\t<meta property=\"og:image:width\" content=\"1600\" \/>\n\t<meta property=\"og:image:height\" content=\"1067\" \/>\n\t<meta property=\"og:image:type\" content=\"image\/jpeg\" \/>\n<meta name=\"author\" content=\"AR\" \/>\n<meta name=\"twitter:card\" content=\"summary_large_image\" \/>\n<meta name=\"twitter:label1\" content=\"Escrito por\" \/>\n\t<meta name=\"twitter:data1\" content=\"AR\" \/>\n\t<meta name=\"twitter:label2\" content=\"Tiempo de lectura\" \/>\n\t<meta name=\"twitter:data2\" content=\"2 minutos\" \/>\n<script type=\"application\/ld+json\" class=\"yoast-schema-graph\">{\"@context\":\"https:\/\/schema.org\",\"@graph\":[{\"@type\":\"WebPage\",\"@id\":\"https:\/\/diarioabcdemichoacan.com.mx\/lasnoticias\/corte-municipal-nuevo-paso-en-la-justicia-administrativa-yankel-benitez\/\",\"url\":\"https:\/\/diarioabcdemichoacan.com.mx\/lasnoticias\/corte-municipal-nuevo-paso-en-la-justicia-administrativa-yankel-benitez\/\",\"name\":\"Corte Municipal, nuevo paso en la justicia administrativa: Yankel Ben\u00edtez - Diario ABC de Michoac\u00e1n\",\"isPartOf\":{\"@id\":\"https:\/\/diarioabcdemichoacan.com.mx\/lasnoticias\/#website\"},\"primaryImageOfPage\":{\"@id\":\"https:\/\/diarioabcdemichoacan.com.mx\/lasnoticias\/corte-municipal-nuevo-paso-en-la-justicia-administrativa-yankel-benitez\/#primaryimage\"},\"image\":{\"@id\":\"https:\/\/diarioabcdemichoacan.com.mx\/lasnoticias\/corte-municipal-nuevo-paso-en-la-justicia-administrativa-yankel-benitez\/#primaryimage\"},\"thumbnailUrl\":\"https:\/\/diarioabcdemichoacan.com.mx\/lasnoticias\/wp-content\/uploads\/2026\/04\/WhatsApp-Image-2026-04-22-at-1.27.47-PM.jpeg\",\"datePublished\":\"2026-04-29T21:07:56+00:00\",\"dateModified\":\"2026-04-29T21:07:56+00:00\",\"author\":{\"@id\":\"https:\/\/diarioabcdemichoacan.com.mx\/lasnoticias\/#\/schema\/person\/19ae376040f6cbc489682ebdd8524852\"},\"breadcrumb\":{\"@id\":\"https:\/\/diarioabcdemichoacan.com.mx\/lasnoticias\/corte-municipal-nuevo-paso-en-la-justicia-administrativa-yankel-benitez\/#breadcrumb\"},\"inLanguage\":\"es\",\"potentialAction\":[{\"@type\":\"ReadAction\",\"target\":[\"https:\/\/diarioabcdemichoacan.com.mx\/lasnoticias\/corte-municipal-nuevo-paso-en-la-justicia-administrativa-yankel-benitez\/\"]}]},{\"@type\":\"ImageObject\",\"inLanguage\":\"es\",\"@id\":\"https:\/\/diarioabcdemichoacan.com.mx\/lasnoticias\/corte-municipal-nuevo-paso-en-la-justicia-administrativa-yankel-benitez\/#primaryimage\",\"url\":\"https:\/\/diarioabcdemichoacan.com.mx\/lasnoticias\/wp-content\/uploads\/2026\/04\/WhatsApp-Image-2026-04-22-at-1.27.47-PM.jpeg\",\"contentUrl\":\"https:\/\/diarioabcdemichoacan.com.mx\/lasnoticias\/wp-content\/uploads\/2026\/04\/WhatsApp-Image-2026-04-22-at-1.27.47-PM.jpeg\",\"width\":1600,\"height\":1067},{\"@type\":\"BreadcrumbList\",\"@id\":\"https:\/\/diarioabcdemichoacan.com.mx\/lasnoticias\/corte-municipal-nuevo-paso-en-la-justicia-administrativa-yankel-benitez\/#breadcrumb\",\"itemListElement\":[{\"@type\":\"ListItem\",\"position\":1,\"name\":\"Portada\",\"item\":\"https:\/\/diarioabcdemichoacan.com.mx\/lasnoticias\/\"},{\"@type\":\"ListItem\",\"position\":2,\"name\":\"Corte Municipal, nuevo paso en la justicia administrativa: Yankel Ben\u00edtez\"}]},{\"@type\":\"WebSite\",\"@id\":\"https:\/\/diarioabcdemichoacan.com.mx\/lasnoticias\/#website\",\"url\":\"https:\/\/diarioabcdemichoacan.com.mx\/lasnoticias\/\",\"name\":\"Diario ABC de Michoac\u00e1n\",\"description\":\"Las noticias al momento\",\"potentialAction\":[{\"@type\":\"SearchAction\",\"target\":{\"@type\":\"EntryPoint\",\"urlTemplate\":\"https:\/\/diarioabcdemichoacan.com.mx\/lasnoticias\/?s={search_term_string}\"},\"query-input\":{\"@type\":\"PropertyValueSpecification\",\"valueRequired\":true,\"valueName\":\"search_term_string\"}}],\"inLanguage\":\"es\"},{\"@type\":\"Person\",\"@id\":\"https:\/\/diarioabcdemichoacan.com.mx\/lasnoticias\/#\/schema\/person\/19ae376040f6cbc489682ebdd8524852\",\"name\":\"AR\",\"image\":{\"@type\":\"ImageObject\",\"inLanguage\":\"es\",\"@id\":\"https:\/\/diarioabcdemichoacan.com.mx\/lasnoticias\/#\/schema\/person\/image\/\",\"url\":\"https:\/\/secure.gravatar.com\/avatar\/44eca2ff970262234e20e1e082872af0?s=96&d=mm&r=g\",\"contentUrl\":\"https:\/\/secure.gravatar.com\/avatar\/44eca2ff970262234e20e1e082872af0?s=96&d=mm&r=g\",\"caption\":\"AR\"},\"url\":\"https:\/\/diarioabcdemichoacan.com.mx\/lasnoticias\/author\/adrian\/\"}]}<\/script>\n<!-- \/ Yoast SEO plugin. -->","yoast_head_json":{"title":"Corte Municipal, nuevo paso en la justicia administrativa: Yankel Ben\u00edtez - Diario ABC de Michoac\u00e1n","robots":{"index":"index","follow":"follow","max-snippet":"max-snippet:-1","max-image-preview":"max-image-preview:large","max-video-preview":"max-video-preview:-1"},"canonical":"https:\/\/diarioabcdemichoacan.com.mx\/lasnoticias\/corte-municipal-nuevo-paso-en-la-justicia-administrativa-yankel-benitez\/","og_locale":"es_ES","og_type":"article","og_title":"Corte Municipal, nuevo paso en la justicia administrativa: Yankel Ben\u00edtez - Diario ABC de Michoac\u00e1n","og_description":"Evoluciona el modelo de justicia planteado en 2015. \u00a0Ampliaci\u00f3n de derechos y democratizaci\u00f3n para los ciudadanos. &nbsp; Morelia, Mich.- La nueva Corte Municipal, que significa otro paso adelante en la justicia administrativa para las y los morelianos, se encuentra casi lista para entrar en operaci\u00f3n, se\u00f1al\u00f3 el secretario del Ayuntamiento de Morelia, Yankel Ben\u00edtez Silva. [&hellip;]","og_url":"https:\/\/diarioabcdemichoacan.com.mx\/lasnoticias\/corte-municipal-nuevo-paso-en-la-justicia-administrativa-yankel-benitez\/","og_site_name":"Diario ABC de Michoac\u00e1n","article_published_time":"2026-04-29T21:07:56+00:00","og_image":[{"width":1600,"height":1067,"url":"https:\/\/diarioabcdemichoacan.com.mx\/lasnoticias\/wp-content\/uploads\/2026\/04\/WhatsApp-Image-2026-04-22-at-1.27.47-PM.jpeg","type":"image\/jpeg"}],"author":"AR","twitter_card":"summary_large_image","twitter_misc":{"Escrito por":"AR","Tiempo de lectura":"2 minutos"},"schema":{"@context":"https:\/\/schema.org","@graph":[{"@type":"WebPage","@id":"https:\/\/diarioabcdemichoacan.com.mx\/lasnoticias\/corte-municipal-nuevo-paso-en-la-justicia-administrativa-yankel-benitez\/","url":"https:\/\/diarioabcdemichoacan.com.mx\/lasnoticias\/corte-municipal-nuevo-paso-en-la-justicia-administrativa-yankel-benitez\/","name":"Corte Municipal, nuevo paso en la justicia administrativa: Yankel Ben\u00edtez - Diario ABC de Michoac\u00e1n","isPartOf":{"@id":"https:\/\/diarioabcdemichoacan.com.mx\/lasnoticias\/#website"},"primaryImageOfPage":{"@id":"https:\/\/diarioabcdemichoacan.com.mx\/lasnoticias\/corte-municipal-nuevo-paso-en-la-justicia-administrativa-yankel-benitez\/#primaryimage"},"image":{"@id":"https:\/\/diarioabcdemichoacan.com.mx\/lasnoticias\/corte-municipal-nuevo-paso-en-la-justicia-administrativa-yankel-benitez\/#primaryimage"},"thumbnailUrl":"https:\/\/diarioabcdemichoacan.com.mx\/lasnoticias\/wp-content\/uploads\/2026\/04\/WhatsApp-Image-2026-04-22-at-1.27.47-PM.jpeg","datePublished":"2026-04-29T21:07:56+00:00","dateModified":"2026-04-29T21:07:56+00:00","author":{"@id":"https:\/\/diarioabcdemichoacan.com.mx\/lasnoticias\/#\/schema\/person\/19ae376040f6cbc489682ebdd8524852"},"breadcrumb":{"@id":"https:\/\/diarioabcdemichoacan.com.mx\/lasnoticias\/corte-municipal-nuevo-paso-en-la-justicia-administrativa-yankel-benitez\/#breadcrumb"},"inLanguage":"es","potentialAction":[{"@type":"ReadAction","target":["https:\/\/diarioabcdemichoacan.com.mx\/lasnoticias\/corte-municipal-nuevo-paso-en-la-justicia-administrativa-yankel-benitez\/"]}]},{"@type":"ImageObject","inLanguage":"es","@id":"https:\/\/diarioabcdemichoacan.com.mx\/lasnoticias\/corte-municipal-nuevo-paso-en-la-justicia-administrativa-yankel-benitez\/#primaryimage","url":"https:\/\/diarioabcdemichoacan.com.mx\/lasnoticias\/wp-content\/uploads\/2026\/04\/WhatsApp-Image-2026-04-22-at-1.27.47-PM.jpeg","contentUrl":"https:\/\/diarioabcdemichoacan.com.mx\/lasnoticias\/wp-content\/uploads\/2026\/04\/WhatsApp-Image-2026-04-22-at-1.27.47-PM.jpeg","width":1600,"height":1067},{"@type":"BreadcrumbList","@id":"https:\/\/diarioabcdemichoacan.com.mx\/lasnoticias\/corte-municipal-nuevo-paso-en-la-justicia-administrativa-yankel-benitez\/#breadcrumb","itemListElement":[{"@type":"ListItem","position":1,"name":"Portada","item":"https:\/\/diarioabcdemichoacan.com.mx\/lasnoticias\/"},{"@type":"ListItem","position":2,"name":"Corte Municipal, nuevo paso en la justicia administrativa: Yankel Ben\u00edtez"}]},{"@type":"WebSite","@id":"https:\/\/diarioabcdemichoacan.com.mx\/lasnoticias\/#website","url":"https:\/\/diarioabcdemichoacan.com.mx\/lasnoticias\/","name":"Diario ABC de Michoac\u00e1n","description":"Las noticias al momento","potentialAction":[{"@type":"SearchAction","target":{"@type":"EntryPoint","urlTemplate":"https:\/\/diarioabcdemichoacan.com.mx\/lasnoticias\/?s={search_term_string}"},"query-input":{"@type":"PropertyValueSpecification","valueRequired":true,"valueName":"search_term_string"}}],"inLanguage":"es"},{"@type":"Person","@id":"https:\/\/diarioabcdemichoacan.com.mx\/lasnoticias\/#\/schema\/person\/19ae376040f6cbc489682ebdd8524852","name":"AR","image":{"@type":"ImageObject","inLanguage":"es","@id":"https:\/\/diarioabcdemichoacan.com.mx\/lasnoticias\/#\/schema\/person\/image\/","url":"https:\/\/secure.gravatar.com\/avatar\/44eca2ff970262234e20e1e082872af0?s=96&d=mm&r=g","contentUrl":"https:\/\/secure.gravatar.com\/avatar\/44eca2ff970262234e20e1e082872af0?s=96&d=mm&r=g","caption":"AR"},"url":"https:\/\/diarioabcdemichoacan.com.mx\/lasnoticias\/author\/adrian\/"}]}},"_links":{"self":[{"href":"https:\/\/diarioabcdemichoacan.com.mx\/lasnoticias\/wp-json\/wp\/v2\/posts\/79165","targetHints":{"allow":["GET"]}}],"collection":[{"href":"https:\/\/diarioabcdemichoacan.com.mx\/lasnoticias\/wp-json\/wp\/v2\/posts"}],"about":[{"href":"https:\/\/diarioabcdemichoacan.com.mx\/lasnoticias\/wp-json\/wp\/v2\/types\/post"}],"author":[{"embeddable":true,"href":"https:\/\/diarioabcdemichoacan.com.mx\/lasnoticias\/wp-json\/wp\/v2\/users\/9"}],"replies":[{"embeddable":true,"href":"https:\/\/diarioabcdemichoacan.com.mx\/lasnoticias\/wp-json\/wp\/v2\/comments?post=79165"}],"version-history":[{"count":1,"href":"https:\/\/diarioabcdemichoacan.com.mx\/lasnoticias\/wp-json\/wp\/v2\/posts\/79165\/revisions"}],"predecessor-version":[{"id":79167,"href":"https:\/\/diarioabcdemichoacan.com.mx\/lasnoticias\/wp-json\/wp\/v2\/posts\/79165\/revisions\/79167"}],"wp:featuredmedia":[{"embeddable":true,"href":"https:\/\/diarioabcdemichoacan.com.mx\/lasnoticias\/wp-json\/wp\/v2\/media\/79166"}],"wp:attachment":[{"href":"https:\/\/diarioabcdemichoacan.com.mx\/lasnoticias\/wp-json\/wp\/v2\/media?parent=79165"}],"wp:term":[{"taxonomy":"category","embeddable":true,"href":"https:\/\/diarioabcdemichoacan.com.mx\/lasnoticias\/wp-json\/wp\/v2\/categories?post=79165"},{"taxonomy":"post_tag","embeddable":true,"href":"https:\/\/diarioabcdemichoacan.com.mx\/lasnoticias\/wp-json\/wp\/v2\/tags?post=79165"}],"curies":[{"name":"wp","href":"https:\/\/api.w.org\/{rel}","templated":true}]}}