{"id":79168,"date":"2026-04-29T15:09:52","date_gmt":"2026-04-29T21:09:52","guid":{"rendered":"https:\/\/diarioabcdemichoacan.com.mx\/lasnoticias\/?p=79168"},"modified":"2026-04-29T15:09:52","modified_gmt":"2026-04-29T21:09:52","slug":"pago-del-refrendo-vehicular-va-de-vuelta-en-obras-de-infraestructura-para-michoacan-bedolla","status":"publish","type":"post","link":"https:\/\/diarioabcdemichoacan.com.mx\/lasnoticias\/pago-del-refrendo-vehicular-va-de-vuelta-en-obras-de-infraestructura-para-michoacan-bedolla\/","title":{"rendered":"Pago del refrendo vehicular \u201cva de vuelta\u201d en obras de infraestructura para Michoac\u00e1n: Bedolla"},"content":{"rendered":"<h2>En cerca de 4 meses se han recaudado mil 184 mdp<\/h2>\n<p>&nbsp;<\/p>\n<hr \/>\n<p>Morelia, Mich.- Cada peso aportado en el pago del refrendo vehicular se traduce en proyectos estrat\u00e9gicos de infraestructura, modernizaci\u00f3n de caminos y servicios b\u00e1sicos, eliminando la contrataci\u00f3n de deuda p\u00fablica, destac\u00f3 el gobernador Alfredo Ram\u00edrez Bedolla.<\/p>\n<p>El mandatario inform\u00f3 que del 1 de enero al 18 de abril de este a\u00f1o la Secretar\u00eda de Finanzas y Administraci\u00f3n ha recaudado mil 184 millones de pesos por concepto de refrendo vehicular, impuestos que regresan en forma de desarrollo y bienestar en beneficio de las familias michoacanas.<\/p>\n<p>\u201cLos recursos p\u00fablicos deben servir directamente al pueblo\u201d, dijo Ram\u00edrez Bedolla, tras lanzar la campa\u00f1a \u201cVa de vuelta\u201d con la que el Gobierno de Michoac\u00e1n garantiza que el pago de impuestos se aplica en mejorar el territorio estatal a trav\u00e9s de obras que impactan en la calidad de vida de la poblaci\u00f3n.<\/p>\n<p>Expuso que, como resultado de los impuestos estatales recaudados durante la presente administraci\u00f3n, en la capital michoacana se han invertido cerca de 10 mil millones de pesos en obras de infraestructura vial, educativa y de transporte, como el telef\u00e9rico; los segmentos 1, 4 y 5 del segundo anillo perif\u00e9rico; y los distribuidores viales.<\/p>\n<p>\u201cHoy Michoac\u00e1n tiene finanzas sanas porque el dinero se maneja con honestidad. Los impuestos recaudados no se van al gasto burocr\u00e1tico, sino que, bajo el esquema &#8216;Va de vuelta&#8217; se inyectan directamente a las obras que la gente ve y utiliza todos los d\u00edas. Estamos demostrando que se puede transformar el estado y construir grandes proyectos sin empe\u00f1ar el futuro de los michoacanos con un solo peso de deuda\u201d, recalc\u00f3.<\/p>\n","protected":false},"excerpt":{"rendered":"<p>En cerca de 4 meses se han recaudado mil 184 mdp &nbsp; Morelia, Mich.- Cada peso aportado en el pago del refrendo vehicular se traduce en proyectos estrat\u00e9gicos de infraestructura, modernizaci\u00f3n de caminos y servicios b\u00e1sicos, eliminando la contrataci\u00f3n de deuda p\u00fablica, destac\u00f3 el gobernador Alfredo Ram\u00edrez Bedolla. El mandatario inform\u00f3 que del 1 de [&hellip;]<\/p>\n","protected":false},"author":9,"featured_media":79169,"comment_status":"closed","ping_status":"closed","sticky":false,"template":"","format":"standard","meta":{"footnotes":""},"categories":[10,17,28,27],"tags":[],"class_list":{"0":"post-79168","1":"post","2":"type-post","3":"status-publish","4":"format-standard","5":"has-post-thumbnail","7":"category-estado","8":"category-gobierno-de-michoacan","9":"category-politica","10":"category-slider"},"yoast_head":"<!-- This site is optimized with the Yoast SEO plugin v24.0 - https:\/\/yoast.com\/wordpress\/plugins\/seo\/ -->\n<title>Pago del refrendo vehicular \u201cva de vuelta\u201d en obras de infraestructura para Michoac\u00e1n: Bedolla - Diario ABC de Michoac\u00e1n<\/title>\n<meta name=\"robots\" content=\"index, follow, max-snippet:-1, max-image-preview:large, max-video-preview:-1\" \/>\n<link rel=\"canonical\" href=\"https:\/\/diarioabcdemichoacan.com.mx\/lasnoticias\/pago-del-refrendo-vehicular-va-de-vuelta-en-obras-de-infraestructura-para-michoacan-bedolla\/\" \/>\n<meta property=\"og:locale\" content=\"es_ES\" \/>\n<meta property=\"og:type\" content=\"article\" \/>\n<meta property=\"og:title\" content=\"Pago del refrendo vehicular \u201cva de vuelta\u201d en obras de infraestructura para Michoac\u00e1n: Bedolla - Diario ABC de Michoac\u00e1n\" \/>\n<meta property=\"og:description\" content=\"En cerca de 4 meses se han recaudado mil 184 mdp &nbsp; Morelia, Mich.- Cada peso aportado en el pago del refrendo vehicular se traduce en proyectos estrat\u00e9gicos de infraestructura, modernizaci\u00f3n de caminos y servicios b\u00e1sicos, eliminando la contrataci\u00f3n de deuda p\u00fablica, destac\u00f3 el gobernador Alfredo Ram\u00edrez Bedolla. El mandatario inform\u00f3 que del 1 de [&hellip;]\" \/>\n<meta property=\"og:url\" content=\"https:\/\/diarioabcdemichoacan.com.mx\/lasnoticias\/pago-del-refrendo-vehicular-va-de-vuelta-en-obras-de-infraestructura-para-michoacan-bedolla\/\" \/>\n<meta property=\"og:site_name\" content=\"Diario ABC de Michoac\u00e1n\" \/>\n<meta property=\"article:published_time\" content=\"2026-04-29T21:09:52+00:00\" \/>\n<meta property=\"og:image\" content=\"https:\/\/diarioabcdemichoacan.com.mx\/lasnoticias\/wp-content\/uploads\/2026\/04\/WhatsApp-Image-2026-04-22-at-1.48.05-PM.jpeg\" \/>\n\t<meta property=\"og:image:width\" content=\"1600\" \/>\n\t<meta property=\"og:image:height\" content=\"1066\" \/>\n\t<meta property=\"og:image:type\" content=\"image\/jpeg\" \/>\n<meta name=\"author\" content=\"AR\" \/>\n<meta name=\"twitter:card\" content=\"summary_large_image\" \/>\n<meta name=\"twitter:label1\" content=\"Escrito por\" \/>\n\t<meta name=\"twitter:data1\" content=\"AR\" \/>\n\t<meta name=\"twitter:label2\" content=\"Tiempo de lectura\" \/>\n\t<meta name=\"twitter:data2\" content=\"2 minutos\" \/>\n<script type=\"application\/ld+json\" class=\"yoast-schema-graph\">{\"@context\":\"https:\/\/schema.org\",\"@graph\":[{\"@type\":\"WebPage\",\"@id\":\"https:\/\/diarioabcdemichoacan.com.mx\/lasnoticias\/pago-del-refrendo-vehicular-va-de-vuelta-en-obras-de-infraestructura-para-michoacan-bedolla\/\",\"url\":\"https:\/\/diarioabcdemichoacan.com.mx\/lasnoticias\/pago-del-refrendo-vehicular-va-de-vuelta-en-obras-de-infraestructura-para-michoacan-bedolla\/\",\"name\":\"Pago del refrendo vehicular \u201cva de vuelta\u201d en obras de infraestructura para Michoac\u00e1n: Bedolla - Diario ABC de Michoac\u00e1n\",\"isPartOf\":{\"@id\":\"https:\/\/diarioabcdemichoacan.com.mx\/lasnoticias\/#website\"},\"primaryImageOfPage\":{\"@id\":\"https:\/\/diarioabcdemichoacan.com.mx\/lasnoticias\/pago-del-refrendo-vehicular-va-de-vuelta-en-obras-de-infraestructura-para-michoacan-bedolla\/#primaryimage\"},\"image\":{\"@id\":\"https:\/\/diarioabcdemichoacan.com.mx\/lasnoticias\/pago-del-refrendo-vehicular-va-de-vuelta-en-obras-de-infraestructura-para-michoacan-bedolla\/#primaryimage\"},\"thumbnailUrl\":\"https:\/\/diarioabcdemichoacan.com.mx\/lasnoticias\/wp-content\/uploads\/2026\/04\/WhatsApp-Image-2026-04-22-at-1.48.05-PM.jpeg\",\"datePublished\":\"2026-04-29T21:09:52+00:00\",\"dateModified\":\"2026-04-29T21:09:52+00:00\",\"author\":{\"@id\":\"https:\/\/diarioabcdemichoacan.com.mx\/lasnoticias\/#\/schema\/person\/19ae376040f6cbc489682ebdd8524852\"},\"breadcrumb\":{\"@id\":\"https:\/\/diarioabcdemichoacan.com.mx\/lasnoticias\/pago-del-refrendo-vehicular-va-de-vuelta-en-obras-de-infraestructura-para-michoacan-bedolla\/#breadcrumb\"},\"inLanguage\":\"es\",\"potentialAction\":[{\"@type\":\"ReadAction\",\"target\":[\"https:\/\/diarioabcdemichoacan.com.mx\/lasnoticias\/pago-del-refrendo-vehicular-va-de-vuelta-en-obras-de-infraestructura-para-michoacan-bedolla\/\"]}]},{\"@type\":\"ImageObject\",\"inLanguage\":\"es\",\"@id\":\"https:\/\/diarioabcdemichoacan.com.mx\/lasnoticias\/pago-del-refrendo-vehicular-va-de-vuelta-en-obras-de-infraestructura-para-michoacan-bedolla\/#primaryimage\",\"url\":\"https:\/\/diarioabcdemichoacan.com.mx\/lasnoticias\/wp-content\/uploads\/2026\/04\/WhatsApp-Image-2026-04-22-at-1.48.05-PM.jpeg\",\"contentUrl\":\"https:\/\/diarioabcdemichoacan.com.mx\/lasnoticias\/wp-content\/uploads\/2026\/04\/WhatsApp-Image-2026-04-22-at-1.48.05-PM.jpeg\",\"width\":1600,\"height\":1066},{\"@type\":\"BreadcrumbList\",\"@id\":\"https:\/\/diarioabcdemichoacan.com.mx\/lasnoticias\/pago-del-refrendo-vehicular-va-de-vuelta-en-obras-de-infraestructura-para-michoacan-bedolla\/#breadcrumb\",\"itemListElement\":[{\"@type\":\"ListItem\",\"position\":1,\"name\":\"Portada\",\"item\":\"https:\/\/diarioabcdemichoacan.com.mx\/lasnoticias\/\"},{\"@type\":\"ListItem\",\"position\":2,\"name\":\"Pago del refrendo vehicular \u201cva de vuelta\u201d en obras de infraestructura para Michoac\u00e1n: Bedolla\"}]},{\"@type\":\"WebSite\",\"@id\":\"https:\/\/diarioabcdemichoacan.com.mx\/lasnoticias\/#website\",\"url\":\"https:\/\/diarioabcdemichoacan.com.mx\/lasnoticias\/\",\"name\":\"Diario ABC de Michoac\u00e1n\",\"description\":\"Las noticias al momento\",\"potentialAction\":[{\"@type\":\"SearchAction\",\"target\":{\"@type\":\"EntryPoint\",\"urlTemplate\":\"https:\/\/diarioabcdemichoacan.com.mx\/lasnoticias\/?s={search_term_string}\"},\"query-input\":{\"@type\":\"PropertyValueSpecification\",\"valueRequired\":true,\"valueName\":\"search_term_string\"}}],\"inLanguage\":\"es\"},{\"@type\":\"Person\",\"@id\":\"https:\/\/diarioabcdemichoacan.com.mx\/lasnoticias\/#\/schema\/person\/19ae376040f6cbc489682ebdd8524852\",\"name\":\"AR\",\"image\":{\"@type\":\"ImageObject\",\"inLanguage\":\"es\",\"@id\":\"https:\/\/diarioabcdemichoacan.com.mx\/lasnoticias\/#\/schema\/person\/image\/\",\"url\":\"https:\/\/secure.gravatar.com\/avatar\/44eca2ff970262234e20e1e082872af0?s=96&d=mm&r=g\",\"contentUrl\":\"https:\/\/secure.gravatar.com\/avatar\/44eca2ff970262234e20e1e082872af0?s=96&d=mm&r=g\",\"caption\":\"AR\"},\"url\":\"https:\/\/diarioabcdemichoacan.com.mx\/lasnoticias\/author\/adrian\/\"}]}<\/script>\n<!-- \/ Yoast SEO plugin. -->","yoast_head_json":{"title":"Pago del refrendo vehicular \u201cva de vuelta\u201d en obras de infraestructura para Michoac\u00e1n: Bedolla - Diario ABC de Michoac\u00e1n","robots":{"index":"index","follow":"follow","max-snippet":"max-snippet:-1","max-image-preview":"max-image-preview:large","max-video-preview":"max-video-preview:-1"},"canonical":"https:\/\/diarioabcdemichoacan.com.mx\/lasnoticias\/pago-del-refrendo-vehicular-va-de-vuelta-en-obras-de-infraestructura-para-michoacan-bedolla\/","og_locale":"es_ES","og_type":"article","og_title":"Pago del refrendo vehicular \u201cva de vuelta\u201d en obras de infraestructura para Michoac\u00e1n: Bedolla - Diario ABC de Michoac\u00e1n","og_description":"En cerca de 4 meses se han recaudado mil 184 mdp &nbsp; Morelia, Mich.- Cada peso aportado en el pago del refrendo vehicular se traduce en proyectos estrat\u00e9gicos de infraestructura, modernizaci\u00f3n de caminos y servicios b\u00e1sicos, eliminando la contrataci\u00f3n de deuda p\u00fablica, destac\u00f3 el gobernador Alfredo Ram\u00edrez Bedolla. El mandatario inform\u00f3 que del 1 de [&hellip;]","og_url":"https:\/\/diarioabcdemichoacan.com.mx\/lasnoticias\/pago-del-refrendo-vehicular-va-de-vuelta-en-obras-de-infraestructura-para-michoacan-bedolla\/","og_site_name":"Diario ABC de Michoac\u00e1n","article_published_time":"2026-04-29T21:09:52+00:00","og_image":[{"width":1600,"height":1066,"url":"https:\/\/diarioabcdemichoacan.com.mx\/lasnoticias\/wp-content\/uploads\/2026\/04\/WhatsApp-Image-2026-04-22-at-1.48.05-PM.jpeg","type":"image\/jpeg"}],"author":"AR","twitter_card":"summary_large_image","twitter_misc":{"Escrito por":"AR","Tiempo de lectura":"2 minutos"},"schema":{"@context":"https:\/\/schema.org","@graph":[{"@type":"WebPage","@id":"https:\/\/diarioabcdemichoacan.com.mx\/lasnoticias\/pago-del-refrendo-vehicular-va-de-vuelta-en-obras-de-infraestructura-para-michoacan-bedolla\/","url":"https:\/\/diarioabcdemichoacan.com.mx\/lasnoticias\/pago-del-refrendo-vehicular-va-de-vuelta-en-obras-de-infraestructura-para-michoacan-bedolla\/","name":"Pago del refrendo vehicular \u201cva de vuelta\u201d en obras de infraestructura para Michoac\u00e1n: Bedolla - Diario ABC de Michoac\u00e1n","isPartOf":{"@id":"https:\/\/diarioabcdemichoacan.com.mx\/lasnoticias\/#website"},"primaryImageOfPage":{"@id":"https:\/\/diarioabcdemichoacan.com.mx\/lasnoticias\/pago-del-refrendo-vehicular-va-de-vuelta-en-obras-de-infraestructura-para-michoacan-bedolla\/#primaryimage"},"image":{"@id":"https:\/\/diarioabcdemichoacan.com.mx\/lasnoticias\/pago-del-refrendo-vehicular-va-de-vuelta-en-obras-de-infraestructura-para-michoacan-bedolla\/#primaryimage"},"thumbnailUrl":"https:\/\/diarioabcdemichoacan.com.mx\/lasnoticias\/wp-content\/uploads\/2026\/04\/WhatsApp-Image-2026-04-22-at-1.48.05-PM.jpeg","datePublished":"2026-04-29T21:09:52+00:00","dateModified":"2026-04-29T21:09:52+00:00","author":{"@id":"https:\/\/diarioabcdemichoacan.com.mx\/lasnoticias\/#\/schema\/person\/19ae376040f6cbc489682ebdd8524852"},"breadcrumb":{"@id":"https:\/\/diarioabcdemichoacan.com.mx\/lasnoticias\/pago-del-refrendo-vehicular-va-de-vuelta-en-obras-de-infraestructura-para-michoacan-bedolla\/#breadcrumb"},"inLanguage":"es","potentialAction":[{"@type":"ReadAction","target":["https:\/\/diarioabcdemichoacan.com.mx\/lasnoticias\/pago-del-refrendo-vehicular-va-de-vuelta-en-obras-de-infraestructura-para-michoacan-bedolla\/"]}]},{"@type":"ImageObject","inLanguage":"es","@id":"https:\/\/diarioabcdemichoacan.com.mx\/lasnoticias\/pago-del-refrendo-vehicular-va-de-vuelta-en-obras-de-infraestructura-para-michoacan-bedolla\/#primaryimage","url":"https:\/\/diarioabcdemichoacan.com.mx\/lasnoticias\/wp-content\/uploads\/2026\/04\/WhatsApp-Image-2026-04-22-at-1.48.05-PM.jpeg","contentUrl":"https:\/\/diarioabcdemichoacan.com.mx\/lasnoticias\/wp-content\/uploads\/2026\/04\/WhatsApp-Image-2026-04-22-at-1.48.05-PM.jpeg","width":1600,"height":1066},{"@type":"BreadcrumbList","@id":"https:\/\/diarioabcdemichoacan.com.mx\/lasnoticias\/pago-del-refrendo-vehicular-va-de-vuelta-en-obras-de-infraestructura-para-michoacan-bedolla\/#breadcrumb","itemListElement":[{"@type":"ListItem","position":1,"name":"Portada","item":"https:\/\/diarioabcdemichoacan.com.mx\/lasnoticias\/"},{"@type":"ListItem","position":2,"name":"Pago del refrendo vehicular \u201cva de vuelta\u201d en obras de infraestructura para Michoac\u00e1n: Bedolla"}]},{"@type":"WebSite","@id":"https:\/\/diarioabcdemichoacan.com.mx\/lasnoticias\/#website","url":"https:\/\/diarioabcdemichoacan.com.mx\/lasnoticias\/","name":"Diario ABC de Michoac\u00e1n","description":"Las noticias al momento","potentialAction":[{"@type":"SearchAction","target":{"@type":"EntryPoint","urlTemplate":"https:\/\/diarioabcdemichoacan.com.mx\/lasnoticias\/?s={search_term_string}"},"query-input":{"@type":"PropertyValueSpecification","valueRequired":true,"valueName":"search_term_string"}}],"inLanguage":"es"},{"@type":"Person","@id":"https:\/\/diarioabcdemichoacan.com.mx\/lasnoticias\/#\/schema\/person\/19ae376040f6cbc489682ebdd8524852","name":"AR","image":{"@type":"ImageObject","inLanguage":"es","@id":"https:\/\/diarioabcdemichoacan.com.mx\/lasnoticias\/#\/schema\/person\/image\/","url":"https:\/\/secure.gravatar.com\/avatar\/44eca2ff970262234e20e1e082872af0?s=96&d=mm&r=g","contentUrl":"https:\/\/secure.gravatar.com\/avatar\/44eca2ff970262234e20e1e082872af0?s=96&d=mm&r=g","caption":"AR"},"url":"https:\/\/diarioabcdemichoacan.com.mx\/lasnoticias\/author\/adrian\/"}]}},"_links":{"self":[{"href":"https:\/\/diarioabcdemichoacan.com.mx\/lasnoticias\/wp-json\/wp\/v2\/posts\/79168","targetHints":{"allow":["GET"]}}],"collection":[{"href":"https:\/\/diarioabcdemichoacan.com.mx\/lasnoticias\/wp-json\/wp\/v2\/posts"}],"about":[{"href":"https:\/\/diarioabcdemichoacan.com.mx\/lasnoticias\/wp-json\/wp\/v2\/types\/post"}],"author":[{"embeddable":true,"href":"https:\/\/diarioabcdemichoacan.com.mx\/lasnoticias\/wp-json\/wp\/v2\/users\/9"}],"replies":[{"embeddable":true,"href":"https:\/\/diarioabcdemichoacan.com.mx\/lasnoticias\/wp-json\/wp\/v2\/comments?post=79168"}],"version-history":[{"count":1,"href":"https:\/\/diarioabcdemichoacan.com.mx\/lasnoticias\/wp-json\/wp\/v2\/posts\/79168\/revisions"}],"predecessor-version":[{"id":79170,"href":"https:\/\/diarioabcdemichoacan.com.mx\/lasnoticias\/wp-json\/wp\/v2\/posts\/79168\/revisions\/79170"}],"wp:featuredmedia":[{"embeddable":true,"href":"https:\/\/diarioabcdemichoacan.com.mx\/lasnoticias\/wp-json\/wp\/v2\/media\/79169"}],"wp:attachment":[{"href":"https:\/\/diarioabcdemichoacan.com.mx\/lasnoticias\/wp-json\/wp\/v2\/media?parent=79168"}],"wp:term":[{"taxonomy":"category","embeddable":true,"href":"https:\/\/diarioabcdemichoacan.com.mx\/lasnoticias\/wp-json\/wp\/v2\/categories?post=79168"},{"taxonomy":"post_tag","embeddable":true,"href":"https:\/\/diarioabcdemichoacan.com.mx\/lasnoticias\/wp-json\/wp\/v2\/tags?post=79168"}],"curies":[{"name":"wp","href":"https:\/\/api.w.org\/{rel}","templated":true}]}}