{"id":79185,"date":"2026-04-30T12:23:38","date_gmt":"2026-04-30T18:23:38","guid":{"rendered":"https:\/\/diarioabcdemichoacan.com.mx\/lasnoticias\/?p=79185"},"modified":"2026-04-30T12:23:38","modified_gmt":"2026-04-30T18:23:38","slug":"festejo-del-dif-morelia-llego-a-santiago-undameo-y-tenencia-morelos","status":"publish","type":"post","link":"https:\/\/diarioabcdemichoacan.com.mx\/lasnoticias\/festejo-del-dif-morelia-llego-a-santiago-undameo-y-tenencia-morelos\/","title":{"rendered":"Festejo del DIF Morelia lleg\u00f3 a Santiago Undameo y Tenencia Morelos"},"content":{"rendered":"<h2>Brincolines, show de payaso, juegos y superh\u00e9roes, fueron disfrutados por los peque\u00f1os.<\/h2>\n<div><\/div>\n<div><\/div>\n<div>\n<hr \/>\n<p>Morelia, Mich.- La Feria de la Ni\u00f1ez \u00abH\u00e9roes por la paz\u00bb realizada por el Gobierno Municipal y el DIF Morelia lleg\u00f3 a Santiago Undameo, donde las ni\u00f1as y ni\u00f1os de la tenencia vivieron un d\u00eda de alegr\u00eda rodeados de juegos, regalos y sus superh\u00e9roes favoritos.<\/p><\/div>\n<div><\/div>\n<div>Entre los brincolines inflables, el juego de saltar la cuerda, la rayuela, futbolitos y el show del Payaso Yoyito, los peque\u00f1os disfrutaron cada minuto de la feria, a la vez que aprendieron sobre cultura vial con los Guardianes de la Movilidad y las patrullas de Polic\u00eda Morelia caracterizadas como sus personajes favoritos de \u00abCars\u00bb.<\/div>\n<div><\/div>\n<div>No faltaron las sonrisas y expresiones de sorpresa ante los superh\u00e9roes y superhero\u00ednas presentes en cada una de las actividades de la feria en Santiago Undameo.<\/div>\n<div><\/div>\n<div>Previo a la rifa de bicicletas esperada por todas y todos los peque\u00f1os, el director del DIF Morelia, Jos\u00e9 Manuel \u00c1lvarez Lucio, record\u00f3 que las ferias son coordinadas por la presidenta honoraria de esta instituci\u00f3n, Paola Delgadillo Hern\u00e1ndez, dentro de las acciones del Gobierno Municipal del presidente Alfonso Mart\u00ednez Alc\u00e1zar.<\/div>\n<div><\/div>\n<div>En su turno, el jefe de tenencia, Arturo Herrera Guzm\u00e1n, agradeci\u00f3 la relaci\u00f3n que se ha mantenido con el Ayuntamiento de Morelia para llevar sonrisas y felicidad a los ni\u00f1os durante varias ediciones de esta feria y otros eventos entra\u00f1ables para la ni\u00f1ez.<\/div>\n<div><\/div>\n<div>Tambi\u00e9n cabe destacar que este evento cont\u00f3 con el apoyo de la Coordinaci\u00f3n de Comunicaci\u00f3n, cuyo titular es Enrique Alc\u00e1zar Ram\u00edrez; y el Centro de Atenci\u00f3n al Sector Vulnerable Infantil (Casvi), encabezada por Luz Mar\u00eda Becerra Infante.<\/div>\n<div><\/div>\n<div>M\u00e1s tarde este mismo d\u00eda, la Feria de la Ni\u00f1ez \u00abH\u00e9roes por la Paz\u00bb tambi\u00e9n fue recibida por ni\u00f1as y ni\u00f1os de la Tenencia Morelos, con los juegos, atracciones y convivencia que caracterizan a estos festejos en el marco del D\u00eda del Ni\u00f1o.<\/div>\n<div><\/div>\n<div>En esta ic\u00f3nica tenencia,\u00a0 la actividad coordinada por el DIF Morelia tambi\u00e9n cont\u00f3 con el apoyo de la Secretar\u00eda del Ayuntamiento y el Instituto Municipal de Cultura F\u00edsica y Deporte (Imcufide), encabezados respectivamente por Yankel Ben\u00edtez Silva y Pablo C\u00e9sar S\u00e1nchez Silva.<\/div>\n","protected":false},"excerpt":{"rendered":"<p>Brincolines, show de payaso, juegos y superh\u00e9roes, fueron disfrutados por los peque\u00f1os. Morelia, Mich.- La Feria de la Ni\u00f1ez \u00abH\u00e9roes por la paz\u00bb realizada por el Gobierno Municipal y el DIF Morelia lleg\u00f3 a Santiago Undameo, donde las ni\u00f1as y ni\u00f1os de la tenencia vivieron un d\u00eda de alegr\u00eda rodeados de juegos, regalos y sus [&hellip;]<\/p>\n","protected":false},"author":9,"featured_media":79186,"comment_status":"closed","ping_status":"closed","sticky":false,"template":"","format":"standard","meta":{"footnotes":""},"categories":[18,7,28,27],"tags":[],"class_list":{"0":"post-79185","1":"post","2":"type-post","3":"status-publish","4":"format-standard","5":"has-post-thumbnail","7":"category-ayuntamiento-de-morelia","8":"category-morelia","9":"category-politica","10":"category-slider"},"yoast_head":"<!-- This site is optimized with the Yoast SEO plugin v24.0 - https:\/\/yoast.com\/wordpress\/plugins\/seo\/ -->\n<title>Festejo del DIF Morelia lleg\u00f3 a Santiago Undameo y Tenencia Morelos - Diario ABC de Michoac\u00e1n<\/title>\n<meta name=\"robots\" content=\"index, follow, max-snippet:-1, max-image-preview:large, max-video-preview:-1\" \/>\n<link rel=\"canonical\" href=\"https:\/\/diarioabcdemichoacan.com.mx\/lasnoticias\/festejo-del-dif-morelia-llego-a-santiago-undameo-y-tenencia-morelos\/\" \/>\n<meta property=\"og:locale\" content=\"es_ES\" \/>\n<meta property=\"og:type\" content=\"article\" \/>\n<meta property=\"og:title\" content=\"Festejo del DIF Morelia lleg\u00f3 a Santiago Undameo y Tenencia Morelos - Diario ABC de Michoac\u00e1n\" \/>\n<meta property=\"og:description\" content=\"Brincolines, show de payaso, juegos y superh\u00e9roes, fueron disfrutados por los peque\u00f1os. Morelia, Mich.- La Feria de la Ni\u00f1ez \u00abH\u00e9roes por la paz\u00bb realizada por el Gobierno Municipal y el DIF Morelia lleg\u00f3 a Santiago Undameo, donde las ni\u00f1as y ni\u00f1os de la tenencia vivieron un d\u00eda de alegr\u00eda rodeados de juegos, regalos y sus [&hellip;]\" \/>\n<meta property=\"og:url\" content=\"https:\/\/diarioabcdemichoacan.com.mx\/lasnoticias\/festejo-del-dif-morelia-llego-a-santiago-undameo-y-tenencia-morelos\/\" \/>\n<meta property=\"og:site_name\" content=\"Diario ABC de Michoac\u00e1n\" \/>\n<meta property=\"article:published_time\" content=\"2026-04-30T18:23:38+00:00\" \/>\n<meta property=\"og:image\" content=\"https:\/\/diarioabcdemichoacan.com.mx\/lasnoticias\/wp-content\/uploads\/2026\/04\/WhatsApp-Image-2026-04-30-at-11.16.15-AM.jpeg\" \/>\n\t<meta property=\"og:image:width\" content=\"1280\" \/>\n\t<meta property=\"og:image:height\" content=\"854\" \/>\n\t<meta property=\"og:image:type\" content=\"image\/jpeg\" \/>\n<meta name=\"author\" content=\"AR\" \/>\n<meta name=\"twitter:card\" content=\"summary_large_image\" \/>\n<meta name=\"twitter:label1\" content=\"Escrito por\" \/>\n\t<meta name=\"twitter:data1\" content=\"AR\" \/>\n\t<meta name=\"twitter:label2\" content=\"Tiempo de lectura\" \/>\n\t<meta name=\"twitter:data2\" content=\"2 minutos\" \/>\n<script type=\"application\/ld+json\" class=\"yoast-schema-graph\">{\"@context\":\"https:\/\/schema.org\",\"@graph\":[{\"@type\":\"WebPage\",\"@id\":\"https:\/\/diarioabcdemichoacan.com.mx\/lasnoticias\/festejo-del-dif-morelia-llego-a-santiago-undameo-y-tenencia-morelos\/\",\"url\":\"https:\/\/diarioabcdemichoacan.com.mx\/lasnoticias\/festejo-del-dif-morelia-llego-a-santiago-undameo-y-tenencia-morelos\/\",\"name\":\"Festejo del DIF Morelia lleg\u00f3 a Santiago Undameo y Tenencia Morelos - Diario ABC de Michoac\u00e1n\",\"isPartOf\":{\"@id\":\"https:\/\/diarioabcdemichoacan.com.mx\/lasnoticias\/#website\"},\"primaryImageOfPage\":{\"@id\":\"https:\/\/diarioabcdemichoacan.com.mx\/lasnoticias\/festejo-del-dif-morelia-llego-a-santiago-undameo-y-tenencia-morelos\/#primaryimage\"},\"image\":{\"@id\":\"https:\/\/diarioabcdemichoacan.com.mx\/lasnoticias\/festejo-del-dif-morelia-llego-a-santiago-undameo-y-tenencia-morelos\/#primaryimage\"},\"thumbnailUrl\":\"https:\/\/diarioabcdemichoacan.com.mx\/lasnoticias\/wp-content\/uploads\/2026\/04\/WhatsApp-Image-2026-04-30-at-11.16.15-AM.jpeg\",\"datePublished\":\"2026-04-30T18:23:38+00:00\",\"dateModified\":\"2026-04-30T18:23:38+00:00\",\"author\":{\"@id\":\"https:\/\/diarioabcdemichoacan.com.mx\/lasnoticias\/#\/schema\/person\/19ae376040f6cbc489682ebdd8524852\"},\"breadcrumb\":{\"@id\":\"https:\/\/diarioabcdemichoacan.com.mx\/lasnoticias\/festejo-del-dif-morelia-llego-a-santiago-undameo-y-tenencia-morelos\/#breadcrumb\"},\"inLanguage\":\"es\",\"potentialAction\":[{\"@type\":\"ReadAction\",\"target\":[\"https:\/\/diarioabcdemichoacan.com.mx\/lasnoticias\/festejo-del-dif-morelia-llego-a-santiago-undameo-y-tenencia-morelos\/\"]}]},{\"@type\":\"ImageObject\",\"inLanguage\":\"es\",\"@id\":\"https:\/\/diarioabcdemichoacan.com.mx\/lasnoticias\/festejo-del-dif-morelia-llego-a-santiago-undameo-y-tenencia-morelos\/#primaryimage\",\"url\":\"https:\/\/diarioabcdemichoacan.com.mx\/lasnoticias\/wp-content\/uploads\/2026\/04\/WhatsApp-Image-2026-04-30-at-11.16.15-AM.jpeg\",\"contentUrl\":\"https:\/\/diarioabcdemichoacan.com.mx\/lasnoticias\/wp-content\/uploads\/2026\/04\/WhatsApp-Image-2026-04-30-at-11.16.15-AM.jpeg\",\"width\":1280,\"height\":854},{\"@type\":\"BreadcrumbList\",\"@id\":\"https:\/\/diarioabcdemichoacan.com.mx\/lasnoticias\/festejo-del-dif-morelia-llego-a-santiago-undameo-y-tenencia-morelos\/#breadcrumb\",\"itemListElement\":[{\"@type\":\"ListItem\",\"position\":1,\"name\":\"Portada\",\"item\":\"https:\/\/diarioabcdemichoacan.com.mx\/lasnoticias\/\"},{\"@type\":\"ListItem\",\"position\":2,\"name\":\"Festejo del DIF Morelia lleg\u00f3 a Santiago Undameo y Tenencia Morelos\"}]},{\"@type\":\"WebSite\",\"@id\":\"https:\/\/diarioabcdemichoacan.com.mx\/lasnoticias\/#website\",\"url\":\"https:\/\/diarioabcdemichoacan.com.mx\/lasnoticias\/\",\"name\":\"Diario ABC de Michoac\u00e1n\",\"description\":\"Las noticias al momento\",\"potentialAction\":[{\"@type\":\"SearchAction\",\"target\":{\"@type\":\"EntryPoint\",\"urlTemplate\":\"https:\/\/diarioabcdemichoacan.com.mx\/lasnoticias\/?s={search_term_string}\"},\"query-input\":{\"@type\":\"PropertyValueSpecification\",\"valueRequired\":true,\"valueName\":\"search_term_string\"}}],\"inLanguage\":\"es\"},{\"@type\":\"Person\",\"@id\":\"https:\/\/diarioabcdemichoacan.com.mx\/lasnoticias\/#\/schema\/person\/19ae376040f6cbc489682ebdd8524852\",\"name\":\"AR\",\"image\":{\"@type\":\"ImageObject\",\"inLanguage\":\"es\",\"@id\":\"https:\/\/diarioabcdemichoacan.com.mx\/lasnoticias\/#\/schema\/person\/image\/\",\"url\":\"https:\/\/secure.gravatar.com\/avatar\/44eca2ff970262234e20e1e082872af0?s=96&d=mm&r=g\",\"contentUrl\":\"https:\/\/secure.gravatar.com\/avatar\/44eca2ff970262234e20e1e082872af0?s=96&d=mm&r=g\",\"caption\":\"AR\"},\"url\":\"https:\/\/diarioabcdemichoacan.com.mx\/lasnoticias\/author\/adrian\/\"}]}<\/script>\n<!-- \/ Yoast SEO plugin. -->","yoast_head_json":{"title":"Festejo del DIF Morelia lleg\u00f3 a Santiago Undameo y Tenencia Morelos - Diario ABC de Michoac\u00e1n","robots":{"index":"index","follow":"follow","max-snippet":"max-snippet:-1","max-image-preview":"max-image-preview:large","max-video-preview":"max-video-preview:-1"},"canonical":"https:\/\/diarioabcdemichoacan.com.mx\/lasnoticias\/festejo-del-dif-morelia-llego-a-santiago-undameo-y-tenencia-morelos\/","og_locale":"es_ES","og_type":"article","og_title":"Festejo del DIF Morelia lleg\u00f3 a Santiago Undameo y Tenencia Morelos - Diario ABC de Michoac\u00e1n","og_description":"Brincolines, show de payaso, juegos y superh\u00e9roes, fueron disfrutados por los peque\u00f1os. Morelia, Mich.- La Feria de la Ni\u00f1ez \u00abH\u00e9roes por la paz\u00bb realizada por el Gobierno Municipal y el DIF Morelia lleg\u00f3 a Santiago Undameo, donde las ni\u00f1as y ni\u00f1os de la tenencia vivieron un d\u00eda de alegr\u00eda rodeados de juegos, regalos y sus [&hellip;]","og_url":"https:\/\/diarioabcdemichoacan.com.mx\/lasnoticias\/festejo-del-dif-morelia-llego-a-santiago-undameo-y-tenencia-morelos\/","og_site_name":"Diario ABC de Michoac\u00e1n","article_published_time":"2026-04-30T18:23:38+00:00","og_image":[{"width":1280,"height":854,"url":"https:\/\/diarioabcdemichoacan.com.mx\/lasnoticias\/wp-content\/uploads\/2026\/04\/WhatsApp-Image-2026-04-30-at-11.16.15-AM.jpeg","type":"image\/jpeg"}],"author":"AR","twitter_card":"summary_large_image","twitter_misc":{"Escrito por":"AR","Tiempo de lectura":"2 minutos"},"schema":{"@context":"https:\/\/schema.org","@graph":[{"@type":"WebPage","@id":"https:\/\/diarioabcdemichoacan.com.mx\/lasnoticias\/festejo-del-dif-morelia-llego-a-santiago-undameo-y-tenencia-morelos\/","url":"https:\/\/diarioabcdemichoacan.com.mx\/lasnoticias\/festejo-del-dif-morelia-llego-a-santiago-undameo-y-tenencia-morelos\/","name":"Festejo del DIF Morelia lleg\u00f3 a Santiago Undameo y Tenencia Morelos - Diario ABC de Michoac\u00e1n","isPartOf":{"@id":"https:\/\/diarioabcdemichoacan.com.mx\/lasnoticias\/#website"},"primaryImageOfPage":{"@id":"https:\/\/diarioabcdemichoacan.com.mx\/lasnoticias\/festejo-del-dif-morelia-llego-a-santiago-undameo-y-tenencia-morelos\/#primaryimage"},"image":{"@id":"https:\/\/diarioabcdemichoacan.com.mx\/lasnoticias\/festejo-del-dif-morelia-llego-a-santiago-undameo-y-tenencia-morelos\/#primaryimage"},"thumbnailUrl":"https:\/\/diarioabcdemichoacan.com.mx\/lasnoticias\/wp-content\/uploads\/2026\/04\/WhatsApp-Image-2026-04-30-at-11.16.15-AM.jpeg","datePublished":"2026-04-30T18:23:38+00:00","dateModified":"2026-04-30T18:23:38+00:00","author":{"@id":"https:\/\/diarioabcdemichoacan.com.mx\/lasnoticias\/#\/schema\/person\/19ae376040f6cbc489682ebdd8524852"},"breadcrumb":{"@id":"https:\/\/diarioabcdemichoacan.com.mx\/lasnoticias\/festejo-del-dif-morelia-llego-a-santiago-undameo-y-tenencia-morelos\/#breadcrumb"},"inLanguage":"es","potentialAction":[{"@type":"ReadAction","target":["https:\/\/diarioabcdemichoacan.com.mx\/lasnoticias\/festejo-del-dif-morelia-llego-a-santiago-undameo-y-tenencia-morelos\/"]}]},{"@type":"ImageObject","inLanguage":"es","@id":"https:\/\/diarioabcdemichoacan.com.mx\/lasnoticias\/festejo-del-dif-morelia-llego-a-santiago-undameo-y-tenencia-morelos\/#primaryimage","url":"https:\/\/diarioabcdemichoacan.com.mx\/lasnoticias\/wp-content\/uploads\/2026\/04\/WhatsApp-Image-2026-04-30-at-11.16.15-AM.jpeg","contentUrl":"https:\/\/diarioabcdemichoacan.com.mx\/lasnoticias\/wp-content\/uploads\/2026\/04\/WhatsApp-Image-2026-04-30-at-11.16.15-AM.jpeg","width":1280,"height":854},{"@type":"BreadcrumbList","@id":"https:\/\/diarioabcdemichoacan.com.mx\/lasnoticias\/festejo-del-dif-morelia-llego-a-santiago-undameo-y-tenencia-morelos\/#breadcrumb","itemListElement":[{"@type":"ListItem","position":1,"name":"Portada","item":"https:\/\/diarioabcdemichoacan.com.mx\/lasnoticias\/"},{"@type":"ListItem","position":2,"name":"Festejo del DIF Morelia lleg\u00f3 a Santiago Undameo y Tenencia Morelos"}]},{"@type":"WebSite","@id":"https:\/\/diarioabcdemichoacan.com.mx\/lasnoticias\/#website","url":"https:\/\/diarioabcdemichoacan.com.mx\/lasnoticias\/","name":"Diario ABC de Michoac\u00e1n","description":"Las noticias al momento","potentialAction":[{"@type":"SearchAction","target":{"@type":"EntryPoint","urlTemplate":"https:\/\/diarioabcdemichoacan.com.mx\/lasnoticias\/?s={search_term_string}"},"query-input":{"@type":"PropertyValueSpecification","valueRequired":true,"valueName":"search_term_string"}}],"inLanguage":"es"},{"@type":"Person","@id":"https:\/\/diarioabcdemichoacan.com.mx\/lasnoticias\/#\/schema\/person\/19ae376040f6cbc489682ebdd8524852","name":"AR","image":{"@type":"ImageObject","inLanguage":"es","@id":"https:\/\/diarioabcdemichoacan.com.mx\/lasnoticias\/#\/schema\/person\/image\/","url":"https:\/\/secure.gravatar.com\/avatar\/44eca2ff970262234e20e1e082872af0?s=96&d=mm&r=g","contentUrl":"https:\/\/secure.gravatar.com\/avatar\/44eca2ff970262234e20e1e082872af0?s=96&d=mm&r=g","caption":"AR"},"url":"https:\/\/diarioabcdemichoacan.com.mx\/lasnoticias\/author\/adrian\/"}]}},"_links":{"self":[{"href":"https:\/\/diarioabcdemichoacan.com.mx\/lasnoticias\/wp-json\/wp\/v2\/posts\/79185","targetHints":{"allow":["GET"]}}],"collection":[{"href":"https:\/\/diarioabcdemichoacan.com.mx\/lasnoticias\/wp-json\/wp\/v2\/posts"}],"about":[{"href":"https:\/\/diarioabcdemichoacan.com.mx\/lasnoticias\/wp-json\/wp\/v2\/types\/post"}],"author":[{"embeddable":true,"href":"https:\/\/diarioabcdemichoacan.com.mx\/lasnoticias\/wp-json\/wp\/v2\/users\/9"}],"replies":[{"embeddable":true,"href":"https:\/\/diarioabcdemichoacan.com.mx\/lasnoticias\/wp-json\/wp\/v2\/comments?post=79185"}],"version-history":[{"count":1,"href":"https:\/\/diarioabcdemichoacan.com.mx\/lasnoticias\/wp-json\/wp\/v2\/posts\/79185\/revisions"}],"predecessor-version":[{"id":79187,"href":"https:\/\/diarioabcdemichoacan.com.mx\/lasnoticias\/wp-json\/wp\/v2\/posts\/79185\/revisions\/79187"}],"wp:featuredmedia":[{"embeddable":true,"href":"https:\/\/diarioabcdemichoacan.com.mx\/lasnoticias\/wp-json\/wp\/v2\/media\/79186"}],"wp:attachment":[{"href":"https:\/\/diarioabcdemichoacan.com.mx\/lasnoticias\/wp-json\/wp\/v2\/media?parent=79185"}],"wp:term":[{"taxonomy":"category","embeddable":true,"href":"https:\/\/diarioabcdemichoacan.com.mx\/lasnoticias\/wp-json\/wp\/v2\/categories?post=79185"},{"taxonomy":"post_tag","embeddable":true,"href":"https:\/\/diarioabcdemichoacan.com.mx\/lasnoticias\/wp-json\/wp\/v2\/tags?post=79185"}],"curies":[{"name":"wp","href":"https:\/\/api.w.org\/{rel}","templated":true}]}}