{"id":79195,"date":"2026-04-30T12:30:54","date_gmt":"2026-04-30T18:30:54","guid":{"rendered":"https:\/\/diarioabcdemichoacan.com.mx\/lasnoticias\/?p=79195"},"modified":"2026-04-30T12:30:54","modified_gmt":"2026-04-30T18:30:54","slug":"impulsa-nalleli-pedraza-iniciativa-por-la-justicia-social-y-accesibilidad-real-para-personas-con-discapacidad","status":"publish","type":"post","link":"https:\/\/diarioabcdemichoacan.com.mx\/lasnoticias\/impulsa-nalleli-pedraza-iniciativa-por-la-justicia-social-y-accesibilidad-real-para-personas-con-discapacidad\/","title":{"rendered":"Impulsa Nalleli Pedraza iniciativa por la justicia social y accesibilidad real para personas con discapacidad"},"content":{"rendered":"<h2>Esta propuesta fue realizada en conjunto con las y los parlamentarias con Perspectiva de Discapacidad.<\/h2>\n<ul>\n<li>Es el tercer compilado que entrega ante servicios parlamentarios de la mano con organizaciones y asociaciones con discapacidad.<\/li>\n<\/ul>\n<hr \/>\n<p>Morelia, Mich.- \u201cEn este Congreso no se legisla m\u00e1s a espaldas del pueblo; hoy, las propuestas de quienes viven d\u00eda a d\u00eda con una discapacidad son nuestra prioridad\u00bb, asegur\u00f3 la diputada Nalleli Pedraza, al presentar formalmente una iniciativa hist\u00f3rica que busca impulsar la justicia social y accesibilidad real en Michoac\u00e1n.<\/p>\n<p>Tras un diagn\u00f3stico profundo realizado por las y los parlamentarios del Primer Parlamento con Perspectiva de Discapacidad 2026, Pedraza subray\u00f3 que Michoac\u00e1n enfrenta deudas hist\u00f3ricas que no pueden esperar m\u00e1s, especialmente en temas de exclusi\u00f3n ling\u00fc\u00edstica para la comunidad sorda y la precarizaci\u00f3n de la educaci\u00f3n especial.<\/p>\n<p>La iniciativa presentada por la legisladora busca derribar las barreras financieras y educativas que afectan a las familias michoacanas, proponiendo puntos clave como:<br \/>\n\u2022\u2060 \u2060Reconocer la Lengua de Se\u00f1as Mexicana (LSM) como lengua materna y garantizar docentes sordos en las aulas.<br \/>\n\u2022\u2060 \u2060Crear un recurso econ\u00f3mico blindado que no pueda ser reducido, destinado a financiar materiales y adecuaciones educativas.<br \/>\n\u2022\u2060 \u2060Obligar a la traducci\u00f3n de las leyes estatales a formatos visuales y se\u00f1alizados para que la comunidad sorda tenga defensa jur\u00eddica real.<br \/>\n\u2022\u2060 \u2060Garantizar el acceso digital para estudiantes con discapacidad, eliminando la brecha de aprendizaje.<\/p>\n<p>Nalleli Pedraza fue enf\u00e1tica en reconocer que esta propuesta es un triunfo de la participaci\u00f3n ciudadana, destacando el trabajo de las y los parlamentarios: David Gerardo Guzm\u00e1n, Pilar Berenice Mar\u00edn, Sigrid Navarro, M\u00f3nica Z\u00fa\u00f1iga, Nallely Alejandra Salinas, Gemma M\u00e9ndez y Alberto Z\u00fa\u00f1iga.<\/p>\n<p>\u00abMi papel es ser el puente para que sus sue\u00f1os y necesidades se conviertan en leyes. No es justo que las familias tengan que pagar de su bolsillo por un &#8216;gu\u00eda sombra&#8217; o que los servicios de salud y justicia no tengan int\u00e9rpretes certificados. Estamos aqu\u00ed para cambiar eso\u00bb, afirm\u00f3 Pedraza.<\/p>\n<p>Con esta iniciativa, Nalleli Pedraza reafirma que su compromiso es con la transformaci\u00f3n real, donde la inclusi\u00f3n no sea solo una palabra, sino un derecho garantizado por el Estado.<\/p>\n","protected":false},"excerpt":{"rendered":"<p>Esta propuesta fue realizada en conjunto con las y los parlamentarias con Perspectiva de Discapacidad. Es el tercer compilado que entrega ante servicios parlamentarios de la mano con organizaciones y asociaciones con discapacidad. Morelia, Mich.- \u201cEn este Congreso no se legisla m\u00e1s a espaldas del pueblo; hoy, las propuestas de quienes viven d\u00eda a d\u00eda [&hellip;]<\/p>\n","protected":false},"author":9,"featured_media":79196,"comment_status":"closed","ping_status":"closed","sticky":false,"template":"","format":"standard","meta":{"footnotes":""},"categories":[13,22,28,27],"tags":[],"class_list":{"0":"post-79195","1":"post","2":"type-post","3":"status-publish","4":"format-standard","5":"has-post-thumbnail","7":"category-congreso","8":"category-congreso-de-michoacan","9":"category-politica","10":"category-slider"},"yoast_head":"<!-- This site is optimized with the Yoast SEO plugin v24.0 - https:\/\/yoast.com\/wordpress\/plugins\/seo\/ -->\n<title>Impulsa Nalleli Pedraza iniciativa por la justicia social y accesibilidad real para personas con discapacidad - Diario ABC de Michoac\u00e1n<\/title>\n<meta name=\"robots\" content=\"index, follow, max-snippet:-1, max-image-preview:large, max-video-preview:-1\" \/>\n<link rel=\"canonical\" href=\"https:\/\/diarioabcdemichoacan.com.mx\/lasnoticias\/impulsa-nalleli-pedraza-iniciativa-por-la-justicia-social-y-accesibilidad-real-para-personas-con-discapacidad\/\" \/>\n<meta property=\"og:locale\" content=\"es_ES\" \/>\n<meta property=\"og:type\" content=\"article\" \/>\n<meta property=\"og:title\" content=\"Impulsa Nalleli Pedraza iniciativa por la justicia social y accesibilidad real para personas con discapacidad - Diario ABC de Michoac\u00e1n\" \/>\n<meta property=\"og:description\" content=\"Esta propuesta fue realizada en conjunto con las y los parlamentarias con Perspectiva de Discapacidad. Es el tercer compilado que entrega ante servicios parlamentarios de la mano con organizaciones y asociaciones con discapacidad. Morelia, Mich.- \u201cEn este Congreso no se legisla m\u00e1s a espaldas del pueblo; hoy, las propuestas de quienes viven d\u00eda a d\u00eda [&hellip;]\" \/>\n<meta property=\"og:url\" content=\"https:\/\/diarioabcdemichoacan.com.mx\/lasnoticias\/impulsa-nalleli-pedraza-iniciativa-por-la-justicia-social-y-accesibilidad-real-para-personas-con-discapacidad\/\" \/>\n<meta property=\"og:site_name\" content=\"Diario ABC de Michoac\u00e1n\" \/>\n<meta property=\"article:published_time\" content=\"2026-04-30T18:30:54+00:00\" \/>\n<meta property=\"og:image\" content=\"https:\/\/diarioabcdemichoacan.com.mx\/lasnoticias\/wp-content\/uploads\/2026\/04\/WhatsApp-Image-2026-04-29-at-7.00.01-PM-scaled.jpeg\" \/>\n\t<meta property=\"og:image:width\" content=\"2560\" \/>\n\t<meta property=\"og:image:height\" content=\"1707\" \/>\n\t<meta property=\"og:image:type\" content=\"image\/jpeg\" \/>\n<meta name=\"author\" content=\"AR\" \/>\n<meta name=\"twitter:card\" content=\"summary_large_image\" \/>\n<meta name=\"twitter:label1\" content=\"Escrito por\" \/>\n\t<meta name=\"twitter:data1\" content=\"AR\" \/>\n\t<meta name=\"twitter:label2\" content=\"Tiempo de lectura\" \/>\n\t<meta name=\"twitter:data2\" content=\"2 minutos\" \/>\n<script type=\"application\/ld+json\" class=\"yoast-schema-graph\">{\"@context\":\"https:\/\/schema.org\",\"@graph\":[{\"@type\":\"WebPage\",\"@id\":\"https:\/\/diarioabcdemichoacan.com.mx\/lasnoticias\/impulsa-nalleli-pedraza-iniciativa-por-la-justicia-social-y-accesibilidad-real-para-personas-con-discapacidad\/\",\"url\":\"https:\/\/diarioabcdemichoacan.com.mx\/lasnoticias\/impulsa-nalleli-pedraza-iniciativa-por-la-justicia-social-y-accesibilidad-real-para-personas-con-discapacidad\/\",\"name\":\"Impulsa Nalleli Pedraza iniciativa por la justicia social y accesibilidad real para personas con discapacidad - Diario ABC de Michoac\u00e1n\",\"isPartOf\":{\"@id\":\"https:\/\/diarioabcdemichoacan.com.mx\/lasnoticias\/#website\"},\"primaryImageOfPage\":{\"@id\":\"https:\/\/diarioabcdemichoacan.com.mx\/lasnoticias\/impulsa-nalleli-pedraza-iniciativa-por-la-justicia-social-y-accesibilidad-real-para-personas-con-discapacidad\/#primaryimage\"},\"image\":{\"@id\":\"https:\/\/diarioabcdemichoacan.com.mx\/lasnoticias\/impulsa-nalleli-pedraza-iniciativa-por-la-justicia-social-y-accesibilidad-real-para-personas-con-discapacidad\/#primaryimage\"},\"thumbnailUrl\":\"https:\/\/diarioabcdemichoacan.com.mx\/lasnoticias\/wp-content\/uploads\/2026\/04\/WhatsApp-Image-2026-04-29-at-7.00.01-PM-scaled.jpeg\",\"datePublished\":\"2026-04-30T18:30:54+00:00\",\"dateModified\":\"2026-04-30T18:30:54+00:00\",\"author\":{\"@id\":\"https:\/\/diarioabcdemichoacan.com.mx\/lasnoticias\/#\/schema\/person\/19ae376040f6cbc489682ebdd8524852\"},\"breadcrumb\":{\"@id\":\"https:\/\/diarioabcdemichoacan.com.mx\/lasnoticias\/impulsa-nalleli-pedraza-iniciativa-por-la-justicia-social-y-accesibilidad-real-para-personas-con-discapacidad\/#breadcrumb\"},\"inLanguage\":\"es\",\"potentialAction\":[{\"@type\":\"ReadAction\",\"target\":[\"https:\/\/diarioabcdemichoacan.com.mx\/lasnoticias\/impulsa-nalleli-pedraza-iniciativa-por-la-justicia-social-y-accesibilidad-real-para-personas-con-discapacidad\/\"]}]},{\"@type\":\"ImageObject\",\"inLanguage\":\"es\",\"@id\":\"https:\/\/diarioabcdemichoacan.com.mx\/lasnoticias\/impulsa-nalleli-pedraza-iniciativa-por-la-justicia-social-y-accesibilidad-real-para-personas-con-discapacidad\/#primaryimage\",\"url\":\"https:\/\/diarioabcdemichoacan.com.mx\/lasnoticias\/wp-content\/uploads\/2026\/04\/WhatsApp-Image-2026-04-29-at-7.00.01-PM-scaled.jpeg\",\"contentUrl\":\"https:\/\/diarioabcdemichoacan.com.mx\/lasnoticias\/wp-content\/uploads\/2026\/04\/WhatsApp-Image-2026-04-29-at-7.00.01-PM-scaled.jpeg\",\"width\":2560,\"height\":1707},{\"@type\":\"BreadcrumbList\",\"@id\":\"https:\/\/diarioabcdemichoacan.com.mx\/lasnoticias\/impulsa-nalleli-pedraza-iniciativa-por-la-justicia-social-y-accesibilidad-real-para-personas-con-discapacidad\/#breadcrumb\",\"itemListElement\":[{\"@type\":\"ListItem\",\"position\":1,\"name\":\"Portada\",\"item\":\"https:\/\/diarioabcdemichoacan.com.mx\/lasnoticias\/\"},{\"@type\":\"ListItem\",\"position\":2,\"name\":\"Impulsa Nalleli Pedraza iniciativa por la justicia social y accesibilidad real para personas con discapacidad\"}]},{\"@type\":\"WebSite\",\"@id\":\"https:\/\/diarioabcdemichoacan.com.mx\/lasnoticias\/#website\",\"url\":\"https:\/\/diarioabcdemichoacan.com.mx\/lasnoticias\/\",\"name\":\"Diario ABC de Michoac\u00e1n\",\"description\":\"Las noticias al momento\",\"potentialAction\":[{\"@type\":\"SearchAction\",\"target\":{\"@type\":\"EntryPoint\",\"urlTemplate\":\"https:\/\/diarioabcdemichoacan.com.mx\/lasnoticias\/?s={search_term_string}\"},\"query-input\":{\"@type\":\"PropertyValueSpecification\",\"valueRequired\":true,\"valueName\":\"search_term_string\"}}],\"inLanguage\":\"es\"},{\"@type\":\"Person\",\"@id\":\"https:\/\/diarioabcdemichoacan.com.mx\/lasnoticias\/#\/schema\/person\/19ae376040f6cbc489682ebdd8524852\",\"name\":\"AR\",\"image\":{\"@type\":\"ImageObject\",\"inLanguage\":\"es\",\"@id\":\"https:\/\/diarioabcdemichoacan.com.mx\/lasnoticias\/#\/schema\/person\/image\/\",\"url\":\"https:\/\/secure.gravatar.com\/avatar\/44eca2ff970262234e20e1e082872af0?s=96&d=mm&r=g\",\"contentUrl\":\"https:\/\/secure.gravatar.com\/avatar\/44eca2ff970262234e20e1e082872af0?s=96&d=mm&r=g\",\"caption\":\"AR\"},\"url\":\"https:\/\/diarioabcdemichoacan.com.mx\/lasnoticias\/author\/adrian\/\"}]}<\/script>\n<!-- \/ Yoast SEO plugin. -->","yoast_head_json":{"title":"Impulsa Nalleli Pedraza iniciativa por la justicia social y accesibilidad real para personas con discapacidad - Diario ABC de Michoac\u00e1n","robots":{"index":"index","follow":"follow","max-snippet":"max-snippet:-1","max-image-preview":"max-image-preview:large","max-video-preview":"max-video-preview:-1"},"canonical":"https:\/\/diarioabcdemichoacan.com.mx\/lasnoticias\/impulsa-nalleli-pedraza-iniciativa-por-la-justicia-social-y-accesibilidad-real-para-personas-con-discapacidad\/","og_locale":"es_ES","og_type":"article","og_title":"Impulsa Nalleli Pedraza iniciativa por la justicia social y accesibilidad real para personas con discapacidad - Diario ABC de Michoac\u00e1n","og_description":"Esta propuesta fue realizada en conjunto con las y los parlamentarias con Perspectiva de Discapacidad. Es el tercer compilado que entrega ante servicios parlamentarios de la mano con organizaciones y asociaciones con discapacidad. Morelia, Mich.- \u201cEn este Congreso no se legisla m\u00e1s a espaldas del pueblo; hoy, las propuestas de quienes viven d\u00eda a d\u00eda [&hellip;]","og_url":"https:\/\/diarioabcdemichoacan.com.mx\/lasnoticias\/impulsa-nalleli-pedraza-iniciativa-por-la-justicia-social-y-accesibilidad-real-para-personas-con-discapacidad\/","og_site_name":"Diario ABC de Michoac\u00e1n","article_published_time":"2026-04-30T18:30:54+00:00","og_image":[{"width":2560,"height":1707,"url":"https:\/\/diarioabcdemichoacan.com.mx\/lasnoticias\/wp-content\/uploads\/2026\/04\/WhatsApp-Image-2026-04-29-at-7.00.01-PM-scaled.jpeg","type":"image\/jpeg"}],"author":"AR","twitter_card":"summary_large_image","twitter_misc":{"Escrito por":"AR","Tiempo de lectura":"2 minutos"},"schema":{"@context":"https:\/\/schema.org","@graph":[{"@type":"WebPage","@id":"https:\/\/diarioabcdemichoacan.com.mx\/lasnoticias\/impulsa-nalleli-pedraza-iniciativa-por-la-justicia-social-y-accesibilidad-real-para-personas-con-discapacidad\/","url":"https:\/\/diarioabcdemichoacan.com.mx\/lasnoticias\/impulsa-nalleli-pedraza-iniciativa-por-la-justicia-social-y-accesibilidad-real-para-personas-con-discapacidad\/","name":"Impulsa Nalleli Pedraza iniciativa por la justicia social y accesibilidad real para personas con discapacidad - Diario ABC de Michoac\u00e1n","isPartOf":{"@id":"https:\/\/diarioabcdemichoacan.com.mx\/lasnoticias\/#website"},"primaryImageOfPage":{"@id":"https:\/\/diarioabcdemichoacan.com.mx\/lasnoticias\/impulsa-nalleli-pedraza-iniciativa-por-la-justicia-social-y-accesibilidad-real-para-personas-con-discapacidad\/#primaryimage"},"image":{"@id":"https:\/\/diarioabcdemichoacan.com.mx\/lasnoticias\/impulsa-nalleli-pedraza-iniciativa-por-la-justicia-social-y-accesibilidad-real-para-personas-con-discapacidad\/#primaryimage"},"thumbnailUrl":"https:\/\/diarioabcdemichoacan.com.mx\/lasnoticias\/wp-content\/uploads\/2026\/04\/WhatsApp-Image-2026-04-29-at-7.00.01-PM-scaled.jpeg","datePublished":"2026-04-30T18:30:54+00:00","dateModified":"2026-04-30T18:30:54+00:00","author":{"@id":"https:\/\/diarioabcdemichoacan.com.mx\/lasnoticias\/#\/schema\/person\/19ae376040f6cbc489682ebdd8524852"},"breadcrumb":{"@id":"https:\/\/diarioabcdemichoacan.com.mx\/lasnoticias\/impulsa-nalleli-pedraza-iniciativa-por-la-justicia-social-y-accesibilidad-real-para-personas-con-discapacidad\/#breadcrumb"},"inLanguage":"es","potentialAction":[{"@type":"ReadAction","target":["https:\/\/diarioabcdemichoacan.com.mx\/lasnoticias\/impulsa-nalleli-pedraza-iniciativa-por-la-justicia-social-y-accesibilidad-real-para-personas-con-discapacidad\/"]}]},{"@type":"ImageObject","inLanguage":"es","@id":"https:\/\/diarioabcdemichoacan.com.mx\/lasnoticias\/impulsa-nalleli-pedraza-iniciativa-por-la-justicia-social-y-accesibilidad-real-para-personas-con-discapacidad\/#primaryimage","url":"https:\/\/diarioabcdemichoacan.com.mx\/lasnoticias\/wp-content\/uploads\/2026\/04\/WhatsApp-Image-2026-04-29-at-7.00.01-PM-scaled.jpeg","contentUrl":"https:\/\/diarioabcdemichoacan.com.mx\/lasnoticias\/wp-content\/uploads\/2026\/04\/WhatsApp-Image-2026-04-29-at-7.00.01-PM-scaled.jpeg","width":2560,"height":1707},{"@type":"BreadcrumbList","@id":"https:\/\/diarioabcdemichoacan.com.mx\/lasnoticias\/impulsa-nalleli-pedraza-iniciativa-por-la-justicia-social-y-accesibilidad-real-para-personas-con-discapacidad\/#breadcrumb","itemListElement":[{"@type":"ListItem","position":1,"name":"Portada","item":"https:\/\/diarioabcdemichoacan.com.mx\/lasnoticias\/"},{"@type":"ListItem","position":2,"name":"Impulsa Nalleli Pedraza iniciativa por la justicia social y accesibilidad real para personas con discapacidad"}]},{"@type":"WebSite","@id":"https:\/\/diarioabcdemichoacan.com.mx\/lasnoticias\/#website","url":"https:\/\/diarioabcdemichoacan.com.mx\/lasnoticias\/","name":"Diario ABC de Michoac\u00e1n","description":"Las noticias al momento","potentialAction":[{"@type":"SearchAction","target":{"@type":"EntryPoint","urlTemplate":"https:\/\/diarioabcdemichoacan.com.mx\/lasnoticias\/?s={search_term_string}"},"query-input":{"@type":"PropertyValueSpecification","valueRequired":true,"valueName":"search_term_string"}}],"inLanguage":"es"},{"@type":"Person","@id":"https:\/\/diarioabcdemichoacan.com.mx\/lasnoticias\/#\/schema\/person\/19ae376040f6cbc489682ebdd8524852","name":"AR","image":{"@type":"ImageObject","inLanguage":"es","@id":"https:\/\/diarioabcdemichoacan.com.mx\/lasnoticias\/#\/schema\/person\/image\/","url":"https:\/\/secure.gravatar.com\/avatar\/44eca2ff970262234e20e1e082872af0?s=96&d=mm&r=g","contentUrl":"https:\/\/secure.gravatar.com\/avatar\/44eca2ff970262234e20e1e082872af0?s=96&d=mm&r=g","caption":"AR"},"url":"https:\/\/diarioabcdemichoacan.com.mx\/lasnoticias\/author\/adrian\/"}]}},"_links":{"self":[{"href":"https:\/\/diarioabcdemichoacan.com.mx\/lasnoticias\/wp-json\/wp\/v2\/posts\/79195","targetHints":{"allow":["GET"]}}],"collection":[{"href":"https:\/\/diarioabcdemichoacan.com.mx\/lasnoticias\/wp-json\/wp\/v2\/posts"}],"about":[{"href":"https:\/\/diarioabcdemichoacan.com.mx\/lasnoticias\/wp-json\/wp\/v2\/types\/post"}],"author":[{"embeddable":true,"href":"https:\/\/diarioabcdemichoacan.com.mx\/lasnoticias\/wp-json\/wp\/v2\/users\/9"}],"replies":[{"embeddable":true,"href":"https:\/\/diarioabcdemichoacan.com.mx\/lasnoticias\/wp-json\/wp\/v2\/comments?post=79195"}],"version-history":[{"count":1,"href":"https:\/\/diarioabcdemichoacan.com.mx\/lasnoticias\/wp-json\/wp\/v2\/posts\/79195\/revisions"}],"predecessor-version":[{"id":79197,"href":"https:\/\/diarioabcdemichoacan.com.mx\/lasnoticias\/wp-json\/wp\/v2\/posts\/79195\/revisions\/79197"}],"wp:featuredmedia":[{"embeddable":true,"href":"https:\/\/diarioabcdemichoacan.com.mx\/lasnoticias\/wp-json\/wp\/v2\/media\/79196"}],"wp:attachment":[{"href":"https:\/\/diarioabcdemichoacan.com.mx\/lasnoticias\/wp-json\/wp\/v2\/media?parent=79195"}],"wp:term":[{"taxonomy":"category","embeddable":true,"href":"https:\/\/diarioabcdemichoacan.com.mx\/lasnoticias\/wp-json\/wp\/v2\/categories?post=79195"},{"taxonomy":"post_tag","embeddable":true,"href":"https:\/\/diarioabcdemichoacan.com.mx\/lasnoticias\/wp-json\/wp\/v2\/tags?post=79195"}],"curies":[{"name":"wp","href":"https:\/\/api.w.org\/{rel}","templated":true}]}}