{"id":79198,"date":"2026-04-30T12:32:21","date_gmt":"2026-04-30T18:32:21","guid":{"rendered":"https:\/\/diarioabcdemichoacan.com.mx\/lasnoticias\/?p=79198"},"modified":"2026-04-30T12:32:21","modified_gmt":"2026-04-30T18:32:21","slug":"paola-delgadillo-y-alfonso-martinez-invitan-a-celebrar-dia-de-la-ninez-con-show-gratuito-de-las-guerreras-k-pop","status":"publish","type":"post","link":"https:\/\/diarioabcdemichoacan.com.mx\/lasnoticias\/paola-delgadillo-y-alfonso-martinez-invitan-a-celebrar-dia-de-la-ninez-con-show-gratuito-de-las-guerreras-k-pop\/","title":{"rendered":"Paola Delgadillo y Alfonso Mart\u00ednez invitan a celebrar D\u00eda de la Ni\u00f1ez con show gratuito de Las Guerreras K-Pop"},"content":{"rendered":"<h2>La cita en la Plaza Valladolid conocida como \u201cSan Francisco\u201d este jueves 30 de abril<\/h2>\n<ul>\n<li>Presentaci\u00f3n del payaso Chocolat\u00edn, Maraca y Pandereta y videomapping especial<\/li>\n<\/ul>\n<p>&nbsp;<\/p>\n<hr \/>\n<p>Morelia, Mich.- La Presidenta del DIF Morelia, Paola Delgadillo Hern\u00e1ndez, invita a las familias morelianas a celebrar el D\u00eda de la Ni\u00f1ez en el evento de cierre del programa \u201cH\u00e9roes por la Paz\u201d, que se llevar\u00e1 a cabo este jueves 30 de abril en la Plaza Valladolid (San Francisco), con acceso gratuito y actividades dirigidas a ni\u00f1as y ni\u00f1os.<\/p>\n<p>La presidenta honoraria del DIF Morelia, destac\u00f3 que este cierre representa la oportunidad de compartir en familia un espacio que, adem\u00e1s de recreaci\u00f3n, promueve valores que fortalecen la convivencia desde la infancia.<\/p>\n<p>Como parte de esta jornada, a las 6:30 de la tarde se presentar\u00e1 \u00a1El aut\u00e9ntico! show en vivo Las Guerreras K-Pop Tributo Morelia, un espect\u00e1culo de baile pensado para fomentar la expresi\u00f3n, la confianza y el trabajo en equipo entre la ni\u00f1ez.<\/p>\n<p>Este encuentro, detall\u00f3 el alcalde Alfonso Mart\u00ednez Alc\u00e1zar, marca el cierre de una iniciativa que, durante el mes de abril, recorri\u00f3 14 tenencias y la ciudad de Morelia, acercando actividades formativas y recreativas a m\u00e1s de 15 mil ni\u00f1as y ni\u00f1os en distintas zonas del municipio.<\/p>\n<p>*El programa art\u00edstico iniciar\u00e1 a partir de las 4:00 pm* con la presentaci\u00f3n del Payaso Chocolat\u00edn; continuar\u00e1 a las 5:00 pm con la obra de teatro clown \u201cMaraca y Pandereta\u201d; a las 6:30 pm se presentar\u00e1 \u00a1El aut\u00e9ntico! show en vivo Las Guerreras K-Pop Tributo Morelia; y concluir\u00e1 a las 8:00 pm con un espect\u00e1culo de mapping en el coraz\u00f3n de la ciudad.<\/p>\n<p>Adem\u00e1s de las presentaciones, las familias podr\u00e1n disfrutar de alimentos, bebidas y diversas sorpresas, en un entorno que promueve la convivencia y el disfrute compartido.<\/p>\n<p>\u201cLa paz se construye todos los d\u00edas, en c\u00f3mo nos relacionamos y en los valores que fomentamos; por eso es importante generar experiencias que adem\u00e1s de divertir, dejen aprendizajes\u201d, destac\u00f3 la presidenta del DIF Morelia, Paola Delgadillo, recordando que estos espacios permiten reforzar valores desde la infancia.<\/p>\n<p>Con estas acciones, el DIF Morelia refrenda su compromiso de generar espacios accesibles y formativos para la ni\u00f1ez, contribuyendo a la construcci\u00f3n de una ciudad m\u00e1s arm\u00f3nica y el mejor lugar para vivir.<\/p>\n","protected":false},"excerpt":{"rendered":"<p>La cita en la Plaza Valladolid conocida como \u201cSan Francisco\u201d este jueves 30 de abril Presentaci\u00f3n del payaso Chocolat\u00edn, Maraca y Pandereta y videomapping especial &nbsp; Morelia, Mich.- La Presidenta del DIF Morelia, Paola Delgadillo Hern\u00e1ndez, invita a las familias morelianas a celebrar el D\u00eda de la Ni\u00f1ez en el evento de cierre del programa [&hellip;]<\/p>\n","protected":false},"author":9,"featured_media":79199,"comment_status":"closed","ping_status":"closed","sticky":false,"template":"","format":"standard","meta":{"footnotes":""},"categories":[18,7,28,27],"tags":[],"class_list":{"0":"post-79198","1":"post","2":"type-post","3":"status-publish","4":"format-standard","5":"has-post-thumbnail","7":"category-ayuntamiento-de-morelia","8":"category-morelia","9":"category-politica","10":"category-slider"},"yoast_head":"<!-- This site is optimized with the Yoast SEO plugin v24.0 - https:\/\/yoast.com\/wordpress\/plugins\/seo\/ -->\n<title>Paola Delgadillo y Alfonso Mart\u00ednez invitan a celebrar D\u00eda de la Ni\u00f1ez con show gratuito de Las Guerreras K-Pop - Diario ABC de Michoac\u00e1n<\/title>\n<meta name=\"robots\" content=\"index, follow, max-snippet:-1, max-image-preview:large, max-video-preview:-1\" \/>\n<link rel=\"canonical\" href=\"https:\/\/diarioabcdemichoacan.com.mx\/lasnoticias\/paola-delgadillo-y-alfonso-martinez-invitan-a-celebrar-dia-de-la-ninez-con-show-gratuito-de-las-guerreras-k-pop\/\" \/>\n<meta property=\"og:locale\" content=\"es_ES\" \/>\n<meta property=\"og:type\" content=\"article\" \/>\n<meta property=\"og:title\" content=\"Paola Delgadillo y Alfonso Mart\u00ednez invitan a celebrar D\u00eda de la Ni\u00f1ez con show gratuito de Las Guerreras K-Pop - Diario ABC de Michoac\u00e1n\" \/>\n<meta property=\"og:description\" content=\"La cita en la Plaza Valladolid conocida como \u201cSan Francisco\u201d este jueves 30 de abril Presentaci\u00f3n del payaso Chocolat\u00edn, Maraca y Pandereta y videomapping especial &nbsp; Morelia, Mich.- La Presidenta del DIF Morelia, Paola Delgadillo Hern\u00e1ndez, invita a las familias morelianas a celebrar el D\u00eda de la Ni\u00f1ez en el evento de cierre del programa [&hellip;]\" \/>\n<meta property=\"og:url\" content=\"https:\/\/diarioabcdemichoacan.com.mx\/lasnoticias\/paola-delgadillo-y-alfonso-martinez-invitan-a-celebrar-dia-de-la-ninez-con-show-gratuito-de-las-guerreras-k-pop\/\" \/>\n<meta property=\"og:site_name\" content=\"Diario ABC de Michoac\u00e1n\" \/>\n<meta property=\"article:published_time\" content=\"2026-04-30T18:32:21+00:00\" \/>\n<meta property=\"og:image\" content=\"https:\/\/diarioabcdemichoacan.com.mx\/lasnoticias\/wp-content\/uploads\/2026\/04\/WhatsApp-Image-2026-04-29-at-6.41.29-PM.jpeg\" \/>\n\t<meta property=\"og:image:width\" content=\"1234\" \/>\n\t<meta property=\"og:image:height\" content=\"1600\" \/>\n\t<meta property=\"og:image:type\" content=\"image\/jpeg\" \/>\n<meta name=\"author\" content=\"AR\" \/>\n<meta name=\"twitter:card\" content=\"summary_large_image\" \/>\n<meta name=\"twitter:label1\" content=\"Escrito por\" \/>\n\t<meta name=\"twitter:data1\" content=\"AR\" \/>\n\t<meta name=\"twitter:label2\" content=\"Tiempo de lectura\" \/>\n\t<meta name=\"twitter:data2\" content=\"2 minutos\" \/>\n<script type=\"application\/ld+json\" class=\"yoast-schema-graph\">{\"@context\":\"https:\/\/schema.org\",\"@graph\":[{\"@type\":\"WebPage\",\"@id\":\"https:\/\/diarioabcdemichoacan.com.mx\/lasnoticias\/paola-delgadillo-y-alfonso-martinez-invitan-a-celebrar-dia-de-la-ninez-con-show-gratuito-de-las-guerreras-k-pop\/\",\"url\":\"https:\/\/diarioabcdemichoacan.com.mx\/lasnoticias\/paola-delgadillo-y-alfonso-martinez-invitan-a-celebrar-dia-de-la-ninez-con-show-gratuito-de-las-guerreras-k-pop\/\",\"name\":\"Paola Delgadillo y Alfonso Mart\u00ednez invitan a celebrar D\u00eda de la Ni\u00f1ez con show gratuito de Las Guerreras K-Pop - Diario ABC de Michoac\u00e1n\",\"isPartOf\":{\"@id\":\"https:\/\/diarioabcdemichoacan.com.mx\/lasnoticias\/#website\"},\"primaryImageOfPage\":{\"@id\":\"https:\/\/diarioabcdemichoacan.com.mx\/lasnoticias\/paola-delgadillo-y-alfonso-martinez-invitan-a-celebrar-dia-de-la-ninez-con-show-gratuito-de-las-guerreras-k-pop\/#primaryimage\"},\"image\":{\"@id\":\"https:\/\/diarioabcdemichoacan.com.mx\/lasnoticias\/paola-delgadillo-y-alfonso-martinez-invitan-a-celebrar-dia-de-la-ninez-con-show-gratuito-de-las-guerreras-k-pop\/#primaryimage\"},\"thumbnailUrl\":\"https:\/\/diarioabcdemichoacan.com.mx\/lasnoticias\/wp-content\/uploads\/2026\/04\/WhatsApp-Image-2026-04-29-at-6.41.29-PM.jpeg\",\"datePublished\":\"2026-04-30T18:32:21+00:00\",\"dateModified\":\"2026-04-30T18:32:21+00:00\",\"author\":{\"@id\":\"https:\/\/diarioabcdemichoacan.com.mx\/lasnoticias\/#\/schema\/person\/19ae376040f6cbc489682ebdd8524852\"},\"breadcrumb\":{\"@id\":\"https:\/\/diarioabcdemichoacan.com.mx\/lasnoticias\/paola-delgadillo-y-alfonso-martinez-invitan-a-celebrar-dia-de-la-ninez-con-show-gratuito-de-las-guerreras-k-pop\/#breadcrumb\"},\"inLanguage\":\"es\",\"potentialAction\":[{\"@type\":\"ReadAction\",\"target\":[\"https:\/\/diarioabcdemichoacan.com.mx\/lasnoticias\/paola-delgadillo-y-alfonso-martinez-invitan-a-celebrar-dia-de-la-ninez-con-show-gratuito-de-las-guerreras-k-pop\/\"]}]},{\"@type\":\"ImageObject\",\"inLanguage\":\"es\",\"@id\":\"https:\/\/diarioabcdemichoacan.com.mx\/lasnoticias\/paola-delgadillo-y-alfonso-martinez-invitan-a-celebrar-dia-de-la-ninez-con-show-gratuito-de-las-guerreras-k-pop\/#primaryimage\",\"url\":\"https:\/\/diarioabcdemichoacan.com.mx\/lasnoticias\/wp-content\/uploads\/2026\/04\/WhatsApp-Image-2026-04-29-at-6.41.29-PM.jpeg\",\"contentUrl\":\"https:\/\/diarioabcdemichoacan.com.mx\/lasnoticias\/wp-content\/uploads\/2026\/04\/WhatsApp-Image-2026-04-29-at-6.41.29-PM.jpeg\",\"width\":1234,\"height\":1600},{\"@type\":\"BreadcrumbList\",\"@id\":\"https:\/\/diarioabcdemichoacan.com.mx\/lasnoticias\/paola-delgadillo-y-alfonso-martinez-invitan-a-celebrar-dia-de-la-ninez-con-show-gratuito-de-las-guerreras-k-pop\/#breadcrumb\",\"itemListElement\":[{\"@type\":\"ListItem\",\"position\":1,\"name\":\"Portada\",\"item\":\"https:\/\/diarioabcdemichoacan.com.mx\/lasnoticias\/\"},{\"@type\":\"ListItem\",\"position\":2,\"name\":\"Paola Delgadillo y Alfonso Mart\u00ednez invitan a celebrar D\u00eda de la Ni\u00f1ez con show gratuito de Las Guerreras K-Pop\"}]},{\"@type\":\"WebSite\",\"@id\":\"https:\/\/diarioabcdemichoacan.com.mx\/lasnoticias\/#website\",\"url\":\"https:\/\/diarioabcdemichoacan.com.mx\/lasnoticias\/\",\"name\":\"Diario ABC de Michoac\u00e1n\",\"description\":\"Las noticias al momento\",\"potentialAction\":[{\"@type\":\"SearchAction\",\"target\":{\"@type\":\"EntryPoint\",\"urlTemplate\":\"https:\/\/diarioabcdemichoacan.com.mx\/lasnoticias\/?s={search_term_string}\"},\"query-input\":{\"@type\":\"PropertyValueSpecification\",\"valueRequired\":true,\"valueName\":\"search_term_string\"}}],\"inLanguage\":\"es\"},{\"@type\":\"Person\",\"@id\":\"https:\/\/diarioabcdemichoacan.com.mx\/lasnoticias\/#\/schema\/person\/19ae376040f6cbc489682ebdd8524852\",\"name\":\"AR\",\"image\":{\"@type\":\"ImageObject\",\"inLanguage\":\"es\",\"@id\":\"https:\/\/diarioabcdemichoacan.com.mx\/lasnoticias\/#\/schema\/person\/image\/\",\"url\":\"https:\/\/secure.gravatar.com\/avatar\/44eca2ff970262234e20e1e082872af0?s=96&d=mm&r=g\",\"contentUrl\":\"https:\/\/secure.gravatar.com\/avatar\/44eca2ff970262234e20e1e082872af0?s=96&d=mm&r=g\",\"caption\":\"AR\"},\"url\":\"https:\/\/diarioabcdemichoacan.com.mx\/lasnoticias\/author\/adrian\/\"}]}<\/script>\n<!-- \/ Yoast SEO plugin. -->","yoast_head_json":{"title":"Paola Delgadillo y Alfonso Mart\u00ednez invitan a celebrar D\u00eda de la Ni\u00f1ez con show gratuito de Las Guerreras K-Pop - Diario ABC de Michoac\u00e1n","robots":{"index":"index","follow":"follow","max-snippet":"max-snippet:-1","max-image-preview":"max-image-preview:large","max-video-preview":"max-video-preview:-1"},"canonical":"https:\/\/diarioabcdemichoacan.com.mx\/lasnoticias\/paola-delgadillo-y-alfonso-martinez-invitan-a-celebrar-dia-de-la-ninez-con-show-gratuito-de-las-guerreras-k-pop\/","og_locale":"es_ES","og_type":"article","og_title":"Paola Delgadillo y Alfonso Mart\u00ednez invitan a celebrar D\u00eda de la Ni\u00f1ez con show gratuito de Las Guerreras K-Pop - Diario ABC de Michoac\u00e1n","og_description":"La cita en la Plaza Valladolid conocida como \u201cSan Francisco\u201d este jueves 30 de abril Presentaci\u00f3n del payaso Chocolat\u00edn, Maraca y Pandereta y videomapping especial &nbsp; Morelia, Mich.- La Presidenta del DIF Morelia, Paola Delgadillo Hern\u00e1ndez, invita a las familias morelianas a celebrar el D\u00eda de la Ni\u00f1ez en el evento de cierre del programa [&hellip;]","og_url":"https:\/\/diarioabcdemichoacan.com.mx\/lasnoticias\/paola-delgadillo-y-alfonso-martinez-invitan-a-celebrar-dia-de-la-ninez-con-show-gratuito-de-las-guerreras-k-pop\/","og_site_name":"Diario ABC de Michoac\u00e1n","article_published_time":"2026-04-30T18:32:21+00:00","og_image":[{"width":1234,"height":1600,"url":"https:\/\/diarioabcdemichoacan.com.mx\/lasnoticias\/wp-content\/uploads\/2026\/04\/WhatsApp-Image-2026-04-29-at-6.41.29-PM.jpeg","type":"image\/jpeg"}],"author":"AR","twitter_card":"summary_large_image","twitter_misc":{"Escrito por":"AR","Tiempo de lectura":"2 minutos"},"schema":{"@context":"https:\/\/schema.org","@graph":[{"@type":"WebPage","@id":"https:\/\/diarioabcdemichoacan.com.mx\/lasnoticias\/paola-delgadillo-y-alfonso-martinez-invitan-a-celebrar-dia-de-la-ninez-con-show-gratuito-de-las-guerreras-k-pop\/","url":"https:\/\/diarioabcdemichoacan.com.mx\/lasnoticias\/paola-delgadillo-y-alfonso-martinez-invitan-a-celebrar-dia-de-la-ninez-con-show-gratuito-de-las-guerreras-k-pop\/","name":"Paola Delgadillo y Alfonso Mart\u00ednez invitan a celebrar D\u00eda de la Ni\u00f1ez con show gratuito de Las Guerreras K-Pop - Diario ABC de Michoac\u00e1n","isPartOf":{"@id":"https:\/\/diarioabcdemichoacan.com.mx\/lasnoticias\/#website"},"primaryImageOfPage":{"@id":"https:\/\/diarioabcdemichoacan.com.mx\/lasnoticias\/paola-delgadillo-y-alfonso-martinez-invitan-a-celebrar-dia-de-la-ninez-con-show-gratuito-de-las-guerreras-k-pop\/#primaryimage"},"image":{"@id":"https:\/\/diarioabcdemichoacan.com.mx\/lasnoticias\/paola-delgadillo-y-alfonso-martinez-invitan-a-celebrar-dia-de-la-ninez-con-show-gratuito-de-las-guerreras-k-pop\/#primaryimage"},"thumbnailUrl":"https:\/\/diarioabcdemichoacan.com.mx\/lasnoticias\/wp-content\/uploads\/2026\/04\/WhatsApp-Image-2026-04-29-at-6.41.29-PM.jpeg","datePublished":"2026-04-30T18:32:21+00:00","dateModified":"2026-04-30T18:32:21+00:00","author":{"@id":"https:\/\/diarioabcdemichoacan.com.mx\/lasnoticias\/#\/schema\/person\/19ae376040f6cbc489682ebdd8524852"},"breadcrumb":{"@id":"https:\/\/diarioabcdemichoacan.com.mx\/lasnoticias\/paola-delgadillo-y-alfonso-martinez-invitan-a-celebrar-dia-de-la-ninez-con-show-gratuito-de-las-guerreras-k-pop\/#breadcrumb"},"inLanguage":"es","potentialAction":[{"@type":"ReadAction","target":["https:\/\/diarioabcdemichoacan.com.mx\/lasnoticias\/paola-delgadillo-y-alfonso-martinez-invitan-a-celebrar-dia-de-la-ninez-con-show-gratuito-de-las-guerreras-k-pop\/"]}]},{"@type":"ImageObject","inLanguage":"es","@id":"https:\/\/diarioabcdemichoacan.com.mx\/lasnoticias\/paola-delgadillo-y-alfonso-martinez-invitan-a-celebrar-dia-de-la-ninez-con-show-gratuito-de-las-guerreras-k-pop\/#primaryimage","url":"https:\/\/diarioabcdemichoacan.com.mx\/lasnoticias\/wp-content\/uploads\/2026\/04\/WhatsApp-Image-2026-04-29-at-6.41.29-PM.jpeg","contentUrl":"https:\/\/diarioabcdemichoacan.com.mx\/lasnoticias\/wp-content\/uploads\/2026\/04\/WhatsApp-Image-2026-04-29-at-6.41.29-PM.jpeg","width":1234,"height":1600},{"@type":"BreadcrumbList","@id":"https:\/\/diarioabcdemichoacan.com.mx\/lasnoticias\/paola-delgadillo-y-alfonso-martinez-invitan-a-celebrar-dia-de-la-ninez-con-show-gratuito-de-las-guerreras-k-pop\/#breadcrumb","itemListElement":[{"@type":"ListItem","position":1,"name":"Portada","item":"https:\/\/diarioabcdemichoacan.com.mx\/lasnoticias\/"},{"@type":"ListItem","position":2,"name":"Paola Delgadillo y Alfonso Mart\u00ednez invitan a celebrar D\u00eda de la Ni\u00f1ez con show gratuito de Las Guerreras K-Pop"}]},{"@type":"WebSite","@id":"https:\/\/diarioabcdemichoacan.com.mx\/lasnoticias\/#website","url":"https:\/\/diarioabcdemichoacan.com.mx\/lasnoticias\/","name":"Diario ABC de Michoac\u00e1n","description":"Las noticias al momento","potentialAction":[{"@type":"SearchAction","target":{"@type":"EntryPoint","urlTemplate":"https:\/\/diarioabcdemichoacan.com.mx\/lasnoticias\/?s={search_term_string}"},"query-input":{"@type":"PropertyValueSpecification","valueRequired":true,"valueName":"search_term_string"}}],"inLanguage":"es"},{"@type":"Person","@id":"https:\/\/diarioabcdemichoacan.com.mx\/lasnoticias\/#\/schema\/person\/19ae376040f6cbc489682ebdd8524852","name":"AR","image":{"@type":"ImageObject","inLanguage":"es","@id":"https:\/\/diarioabcdemichoacan.com.mx\/lasnoticias\/#\/schema\/person\/image\/","url":"https:\/\/secure.gravatar.com\/avatar\/44eca2ff970262234e20e1e082872af0?s=96&d=mm&r=g","contentUrl":"https:\/\/secure.gravatar.com\/avatar\/44eca2ff970262234e20e1e082872af0?s=96&d=mm&r=g","caption":"AR"},"url":"https:\/\/diarioabcdemichoacan.com.mx\/lasnoticias\/author\/adrian\/"}]}},"_links":{"self":[{"href":"https:\/\/diarioabcdemichoacan.com.mx\/lasnoticias\/wp-json\/wp\/v2\/posts\/79198","targetHints":{"allow":["GET"]}}],"collection":[{"href":"https:\/\/diarioabcdemichoacan.com.mx\/lasnoticias\/wp-json\/wp\/v2\/posts"}],"about":[{"href":"https:\/\/diarioabcdemichoacan.com.mx\/lasnoticias\/wp-json\/wp\/v2\/types\/post"}],"author":[{"embeddable":true,"href":"https:\/\/diarioabcdemichoacan.com.mx\/lasnoticias\/wp-json\/wp\/v2\/users\/9"}],"replies":[{"embeddable":true,"href":"https:\/\/diarioabcdemichoacan.com.mx\/lasnoticias\/wp-json\/wp\/v2\/comments?post=79198"}],"version-history":[{"count":1,"href":"https:\/\/diarioabcdemichoacan.com.mx\/lasnoticias\/wp-json\/wp\/v2\/posts\/79198\/revisions"}],"predecessor-version":[{"id":79200,"href":"https:\/\/diarioabcdemichoacan.com.mx\/lasnoticias\/wp-json\/wp\/v2\/posts\/79198\/revisions\/79200"}],"wp:featuredmedia":[{"embeddable":true,"href":"https:\/\/diarioabcdemichoacan.com.mx\/lasnoticias\/wp-json\/wp\/v2\/media\/79199"}],"wp:attachment":[{"href":"https:\/\/diarioabcdemichoacan.com.mx\/lasnoticias\/wp-json\/wp\/v2\/media?parent=79198"}],"wp:term":[{"taxonomy":"category","embeddable":true,"href":"https:\/\/diarioabcdemichoacan.com.mx\/lasnoticias\/wp-json\/wp\/v2\/categories?post=79198"},{"taxonomy":"post_tag","embeddable":true,"href":"https:\/\/diarioabcdemichoacan.com.mx\/lasnoticias\/wp-json\/wp\/v2\/tags?post=79198"}],"curies":[{"name":"wp","href":"https:\/\/api.w.org\/{rel}","templated":true}]}}