{"id":83599,"date":"2026-08-07T14:45:29","date_gmt":"2026-08-07T20:45:29","guid":{"rendered":"https:\/\/diarioabcdemichoacan.com.mx\/lasnoticias\/?p=83599"},"modified":"2026-08-31T14:46:49","modified_gmt":"2026-08-31T20:46:49","slug":"rinde-protesta-directora-de-la-preparatoria-gral-lazaro-cardenas-yarabi-avila-preside-sesion-del-consejo-universitario","status":"publish","type":"post","link":"https:\/\/diarioabcdemichoacan.com.mx\/lasnoticias\/rinde-protesta-directora-de-la-preparatoria-gral-lazaro-cardenas-yarabi-avila-preside-sesion-del-consejo-universitario\/","title":{"rendered":"Rinde protesta directora de la Preparatoria \u201cGral. L\u00e1zaro C\u00e1rdenas\u201d; Yarab\u00ed \u00c1vila preside sesi\u00f3n del Consejo Universitario"},"content":{"rendered":"<p>Durante la sesi\u00f3n del m\u00e1ximo \u00f3rgano de gobierno de la UMSNH se nombr\u00f3 a las y los integrantes de las Comisiones Permanentes y Especiales del Consejo<\/p>\n<hr \/>\n<p>Morelia, Michoac\u00e1n, a 07 de agosto de 2026.- La rectora de la Universidad Michoacana de San Nicol\u00e1s de Hidalgo (UMSNH), Yarab\u00ed \u00c1vila Gonz\u00e1lez, presidi\u00f3 la sesi\u00f3n del Consejo Universitario en la que rindi\u00f3 protesta como directora de la escuela preparatoria \u201cGral. L\u00e1zaro C\u00e1rdenas\u201d, la maestra Teresa de Jes\u00fas Ayala Mata.<\/p><div id=\"diari-2622935164\" class=\"diari-contenido diari-entity-placement\"><img loading=\"lazy\" decoding=\"async\" src=\"https:\/\/diarioabcdemichoacan.com.mx\/lasnoticias\/wp-content\/uploads\/2024\/07\/WhatsApp-Image-2024-05-07-at-10.12.40-a.m.jpeg\" alt=\"\"  srcset=\"https:\/\/diarioabcdemichoacan.com.mx\/lasnoticias\/wp-content\/uploads\/2024\/07\/WhatsApp-Image-2024-05-07-at-10.12.40-a.m.jpeg 400w, https:\/\/diarioabcdemichoacan.com.mx\/lasnoticias\/wp-content\/uploads\/2024\/07\/WhatsApp-Image-2024-05-07-at-10.12.40-a.m-150x150.jpeg 150w, https:\/\/diarioabcdemichoacan.com.mx\/lasnoticias\/wp-content\/uploads\/2024\/07\/WhatsApp-Image-2024-05-07-at-10.12.40-a.m-300x300.jpeg 300w\" sizes=\"(max-width: 400px) 100vw, 400px\" width=\"400\" height=\"400\"  style=\"display: inline-block;\" \/><\/div>\n<p>De igual forma, el pleno realiz\u00f3 la votaci\u00f3n respectiva para la conformaci\u00f3n de las Comisiones Permanentes y Especiales del m\u00e1ximo \u00f3rgano de gobierno de la casa de estudios.<\/p>\n<p>En este marco, el secretario general, Javier Cervantes Rodr\u00edguez, hizo del conocimiento de las y los consejeros, los resultados del proceso de auscultaci\u00f3n para la elecci\u00f3n de la o el director de la preparatoria \u201cGral. L\u00e1zaro C\u00e1rdenas\u201d, en el que la terna estuvo integrada por las maestras Teresa de Jes\u00fas Ayala Mata y Claudia C\u00e1zares Zamora, as\u00ed como por el maestro Mario Hugo Mej\u00eda Navarro, quienes presentaron su proyecto de trabajo y tras la votaci\u00f3n, Ayala Mata obtuvo mayor\u00eda, por lo que estar\u00e1 al frente de la dependencia.<\/p>\n<p>La rectora Yarab\u00ed \u00c1vila tom\u00f3 protesta a la nueva directora y reconoci\u00f3 la labor de la autoridad saliente, de igual forma, dese\u00f3 \u00e9xito en la encomienda a quien asume las funciones como titular del plantel ubicado en la ciudad de Uruapan.<\/p>\n<p>Durante la sesi\u00f3n tambi\u00e9n se realiz\u00f3 el nombramiento de las y los integrantes de las Comisiones Permanentes del Consejo Universitario, como son: Presupuesto y Control; Planeaci\u00f3n y Evaluaci\u00f3n; Organizaci\u00f3n y M\u00e9todos, y la T\u00e9cnico Pedag\u00f3gica.<\/p>\n<p>As\u00ed como de las Comisiones Especiales, las cuales son: para Analizar los Mecanismos de Ingreso a la Universidad; de Reforma Acad\u00e9mica; de Reforma Administrativa; de Reforma Jur\u00eddica; para el Otorgamiento del Grado Honoris Causa; Paritaria de Auscultaci\u00f3n; para el Otorgamiento de la Presea \u201cVasco de Quiroga\u201d; para el Reconocimiento de Profesores Em\u00e9ritos; de Radiodifusi\u00f3n; de Inclusi\u00f3n; de G\u00e9nero, as\u00ed como la de Cultura de Paz.<\/p>\n","protected":false},"excerpt":{"rendered":"<p>Durante la sesi\u00f3n del m\u00e1ximo \u00f3rgano de gobierno de la UMSNH se nombr\u00f3 a las y los integrantes de las Comisiones Permanentes y Especiales del Consejo Morelia, Michoac\u00e1n, a 07 de agosto de 2026.- La rectora de la Universidad Michoacana de San Nicol\u00e1s de Hidalgo (UMSNH), Yarab\u00ed \u00c1vila Gonz\u00e1lez, presidi\u00f3 la sesi\u00f3n del Consejo Universitario [&hellip;]<\/p>\n","protected":false},"author":6,"featured_media":83600,"comment_status":"closed","ping_status":"closed","sticky":false,"template":"","format":"standard","meta":{"footnotes":""},"categories":[15,10,23],"tags":[],"class_list":["post-83599","post","type-post","status-publish","format-standard","has-post-thumbnail","category-educacion","category-estado","category-universidad-michoacana"],"yoast_head":"<!-- This site is optimized with the Yoast SEO plugin v24.0 - https:\/\/yoast.com\/wordpress\/plugins\/seo\/ -->\n<title>Rinde protesta directora de la Preparatoria \u201cGral. L\u00e1zaro C\u00e1rdenas\u201d; Yarab\u00ed \u00c1vila preside sesi\u00f3n del Consejo Universitario - Diario ABC de Michoac\u00e1n<\/title>\n<meta name=\"robots\" content=\"index, follow, max-snippet:-1, max-image-preview:large, max-video-preview:-1\" \/>\n<link rel=\"canonical\" href=\"https:\/\/diarioabcdemichoacan.com.mx\/lasnoticias\/rinde-protesta-directora-de-la-preparatoria-gral-lazaro-cardenas-yarabi-avila-preside-sesion-del-consejo-universitario\/\" \/>\n<meta property=\"og:locale\" content=\"es_ES\" \/>\n<meta property=\"og:type\" content=\"article\" \/>\n<meta property=\"og:title\" content=\"Rinde protesta directora de la Preparatoria \u201cGral. L\u00e1zaro C\u00e1rdenas\u201d; Yarab\u00ed \u00c1vila preside sesi\u00f3n del Consejo Universitario - Diario ABC de Michoac\u00e1n\" \/>\n<meta property=\"og:description\" content=\"Durante la sesi\u00f3n del m\u00e1ximo \u00f3rgano de gobierno de la UMSNH se nombr\u00f3 a las y los integrantes de las Comisiones Permanentes y Especiales del Consejo Morelia, Michoac\u00e1n, a 07 de agosto de 2026.- La rectora de la Universidad Michoacana de San Nicol\u00e1s de Hidalgo (UMSNH), Yarab\u00ed \u00c1vila Gonz\u00e1lez, presidi\u00f3 la sesi\u00f3n del Consejo Universitario [&hellip;]\" \/>\n<meta property=\"og:url\" content=\"https:\/\/diarioabcdemichoacan.com.mx\/lasnoticias\/rinde-protesta-directora-de-la-preparatoria-gral-lazaro-cardenas-yarabi-avila-preside-sesion-del-consejo-universitario\/\" \/>\n<meta property=\"og:site_name\" content=\"Diario ABC de Michoac\u00e1n\" \/>\n<meta property=\"article:published_time\" content=\"2026-08-07T20:45:29+00:00\" \/>\n<meta property=\"article:modified_time\" content=\"2026-08-31T20:46:49+00:00\" \/>\n<meta property=\"og:image\" content=\"https:\/\/diarioabcdemichoacan.com.mx\/lasnoticias\/wp-content\/uploads\/2026\/08\/56babcb8-3327-41c5-bb56-da94309d7868.jpg\" \/>\n\t<meta property=\"og:image:width\" content=\"1280\" \/>\n\t<meta property=\"og:image:height\" content=\"854\" \/>\n\t<meta property=\"og:image:type\" content=\"image\/jpeg\" \/>\n<meta name=\"author\" content=\"MB\" \/>\n<meta name=\"twitter:card\" content=\"summary_large_image\" \/>\n<meta name=\"twitter:label1\" content=\"Escrito por\" \/>\n\t<meta name=\"twitter:data1\" content=\"MB\" \/>\n\t<meta name=\"twitter:label2\" content=\"Tiempo de lectura\" \/>\n\t<meta name=\"twitter:data2\" content=\"2 minutos\" \/>\n<script type=\"application\/ld+json\" class=\"yoast-schema-graph\">{\"@context\":\"https:\/\/schema.org\",\"@graph\":[{\"@type\":\"WebPage\",\"@id\":\"https:\/\/diarioabcdemichoacan.com.mx\/lasnoticias\/rinde-protesta-directora-de-la-preparatoria-gral-lazaro-cardenas-yarabi-avila-preside-sesion-del-consejo-universitario\/\",\"url\":\"https:\/\/diarioabcdemichoacan.com.mx\/lasnoticias\/rinde-protesta-directora-de-la-preparatoria-gral-lazaro-cardenas-yarabi-avila-preside-sesion-del-consejo-universitario\/\",\"name\":\"Rinde protesta directora de la Preparatoria \u201cGral. L\u00e1zaro C\u00e1rdenas\u201d; Yarab\u00ed \u00c1vila preside sesi\u00f3n del Consejo Universitario - Diario ABC de Michoac\u00e1n\",\"isPartOf\":{\"@id\":\"https:\/\/diarioabcdemichoacan.com.mx\/lasnoticias\/#website\"},\"primaryImageOfPage\":{\"@id\":\"https:\/\/diarioabcdemichoacan.com.mx\/lasnoticias\/rinde-protesta-directora-de-la-preparatoria-gral-lazaro-cardenas-yarabi-avila-preside-sesion-del-consejo-universitario\/#primaryimage\"},\"image\":{\"@id\":\"https:\/\/diarioabcdemichoacan.com.mx\/lasnoticias\/rinde-protesta-directora-de-la-preparatoria-gral-lazaro-cardenas-yarabi-avila-preside-sesion-del-consejo-universitario\/#primaryimage\"},\"thumbnailUrl\":\"https:\/\/diarioabcdemichoacan.com.mx\/lasnoticias\/wp-content\/uploads\/2026\/08\/56babcb8-3327-41c5-bb56-da94309d7868.jpg\",\"datePublished\":\"2026-08-07T20:45:29+00:00\",\"dateModified\":\"2026-08-31T20:46:49+00:00\",\"author\":{\"@id\":\"https:\/\/diarioabcdemichoacan.com.mx\/lasnoticias\/#\/schema\/person\/0546f9c3407148f7452ca932715c5e88\"},\"breadcrumb\":{\"@id\":\"https:\/\/diarioabcdemichoacan.com.mx\/lasnoticias\/rinde-protesta-directora-de-la-preparatoria-gral-lazaro-cardenas-yarabi-avila-preside-sesion-del-consejo-universitario\/#breadcrumb\"},\"inLanguage\":\"es\",\"potentialAction\":[{\"@type\":\"ReadAction\",\"target\":[\"https:\/\/diarioabcdemichoacan.com.mx\/lasnoticias\/rinde-protesta-directora-de-la-preparatoria-gral-lazaro-cardenas-yarabi-avila-preside-sesion-del-consejo-universitario\/\"]}]},{\"@type\":\"ImageObject\",\"inLanguage\":\"es\",\"@id\":\"https:\/\/diarioabcdemichoacan.com.mx\/lasnoticias\/rinde-protesta-directora-de-la-preparatoria-gral-lazaro-cardenas-yarabi-avila-preside-sesion-del-consejo-universitario\/#primaryimage\",\"url\":\"https:\/\/diarioabcdemichoacan.com.mx\/lasnoticias\/wp-content\/uploads\/2026\/08\/56babcb8-3327-41c5-bb56-da94309d7868.jpg\",\"contentUrl\":\"https:\/\/diarioabcdemichoacan.com.mx\/lasnoticias\/wp-content\/uploads\/2026\/08\/56babcb8-3327-41c5-bb56-da94309d7868.jpg\",\"width\":1280,\"height\":854},{\"@type\":\"BreadcrumbList\",\"@id\":\"https:\/\/diarioabcdemichoacan.com.mx\/lasnoticias\/rinde-protesta-directora-de-la-preparatoria-gral-lazaro-cardenas-yarabi-avila-preside-sesion-del-consejo-universitario\/#breadcrumb\",\"itemListElement\":[{\"@type\":\"ListItem\",\"position\":1,\"name\":\"Portada\",\"item\":\"https:\/\/diarioabcdemichoacan.com.mx\/lasnoticias\/\"},{\"@type\":\"ListItem\",\"position\":2,\"name\":\"Rinde protesta directora de la Preparatoria \u201cGral. L\u00e1zaro C\u00e1rdenas\u201d; Yarab\u00ed \u00c1vila preside sesi\u00f3n del Consejo Universitario\"}]},{\"@type\":\"WebSite\",\"@id\":\"https:\/\/diarioabcdemichoacan.com.mx\/lasnoticias\/#website\",\"url\":\"https:\/\/diarioabcdemichoacan.com.mx\/lasnoticias\/\",\"name\":\"Diario ABC de Michoac\u00e1n\",\"description\":\"Las noticias al momento\",\"potentialAction\":[{\"@type\":\"SearchAction\",\"target\":{\"@type\":\"EntryPoint\",\"urlTemplate\":\"https:\/\/diarioabcdemichoacan.com.mx\/lasnoticias\/?s={search_term_string}\"},\"query-input\":{\"@type\":\"PropertyValueSpecification\",\"valueRequired\":true,\"valueName\":\"search_term_string\"}}],\"inLanguage\":\"es\"},{\"@type\":\"Person\",\"@id\":\"https:\/\/diarioabcdemichoacan.com.mx\/lasnoticias\/#\/schema\/person\/0546f9c3407148f7452ca932715c5e88\",\"name\":\"MB\",\"image\":{\"@type\":\"ImageObject\",\"inLanguage\":\"es\",\"@id\":\"https:\/\/diarioabcdemichoacan.com.mx\/lasnoticias\/#\/schema\/person\/image\/\",\"url\":\"https:\/\/secure.gravatar.com\/avatar\/ac036f018f6a8431a5687a020efaf39d914da6a3fc78ce6029ab7ae29c5130e2?s=96&d=mm&r=g\",\"contentUrl\":\"https:\/\/secure.gravatar.com\/avatar\/ac036f018f6a8431a5687a020efaf39d914da6a3fc78ce6029ab7ae29c5130e2?s=96&d=mm&r=g\",\"caption\":\"MB\"},\"url\":\"https:\/\/diarioabcdemichoacan.com.mx\/lasnoticias\/author\/bomariano03\/\"}]}<\/script>\n<!-- \/ Yoast SEO plugin. -->","yoast_head_json":{"title":"Rinde protesta directora de la Preparatoria \u201cGral. L\u00e1zaro C\u00e1rdenas\u201d; Yarab\u00ed \u00c1vila preside sesi\u00f3n del Consejo Universitario - Diario ABC de Michoac\u00e1n","robots":{"index":"index","follow":"follow","max-snippet":"max-snippet:-1","max-image-preview":"max-image-preview:large","max-video-preview":"max-video-preview:-1"},"canonical":"https:\/\/diarioabcdemichoacan.com.mx\/lasnoticias\/rinde-protesta-directora-de-la-preparatoria-gral-lazaro-cardenas-yarabi-avila-preside-sesion-del-consejo-universitario\/","og_locale":"es_ES","og_type":"article","og_title":"Rinde protesta directora de la Preparatoria \u201cGral. L\u00e1zaro C\u00e1rdenas\u201d; Yarab\u00ed \u00c1vila preside sesi\u00f3n del Consejo Universitario - Diario ABC de Michoac\u00e1n","og_description":"Durante la sesi\u00f3n del m\u00e1ximo \u00f3rgano de gobierno de la UMSNH se nombr\u00f3 a las y los integrantes de las Comisiones Permanentes y Especiales del Consejo Morelia, Michoac\u00e1n, a 07 de agosto de 2026.- La rectora de la Universidad Michoacana de San Nicol\u00e1s de Hidalgo (UMSNH), Yarab\u00ed \u00c1vila Gonz\u00e1lez, presidi\u00f3 la sesi\u00f3n del Consejo Universitario [&hellip;]","og_url":"https:\/\/diarioabcdemichoacan.com.mx\/lasnoticias\/rinde-protesta-directora-de-la-preparatoria-gral-lazaro-cardenas-yarabi-avila-preside-sesion-del-consejo-universitario\/","og_site_name":"Diario ABC de Michoac\u00e1n","article_published_time":"2026-08-07T20:45:29+00:00","article_modified_time":"2026-08-31T20:46:49+00:00","og_image":[{"width":1280,"height":854,"url":"https:\/\/diarioabcdemichoacan.com.mx\/lasnoticias\/wp-content\/uploads\/2026\/08\/56babcb8-3327-41c5-bb56-da94309d7868.jpg","type":"image\/jpeg"}],"author":"MB","twitter_card":"summary_large_image","twitter_misc":{"Escrito por":"MB","Tiempo de lectura":"2 minutos"},"schema":{"@context":"https:\/\/schema.org","@graph":[{"@type":"WebPage","@id":"https:\/\/diarioabcdemichoacan.com.mx\/lasnoticias\/rinde-protesta-directora-de-la-preparatoria-gral-lazaro-cardenas-yarabi-avila-preside-sesion-del-consejo-universitario\/","url":"https:\/\/diarioabcdemichoacan.com.mx\/lasnoticias\/rinde-protesta-directora-de-la-preparatoria-gral-lazaro-cardenas-yarabi-avila-preside-sesion-del-consejo-universitario\/","name":"Rinde protesta directora de la Preparatoria \u201cGral. L\u00e1zaro C\u00e1rdenas\u201d; Yarab\u00ed \u00c1vila preside sesi\u00f3n del Consejo Universitario - Diario ABC de Michoac\u00e1n","isPartOf":{"@id":"https:\/\/diarioabcdemichoacan.com.mx\/lasnoticias\/#website"},"primaryImageOfPage":{"@id":"https:\/\/diarioabcdemichoacan.com.mx\/lasnoticias\/rinde-protesta-directora-de-la-preparatoria-gral-lazaro-cardenas-yarabi-avila-preside-sesion-del-consejo-universitario\/#primaryimage"},"image":{"@id":"https:\/\/diarioabcdemichoacan.com.mx\/lasnoticias\/rinde-protesta-directora-de-la-preparatoria-gral-lazaro-cardenas-yarabi-avila-preside-sesion-del-consejo-universitario\/#primaryimage"},"thumbnailUrl":"https:\/\/diarioabcdemichoacan.com.mx\/lasnoticias\/wp-content\/uploads\/2026\/08\/56babcb8-3327-41c5-bb56-da94309d7868.jpg","datePublished":"2026-08-07T20:45:29+00:00","dateModified":"2026-08-31T20:46:49+00:00","author":{"@id":"https:\/\/diarioabcdemichoacan.com.mx\/lasnoticias\/#\/schema\/person\/0546f9c3407148f7452ca932715c5e88"},"breadcrumb":{"@id":"https:\/\/diarioabcdemichoacan.com.mx\/lasnoticias\/rinde-protesta-directora-de-la-preparatoria-gral-lazaro-cardenas-yarabi-avila-preside-sesion-del-consejo-universitario\/#breadcrumb"},"inLanguage":"es","potentialAction":[{"@type":"ReadAction","target":["https:\/\/diarioabcdemichoacan.com.mx\/lasnoticias\/rinde-protesta-directora-de-la-preparatoria-gral-lazaro-cardenas-yarabi-avila-preside-sesion-del-consejo-universitario\/"]}]},{"@type":"ImageObject","inLanguage":"es","@id":"https:\/\/diarioabcdemichoacan.com.mx\/lasnoticias\/rinde-protesta-directora-de-la-preparatoria-gral-lazaro-cardenas-yarabi-avila-preside-sesion-del-consejo-universitario\/#primaryimage","url":"https:\/\/diarioabcdemichoacan.com.mx\/lasnoticias\/wp-content\/uploads\/2026\/08\/56babcb8-3327-41c5-bb56-da94309d7868.jpg","contentUrl":"https:\/\/diarioabcdemichoacan.com.mx\/lasnoticias\/wp-content\/uploads\/2026\/08\/56babcb8-3327-41c5-bb56-da94309d7868.jpg","width":1280,"height":854},{"@type":"BreadcrumbList","@id":"https:\/\/diarioabcdemichoacan.com.mx\/lasnoticias\/rinde-protesta-directora-de-la-preparatoria-gral-lazaro-cardenas-yarabi-avila-preside-sesion-del-consejo-universitario\/#breadcrumb","itemListElement":[{"@type":"ListItem","position":1,"name":"Portada","item":"https:\/\/diarioabcdemichoacan.com.mx\/lasnoticias\/"},{"@type":"ListItem","position":2,"name":"Rinde protesta directora de la Preparatoria \u201cGral. L\u00e1zaro C\u00e1rdenas\u201d; Yarab\u00ed \u00c1vila preside sesi\u00f3n del Consejo Universitario"}]},{"@type":"WebSite","@id":"https:\/\/diarioabcdemichoacan.com.mx\/lasnoticias\/#website","url":"https:\/\/diarioabcdemichoacan.com.mx\/lasnoticias\/","name":"Diario ABC de Michoac\u00e1n","description":"Las noticias al momento","potentialAction":[{"@type":"SearchAction","target":{"@type":"EntryPoint","urlTemplate":"https:\/\/diarioabcdemichoacan.com.mx\/lasnoticias\/?s={search_term_string}"},"query-input":{"@type":"PropertyValueSpecification","valueRequired":true,"valueName":"search_term_string"}}],"inLanguage":"es"},{"@type":"Person","@id":"https:\/\/diarioabcdemichoacan.com.mx\/lasnoticias\/#\/schema\/person\/0546f9c3407148f7452ca932715c5e88","name":"MB","image":{"@type":"ImageObject","inLanguage":"es","@id":"https:\/\/diarioabcdemichoacan.com.mx\/lasnoticias\/#\/schema\/person\/image\/","url":"https:\/\/secure.gravatar.com\/avatar\/ac036f018f6a8431a5687a020efaf39d914da6a3fc78ce6029ab7ae29c5130e2?s=96&d=mm&r=g","contentUrl":"https:\/\/secure.gravatar.com\/avatar\/ac036f018f6a8431a5687a020efaf39d914da6a3fc78ce6029ab7ae29c5130e2?s=96&d=mm&r=g","caption":"MB"},"url":"https:\/\/diarioabcdemichoacan.com.mx\/lasnoticias\/author\/bomariano03\/"}]}},"_links":{"self":[{"href":"https:\/\/diarioabcdemichoacan.com.mx\/lasnoticias\/wp-json\/wp\/v2\/posts\/83599","targetHints":{"allow":["GET"]}}],"collection":[{"href":"https:\/\/diarioabcdemichoacan.com.mx\/lasnoticias\/wp-json\/wp\/v2\/posts"}],"about":[{"href":"https:\/\/diarioabcdemichoacan.com.mx\/lasnoticias\/wp-json\/wp\/v2\/types\/post"}],"author":[{"embeddable":true,"href":"https:\/\/diarioabcdemichoacan.com.mx\/lasnoticias\/wp-json\/wp\/v2\/users\/6"}],"replies":[{"embeddable":true,"href":"https:\/\/diarioabcdemichoacan.com.mx\/lasnoticias\/wp-json\/wp\/v2\/comments?post=83599"}],"version-history":[{"count":1,"href":"https:\/\/diarioabcdemichoacan.com.mx\/lasnoticias\/wp-json\/wp\/v2\/posts\/83599\/revisions"}],"predecessor-version":[{"id":83601,"href":"https:\/\/diarioabcdemichoacan.com.mx\/lasnoticias\/wp-json\/wp\/v2\/posts\/83599\/revisions\/83601"}],"wp:featuredmedia":[{"embeddable":true,"href":"https:\/\/diarioabcdemichoacan.com.mx\/lasnoticias\/wp-json\/wp\/v2\/media\/83600"}],"wp:attachment":[{"href":"https:\/\/diarioabcdemichoacan.com.mx\/lasnoticias\/wp-json\/wp\/v2\/media?parent=83599"}],"wp:term":[{"taxonomy":"category","embeddable":true,"href":"https:\/\/diarioabcdemichoacan.com.mx\/lasnoticias\/wp-json\/wp\/v2\/categories?post=83599"},{"taxonomy":"post_tag","embeddable":true,"href":"https:\/\/diarioabcdemichoacan.com.mx\/lasnoticias\/wp-json\/wp\/v2\/tags?post=83599"}],"curies":[{"name":"wp","href":"https:\/\/api.w.org\/{rel}","templated":true}]}}