{"id":83646,"date":"2026-08-27T15:40:20","date_gmt":"2026-08-27T21:40:20","guid":{"rendered":"https:\/\/diarioabcdemichoacan.com.mx\/lasnoticias\/?p=83646"},"modified":"2026-08-31T15:41:26","modified_gmt":"2026-08-31T21:41:26","slug":"con-la-edicion-29-de-la-rodada-nicolaita-se-celebro-el-nuevo-ciclo-escolar-en-la-umsnh","status":"publish","type":"post","link":"https:\/\/diarioabcdemichoacan.com.mx\/lasnoticias\/con-la-edicion-29-de-la-rodada-nicolaita-se-celebro-el-nuevo-ciclo-escolar-en-la-umsnh\/","title":{"rendered":"Con la edici\u00f3n 29 de la rodada nicolaita se celebr\u00f3 el nuevo ciclo escolar en la UMSNH"},"content":{"rendered":"<p>En esta ocasi\u00f3n participaron cerca de 400 pedalistas tanto de la comunidad nicolaita como p\u00fablico en general<\/p>\n<hr \/>\n<p>Morelia, Michoac\u00e1n, a 27 de agosto de 2026. &#8211; En el marco del inicio del nuevo ciclo escolar en la Universidad Michoacana de San Nicol\u00e1s de Hidalgo (UMSNH), se desarroll\u00f3 la edici\u00f3n 29 de la tradicional Rodada Nicolaita, que en esta ocasi\u00f3n reuni\u00f3 a cerca de 400 participantes, tanto de la comunidad nicolaita como p\u00fablico en general.<\/p><div id=\"diari-1345328572\" class=\"diari-contenido diari-entity-placement\"><img loading=\"lazy\" decoding=\"async\" src=\"https:\/\/diarioabcdemichoacan.com.mx\/lasnoticias\/wp-content\/uploads\/2024\/07\/WhatsApp-Image-2024-05-07-at-10.12.40-a.m.jpeg\" alt=\"\"  srcset=\"https:\/\/diarioabcdemichoacan.com.mx\/lasnoticias\/wp-content\/uploads\/2024\/07\/WhatsApp-Image-2024-05-07-at-10.12.40-a.m.jpeg 400w, https:\/\/diarioabcdemichoacan.com.mx\/lasnoticias\/wp-content\/uploads\/2024\/07\/WhatsApp-Image-2024-05-07-at-10.12.40-a.m-150x150.jpeg 150w, https:\/\/diarioabcdemichoacan.com.mx\/lasnoticias\/wp-content\/uploads\/2024\/07\/WhatsApp-Image-2024-05-07-at-10.12.40-a.m-300x300.jpeg 300w\" sizes=\"(max-width: 400px) 100vw, 400px\" width=\"400\" height=\"400\"  style=\"display: inline-block;\" \/><\/div>\n<p>\u00abEsta Rodada de regreso a clases para el curso escolar 2026-2027 ha sido un \u00e9xito, en dos horas se acabaron todas las bicicletas o el bici pr\u00e9stamo que hacemos. La verdad que estuvo bastante agradable, ya se siente el ambiente universitario y ser\u00e1 una m\u00e1s de todas las que haremos para cerrar el a\u00f1o\u00bb, coment\u00f3 Gustavo Far\u00edas, director de Deporte Universitario e Infraestructura Deportiva de la UMSNH.<\/p>\n<p>El funcionario agradeci\u00f3 el acompa\u00f1amiento que ofrecen para esta actividad el Secretariado Ejecutivo del Sistema Estatal de Seguridad P\u00fablica y Bicivil\u00edzate, adem\u00e1s de destacar los beneficios de realizar esta pr\u00e1ctica.<\/p>\n<p>\u00abLa verdad que es una actividad muy agradable porque no tienes que ser de alto rendimiento para venir a hacer la Rodada, son 10 kil\u00f3metros que tienen la caracter\u00edstica de unir a la comunidad, que la gente se distraiga despu\u00e9s de toda la actividad del d\u00eda\u00bb.<\/p>\n<p>Finalmente, el directivo del deporte nicolaita resalt\u00f3 el trayecto de esta Rodada, que pasa por algunas de las principales avenidas de la ciudad como la Calzada Ju\u00e1rez, Ventura Puente, Acueducto y Avenida Madero hasta retornar al punto de partida, que es el nuevo edificio de Rector\u00eda y que completa 10 kil\u00f3metros. \u201cEs un recorrido muy interesante el que hacemos, es algo muy simb\u00f3lico y representa un precedente esta Rodada, que se puso en marcha en la administraci\u00f3n de la rectora Yarab\u00ed \u00c1vila Gonz\u00e1lez\u201d.<\/p>\n","protected":false},"excerpt":{"rendered":"<p>En esta ocasi\u00f3n participaron cerca de 400 pedalistas tanto de la comunidad nicolaita como p\u00fablico en general Morelia, Michoac\u00e1n, a 27 de agosto de 2026. &#8211; En el marco del inicio del nuevo ciclo escolar en la Universidad Michoacana de San Nicol\u00e1s de Hidalgo (UMSNH), se desarroll\u00f3 la edici\u00f3n 29 de la tradicional Rodada Nicolaita, [&hellip;]<\/p>\n","protected":false},"author":6,"featured_media":83647,"comment_status":"closed","ping_status":"closed","sticky":false,"template":"","format":"standard","meta":{"footnotes":""},"categories":[15,10,23],"tags":[],"class_list":["post-83646","post","type-post","status-publish","format-standard","has-post-thumbnail","category-educacion","category-estado","category-universidad-michoacana"],"yoast_head":"<!-- This site is optimized with the Yoast SEO plugin v24.0 - https:\/\/yoast.com\/wordpress\/plugins\/seo\/ -->\n<title>Con la edici\u00f3n 29 de la rodada nicolaita se celebr\u00f3 el nuevo ciclo escolar en la UMSNH - Diario ABC de Michoac\u00e1n<\/title>\n<meta name=\"robots\" content=\"index, follow, max-snippet:-1, max-image-preview:large, max-video-preview:-1\" \/>\n<link rel=\"canonical\" href=\"https:\/\/diarioabcdemichoacan.com.mx\/lasnoticias\/con-la-edicion-29-de-la-rodada-nicolaita-se-celebro-el-nuevo-ciclo-escolar-en-la-umsnh\/\" \/>\n<meta property=\"og:locale\" content=\"es_ES\" \/>\n<meta property=\"og:type\" content=\"article\" \/>\n<meta property=\"og:title\" content=\"Con la edici\u00f3n 29 de la rodada nicolaita se celebr\u00f3 el nuevo ciclo escolar en la UMSNH - Diario ABC de Michoac\u00e1n\" \/>\n<meta property=\"og:description\" content=\"En esta ocasi\u00f3n participaron cerca de 400 pedalistas tanto de la comunidad nicolaita como p\u00fablico en general Morelia, Michoac\u00e1n, a 27 de agosto de 2026. &#8211; En el marco del inicio del nuevo ciclo escolar en la Universidad Michoacana de San Nicol\u00e1s de Hidalgo (UMSNH), se desarroll\u00f3 la edici\u00f3n 29 de la tradicional Rodada Nicolaita, [&hellip;]\" \/>\n<meta property=\"og:url\" content=\"https:\/\/diarioabcdemichoacan.com.mx\/lasnoticias\/con-la-edicion-29-de-la-rodada-nicolaita-se-celebro-el-nuevo-ciclo-escolar-en-la-umsnh\/\" \/>\n<meta property=\"og:site_name\" content=\"Diario ABC de Michoac\u00e1n\" \/>\n<meta property=\"article:published_time\" content=\"2026-08-27T21:40:20+00:00\" \/>\n<meta property=\"article:modified_time\" content=\"2026-08-31T21:41:26+00:00\" \/>\n<meta property=\"og:image\" content=\"https:\/\/diarioabcdemichoacan.com.mx\/lasnoticias\/wp-content\/uploads\/2026\/08\/71727004-142e-450f-a6ab-c64bd1818fe7.jpg\" \/>\n\t<meta property=\"og:image:width\" content=\"1280\" \/>\n\t<meta property=\"og:image:height\" content=\"854\" \/>\n\t<meta property=\"og:image:type\" content=\"image\/jpeg\" \/>\n<meta name=\"author\" content=\"MB\" \/>\n<meta name=\"twitter:card\" content=\"summary_large_image\" \/>\n<meta name=\"twitter:label1\" content=\"Escrito por\" \/>\n\t<meta name=\"twitter:data1\" content=\"MB\" \/>\n\t<meta name=\"twitter:label2\" content=\"Tiempo de lectura\" \/>\n\t<meta name=\"twitter:data2\" content=\"2 minutos\" \/>\n<script type=\"application\/ld+json\" class=\"yoast-schema-graph\">{\"@context\":\"https:\/\/schema.org\",\"@graph\":[{\"@type\":\"WebPage\",\"@id\":\"https:\/\/diarioabcdemichoacan.com.mx\/lasnoticias\/con-la-edicion-29-de-la-rodada-nicolaita-se-celebro-el-nuevo-ciclo-escolar-en-la-umsnh\/\",\"url\":\"https:\/\/diarioabcdemichoacan.com.mx\/lasnoticias\/con-la-edicion-29-de-la-rodada-nicolaita-se-celebro-el-nuevo-ciclo-escolar-en-la-umsnh\/\",\"name\":\"Con la edici\u00f3n 29 de la rodada nicolaita se celebr\u00f3 el nuevo ciclo escolar en la UMSNH - Diario ABC de Michoac\u00e1n\",\"isPartOf\":{\"@id\":\"https:\/\/diarioabcdemichoacan.com.mx\/lasnoticias\/#website\"},\"primaryImageOfPage\":{\"@id\":\"https:\/\/diarioabcdemichoacan.com.mx\/lasnoticias\/con-la-edicion-29-de-la-rodada-nicolaita-se-celebro-el-nuevo-ciclo-escolar-en-la-umsnh\/#primaryimage\"},\"image\":{\"@id\":\"https:\/\/diarioabcdemichoacan.com.mx\/lasnoticias\/con-la-edicion-29-de-la-rodada-nicolaita-se-celebro-el-nuevo-ciclo-escolar-en-la-umsnh\/#primaryimage\"},\"thumbnailUrl\":\"https:\/\/diarioabcdemichoacan.com.mx\/lasnoticias\/wp-content\/uploads\/2026\/08\/71727004-142e-450f-a6ab-c64bd1818fe7.jpg\",\"datePublished\":\"2026-08-27T21:40:20+00:00\",\"dateModified\":\"2026-08-31T21:41:26+00:00\",\"author\":{\"@id\":\"https:\/\/diarioabcdemichoacan.com.mx\/lasnoticias\/#\/schema\/person\/0546f9c3407148f7452ca932715c5e88\"},\"breadcrumb\":{\"@id\":\"https:\/\/diarioabcdemichoacan.com.mx\/lasnoticias\/con-la-edicion-29-de-la-rodada-nicolaita-se-celebro-el-nuevo-ciclo-escolar-en-la-umsnh\/#breadcrumb\"},\"inLanguage\":\"es\",\"potentialAction\":[{\"@type\":\"ReadAction\",\"target\":[\"https:\/\/diarioabcdemichoacan.com.mx\/lasnoticias\/con-la-edicion-29-de-la-rodada-nicolaita-se-celebro-el-nuevo-ciclo-escolar-en-la-umsnh\/\"]}]},{\"@type\":\"ImageObject\",\"inLanguage\":\"es\",\"@id\":\"https:\/\/diarioabcdemichoacan.com.mx\/lasnoticias\/con-la-edicion-29-de-la-rodada-nicolaita-se-celebro-el-nuevo-ciclo-escolar-en-la-umsnh\/#primaryimage\",\"url\":\"https:\/\/diarioabcdemichoacan.com.mx\/lasnoticias\/wp-content\/uploads\/2026\/08\/71727004-142e-450f-a6ab-c64bd1818fe7.jpg\",\"contentUrl\":\"https:\/\/diarioabcdemichoacan.com.mx\/lasnoticias\/wp-content\/uploads\/2026\/08\/71727004-142e-450f-a6ab-c64bd1818fe7.jpg\",\"width\":1280,\"height\":854},{\"@type\":\"BreadcrumbList\",\"@id\":\"https:\/\/diarioabcdemichoacan.com.mx\/lasnoticias\/con-la-edicion-29-de-la-rodada-nicolaita-se-celebro-el-nuevo-ciclo-escolar-en-la-umsnh\/#breadcrumb\",\"itemListElement\":[{\"@type\":\"ListItem\",\"position\":1,\"name\":\"Portada\",\"item\":\"https:\/\/diarioabcdemichoacan.com.mx\/lasnoticias\/\"},{\"@type\":\"ListItem\",\"position\":2,\"name\":\"Con la edici\u00f3n 29 de la rodada nicolaita se celebr\u00f3 el nuevo ciclo escolar en la UMSNH\"}]},{\"@type\":\"WebSite\",\"@id\":\"https:\/\/diarioabcdemichoacan.com.mx\/lasnoticias\/#website\",\"url\":\"https:\/\/diarioabcdemichoacan.com.mx\/lasnoticias\/\",\"name\":\"Diario ABC de Michoac\u00e1n\",\"description\":\"Las noticias al momento\",\"potentialAction\":[{\"@type\":\"SearchAction\",\"target\":{\"@type\":\"EntryPoint\",\"urlTemplate\":\"https:\/\/diarioabcdemichoacan.com.mx\/lasnoticias\/?s={search_term_string}\"},\"query-input\":{\"@type\":\"PropertyValueSpecification\",\"valueRequired\":true,\"valueName\":\"search_term_string\"}}],\"inLanguage\":\"es\"},{\"@type\":\"Person\",\"@id\":\"https:\/\/diarioabcdemichoacan.com.mx\/lasnoticias\/#\/schema\/person\/0546f9c3407148f7452ca932715c5e88\",\"name\":\"MB\",\"image\":{\"@type\":\"ImageObject\",\"inLanguage\":\"es\",\"@id\":\"https:\/\/diarioabcdemichoacan.com.mx\/lasnoticias\/#\/schema\/person\/image\/\",\"url\":\"https:\/\/secure.gravatar.com\/avatar\/ac036f018f6a8431a5687a020efaf39d914da6a3fc78ce6029ab7ae29c5130e2?s=96&d=mm&r=g\",\"contentUrl\":\"https:\/\/secure.gravatar.com\/avatar\/ac036f018f6a8431a5687a020efaf39d914da6a3fc78ce6029ab7ae29c5130e2?s=96&d=mm&r=g\",\"caption\":\"MB\"},\"url\":\"https:\/\/diarioabcdemichoacan.com.mx\/lasnoticias\/author\/bomariano03\/\"}]}<\/script>\n<!-- \/ Yoast SEO plugin. -->","yoast_head_json":{"title":"Con la edici\u00f3n 29 de la rodada nicolaita se celebr\u00f3 el nuevo ciclo escolar en la UMSNH - Diario ABC de Michoac\u00e1n","robots":{"index":"index","follow":"follow","max-snippet":"max-snippet:-1","max-image-preview":"max-image-preview:large","max-video-preview":"max-video-preview:-1"},"canonical":"https:\/\/diarioabcdemichoacan.com.mx\/lasnoticias\/con-la-edicion-29-de-la-rodada-nicolaita-se-celebro-el-nuevo-ciclo-escolar-en-la-umsnh\/","og_locale":"es_ES","og_type":"article","og_title":"Con la edici\u00f3n 29 de la rodada nicolaita se celebr\u00f3 el nuevo ciclo escolar en la UMSNH - Diario ABC de Michoac\u00e1n","og_description":"En esta ocasi\u00f3n participaron cerca de 400 pedalistas tanto de la comunidad nicolaita como p\u00fablico en general Morelia, Michoac\u00e1n, a 27 de agosto de 2026. &#8211; En el marco del inicio del nuevo ciclo escolar en la Universidad Michoacana de San Nicol\u00e1s de Hidalgo (UMSNH), se desarroll\u00f3 la edici\u00f3n 29 de la tradicional Rodada Nicolaita, [&hellip;]","og_url":"https:\/\/diarioabcdemichoacan.com.mx\/lasnoticias\/con-la-edicion-29-de-la-rodada-nicolaita-se-celebro-el-nuevo-ciclo-escolar-en-la-umsnh\/","og_site_name":"Diario ABC de Michoac\u00e1n","article_published_time":"2026-08-27T21:40:20+00:00","article_modified_time":"2026-08-31T21:41:26+00:00","og_image":[{"width":1280,"height":854,"url":"https:\/\/diarioabcdemichoacan.com.mx\/lasnoticias\/wp-content\/uploads\/2026\/08\/71727004-142e-450f-a6ab-c64bd1818fe7.jpg","type":"image\/jpeg"}],"author":"MB","twitter_card":"summary_large_image","twitter_misc":{"Escrito por":"MB","Tiempo de lectura":"2 minutos"},"schema":{"@context":"https:\/\/schema.org","@graph":[{"@type":"WebPage","@id":"https:\/\/diarioabcdemichoacan.com.mx\/lasnoticias\/con-la-edicion-29-de-la-rodada-nicolaita-se-celebro-el-nuevo-ciclo-escolar-en-la-umsnh\/","url":"https:\/\/diarioabcdemichoacan.com.mx\/lasnoticias\/con-la-edicion-29-de-la-rodada-nicolaita-se-celebro-el-nuevo-ciclo-escolar-en-la-umsnh\/","name":"Con la edici\u00f3n 29 de la rodada nicolaita se celebr\u00f3 el nuevo ciclo escolar en la UMSNH - Diario ABC de Michoac\u00e1n","isPartOf":{"@id":"https:\/\/diarioabcdemichoacan.com.mx\/lasnoticias\/#website"},"primaryImageOfPage":{"@id":"https:\/\/diarioabcdemichoacan.com.mx\/lasnoticias\/con-la-edicion-29-de-la-rodada-nicolaita-se-celebro-el-nuevo-ciclo-escolar-en-la-umsnh\/#primaryimage"},"image":{"@id":"https:\/\/diarioabcdemichoacan.com.mx\/lasnoticias\/con-la-edicion-29-de-la-rodada-nicolaita-se-celebro-el-nuevo-ciclo-escolar-en-la-umsnh\/#primaryimage"},"thumbnailUrl":"https:\/\/diarioabcdemichoacan.com.mx\/lasnoticias\/wp-content\/uploads\/2026\/08\/71727004-142e-450f-a6ab-c64bd1818fe7.jpg","datePublished":"2026-08-27T21:40:20+00:00","dateModified":"2026-08-31T21:41:26+00:00","author":{"@id":"https:\/\/diarioabcdemichoacan.com.mx\/lasnoticias\/#\/schema\/person\/0546f9c3407148f7452ca932715c5e88"},"breadcrumb":{"@id":"https:\/\/diarioabcdemichoacan.com.mx\/lasnoticias\/con-la-edicion-29-de-la-rodada-nicolaita-se-celebro-el-nuevo-ciclo-escolar-en-la-umsnh\/#breadcrumb"},"inLanguage":"es","potentialAction":[{"@type":"ReadAction","target":["https:\/\/diarioabcdemichoacan.com.mx\/lasnoticias\/con-la-edicion-29-de-la-rodada-nicolaita-se-celebro-el-nuevo-ciclo-escolar-en-la-umsnh\/"]}]},{"@type":"ImageObject","inLanguage":"es","@id":"https:\/\/diarioabcdemichoacan.com.mx\/lasnoticias\/con-la-edicion-29-de-la-rodada-nicolaita-se-celebro-el-nuevo-ciclo-escolar-en-la-umsnh\/#primaryimage","url":"https:\/\/diarioabcdemichoacan.com.mx\/lasnoticias\/wp-content\/uploads\/2026\/08\/71727004-142e-450f-a6ab-c64bd1818fe7.jpg","contentUrl":"https:\/\/diarioabcdemichoacan.com.mx\/lasnoticias\/wp-content\/uploads\/2026\/08\/71727004-142e-450f-a6ab-c64bd1818fe7.jpg","width":1280,"height":854},{"@type":"BreadcrumbList","@id":"https:\/\/diarioabcdemichoacan.com.mx\/lasnoticias\/con-la-edicion-29-de-la-rodada-nicolaita-se-celebro-el-nuevo-ciclo-escolar-en-la-umsnh\/#breadcrumb","itemListElement":[{"@type":"ListItem","position":1,"name":"Portada","item":"https:\/\/diarioabcdemichoacan.com.mx\/lasnoticias\/"},{"@type":"ListItem","position":2,"name":"Con la edici\u00f3n 29 de la rodada nicolaita se celebr\u00f3 el nuevo ciclo escolar en la UMSNH"}]},{"@type":"WebSite","@id":"https:\/\/diarioabcdemichoacan.com.mx\/lasnoticias\/#website","url":"https:\/\/diarioabcdemichoacan.com.mx\/lasnoticias\/","name":"Diario ABC de Michoac\u00e1n","description":"Las noticias al momento","potentialAction":[{"@type":"SearchAction","target":{"@type":"EntryPoint","urlTemplate":"https:\/\/diarioabcdemichoacan.com.mx\/lasnoticias\/?s={search_term_string}"},"query-input":{"@type":"PropertyValueSpecification","valueRequired":true,"valueName":"search_term_string"}}],"inLanguage":"es"},{"@type":"Person","@id":"https:\/\/diarioabcdemichoacan.com.mx\/lasnoticias\/#\/schema\/person\/0546f9c3407148f7452ca932715c5e88","name":"MB","image":{"@type":"ImageObject","inLanguage":"es","@id":"https:\/\/diarioabcdemichoacan.com.mx\/lasnoticias\/#\/schema\/person\/image\/","url":"https:\/\/secure.gravatar.com\/avatar\/ac036f018f6a8431a5687a020efaf39d914da6a3fc78ce6029ab7ae29c5130e2?s=96&d=mm&r=g","contentUrl":"https:\/\/secure.gravatar.com\/avatar\/ac036f018f6a8431a5687a020efaf39d914da6a3fc78ce6029ab7ae29c5130e2?s=96&d=mm&r=g","caption":"MB"},"url":"https:\/\/diarioabcdemichoacan.com.mx\/lasnoticias\/author\/bomariano03\/"}]}},"_links":{"self":[{"href":"https:\/\/diarioabcdemichoacan.com.mx\/lasnoticias\/wp-json\/wp\/v2\/posts\/83646","targetHints":{"allow":["GET"]}}],"collection":[{"href":"https:\/\/diarioabcdemichoacan.com.mx\/lasnoticias\/wp-json\/wp\/v2\/posts"}],"about":[{"href":"https:\/\/diarioabcdemichoacan.com.mx\/lasnoticias\/wp-json\/wp\/v2\/types\/post"}],"author":[{"embeddable":true,"href":"https:\/\/diarioabcdemichoacan.com.mx\/lasnoticias\/wp-json\/wp\/v2\/users\/6"}],"replies":[{"embeddable":true,"href":"https:\/\/diarioabcdemichoacan.com.mx\/lasnoticias\/wp-json\/wp\/v2\/comments?post=83646"}],"version-history":[{"count":1,"href":"https:\/\/diarioabcdemichoacan.com.mx\/lasnoticias\/wp-json\/wp\/v2\/posts\/83646\/revisions"}],"predecessor-version":[{"id":83648,"href":"https:\/\/diarioabcdemichoacan.com.mx\/lasnoticias\/wp-json\/wp\/v2\/posts\/83646\/revisions\/83648"}],"wp:featuredmedia":[{"embeddable":true,"href":"https:\/\/diarioabcdemichoacan.com.mx\/lasnoticias\/wp-json\/wp\/v2\/media\/83647"}],"wp:attachment":[{"href":"https:\/\/diarioabcdemichoacan.com.mx\/lasnoticias\/wp-json\/wp\/v2\/media?parent=83646"}],"wp:term":[{"taxonomy":"category","embeddable":true,"href":"https:\/\/diarioabcdemichoacan.com.mx\/lasnoticias\/wp-json\/wp\/v2\/categories?post=83646"},{"taxonomy":"post_tag","embeddable":true,"href":"https:\/\/diarioabcdemichoacan.com.mx\/lasnoticias\/wp-json\/wp\/v2\/tags?post=83646"}],"curies":[{"name":"wp","href":"https:\/\/api.w.org\/{rel}","templated":true}]}}