{"id":83664,"date":"2026-08-23T16:05:21","date_gmt":"2026-08-23T22:05:21","guid":{"rendered":"https:\/\/diarioabcdemichoacan.com.mx\/lasnoticias\/?p=83664"},"modified":"2026-08-31T16:06:44","modified_gmt":"2026-08-31T22:06:44","slug":"el-nadador-nicolaita-oscar-vasquez-se-medira-con-atletas-olimpicos","status":"publish","type":"post","link":"https:\/\/diarioabcdemichoacan.com.mx\/lasnoticias\/el-nadador-nicolaita-oscar-vasquez-se-medira-con-atletas-olimpicos\/","title":{"rendered":"El nadador nicolaita, Oscar Vasquez se medir\u00e1 con atletas ol\u00edmpicos"},"content":{"rendered":"<p>El egresado de la Licenciatura en Biotecnolog\u00eda competir\u00e1 en la Copa Internacional en Quer\u00e9taro a principios de septiembre<\/p>\n<hr \/>\n<p>Morelia, Michoac\u00e1n, a 23 de agosto de 2026. &#8211; El nadador nicolaita, Oscar Vasquez, seguir\u00e1 fogueadose ante rivales de talla mundial, ya que entre el 3 y el 6 de septiembre participar\u00e1 en la Copa Internacional de Nataci\u00f3n, que se desarrollar\u00e1 en la Alberca Ol\u00edmpica Quer\u00e9taro 2000.<\/p><div id=\"diari-2879560432\" class=\"diari-contenido diari-entity-placement\"><img loading=\"lazy\" decoding=\"async\" src=\"https:\/\/diarioabcdemichoacan.com.mx\/lasnoticias\/wp-content\/uploads\/2024\/07\/WhatsApp-Image-2024-05-07-at-10.12.40-a.m.jpeg\" alt=\"\"  srcset=\"https:\/\/diarioabcdemichoacan.com.mx\/lasnoticias\/wp-content\/uploads\/2024\/07\/WhatsApp-Image-2024-05-07-at-10.12.40-a.m.jpeg 400w, https:\/\/diarioabcdemichoacan.com.mx\/lasnoticias\/wp-content\/uploads\/2024\/07\/WhatsApp-Image-2024-05-07-at-10.12.40-a.m-150x150.jpeg 150w, https:\/\/diarioabcdemichoacan.com.mx\/lasnoticias\/wp-content\/uploads\/2024\/07\/WhatsApp-Image-2024-05-07-at-10.12.40-a.m-300x300.jpeg 300w\" sizes=\"(max-width: 400px) 100vw, 400px\" width=\"400\" height=\"400\"  style=\"display: inline-block;\" \/><\/div>\n<p>Al respecto, precis\u00f3 que el evento deportivo est\u00e1 abierto a todo p\u00fablico, \u201cel objetivo aqu\u00ed es tratar de medirnos con nadadores ol\u00edmpicos para justamente ver qu\u00e9 tan separados estamos de ellos, van a venir tres nadadores ol\u00edmpicos: Adam Peaty, Thomas Ceccon y Kyle Chalmers\u201d.<\/p>\n<p>Apunt\u00f3 que lleva varios a\u00f1os prepar\u00e1ndose, tras se\u00f1alar que busca conocer a dichos atletas, quienes dijo, actualmente son los grandes referentes en este \u00e1mbito. \u201cThomas Ceccon es el que acaba de ganar en dorso y es muy bueno, quiero conocerlo\u201d, agreg\u00f3 Vasquez Pedraza.<\/p>\n<p>En lo que se refiere al \u00e1mbito acad\u00e9mico, el joven de 22 a\u00f1os y quien en la Universiada de 2025 se colg\u00f3 tres preseas, comparti\u00f3 que concluy\u00f3 la Licenciatura en Biotecnolog\u00eda y se mostr\u00f3 satisfecho por poder llevar de la mano su carrera con el deporte que le gusta.<\/p>\n<p>\u201cLa verdad el tiempo se me pas\u00f3 volando, fue muy gratificante terminar la licenciatura, el traer las medallas de la Universiada el a\u00f1o pasado. Me hubiera gustado poder participar un poco m\u00e1s para la Universidad Michoacana, la nataci\u00f3n acababa de entrar a Universiada y yo ya estaba en mis \u00faltimas etapas de la carrera, pero es lo que a cada quien le toca\u201d.<\/p>\n<p>Finalmente, Oscar Vasquez no ocult\u00f3 su orgullo por poder representar a la M\u00e1xima Casa de Estudios en diversas competencias, y refiri\u00f3 que desde ni\u00f1o uno de sus anhelos fue precisamente participar en este tipo de justas.<\/p>\n","protected":false},"excerpt":{"rendered":"<p>El egresado de la Licenciatura en Biotecnolog\u00eda competir\u00e1 en la Copa Internacional en Quer\u00e9taro a principios de septiembre Morelia, Michoac\u00e1n, a 23 de agosto de 2026. &#8211; El nadador nicolaita, Oscar Vasquez, seguir\u00e1 fogueadose ante rivales de talla mundial, ya que entre el 3 y el 6 de septiembre participar\u00e1 en la Copa Internacional de [&hellip;]<\/p>\n","protected":false},"author":6,"featured_media":83665,"comment_status":"closed","ping_status":"closed","sticky":false,"template":"","format":"standard","meta":{"footnotes":""},"categories":[14,10,23],"tags":[],"class_list":["post-83664","post","type-post","status-publish","format-standard","has-post-thumbnail","category-deportes","category-estado","category-universidad-michoacana"],"yoast_head":"<!-- This site is optimized with the Yoast SEO plugin v24.0 - https:\/\/yoast.com\/wordpress\/plugins\/seo\/ -->\n<title>El nadador nicolaita, Oscar Vasquez se medir\u00e1 con atletas ol\u00edmpicos - Diario ABC de Michoac\u00e1n<\/title>\n<meta name=\"robots\" content=\"index, follow, max-snippet:-1, max-image-preview:large, max-video-preview:-1\" \/>\n<link rel=\"canonical\" href=\"https:\/\/diarioabcdemichoacan.com.mx\/lasnoticias\/el-nadador-nicolaita-oscar-vasquez-se-medira-con-atletas-olimpicos\/\" \/>\n<meta property=\"og:locale\" content=\"es_ES\" \/>\n<meta property=\"og:type\" content=\"article\" \/>\n<meta property=\"og:title\" content=\"El nadador nicolaita, Oscar Vasquez se medir\u00e1 con atletas ol\u00edmpicos - Diario ABC de Michoac\u00e1n\" \/>\n<meta property=\"og:description\" content=\"El egresado de la Licenciatura en Biotecnolog\u00eda competir\u00e1 en la Copa Internacional en Quer\u00e9taro a principios de septiembre Morelia, Michoac\u00e1n, a 23 de agosto de 2026. &#8211; El nadador nicolaita, Oscar Vasquez, seguir\u00e1 fogueadose ante rivales de talla mundial, ya que entre el 3 y el 6 de septiembre participar\u00e1 en la Copa Internacional de [&hellip;]\" \/>\n<meta property=\"og:url\" content=\"https:\/\/diarioabcdemichoacan.com.mx\/lasnoticias\/el-nadador-nicolaita-oscar-vasquez-se-medira-con-atletas-olimpicos\/\" \/>\n<meta property=\"og:site_name\" content=\"Diario ABC de Michoac\u00e1n\" \/>\n<meta property=\"article:published_time\" content=\"2026-08-23T22:05:21+00:00\" \/>\n<meta property=\"article:modified_time\" content=\"2026-08-31T22:06:44+00:00\" \/>\n<meta property=\"og:image\" content=\"https:\/\/diarioabcdemichoacan.com.mx\/lasnoticias\/wp-content\/uploads\/2026\/08\/682c9e86-c107-4bd2-bd37-68b17f308d3b.jpg\" \/>\n\t<meta property=\"og:image:width\" content=\"1080\" \/>\n\t<meta property=\"og:image:height\" content=\"725\" \/>\n\t<meta property=\"og:image:type\" content=\"image\/jpeg\" \/>\n<meta name=\"author\" content=\"MB\" \/>\n<meta name=\"twitter:card\" content=\"summary_large_image\" \/>\n<meta name=\"twitter:label1\" content=\"Escrito por\" \/>\n\t<meta name=\"twitter:data1\" content=\"MB\" \/>\n\t<meta name=\"twitter:label2\" content=\"Tiempo de lectura\" \/>\n\t<meta name=\"twitter:data2\" content=\"2 minutos\" \/>\n<script type=\"application\/ld+json\" class=\"yoast-schema-graph\">{\"@context\":\"https:\/\/schema.org\",\"@graph\":[{\"@type\":\"WebPage\",\"@id\":\"https:\/\/diarioabcdemichoacan.com.mx\/lasnoticias\/el-nadador-nicolaita-oscar-vasquez-se-medira-con-atletas-olimpicos\/\",\"url\":\"https:\/\/diarioabcdemichoacan.com.mx\/lasnoticias\/el-nadador-nicolaita-oscar-vasquez-se-medira-con-atletas-olimpicos\/\",\"name\":\"El nadador nicolaita, Oscar Vasquez se medir\u00e1 con atletas ol\u00edmpicos - Diario ABC de Michoac\u00e1n\",\"isPartOf\":{\"@id\":\"https:\/\/diarioabcdemichoacan.com.mx\/lasnoticias\/#website\"},\"primaryImageOfPage\":{\"@id\":\"https:\/\/diarioabcdemichoacan.com.mx\/lasnoticias\/el-nadador-nicolaita-oscar-vasquez-se-medira-con-atletas-olimpicos\/#primaryimage\"},\"image\":{\"@id\":\"https:\/\/diarioabcdemichoacan.com.mx\/lasnoticias\/el-nadador-nicolaita-oscar-vasquez-se-medira-con-atletas-olimpicos\/#primaryimage\"},\"thumbnailUrl\":\"https:\/\/diarioabcdemichoacan.com.mx\/lasnoticias\/wp-content\/uploads\/2026\/08\/682c9e86-c107-4bd2-bd37-68b17f308d3b.jpg\",\"datePublished\":\"2026-08-23T22:05:21+00:00\",\"dateModified\":\"2026-08-31T22:06:44+00:00\",\"author\":{\"@id\":\"https:\/\/diarioabcdemichoacan.com.mx\/lasnoticias\/#\/schema\/person\/0546f9c3407148f7452ca932715c5e88\"},\"breadcrumb\":{\"@id\":\"https:\/\/diarioabcdemichoacan.com.mx\/lasnoticias\/el-nadador-nicolaita-oscar-vasquez-se-medira-con-atletas-olimpicos\/#breadcrumb\"},\"inLanguage\":\"es\",\"potentialAction\":[{\"@type\":\"ReadAction\",\"target\":[\"https:\/\/diarioabcdemichoacan.com.mx\/lasnoticias\/el-nadador-nicolaita-oscar-vasquez-se-medira-con-atletas-olimpicos\/\"]}]},{\"@type\":\"ImageObject\",\"inLanguage\":\"es\",\"@id\":\"https:\/\/diarioabcdemichoacan.com.mx\/lasnoticias\/el-nadador-nicolaita-oscar-vasquez-se-medira-con-atletas-olimpicos\/#primaryimage\",\"url\":\"https:\/\/diarioabcdemichoacan.com.mx\/lasnoticias\/wp-content\/uploads\/2026\/08\/682c9e86-c107-4bd2-bd37-68b17f308d3b.jpg\",\"contentUrl\":\"https:\/\/diarioabcdemichoacan.com.mx\/lasnoticias\/wp-content\/uploads\/2026\/08\/682c9e86-c107-4bd2-bd37-68b17f308d3b.jpg\",\"width\":1080,\"height\":725},{\"@type\":\"BreadcrumbList\",\"@id\":\"https:\/\/diarioabcdemichoacan.com.mx\/lasnoticias\/el-nadador-nicolaita-oscar-vasquez-se-medira-con-atletas-olimpicos\/#breadcrumb\",\"itemListElement\":[{\"@type\":\"ListItem\",\"position\":1,\"name\":\"Portada\",\"item\":\"https:\/\/diarioabcdemichoacan.com.mx\/lasnoticias\/\"},{\"@type\":\"ListItem\",\"position\":2,\"name\":\"El nadador nicolaita, Oscar Vasquez se medir\u00e1 con atletas ol\u00edmpicos\"}]},{\"@type\":\"WebSite\",\"@id\":\"https:\/\/diarioabcdemichoacan.com.mx\/lasnoticias\/#website\",\"url\":\"https:\/\/diarioabcdemichoacan.com.mx\/lasnoticias\/\",\"name\":\"Diario ABC de Michoac\u00e1n\",\"description\":\"Las noticias al momento\",\"potentialAction\":[{\"@type\":\"SearchAction\",\"target\":{\"@type\":\"EntryPoint\",\"urlTemplate\":\"https:\/\/diarioabcdemichoacan.com.mx\/lasnoticias\/?s={search_term_string}\"},\"query-input\":{\"@type\":\"PropertyValueSpecification\",\"valueRequired\":true,\"valueName\":\"search_term_string\"}}],\"inLanguage\":\"es\"},{\"@type\":\"Person\",\"@id\":\"https:\/\/diarioabcdemichoacan.com.mx\/lasnoticias\/#\/schema\/person\/0546f9c3407148f7452ca932715c5e88\",\"name\":\"MB\",\"image\":{\"@type\":\"ImageObject\",\"inLanguage\":\"es\",\"@id\":\"https:\/\/diarioabcdemichoacan.com.mx\/lasnoticias\/#\/schema\/person\/image\/\",\"url\":\"https:\/\/secure.gravatar.com\/avatar\/ac036f018f6a8431a5687a020efaf39d914da6a3fc78ce6029ab7ae29c5130e2?s=96&d=mm&r=g\",\"contentUrl\":\"https:\/\/secure.gravatar.com\/avatar\/ac036f018f6a8431a5687a020efaf39d914da6a3fc78ce6029ab7ae29c5130e2?s=96&d=mm&r=g\",\"caption\":\"MB\"},\"url\":\"https:\/\/diarioabcdemichoacan.com.mx\/lasnoticias\/author\/bomariano03\/\"}]}<\/script>\n<!-- \/ Yoast SEO plugin. -->","yoast_head_json":{"title":"El nadador nicolaita, Oscar Vasquez se medir\u00e1 con atletas ol\u00edmpicos - Diario ABC de Michoac\u00e1n","robots":{"index":"index","follow":"follow","max-snippet":"max-snippet:-1","max-image-preview":"max-image-preview:large","max-video-preview":"max-video-preview:-1"},"canonical":"https:\/\/diarioabcdemichoacan.com.mx\/lasnoticias\/el-nadador-nicolaita-oscar-vasquez-se-medira-con-atletas-olimpicos\/","og_locale":"es_ES","og_type":"article","og_title":"El nadador nicolaita, Oscar Vasquez se medir\u00e1 con atletas ol\u00edmpicos - Diario ABC de Michoac\u00e1n","og_description":"El egresado de la Licenciatura en Biotecnolog\u00eda competir\u00e1 en la Copa Internacional en Quer\u00e9taro a principios de septiembre Morelia, Michoac\u00e1n, a 23 de agosto de 2026. &#8211; El nadador nicolaita, Oscar Vasquez, seguir\u00e1 fogueadose ante rivales de talla mundial, ya que entre el 3 y el 6 de septiembre participar\u00e1 en la Copa Internacional de [&hellip;]","og_url":"https:\/\/diarioabcdemichoacan.com.mx\/lasnoticias\/el-nadador-nicolaita-oscar-vasquez-se-medira-con-atletas-olimpicos\/","og_site_name":"Diario ABC de Michoac\u00e1n","article_published_time":"2026-08-23T22:05:21+00:00","article_modified_time":"2026-08-31T22:06:44+00:00","og_image":[{"width":1080,"height":725,"url":"https:\/\/diarioabcdemichoacan.com.mx\/lasnoticias\/wp-content\/uploads\/2026\/08\/682c9e86-c107-4bd2-bd37-68b17f308d3b.jpg","type":"image\/jpeg"}],"author":"MB","twitter_card":"summary_large_image","twitter_misc":{"Escrito por":"MB","Tiempo de lectura":"2 minutos"},"schema":{"@context":"https:\/\/schema.org","@graph":[{"@type":"WebPage","@id":"https:\/\/diarioabcdemichoacan.com.mx\/lasnoticias\/el-nadador-nicolaita-oscar-vasquez-se-medira-con-atletas-olimpicos\/","url":"https:\/\/diarioabcdemichoacan.com.mx\/lasnoticias\/el-nadador-nicolaita-oscar-vasquez-se-medira-con-atletas-olimpicos\/","name":"El nadador nicolaita, Oscar Vasquez se medir\u00e1 con atletas ol\u00edmpicos - Diario ABC de Michoac\u00e1n","isPartOf":{"@id":"https:\/\/diarioabcdemichoacan.com.mx\/lasnoticias\/#website"},"primaryImageOfPage":{"@id":"https:\/\/diarioabcdemichoacan.com.mx\/lasnoticias\/el-nadador-nicolaita-oscar-vasquez-se-medira-con-atletas-olimpicos\/#primaryimage"},"image":{"@id":"https:\/\/diarioabcdemichoacan.com.mx\/lasnoticias\/el-nadador-nicolaita-oscar-vasquez-se-medira-con-atletas-olimpicos\/#primaryimage"},"thumbnailUrl":"https:\/\/diarioabcdemichoacan.com.mx\/lasnoticias\/wp-content\/uploads\/2026\/08\/682c9e86-c107-4bd2-bd37-68b17f308d3b.jpg","datePublished":"2026-08-23T22:05:21+00:00","dateModified":"2026-08-31T22:06:44+00:00","author":{"@id":"https:\/\/diarioabcdemichoacan.com.mx\/lasnoticias\/#\/schema\/person\/0546f9c3407148f7452ca932715c5e88"},"breadcrumb":{"@id":"https:\/\/diarioabcdemichoacan.com.mx\/lasnoticias\/el-nadador-nicolaita-oscar-vasquez-se-medira-con-atletas-olimpicos\/#breadcrumb"},"inLanguage":"es","potentialAction":[{"@type":"ReadAction","target":["https:\/\/diarioabcdemichoacan.com.mx\/lasnoticias\/el-nadador-nicolaita-oscar-vasquez-se-medira-con-atletas-olimpicos\/"]}]},{"@type":"ImageObject","inLanguage":"es","@id":"https:\/\/diarioabcdemichoacan.com.mx\/lasnoticias\/el-nadador-nicolaita-oscar-vasquez-se-medira-con-atletas-olimpicos\/#primaryimage","url":"https:\/\/diarioabcdemichoacan.com.mx\/lasnoticias\/wp-content\/uploads\/2026\/08\/682c9e86-c107-4bd2-bd37-68b17f308d3b.jpg","contentUrl":"https:\/\/diarioabcdemichoacan.com.mx\/lasnoticias\/wp-content\/uploads\/2026\/08\/682c9e86-c107-4bd2-bd37-68b17f308d3b.jpg","width":1080,"height":725},{"@type":"BreadcrumbList","@id":"https:\/\/diarioabcdemichoacan.com.mx\/lasnoticias\/el-nadador-nicolaita-oscar-vasquez-se-medira-con-atletas-olimpicos\/#breadcrumb","itemListElement":[{"@type":"ListItem","position":1,"name":"Portada","item":"https:\/\/diarioabcdemichoacan.com.mx\/lasnoticias\/"},{"@type":"ListItem","position":2,"name":"El nadador nicolaita, Oscar Vasquez se medir\u00e1 con atletas ol\u00edmpicos"}]},{"@type":"WebSite","@id":"https:\/\/diarioabcdemichoacan.com.mx\/lasnoticias\/#website","url":"https:\/\/diarioabcdemichoacan.com.mx\/lasnoticias\/","name":"Diario ABC de Michoac\u00e1n","description":"Las noticias al momento","potentialAction":[{"@type":"SearchAction","target":{"@type":"EntryPoint","urlTemplate":"https:\/\/diarioabcdemichoacan.com.mx\/lasnoticias\/?s={search_term_string}"},"query-input":{"@type":"PropertyValueSpecification","valueRequired":true,"valueName":"search_term_string"}}],"inLanguage":"es"},{"@type":"Person","@id":"https:\/\/diarioabcdemichoacan.com.mx\/lasnoticias\/#\/schema\/person\/0546f9c3407148f7452ca932715c5e88","name":"MB","image":{"@type":"ImageObject","inLanguage":"es","@id":"https:\/\/diarioabcdemichoacan.com.mx\/lasnoticias\/#\/schema\/person\/image\/","url":"https:\/\/secure.gravatar.com\/avatar\/ac036f018f6a8431a5687a020efaf39d914da6a3fc78ce6029ab7ae29c5130e2?s=96&d=mm&r=g","contentUrl":"https:\/\/secure.gravatar.com\/avatar\/ac036f018f6a8431a5687a020efaf39d914da6a3fc78ce6029ab7ae29c5130e2?s=96&d=mm&r=g","caption":"MB"},"url":"https:\/\/diarioabcdemichoacan.com.mx\/lasnoticias\/author\/bomariano03\/"}]}},"_links":{"self":[{"href":"https:\/\/diarioabcdemichoacan.com.mx\/lasnoticias\/wp-json\/wp\/v2\/posts\/83664","targetHints":{"allow":["GET"]}}],"collection":[{"href":"https:\/\/diarioabcdemichoacan.com.mx\/lasnoticias\/wp-json\/wp\/v2\/posts"}],"about":[{"href":"https:\/\/diarioabcdemichoacan.com.mx\/lasnoticias\/wp-json\/wp\/v2\/types\/post"}],"author":[{"embeddable":true,"href":"https:\/\/diarioabcdemichoacan.com.mx\/lasnoticias\/wp-json\/wp\/v2\/users\/6"}],"replies":[{"embeddable":true,"href":"https:\/\/diarioabcdemichoacan.com.mx\/lasnoticias\/wp-json\/wp\/v2\/comments?post=83664"}],"version-history":[{"count":1,"href":"https:\/\/diarioabcdemichoacan.com.mx\/lasnoticias\/wp-json\/wp\/v2\/posts\/83664\/revisions"}],"predecessor-version":[{"id":83666,"href":"https:\/\/diarioabcdemichoacan.com.mx\/lasnoticias\/wp-json\/wp\/v2\/posts\/83664\/revisions\/83666"}],"wp:featuredmedia":[{"embeddable":true,"href":"https:\/\/diarioabcdemichoacan.com.mx\/lasnoticias\/wp-json\/wp\/v2\/media\/83665"}],"wp:attachment":[{"href":"https:\/\/diarioabcdemichoacan.com.mx\/lasnoticias\/wp-json\/wp\/v2\/media?parent=83664"}],"wp:term":[{"taxonomy":"category","embeddable":true,"href":"https:\/\/diarioabcdemichoacan.com.mx\/lasnoticias\/wp-json\/wp\/v2\/categories?post=83664"},{"taxonomy":"post_tag","embeddable":true,"href":"https:\/\/diarioabcdemichoacan.com.mx\/lasnoticias\/wp-json\/wp\/v2\/tags?post=83664"}],"curies":[{"name":"wp","href":"https:\/\/api.w.org\/{rel}","templated":true}]}}