{"id":83670,"date":"2026-08-22T16:08:16","date_gmt":"2026-08-22T22:08:16","guid":{"rendered":"https:\/\/diarioabcdemichoacan.com.mx\/lasnoticias\/?p=83670"},"modified":"2026-08-31T16:09:40","modified_gmt":"2026-08-31T22:09:40","slug":"la-nicolaita-sofia-montanez-se-declara-lista-para-la-presidents-cup-2026","status":"publish","type":"post","link":"https:\/\/diarioabcdemichoacan.com.mx\/lasnoticias\/la-nicolaita-sofia-montanez-se-declara-lista-para-la-presidents-cup-2026\/","title":{"rendered":"La nicolaita Sof\u00eda Monta\u00f1ez se declara lista para la President\u2019s Cup 2026"},"content":{"rendered":"<p>La taekwondo\u00edna buscar\u00e1 subir al p\u00f3dium en la justa que se desarrollar\u00e1 en Per\u00fa<\/p>\n<hr \/>\n<p>Morelia, Michoac\u00e1n, a 22 de agosto de 2026. &#8211; Por segundo a\u00f1o consecutivo, la taekwondo\u00edna Ana Sof\u00eda Monta\u00f1ez representar\u00e1 a la Universidad Michoacana de San Nicol\u00e1s de Hidalgo (UMSNH) y a M\u00e9xico en la President\u2019s Cup, que se llevar\u00e1 a cabo del 26 al 28 de agosto en Lima, Per\u00fa, y que re\u00fane a los mejores exponentes de la disciplina en el continente.<\/p><div id=\"diari-3644405802\" class=\"diari-contenido diari-entity-placement\"><img loading=\"lazy\" decoding=\"async\" src=\"https:\/\/diarioabcdemichoacan.com.mx\/lasnoticias\/wp-content\/uploads\/2024\/07\/WhatsApp-Image-2024-05-07-at-10.12.40-a.m.jpeg\" alt=\"\"  srcset=\"https:\/\/diarioabcdemichoacan.com.mx\/lasnoticias\/wp-content\/uploads\/2024\/07\/WhatsApp-Image-2024-05-07-at-10.12.40-a.m.jpeg 400w, https:\/\/diarioabcdemichoacan.com.mx\/lasnoticias\/wp-content\/uploads\/2024\/07\/WhatsApp-Image-2024-05-07-at-10.12.40-a.m-150x150.jpeg 150w, https:\/\/diarioabcdemichoacan.com.mx\/lasnoticias\/wp-content\/uploads\/2024\/07\/WhatsApp-Image-2024-05-07-at-10.12.40-a.m-300x300.jpeg 300w\" sizes=\"(max-width: 400px) 100vw, 400px\" width=\"400\" height=\"400\"  style=\"display: inline-block;\" \/><\/div>\n<p>\u201cMe siento muy motivada, bastante concentrada, con mucho m\u00e1s tiempo para poder fijar bien el objetivo y completar la preparaci\u00f3n. La verdad tambi\u00e9n estoy un poquito nerviosa, ya revis\u00e9 qui\u00e9nes est\u00e1n en mi categor\u00eda y va a ser una categor\u00eda bastante peleada, muy competida, pero vamos a hacer un buen papel para buscar el podio\u201d, comparti\u00f3 la artemarcialista.<\/p>\n<p>Tras su experiencia del a\u00f1o pasado en esta misma justa, la estudiante de la Licenciatura en Nutrici\u00f3n tiene muy claro lo que ha aprendido y tambi\u00e9n sus metas.<\/p>\n<p>\u201cLas veces pasadas era ir conociendo a las atletas de la categor\u00eda e ir consolid\u00e1ndome, pero siento que ahora tengo oportunidad de ser una de las referentes en la categor\u00eda y es algo que me gustar\u00eda lograr esta competencia. A lo mejor no acelerarme tanto dentro del combate, mantenerme concentrada y, sobre todo, disfrutar much\u00edsimo los eventos en los que estoy peleando\u201d.<\/p>\n<p>Monta\u00f1ez Mu\u00f1oz, quien tiene 20 a\u00f1os y compite en la modalidad de combate menos 53 kilogramos, asegur\u00f3 que su preparaci\u00f3n para este evento ha sido muy buena.<\/p>\n<p>\u201cAfortunadamente esta vez no ha habido lesiones de por medio, tuve un campamento de preparaci\u00f3n y estas semanas hemos estado entrenando, tambi\u00e9n en vacaciones, estuve haciendo de dos a tres sesiones al d\u00eda, estuvimos en sesiones psicol\u00f3gicas y prepar\u00e1ndonos en todo\u201d, comparti\u00f3.<\/p>\n","protected":false},"excerpt":{"rendered":"<p>La taekwondo\u00edna buscar\u00e1 subir al p\u00f3dium en la justa que se desarrollar\u00e1 en Per\u00fa Morelia, Michoac\u00e1n, a 22 de agosto de 2026. &#8211; Por segundo a\u00f1o consecutivo, la taekwondo\u00edna Ana Sof\u00eda Monta\u00f1ez representar\u00e1 a la Universidad Michoacana de San Nicol\u00e1s de Hidalgo (UMSNH) y a M\u00e9xico en la President\u2019s Cup, que se llevar\u00e1 a cabo [&hellip;]<\/p>\n","protected":false},"author":6,"featured_media":83671,"comment_status":"closed","ping_status":"closed","sticky":false,"template":"","format":"standard","meta":{"footnotes":""},"categories":[14,15,10,23],"tags":[],"class_list":["post-83670","post","type-post","status-publish","format-standard","has-post-thumbnail","category-deportes","category-educacion","category-estado","category-universidad-michoacana"],"yoast_head":"<!-- This site is optimized with the Yoast SEO plugin v24.0 - https:\/\/yoast.com\/wordpress\/plugins\/seo\/ -->\n<title>La nicolaita Sof\u00eda Monta\u00f1ez se declara lista para la President\u2019s Cup 2026 - Diario ABC de Michoac\u00e1n<\/title>\n<meta name=\"robots\" content=\"index, follow, max-snippet:-1, max-image-preview:large, max-video-preview:-1\" \/>\n<link rel=\"canonical\" href=\"https:\/\/diarioabcdemichoacan.com.mx\/lasnoticias\/la-nicolaita-sofia-montanez-se-declara-lista-para-la-presidents-cup-2026\/\" \/>\n<meta property=\"og:locale\" content=\"es_ES\" \/>\n<meta property=\"og:type\" content=\"article\" \/>\n<meta property=\"og:title\" content=\"La nicolaita Sof\u00eda Monta\u00f1ez se declara lista para la President\u2019s Cup 2026 - Diario ABC de Michoac\u00e1n\" \/>\n<meta property=\"og:description\" content=\"La taekwondo\u00edna buscar\u00e1 subir al p\u00f3dium en la justa que se desarrollar\u00e1 en Per\u00fa Morelia, Michoac\u00e1n, a 22 de agosto de 2026. &#8211; Por segundo a\u00f1o consecutivo, la taekwondo\u00edna Ana Sof\u00eda Monta\u00f1ez representar\u00e1 a la Universidad Michoacana de San Nicol\u00e1s de Hidalgo (UMSNH) y a M\u00e9xico en la President\u2019s Cup, que se llevar\u00e1 a cabo [&hellip;]\" \/>\n<meta property=\"og:url\" content=\"https:\/\/diarioabcdemichoacan.com.mx\/lasnoticias\/la-nicolaita-sofia-montanez-se-declara-lista-para-la-presidents-cup-2026\/\" \/>\n<meta property=\"og:site_name\" content=\"Diario ABC de Michoac\u00e1n\" \/>\n<meta property=\"article:published_time\" content=\"2026-08-22T22:08:16+00:00\" \/>\n<meta property=\"article:modified_time\" content=\"2026-08-31T22:09:40+00:00\" \/>\n<meta property=\"og:image\" content=\"https:\/\/diarioabcdemichoacan.com.mx\/lasnoticias\/wp-content\/uploads\/2026\/08\/1b6c7b5b-1839-4797-a83f-b7fb58e02022.jpg\" \/>\n\t<meta property=\"og:image:width\" content=\"1500\" \/>\n\t<meta property=\"og:image:height\" content=\"1000\" \/>\n\t<meta property=\"og:image:type\" content=\"image\/jpeg\" \/>\n<meta name=\"author\" content=\"MB\" \/>\n<meta name=\"twitter:card\" content=\"summary_large_image\" \/>\n<meta name=\"twitter:label1\" content=\"Escrito por\" \/>\n\t<meta name=\"twitter:data1\" content=\"MB\" \/>\n\t<meta name=\"twitter:label2\" content=\"Tiempo de lectura\" \/>\n\t<meta name=\"twitter:data2\" content=\"2 minutos\" \/>\n<script type=\"application\/ld+json\" class=\"yoast-schema-graph\">{\"@context\":\"https:\/\/schema.org\",\"@graph\":[{\"@type\":\"WebPage\",\"@id\":\"https:\/\/diarioabcdemichoacan.com.mx\/lasnoticias\/la-nicolaita-sofia-montanez-se-declara-lista-para-la-presidents-cup-2026\/\",\"url\":\"https:\/\/diarioabcdemichoacan.com.mx\/lasnoticias\/la-nicolaita-sofia-montanez-se-declara-lista-para-la-presidents-cup-2026\/\",\"name\":\"La nicolaita Sof\u00eda Monta\u00f1ez se declara lista para la President\u2019s Cup 2026 - Diario ABC de Michoac\u00e1n\",\"isPartOf\":{\"@id\":\"https:\/\/diarioabcdemichoacan.com.mx\/lasnoticias\/#website\"},\"primaryImageOfPage\":{\"@id\":\"https:\/\/diarioabcdemichoacan.com.mx\/lasnoticias\/la-nicolaita-sofia-montanez-se-declara-lista-para-la-presidents-cup-2026\/#primaryimage\"},\"image\":{\"@id\":\"https:\/\/diarioabcdemichoacan.com.mx\/lasnoticias\/la-nicolaita-sofia-montanez-se-declara-lista-para-la-presidents-cup-2026\/#primaryimage\"},\"thumbnailUrl\":\"https:\/\/diarioabcdemichoacan.com.mx\/lasnoticias\/wp-content\/uploads\/2026\/08\/1b6c7b5b-1839-4797-a83f-b7fb58e02022.jpg\",\"datePublished\":\"2026-08-22T22:08:16+00:00\",\"dateModified\":\"2026-08-31T22:09:40+00:00\",\"author\":{\"@id\":\"https:\/\/diarioabcdemichoacan.com.mx\/lasnoticias\/#\/schema\/person\/0546f9c3407148f7452ca932715c5e88\"},\"breadcrumb\":{\"@id\":\"https:\/\/diarioabcdemichoacan.com.mx\/lasnoticias\/la-nicolaita-sofia-montanez-se-declara-lista-para-la-presidents-cup-2026\/#breadcrumb\"},\"inLanguage\":\"es\",\"potentialAction\":[{\"@type\":\"ReadAction\",\"target\":[\"https:\/\/diarioabcdemichoacan.com.mx\/lasnoticias\/la-nicolaita-sofia-montanez-se-declara-lista-para-la-presidents-cup-2026\/\"]}]},{\"@type\":\"ImageObject\",\"inLanguage\":\"es\",\"@id\":\"https:\/\/diarioabcdemichoacan.com.mx\/lasnoticias\/la-nicolaita-sofia-montanez-se-declara-lista-para-la-presidents-cup-2026\/#primaryimage\",\"url\":\"https:\/\/diarioabcdemichoacan.com.mx\/lasnoticias\/wp-content\/uploads\/2026\/08\/1b6c7b5b-1839-4797-a83f-b7fb58e02022.jpg\",\"contentUrl\":\"https:\/\/diarioabcdemichoacan.com.mx\/lasnoticias\/wp-content\/uploads\/2026\/08\/1b6c7b5b-1839-4797-a83f-b7fb58e02022.jpg\",\"width\":1500,\"height\":1000},{\"@type\":\"BreadcrumbList\",\"@id\":\"https:\/\/diarioabcdemichoacan.com.mx\/lasnoticias\/la-nicolaita-sofia-montanez-se-declara-lista-para-la-presidents-cup-2026\/#breadcrumb\",\"itemListElement\":[{\"@type\":\"ListItem\",\"position\":1,\"name\":\"Portada\",\"item\":\"https:\/\/diarioabcdemichoacan.com.mx\/lasnoticias\/\"},{\"@type\":\"ListItem\",\"position\":2,\"name\":\"La nicolaita Sof\u00eda Monta\u00f1ez se declara lista para la President\u2019s Cup 2026\"}]},{\"@type\":\"WebSite\",\"@id\":\"https:\/\/diarioabcdemichoacan.com.mx\/lasnoticias\/#website\",\"url\":\"https:\/\/diarioabcdemichoacan.com.mx\/lasnoticias\/\",\"name\":\"Diario ABC de Michoac\u00e1n\",\"description\":\"Las noticias al momento\",\"potentialAction\":[{\"@type\":\"SearchAction\",\"target\":{\"@type\":\"EntryPoint\",\"urlTemplate\":\"https:\/\/diarioabcdemichoacan.com.mx\/lasnoticias\/?s={search_term_string}\"},\"query-input\":{\"@type\":\"PropertyValueSpecification\",\"valueRequired\":true,\"valueName\":\"search_term_string\"}}],\"inLanguage\":\"es\"},{\"@type\":\"Person\",\"@id\":\"https:\/\/diarioabcdemichoacan.com.mx\/lasnoticias\/#\/schema\/person\/0546f9c3407148f7452ca932715c5e88\",\"name\":\"MB\",\"image\":{\"@type\":\"ImageObject\",\"inLanguage\":\"es\",\"@id\":\"https:\/\/diarioabcdemichoacan.com.mx\/lasnoticias\/#\/schema\/person\/image\/\",\"url\":\"https:\/\/secure.gravatar.com\/avatar\/ac036f018f6a8431a5687a020efaf39d914da6a3fc78ce6029ab7ae29c5130e2?s=96&d=mm&r=g\",\"contentUrl\":\"https:\/\/secure.gravatar.com\/avatar\/ac036f018f6a8431a5687a020efaf39d914da6a3fc78ce6029ab7ae29c5130e2?s=96&d=mm&r=g\",\"caption\":\"MB\"},\"url\":\"https:\/\/diarioabcdemichoacan.com.mx\/lasnoticias\/author\/bomariano03\/\"}]}<\/script>\n<!-- \/ Yoast SEO plugin. -->","yoast_head_json":{"title":"La nicolaita Sof\u00eda Monta\u00f1ez se declara lista para la President\u2019s Cup 2026 - Diario ABC de Michoac\u00e1n","robots":{"index":"index","follow":"follow","max-snippet":"max-snippet:-1","max-image-preview":"max-image-preview:large","max-video-preview":"max-video-preview:-1"},"canonical":"https:\/\/diarioabcdemichoacan.com.mx\/lasnoticias\/la-nicolaita-sofia-montanez-se-declara-lista-para-la-presidents-cup-2026\/","og_locale":"es_ES","og_type":"article","og_title":"La nicolaita Sof\u00eda Monta\u00f1ez se declara lista para la President\u2019s Cup 2026 - Diario ABC de Michoac\u00e1n","og_description":"La taekwondo\u00edna buscar\u00e1 subir al p\u00f3dium en la justa que se desarrollar\u00e1 en Per\u00fa Morelia, Michoac\u00e1n, a 22 de agosto de 2026. &#8211; Por segundo a\u00f1o consecutivo, la taekwondo\u00edna Ana Sof\u00eda Monta\u00f1ez representar\u00e1 a la Universidad Michoacana de San Nicol\u00e1s de Hidalgo (UMSNH) y a M\u00e9xico en la President\u2019s Cup, que se llevar\u00e1 a cabo [&hellip;]","og_url":"https:\/\/diarioabcdemichoacan.com.mx\/lasnoticias\/la-nicolaita-sofia-montanez-se-declara-lista-para-la-presidents-cup-2026\/","og_site_name":"Diario ABC de Michoac\u00e1n","article_published_time":"2026-08-22T22:08:16+00:00","article_modified_time":"2026-08-31T22:09:40+00:00","og_image":[{"width":1500,"height":1000,"url":"https:\/\/diarioabcdemichoacan.com.mx\/lasnoticias\/wp-content\/uploads\/2026\/08\/1b6c7b5b-1839-4797-a83f-b7fb58e02022.jpg","type":"image\/jpeg"}],"author":"MB","twitter_card":"summary_large_image","twitter_misc":{"Escrito por":"MB","Tiempo de lectura":"2 minutos"},"schema":{"@context":"https:\/\/schema.org","@graph":[{"@type":"WebPage","@id":"https:\/\/diarioabcdemichoacan.com.mx\/lasnoticias\/la-nicolaita-sofia-montanez-se-declara-lista-para-la-presidents-cup-2026\/","url":"https:\/\/diarioabcdemichoacan.com.mx\/lasnoticias\/la-nicolaita-sofia-montanez-se-declara-lista-para-la-presidents-cup-2026\/","name":"La nicolaita Sof\u00eda Monta\u00f1ez se declara lista para la President\u2019s Cup 2026 - Diario ABC de Michoac\u00e1n","isPartOf":{"@id":"https:\/\/diarioabcdemichoacan.com.mx\/lasnoticias\/#website"},"primaryImageOfPage":{"@id":"https:\/\/diarioabcdemichoacan.com.mx\/lasnoticias\/la-nicolaita-sofia-montanez-se-declara-lista-para-la-presidents-cup-2026\/#primaryimage"},"image":{"@id":"https:\/\/diarioabcdemichoacan.com.mx\/lasnoticias\/la-nicolaita-sofia-montanez-se-declara-lista-para-la-presidents-cup-2026\/#primaryimage"},"thumbnailUrl":"https:\/\/diarioabcdemichoacan.com.mx\/lasnoticias\/wp-content\/uploads\/2026\/08\/1b6c7b5b-1839-4797-a83f-b7fb58e02022.jpg","datePublished":"2026-08-22T22:08:16+00:00","dateModified":"2026-08-31T22:09:40+00:00","author":{"@id":"https:\/\/diarioabcdemichoacan.com.mx\/lasnoticias\/#\/schema\/person\/0546f9c3407148f7452ca932715c5e88"},"breadcrumb":{"@id":"https:\/\/diarioabcdemichoacan.com.mx\/lasnoticias\/la-nicolaita-sofia-montanez-se-declara-lista-para-la-presidents-cup-2026\/#breadcrumb"},"inLanguage":"es","potentialAction":[{"@type":"ReadAction","target":["https:\/\/diarioabcdemichoacan.com.mx\/lasnoticias\/la-nicolaita-sofia-montanez-se-declara-lista-para-la-presidents-cup-2026\/"]}]},{"@type":"ImageObject","inLanguage":"es","@id":"https:\/\/diarioabcdemichoacan.com.mx\/lasnoticias\/la-nicolaita-sofia-montanez-se-declara-lista-para-la-presidents-cup-2026\/#primaryimage","url":"https:\/\/diarioabcdemichoacan.com.mx\/lasnoticias\/wp-content\/uploads\/2026\/08\/1b6c7b5b-1839-4797-a83f-b7fb58e02022.jpg","contentUrl":"https:\/\/diarioabcdemichoacan.com.mx\/lasnoticias\/wp-content\/uploads\/2026\/08\/1b6c7b5b-1839-4797-a83f-b7fb58e02022.jpg","width":1500,"height":1000},{"@type":"BreadcrumbList","@id":"https:\/\/diarioabcdemichoacan.com.mx\/lasnoticias\/la-nicolaita-sofia-montanez-se-declara-lista-para-la-presidents-cup-2026\/#breadcrumb","itemListElement":[{"@type":"ListItem","position":1,"name":"Portada","item":"https:\/\/diarioabcdemichoacan.com.mx\/lasnoticias\/"},{"@type":"ListItem","position":2,"name":"La nicolaita Sof\u00eda Monta\u00f1ez se declara lista para la President\u2019s Cup 2026"}]},{"@type":"WebSite","@id":"https:\/\/diarioabcdemichoacan.com.mx\/lasnoticias\/#website","url":"https:\/\/diarioabcdemichoacan.com.mx\/lasnoticias\/","name":"Diario ABC de Michoac\u00e1n","description":"Las noticias al momento","potentialAction":[{"@type":"SearchAction","target":{"@type":"EntryPoint","urlTemplate":"https:\/\/diarioabcdemichoacan.com.mx\/lasnoticias\/?s={search_term_string}"},"query-input":{"@type":"PropertyValueSpecification","valueRequired":true,"valueName":"search_term_string"}}],"inLanguage":"es"},{"@type":"Person","@id":"https:\/\/diarioabcdemichoacan.com.mx\/lasnoticias\/#\/schema\/person\/0546f9c3407148f7452ca932715c5e88","name":"MB","image":{"@type":"ImageObject","inLanguage":"es","@id":"https:\/\/diarioabcdemichoacan.com.mx\/lasnoticias\/#\/schema\/person\/image\/","url":"https:\/\/secure.gravatar.com\/avatar\/ac036f018f6a8431a5687a020efaf39d914da6a3fc78ce6029ab7ae29c5130e2?s=96&d=mm&r=g","contentUrl":"https:\/\/secure.gravatar.com\/avatar\/ac036f018f6a8431a5687a020efaf39d914da6a3fc78ce6029ab7ae29c5130e2?s=96&d=mm&r=g","caption":"MB"},"url":"https:\/\/diarioabcdemichoacan.com.mx\/lasnoticias\/author\/bomariano03\/"}]}},"_links":{"self":[{"href":"https:\/\/diarioabcdemichoacan.com.mx\/lasnoticias\/wp-json\/wp\/v2\/posts\/83670","targetHints":{"allow":["GET"]}}],"collection":[{"href":"https:\/\/diarioabcdemichoacan.com.mx\/lasnoticias\/wp-json\/wp\/v2\/posts"}],"about":[{"href":"https:\/\/diarioabcdemichoacan.com.mx\/lasnoticias\/wp-json\/wp\/v2\/types\/post"}],"author":[{"embeddable":true,"href":"https:\/\/diarioabcdemichoacan.com.mx\/lasnoticias\/wp-json\/wp\/v2\/users\/6"}],"replies":[{"embeddable":true,"href":"https:\/\/diarioabcdemichoacan.com.mx\/lasnoticias\/wp-json\/wp\/v2\/comments?post=83670"}],"version-history":[{"count":1,"href":"https:\/\/diarioabcdemichoacan.com.mx\/lasnoticias\/wp-json\/wp\/v2\/posts\/83670\/revisions"}],"predecessor-version":[{"id":83672,"href":"https:\/\/diarioabcdemichoacan.com.mx\/lasnoticias\/wp-json\/wp\/v2\/posts\/83670\/revisions\/83672"}],"wp:featuredmedia":[{"embeddable":true,"href":"https:\/\/diarioabcdemichoacan.com.mx\/lasnoticias\/wp-json\/wp\/v2\/media\/83671"}],"wp:attachment":[{"href":"https:\/\/diarioabcdemichoacan.com.mx\/lasnoticias\/wp-json\/wp\/v2\/media?parent=83670"}],"wp:term":[{"taxonomy":"category","embeddable":true,"href":"https:\/\/diarioabcdemichoacan.com.mx\/lasnoticias\/wp-json\/wp\/v2\/categories?post=83670"},{"taxonomy":"post_tag","embeddable":true,"href":"https:\/\/diarioabcdemichoacan.com.mx\/lasnoticias\/wp-json\/wp\/v2\/tags?post=83670"}],"curies":[{"name":"wp","href":"https:\/\/api.w.org\/{rel}","templated":true}]}}