{"id":83682,"date":"2026-08-19T19:49:21","date_gmt":"2026-08-20T01:49:21","guid":{"rendered":"https:\/\/diarioabcdemichoacan.com.mx\/lasnoticias\/?p=83682"},"modified":"2026-08-31T19:50:20","modified_gmt":"2026-09-01T01:50:20","slug":"estudiantes-que-participan-en-el-verano-nicolaita-de-la-investigacion-marcan-la-diferencia-yarabi-avila","status":"publish","type":"post","link":"https:\/\/diarioabcdemichoacan.com.mx\/lasnoticias\/estudiantes-que-participan-en-el-verano-nicolaita-de-la-investigacion-marcan-la-diferencia-yarabi-avila\/","title":{"rendered":"Estudiantes que participan en el verano nicolaita de la investigaci\u00f3n, marcan la diferencia: Yarab\u00ed \u00c1vila"},"content":{"rendered":"<p>La rectora inaugur\u00f3 la 14\u00b0 edici\u00f3n del Congreso del Verano Nicolaita en el que 480 j\u00f3venes presentaron sus proyectos de investigaci\u00f3n<\/p>\n<hr \/>\n<p class=\"wp-block-paragraph\">Morelia, Michoac\u00e1n, a 19 de agosto de 2026.- Al inaugurar la 14\u00b0 edici\u00f3n del Congreso del Verano Nicolaita de la Investigaci\u00f3n, la rectora de la Universidad Michoacana de San Nicol\u00e1s de Hidalgo (UMSNH), Yarab\u00ed \u00c1vila Gonz\u00e1lez, afirm\u00f3 que las y los 480 estudiantes que participan en esta actividad marcan la diferencia, que siempre vendr\u00e1 acompa\u00f1ada de la ventaja competitiva que tendr\u00e1n como profesionistas en cada una de las \u00e1reas en las que se desempe\u00f1en.<\/p><div id=\"diari-1353040370\" class=\"diari-contenido diari-entity-placement\"><img loading=\"lazy\" decoding=\"async\" src=\"https:\/\/diarioabcdemichoacan.com.mx\/lasnoticias\/wp-content\/uploads\/2024\/07\/WhatsApp-Image-2024-05-07-at-10.12.40-a.m.jpeg\" alt=\"\"  srcset=\"https:\/\/diarioabcdemichoacan.com.mx\/lasnoticias\/wp-content\/uploads\/2024\/07\/WhatsApp-Image-2024-05-07-at-10.12.40-a.m.jpeg 400w, https:\/\/diarioabcdemichoacan.com.mx\/lasnoticias\/wp-content\/uploads\/2024\/07\/WhatsApp-Image-2024-05-07-at-10.12.40-a.m-150x150.jpeg 150w, https:\/\/diarioabcdemichoacan.com.mx\/lasnoticias\/wp-content\/uploads\/2024\/07\/WhatsApp-Image-2024-05-07-at-10.12.40-a.m-300x300.jpeg 300w\" sizes=\"(max-width: 400px) 100vw, 400px\" width=\"400\" height=\"400\"  style=\"display: inline-block;\" \/><\/div>\n<p class=\"wp-block-paragraph\">En este marco, manifest\u00f3 su satisfacci\u00f3n de asistir a este evento, en el que las y los alumnos presentan los resultados de los proyectos realizados durante el Verano Nicolaita, y en donde afirm\u00f3, la casa de estudios refrenda su compromiso con la juventud, con los diferentes sectores, con la generaci\u00f3n de conocimiento y con la transformaci\u00f3n de la sociedad.<\/p>\n<p class=\"wp-block-paragraph\">De igual forma, reconoci\u00f3 la labor de las investigadoras e investigadores, maestras y maestros que acompa\u00f1aron a los estudiantes durante este periodo de aprendizaje, \u201cla tarea que ustedes tienen j\u00f3venes es que si el d\u00eda de hoy fueron 480 participantes que se comprometan a promover que muchas otras personas puedan participar el siguiente a\u00f1o\u201d.<\/p>\n<p class=\"wp-block-paragraph\">La rectora destac\u00f3 que el Verano Nicolaita fomenta valores como el trabajo en equipo, el respeto, la puntualidad, la sensibilidad, as\u00ed como la empat\u00eda de atender y de investigar problemas que impactan en la sociedad, al se\u00f1alar que la investigaci\u00f3n no es \u00fanicamente un ejercicio acad\u00e9mico sino tambi\u00e9n es mirar a trav\u00e9s de la realidad con otros ojos, es identificar aquello que puede mejorarse y proponer nuevas soluciones.<\/p>\n<p class=\"wp-block-paragraph\">\u00c1vila invit\u00f3 a las y los estudiantes a nunca perder la sensibilidad, a tener un compromiso con los sectores que m\u00e1s lo requieren, as\u00ed como a no tener miedo a equivocarse, al referir que es fundamental para realizar investigaci\u00f3n, \u201cpero en ello va inmiscuido tambi\u00e9n lo que es el aprendizaje, la experiencia, la vivencia, el conocer a otras personas, el sumar y que esa suma de voluntades se convierta en multiplicar todos los resultados para cada una de las comunidades\u201d.<\/p>\n<p class=\"wp-block-paragraph\">Al dar la bienvenida, el coordinador de la Investigaci\u00f3n Cient\u00edfica, Jaime Espino Valencia, consider\u00f3 que el conocimiento no debe permanecer encerrado en las aulas, en los laboratorios o en los centros de investigaci\u00f3n, \u201cla investigaci\u00f3n debe estar al servicio de la sociedad, de nuestras comunidades y de las necesidades reales de nuestro pa\u00eds, contribuyendo a generar mejores pol\u00edticas p\u00fablicas, mayores oportunidades y condiciones de vida para todas y todos\u201d.<\/p>\n<p class=\"wp-block-paragraph\">Tras se\u00f1alar que la Universidad Michoacana tiene la importante responsabilidad de formar las nuevas generaciones y generar las condiciones para que el conocimiento contribuya al desarrollo de la sociedad, hizo votos porque las ideas que surjan del congreso no se queden en las mesas de trabajo, sino que se puedan convertir en proyectos, pol\u00edticas y acciones que generen un impacto positivo en la sociedad, en lo local, en lo regional y en lo nacional.<\/p>\n<p class=\"wp-block-paragraph\">Por su parte, el coordinador general del Verano Nicolaita de Investigaci\u00f3n, Luis Mar\u00eda Su\u00e1rez Rodr\u00edguez, precis\u00f3 que, de los 480 participantes en esta edici\u00f3n del Congreso del Verano Nicolaita de Investigaci\u00f3n, el 63 por ciento est\u00e1 representado por mujeres y el 37 por ciento por hombres.<\/p>\n<p class=\"wp-block-paragraph\">\u201cJ\u00f3venes, tienen frente a ustedes una extraordinaria oportunidad para aumentar su capacidad de mirar la realidad desde m\u00faltiples perspectivas, la sociedad necesita una ciencia capaz de dialogar, una ciencia que no construya muros entre disciplinas, sino que construya puentes\u201d, enfatiz\u00f3.<\/p>\n","protected":false},"excerpt":{"rendered":"<p>La rectora inaugur\u00f3 la 14\u00b0 edici\u00f3n del Congreso del Verano Nicolaita en el que 480 j\u00f3venes presentaron sus proyectos de investigaci\u00f3n Morelia, Michoac\u00e1n, a 19 de agosto de 2026.- Al inaugurar la 14\u00b0 edici\u00f3n del Congreso del Verano Nicolaita de la Investigaci\u00f3n, la rectora de la Universidad Michoacana de San Nicol\u00e1s de Hidalgo (UMSNH), Yarab\u00ed [&hellip;]<\/p>\n","protected":false},"author":6,"featured_media":83683,"comment_status":"closed","ping_status":"closed","sticky":false,"template":"","format":"standard","meta":{"footnotes":""},"categories":[15,10,23],"tags":[],"class_list":["post-83682","post","type-post","status-publish","format-standard","has-post-thumbnail","category-educacion","category-estado","category-universidad-michoacana"],"yoast_head":"<!-- This site is optimized with the Yoast SEO plugin v28.4 - https:\/\/yoast.com\/product\/yoast-seo-wordpress\/ -->\n<title>Estudiantes que participan en el verano nicolaita de la investigaci\u00f3n, marcan la diferencia: Yarab\u00ed \u00c1vila - Diario ABC de Michoac\u00e1n<\/title>\n<meta name=\"robots\" content=\"index, follow, max-snippet:-1, max-image-preview:large, max-video-preview:-1\" \/>\n<link rel=\"canonical\" href=\"https:\/\/diarioabcdemichoacan.com.mx\/lasnoticias\/estudiantes-que-participan-en-el-verano-nicolaita-de-la-investigacion-marcan-la-diferencia-yarabi-avila\/\" \/>\n<meta property=\"og:locale\" content=\"es_ES\" \/>\n<meta property=\"og:type\" content=\"article\" \/>\n<meta property=\"og:title\" content=\"Estudiantes que participan en el verano nicolaita de la investigaci\u00f3n, marcan la diferencia: Yarab\u00ed \u00c1vila - Diario ABC de Michoac\u00e1n\" \/>\n<meta property=\"og:description\" content=\"La rectora inaugur\u00f3 la 14\u00b0 edici\u00f3n del Congreso del Verano Nicolaita en el que 480 j\u00f3venes presentaron sus proyectos de investigaci\u00f3n Morelia, Michoac\u00e1n, a 19 de agosto de 2026.- Al inaugurar la 14\u00b0 edici\u00f3n del Congreso del Verano Nicolaita de la Investigaci\u00f3n, la rectora de la Universidad Michoacana de San Nicol\u00e1s de Hidalgo (UMSNH), Yarab\u00ed [&hellip;]\" \/>\n<meta property=\"og:url\" content=\"https:\/\/diarioabcdemichoacan.com.mx\/lasnoticias\/estudiantes-que-participan-en-el-verano-nicolaita-de-la-investigacion-marcan-la-diferencia-yarabi-avila\/\" \/>\n<meta property=\"og:site_name\" content=\"Diario ABC de Michoac\u00e1n\" \/>\n<meta property=\"article:published_time\" content=\"2026-08-20T01:49:21+00:00\" \/>\n<meta property=\"article:modified_time\" content=\"2026-09-01T01:50:20+00:00\" \/>\n<meta property=\"og:image\" content=\"https:\/\/diarioabcdemichoacan.com.mx\/lasnoticias\/wp-content\/uploads\/2026\/08\/e89725ec-bfbc-4f96-8c3c-42319df5f4f1.jpg\" \/>\n\t<meta property=\"og:image:width\" content=\"1280\" \/>\n\t<meta property=\"og:image:height\" content=\"476\" \/>\n\t<meta property=\"og:image:type\" content=\"image\/jpeg\" \/>\n<meta name=\"author\" content=\"MB\" \/>\n<meta name=\"twitter:card\" content=\"summary_large_image\" \/>\n<meta name=\"twitter:label1\" content=\"Escrito por\" \/>\n\t<meta name=\"twitter:data1\" content=\"MB\" \/>\n\t<meta name=\"twitter:label2\" content=\"Tiempo de lectura\" \/>\n\t<meta name=\"twitter:data2\" content=\"3 minutos\" \/>\n<script type=\"application\/ld+json\" class=\"yoast-schema-graph\">{\"@context\":\"https:\\\/\\\/schema.org\",\"@graph\":[{\"@type\":\"Article\",\"@id\":\"https:\\\/\\\/diarioabcdemichoacan.com.mx\\\/lasnoticias\\\/estudiantes-que-participan-en-el-verano-nicolaita-de-la-investigacion-marcan-la-diferencia-yarabi-avila\\\/#article\",\"isPartOf\":{\"@id\":\"https:\\\/\\\/diarioabcdemichoacan.com.mx\\\/lasnoticias\\\/estudiantes-que-participan-en-el-verano-nicolaita-de-la-investigacion-marcan-la-diferencia-yarabi-avila\\\/\"},\"author\":{\"name\":\"MB\",\"@id\":\"https:\\\/\\\/diarioabcdemichoacan.com.mx\\\/lasnoticias\\\/#\\\/schema\\\/person\\\/0546f9c3407148f7452ca932715c5e88\"},\"headline\":\"Estudiantes que participan en el verano nicolaita de la investigaci\u00f3n, marcan la diferencia: Yarab\u00ed \u00c1vila\",\"datePublished\":\"2026-08-20T01:49:21+00:00\",\"dateModified\":\"2026-09-01T01:50:20+00:00\",\"mainEntityOfPage\":{\"@id\":\"https:\\\/\\\/diarioabcdemichoacan.com.mx\\\/lasnoticias\\\/estudiantes-que-participan-en-el-verano-nicolaita-de-la-investigacion-marcan-la-diferencia-yarabi-avila\\\/\"},\"wordCount\":636,\"image\":{\"@id\":\"https:\\\/\\\/diarioabcdemichoacan.com.mx\\\/lasnoticias\\\/estudiantes-que-participan-en-el-verano-nicolaita-de-la-investigacion-marcan-la-diferencia-yarabi-avila\\\/#primaryimage\"},\"thumbnailUrl\":\"https:\\\/\\\/diarioabcdemichoacan.com.mx\\\/lasnoticias\\\/wp-content\\\/uploads\\\/2026\\\/08\\\/e89725ec-bfbc-4f96-8c3c-42319df5f4f1.jpg\",\"articleSection\":[\"Educaci\u00f3n\",\"Estado\",\"Universidad Michoacana\"],\"inLanguage\":\"es\"},{\"@type\":\"WebPage\",\"@id\":\"https:\\\/\\\/diarioabcdemichoacan.com.mx\\\/lasnoticias\\\/estudiantes-que-participan-en-el-verano-nicolaita-de-la-investigacion-marcan-la-diferencia-yarabi-avila\\\/\",\"url\":\"https:\\\/\\\/diarioabcdemichoacan.com.mx\\\/lasnoticias\\\/estudiantes-que-participan-en-el-verano-nicolaita-de-la-investigacion-marcan-la-diferencia-yarabi-avila\\\/\",\"name\":\"Estudiantes que participan en el verano nicolaita de la investigaci\u00f3n, marcan la diferencia: Yarab\u00ed \u00c1vila - Diario ABC de Michoac\u00e1n\",\"isPartOf\":{\"@id\":\"https:\\\/\\\/diarioabcdemichoacan.com.mx\\\/lasnoticias\\\/#website\"},\"primaryImageOfPage\":{\"@id\":\"https:\\\/\\\/diarioabcdemichoacan.com.mx\\\/lasnoticias\\\/estudiantes-que-participan-en-el-verano-nicolaita-de-la-investigacion-marcan-la-diferencia-yarabi-avila\\\/#primaryimage\"},\"image\":{\"@id\":\"https:\\\/\\\/diarioabcdemichoacan.com.mx\\\/lasnoticias\\\/estudiantes-que-participan-en-el-verano-nicolaita-de-la-investigacion-marcan-la-diferencia-yarabi-avila\\\/#primaryimage\"},\"thumbnailUrl\":\"https:\\\/\\\/diarioabcdemichoacan.com.mx\\\/lasnoticias\\\/wp-content\\\/uploads\\\/2026\\\/08\\\/e89725ec-bfbc-4f96-8c3c-42319df5f4f1.jpg\",\"datePublished\":\"2026-08-20T01:49:21+00:00\",\"dateModified\":\"2026-09-01T01:50:20+00:00\",\"author\":{\"@id\":\"https:\\\/\\\/diarioabcdemichoacan.com.mx\\\/lasnoticias\\\/#\\\/schema\\\/person\\\/0546f9c3407148f7452ca932715c5e88\"},\"breadcrumb\":{\"@id\":\"https:\\\/\\\/diarioabcdemichoacan.com.mx\\\/lasnoticias\\\/estudiantes-que-participan-en-el-verano-nicolaita-de-la-investigacion-marcan-la-diferencia-yarabi-avila\\\/#breadcrumb\"},\"inLanguage\":\"es\",\"potentialAction\":[{\"@type\":\"ReadAction\",\"target\":[\"https:\\\/\\\/diarioabcdemichoacan.com.mx\\\/lasnoticias\\\/estudiantes-que-participan-en-el-verano-nicolaita-de-la-investigacion-marcan-la-diferencia-yarabi-avila\\\/\"]}]},{\"@type\":\"ImageObject\",\"inLanguage\":\"es\",\"@id\":\"https:\\\/\\\/diarioabcdemichoacan.com.mx\\\/lasnoticias\\\/estudiantes-que-participan-en-el-verano-nicolaita-de-la-investigacion-marcan-la-diferencia-yarabi-avila\\\/#primaryimage\",\"url\":\"https:\\\/\\\/diarioabcdemichoacan.com.mx\\\/lasnoticias\\\/wp-content\\\/uploads\\\/2026\\\/08\\\/e89725ec-bfbc-4f96-8c3c-42319df5f4f1.jpg\",\"contentUrl\":\"https:\\\/\\\/diarioabcdemichoacan.com.mx\\\/lasnoticias\\\/wp-content\\\/uploads\\\/2026\\\/08\\\/e89725ec-bfbc-4f96-8c3c-42319df5f4f1.jpg\",\"width\":1280,\"height\":476},{\"@type\":\"BreadcrumbList\",\"@id\":\"https:\\\/\\\/diarioabcdemichoacan.com.mx\\\/lasnoticias\\\/estudiantes-que-participan-en-el-verano-nicolaita-de-la-investigacion-marcan-la-diferencia-yarabi-avila\\\/#breadcrumb\",\"itemListElement\":[{\"@type\":\"ListItem\",\"position\":1,\"name\":\"Portada\",\"item\":\"https:\\\/\\\/diarioabcdemichoacan.com.mx\\\/lasnoticias\\\/\"},{\"@type\":\"ListItem\",\"position\":2,\"name\":\"Estudiantes que participan en el verano nicolaita de la investigaci\u00f3n, marcan la diferencia: Yarab\u00ed \u00c1vila\"}]},{\"@type\":\"WebSite\",\"@id\":\"https:\\\/\\\/diarioabcdemichoacan.com.mx\\\/lasnoticias\\\/#website\",\"url\":\"https:\\\/\\\/diarioabcdemichoacan.com.mx\\\/lasnoticias\\\/\",\"name\":\"Diario ABC de Michoac\u00e1n\",\"description\":\"Las noticias al momento\",\"potentialAction\":[{\"@type\":\"SearchAction\",\"target\":{\"@type\":\"EntryPoint\",\"urlTemplate\":\"https:\\\/\\\/diarioabcdemichoacan.com.mx\\\/lasnoticias\\\/?s={search_term_string}\"},\"query-input\":{\"@type\":\"PropertyValueSpecification\",\"valueRequired\":true,\"valueName\":\"search_term_string\"}}],\"inLanguage\":\"es\"},{\"@type\":\"Person\",\"@id\":\"https:\\\/\\\/diarioabcdemichoacan.com.mx\\\/lasnoticias\\\/#\\\/schema\\\/person\\\/0546f9c3407148f7452ca932715c5e88\",\"name\":\"MB\",\"image\":{\"@type\":\"ImageObject\",\"inLanguage\":\"es\",\"@id\":\"https:\\\/\\\/secure.gravatar.com\\\/avatar\\\/ac036f018f6a8431a5687a020efaf39d914da6a3fc78ce6029ab7ae29c5130e2?s=96&d=mm&r=g\",\"url\":\"https:\\\/\\\/secure.gravatar.com\\\/avatar\\\/ac036f018f6a8431a5687a020efaf39d914da6a3fc78ce6029ab7ae29c5130e2?s=96&d=mm&r=g\",\"contentUrl\":\"https:\\\/\\\/secure.gravatar.com\\\/avatar\\\/ac036f018f6a8431a5687a020efaf39d914da6a3fc78ce6029ab7ae29c5130e2?s=96&d=mm&r=g\",\"caption\":\"MB\"},\"url\":\"https:\\\/\\\/diarioabcdemichoacan.com.mx\\\/lasnoticias\\\/author\\\/bomariano03\\\/\"}]}<\/script>\n<!-- \/ Yoast SEO plugin. -->","yoast_head_json":{"title":"Estudiantes que participan en el verano nicolaita de la investigaci\u00f3n, marcan la diferencia: Yarab\u00ed \u00c1vila - Diario ABC de Michoac\u00e1n","robots":{"index":"index","follow":"follow","max-snippet":"max-snippet:-1","max-image-preview":"max-image-preview:large","max-video-preview":"max-video-preview:-1"},"canonical":"https:\/\/diarioabcdemichoacan.com.mx\/lasnoticias\/estudiantes-que-participan-en-el-verano-nicolaita-de-la-investigacion-marcan-la-diferencia-yarabi-avila\/","og_locale":"es_ES","og_type":"article","og_title":"Estudiantes que participan en el verano nicolaita de la investigaci\u00f3n, marcan la diferencia: Yarab\u00ed \u00c1vila - Diario ABC de Michoac\u00e1n","og_description":"La rectora inaugur\u00f3 la 14\u00b0 edici\u00f3n del Congreso del Verano Nicolaita en el que 480 j\u00f3venes presentaron sus proyectos de investigaci\u00f3n Morelia, Michoac\u00e1n, a 19 de agosto de 2026.- Al inaugurar la 14\u00b0 edici\u00f3n del Congreso del Verano Nicolaita de la Investigaci\u00f3n, la rectora de la Universidad Michoacana de San Nicol\u00e1s de Hidalgo (UMSNH), Yarab\u00ed [&hellip;]","og_url":"https:\/\/diarioabcdemichoacan.com.mx\/lasnoticias\/estudiantes-que-participan-en-el-verano-nicolaita-de-la-investigacion-marcan-la-diferencia-yarabi-avila\/","og_site_name":"Diario ABC de Michoac\u00e1n","article_published_time":"2026-08-20T01:49:21+00:00","article_modified_time":"2026-09-01T01:50:20+00:00","og_image":[{"width":1280,"height":476,"url":"https:\/\/diarioabcdemichoacan.com.mx\/lasnoticias\/wp-content\/uploads\/2026\/08\/e89725ec-bfbc-4f96-8c3c-42319df5f4f1.jpg","type":"image\/jpeg"}],"author":"MB","twitter_card":"summary_large_image","twitter_misc":{"Escrito por":"MB","Tiempo de lectura":"3 minutos"},"schema":{"@context":"https:\/\/schema.org","@graph":[{"@type":"Article","@id":"https:\/\/diarioabcdemichoacan.com.mx\/lasnoticias\/estudiantes-que-participan-en-el-verano-nicolaita-de-la-investigacion-marcan-la-diferencia-yarabi-avila\/#article","isPartOf":{"@id":"https:\/\/diarioabcdemichoacan.com.mx\/lasnoticias\/estudiantes-que-participan-en-el-verano-nicolaita-de-la-investigacion-marcan-la-diferencia-yarabi-avila\/"},"author":{"name":"MB","@id":"https:\/\/diarioabcdemichoacan.com.mx\/lasnoticias\/#\/schema\/person\/0546f9c3407148f7452ca932715c5e88"},"headline":"Estudiantes que participan en el verano nicolaita de la investigaci\u00f3n, marcan la diferencia: Yarab\u00ed \u00c1vila","datePublished":"2026-08-20T01:49:21+00:00","dateModified":"2026-09-01T01:50:20+00:00","mainEntityOfPage":{"@id":"https:\/\/diarioabcdemichoacan.com.mx\/lasnoticias\/estudiantes-que-participan-en-el-verano-nicolaita-de-la-investigacion-marcan-la-diferencia-yarabi-avila\/"},"wordCount":636,"image":{"@id":"https:\/\/diarioabcdemichoacan.com.mx\/lasnoticias\/estudiantes-que-participan-en-el-verano-nicolaita-de-la-investigacion-marcan-la-diferencia-yarabi-avila\/#primaryimage"},"thumbnailUrl":"https:\/\/diarioabcdemichoacan.com.mx\/lasnoticias\/wp-content\/uploads\/2026\/08\/e89725ec-bfbc-4f96-8c3c-42319df5f4f1.jpg","articleSection":["Educaci\u00f3n","Estado","Universidad Michoacana"],"inLanguage":"es"},{"@type":"WebPage","@id":"https:\/\/diarioabcdemichoacan.com.mx\/lasnoticias\/estudiantes-que-participan-en-el-verano-nicolaita-de-la-investigacion-marcan-la-diferencia-yarabi-avila\/","url":"https:\/\/diarioabcdemichoacan.com.mx\/lasnoticias\/estudiantes-que-participan-en-el-verano-nicolaita-de-la-investigacion-marcan-la-diferencia-yarabi-avila\/","name":"Estudiantes que participan en el verano nicolaita de la investigaci\u00f3n, marcan la diferencia: Yarab\u00ed \u00c1vila - Diario ABC de Michoac\u00e1n","isPartOf":{"@id":"https:\/\/diarioabcdemichoacan.com.mx\/lasnoticias\/#website"},"primaryImageOfPage":{"@id":"https:\/\/diarioabcdemichoacan.com.mx\/lasnoticias\/estudiantes-que-participan-en-el-verano-nicolaita-de-la-investigacion-marcan-la-diferencia-yarabi-avila\/#primaryimage"},"image":{"@id":"https:\/\/diarioabcdemichoacan.com.mx\/lasnoticias\/estudiantes-que-participan-en-el-verano-nicolaita-de-la-investigacion-marcan-la-diferencia-yarabi-avila\/#primaryimage"},"thumbnailUrl":"https:\/\/diarioabcdemichoacan.com.mx\/lasnoticias\/wp-content\/uploads\/2026\/08\/e89725ec-bfbc-4f96-8c3c-42319df5f4f1.jpg","datePublished":"2026-08-20T01:49:21+00:00","dateModified":"2026-09-01T01:50:20+00:00","author":{"@id":"https:\/\/diarioabcdemichoacan.com.mx\/lasnoticias\/#\/schema\/person\/0546f9c3407148f7452ca932715c5e88"},"breadcrumb":{"@id":"https:\/\/diarioabcdemichoacan.com.mx\/lasnoticias\/estudiantes-que-participan-en-el-verano-nicolaita-de-la-investigacion-marcan-la-diferencia-yarabi-avila\/#breadcrumb"},"inLanguage":"es","potentialAction":[{"@type":"ReadAction","target":["https:\/\/diarioabcdemichoacan.com.mx\/lasnoticias\/estudiantes-que-participan-en-el-verano-nicolaita-de-la-investigacion-marcan-la-diferencia-yarabi-avila\/"]}]},{"@type":"ImageObject","inLanguage":"es","@id":"https:\/\/diarioabcdemichoacan.com.mx\/lasnoticias\/estudiantes-que-participan-en-el-verano-nicolaita-de-la-investigacion-marcan-la-diferencia-yarabi-avila\/#primaryimage","url":"https:\/\/diarioabcdemichoacan.com.mx\/lasnoticias\/wp-content\/uploads\/2026\/08\/e89725ec-bfbc-4f96-8c3c-42319df5f4f1.jpg","contentUrl":"https:\/\/diarioabcdemichoacan.com.mx\/lasnoticias\/wp-content\/uploads\/2026\/08\/e89725ec-bfbc-4f96-8c3c-42319df5f4f1.jpg","width":1280,"height":476},{"@type":"BreadcrumbList","@id":"https:\/\/diarioabcdemichoacan.com.mx\/lasnoticias\/estudiantes-que-participan-en-el-verano-nicolaita-de-la-investigacion-marcan-la-diferencia-yarabi-avila\/#breadcrumb","itemListElement":[{"@type":"ListItem","position":1,"name":"Portada","item":"https:\/\/diarioabcdemichoacan.com.mx\/lasnoticias\/"},{"@type":"ListItem","position":2,"name":"Estudiantes que participan en el verano nicolaita de la investigaci\u00f3n, marcan la diferencia: Yarab\u00ed \u00c1vila"}]},{"@type":"WebSite","@id":"https:\/\/diarioabcdemichoacan.com.mx\/lasnoticias\/#website","url":"https:\/\/diarioabcdemichoacan.com.mx\/lasnoticias\/","name":"Diario ABC de Michoac\u00e1n","description":"Las noticias al momento","potentialAction":[{"@type":"SearchAction","target":{"@type":"EntryPoint","urlTemplate":"https:\/\/diarioabcdemichoacan.com.mx\/lasnoticias\/?s={search_term_string}"},"query-input":{"@type":"PropertyValueSpecification","valueRequired":true,"valueName":"search_term_string"}}],"inLanguage":"es"},{"@type":"Person","@id":"https:\/\/diarioabcdemichoacan.com.mx\/lasnoticias\/#\/schema\/person\/0546f9c3407148f7452ca932715c5e88","name":"MB","image":{"@type":"ImageObject","inLanguage":"es","@id":"https:\/\/secure.gravatar.com\/avatar\/ac036f018f6a8431a5687a020efaf39d914da6a3fc78ce6029ab7ae29c5130e2?s=96&d=mm&r=g","url":"https:\/\/secure.gravatar.com\/avatar\/ac036f018f6a8431a5687a020efaf39d914da6a3fc78ce6029ab7ae29c5130e2?s=96&d=mm&r=g","contentUrl":"https:\/\/secure.gravatar.com\/avatar\/ac036f018f6a8431a5687a020efaf39d914da6a3fc78ce6029ab7ae29c5130e2?s=96&d=mm&r=g","caption":"MB"},"url":"https:\/\/diarioabcdemichoacan.com.mx\/lasnoticias\/author\/bomariano03\/"}]}},"_links":{"self":[{"href":"https:\/\/diarioabcdemichoacan.com.mx\/lasnoticias\/wp-json\/wp\/v2\/posts\/83682","targetHints":{"allow":["GET"]}}],"collection":[{"href":"https:\/\/diarioabcdemichoacan.com.mx\/lasnoticias\/wp-json\/wp\/v2\/posts"}],"about":[{"href":"https:\/\/diarioabcdemichoacan.com.mx\/lasnoticias\/wp-json\/wp\/v2\/types\/post"}],"author":[{"embeddable":true,"href":"https:\/\/diarioabcdemichoacan.com.mx\/lasnoticias\/wp-json\/wp\/v2\/users\/6"}],"replies":[{"embeddable":true,"href":"https:\/\/diarioabcdemichoacan.com.mx\/lasnoticias\/wp-json\/wp\/v2\/comments?post=83682"}],"version-history":[{"count":1,"href":"https:\/\/diarioabcdemichoacan.com.mx\/lasnoticias\/wp-json\/wp\/v2\/posts\/83682\/revisions"}],"predecessor-version":[{"id":83684,"href":"https:\/\/diarioabcdemichoacan.com.mx\/lasnoticias\/wp-json\/wp\/v2\/posts\/83682\/revisions\/83684"}],"wp:featuredmedia":[{"embeddable":true,"href":"https:\/\/diarioabcdemichoacan.com.mx\/lasnoticias\/wp-json\/wp\/v2\/media\/83683"}],"wp:attachment":[{"href":"https:\/\/diarioabcdemichoacan.com.mx\/lasnoticias\/wp-json\/wp\/v2\/media?parent=83682"}],"wp:term":[{"taxonomy":"category","embeddable":true,"href":"https:\/\/diarioabcdemichoacan.com.mx\/lasnoticias\/wp-json\/wp\/v2\/categories?post=83682"},{"taxonomy":"post_tag","embeddable":true,"href":"https:\/\/diarioabcdemichoacan.com.mx\/lasnoticias\/wp-json\/wp\/v2\/tags?post=83682"}],"curies":[{"name":"wp","href":"https:\/\/api.w.org\/{rel}","templated":true}]}}