{"id":83688,"date":"2026-08-20T19:51:48","date_gmt":"2026-08-21T01:51:48","guid":{"rendered":"https:\/\/diarioabcdemichoacan.com.mx\/lasnoticias\/?p=83688"},"modified":"2026-08-31T19:52:36","modified_gmt":"2026-09-01T01:52:36","slug":"instalan-formalmente-comisiones-del-consejo-universitario-yarabi-avila-encabeza-sesion","status":"publish","type":"post","link":"https:\/\/diarioabcdemichoacan.com.mx\/lasnoticias\/instalan-formalmente-comisiones-del-consejo-universitario-yarabi-avila-encabeza-sesion\/","title":{"rendered":"Instalan formalmente comisiones del Consejo Universitario; Yarab\u00ed \u00c1vila encabeza sesi\u00f3n"},"content":{"rendered":"<p>Las y los consejeros que conforman las 16 Comisiones Permanentes y Especiales rindieron protesta<\/p>\n<hr \/>\n<p class=\"wp-block-paragraph\">Morelia, Michoac\u00e1n, a 20 de agosto de 2026.- Quedaron formalmente instaladas las Comisiones Permanentes y Especiales del Consejo Universitario, tras la sesi\u00f3n encabezada por la rectora de la Universidad Michoacana de San Nicol\u00e1s de Hidalgo (UMSNH), Yarab\u00ed \u00c1vila Gonz\u00e1lez.<\/p><div id=\"diari-3131089096\" class=\"diari-contenido diari-entity-placement\"><img loading=\"lazy\" decoding=\"async\" src=\"https:\/\/diarioabcdemichoacan.com.mx\/lasnoticias\/wp-content\/uploads\/2024\/07\/WhatsApp-Image-2024-05-07-at-10.12.40-a.m.jpeg\" alt=\"\"  srcset=\"https:\/\/diarioabcdemichoacan.com.mx\/lasnoticias\/wp-content\/uploads\/2024\/07\/WhatsApp-Image-2024-05-07-at-10.12.40-a.m.jpeg 400w, https:\/\/diarioabcdemichoacan.com.mx\/lasnoticias\/wp-content\/uploads\/2024\/07\/WhatsApp-Image-2024-05-07-at-10.12.40-a.m-150x150.jpeg 150w, https:\/\/diarioabcdemichoacan.com.mx\/lasnoticias\/wp-content\/uploads\/2024\/07\/WhatsApp-Image-2024-05-07-at-10.12.40-a.m-300x300.jpeg 300w\" sizes=\"(max-width: 400px) 100vw, 400px\" width=\"400\" height=\"400\"  style=\"display: inline-block;\" \/><\/div>\n<p class=\"wp-block-paragraph\">En este marco, la presidenta del m\u00e1ximo \u00f3rgano de gobierno de la instituci\u00f3n, refrend\u00f3 ante el pleno, que la M\u00e1xima Casa de Estudios tiene un valor muy importante, y durante su gesti\u00f3n se ha trabajado con un gran compromiso por la justicia laboral y por muchas otras cuestiones que han abonado a fortalecer a la Universidad, que dijo, no es la misma que hace a\u00f1os.<\/p>\n<p class=\"wp-block-paragraph\">La rectora adelant\u00f3 que viene un periodo de ardua actividad en el Consejo Universitario por lo que solicit\u00f3 el apoyo de sus integrantes para seguir construyendo en beneficio de la comunidad nicolaita \u201cEstoy muy agradecida con todas y todos ustedes, y les encargo mucho los trabajos en las distintas Comisiones, les deseo el mejor de los \u00e9xitos\u201d.<\/p>\n<p class=\"wp-block-paragraph\">Por su parte, el secretario general, Javier Cervantes Rodr\u00edguez, precis\u00f3 que con la instalaci\u00f3n formal de las Comisiones se dar\u00e1n a la tarea de retomar los pendientes en cada una de ellas, por lo que esta misma semana se iniciar\u00e1n actividades con la de Organizaci\u00f3n y M\u00e9todos, y con las que integran la de Reforma Universitaria.<\/p>\n<p class=\"wp-block-paragraph\">Durante la sesi\u00f3n, consejeras y consejeros rindieron protesta como integrantes de las Comisiones Permanentes que est\u00e1n integradas por la de Presupuesto y Control; Planeaci\u00f3n y Evaluaci\u00f3n; Organizaci\u00f3n y M\u00e9todos, y la T\u00e9cnico Pedag\u00f3gica.<\/p>\n<p class=\"wp-block-paragraph\">As\u00ed como de las Comisiones Especiales, como son: para Analizar los Mecanismos de Ingreso a la Universidad; de Reforma Acad\u00e9mica; de Reforma Administrativa; de Reforma Jur\u00eddica; Paritaria de Auscultaci\u00f3n; para el Reconocimiento de Profesores Em\u00e9ritos, para el Otorgamiento del Grado Honoris Causa; para el Otorgamiento de la Presea \u201cVasco de Quiroga\u201d; de G\u00e9nero, de Inclusi\u00f3n; de Cultura de Paz, y de Radiodifusi\u00f3n.<\/p>\n","protected":false},"excerpt":{"rendered":"<p>Las y los consejeros que conforman las 16 Comisiones Permanentes y Especiales rindieron protesta Morelia, Michoac\u00e1n, a 20 de agosto de 2026.- Quedaron formalmente instaladas las Comisiones Permanentes y Especiales del Consejo Universitario, tras la sesi\u00f3n encabezada por la rectora de la Universidad Michoacana de San Nicol\u00e1s de Hidalgo (UMSNH), Yarab\u00ed \u00c1vila Gonz\u00e1lez. En este [&hellip;]<\/p>\n","protected":false},"author":6,"featured_media":83689,"comment_status":"closed","ping_status":"closed","sticky":false,"template":"","format":"standard","meta":{"footnotes":""},"categories":[15,10,23],"tags":[],"class_list":["post-83688","post","type-post","status-publish","format-standard","has-post-thumbnail","category-educacion","category-estado","category-universidad-michoacana"],"yoast_head":"<!-- This site is optimized with the Yoast SEO plugin v28.4 - https:\/\/yoast.com\/product\/yoast-seo-wordpress\/ -->\n<title>Instalan formalmente comisiones del Consejo Universitario; Yarab\u00ed \u00c1vila encabeza sesi\u00f3n - Diario ABC de Michoac\u00e1n<\/title>\n<meta name=\"robots\" content=\"index, follow, max-snippet:-1, max-image-preview:large, max-video-preview:-1\" \/>\n<link rel=\"canonical\" href=\"https:\/\/diarioabcdemichoacan.com.mx\/lasnoticias\/instalan-formalmente-comisiones-del-consejo-universitario-yarabi-avila-encabeza-sesion\/\" \/>\n<meta property=\"og:locale\" content=\"es_ES\" \/>\n<meta property=\"og:type\" content=\"article\" \/>\n<meta property=\"og:title\" content=\"Instalan formalmente comisiones del Consejo Universitario; Yarab\u00ed \u00c1vila encabeza sesi\u00f3n - Diario ABC de Michoac\u00e1n\" \/>\n<meta property=\"og:description\" content=\"Las y los consejeros que conforman las 16 Comisiones Permanentes y Especiales rindieron protesta Morelia, Michoac\u00e1n, a 20 de agosto de 2026.- Quedaron formalmente instaladas las Comisiones Permanentes y Especiales del Consejo Universitario, tras la sesi\u00f3n encabezada por la rectora de la Universidad Michoacana de San Nicol\u00e1s de Hidalgo (UMSNH), Yarab\u00ed \u00c1vila Gonz\u00e1lez. En este [&hellip;]\" \/>\n<meta property=\"og:url\" content=\"https:\/\/diarioabcdemichoacan.com.mx\/lasnoticias\/instalan-formalmente-comisiones-del-consejo-universitario-yarabi-avila-encabeza-sesion\/\" \/>\n<meta property=\"og:site_name\" content=\"Diario ABC de Michoac\u00e1n\" \/>\n<meta property=\"article:published_time\" content=\"2026-08-21T01:51:48+00:00\" \/>\n<meta property=\"article:modified_time\" content=\"2026-09-01T01:52:36+00:00\" \/>\n<meta property=\"og:image\" content=\"https:\/\/diarioabcdemichoacan.com.mx\/lasnoticias\/wp-content\/uploads\/2026\/08\/c4f5cbe5-156f-4d67-bbf8-ad9cb4df3add.jpg\" \/>\n\t<meta property=\"og:image:width\" content=\"1280\" \/>\n\t<meta property=\"og:image:height\" content=\"854\" \/>\n\t<meta property=\"og:image:type\" content=\"image\/jpeg\" \/>\n<meta name=\"author\" content=\"MB\" \/>\n<meta name=\"twitter:card\" content=\"summary_large_image\" \/>\n<meta name=\"twitter:label1\" content=\"Escrito por\" \/>\n\t<meta name=\"twitter:data1\" content=\"MB\" \/>\n\t<meta name=\"twitter:label2\" content=\"Tiempo de lectura\" \/>\n\t<meta name=\"twitter:data2\" content=\"2 minutos\" \/>\n<script type=\"application\/ld+json\" class=\"yoast-schema-graph\">{\"@context\":\"https:\\\/\\\/schema.org\",\"@graph\":[{\"@type\":\"Article\",\"@id\":\"https:\\\/\\\/diarioabcdemichoacan.com.mx\\\/lasnoticias\\\/instalan-formalmente-comisiones-del-consejo-universitario-yarabi-avila-encabeza-sesion\\\/#article\",\"isPartOf\":{\"@id\":\"https:\\\/\\\/diarioabcdemichoacan.com.mx\\\/lasnoticias\\\/instalan-formalmente-comisiones-del-consejo-universitario-yarabi-avila-encabeza-sesion\\\/\"},\"author\":{\"name\":\"MB\",\"@id\":\"https:\\\/\\\/diarioabcdemichoacan.com.mx\\\/lasnoticias\\\/#\\\/schema\\\/person\\\/0546f9c3407148f7452ca932715c5e88\"},\"headline\":\"Instalan formalmente comisiones del Consejo Universitario; Yarab\u00ed \u00c1vila encabeza sesi\u00f3n\",\"datePublished\":\"2026-08-21T01:51:48+00:00\",\"dateModified\":\"2026-09-01T01:52:36+00:00\",\"mainEntityOfPage\":{\"@id\":\"https:\\\/\\\/diarioabcdemichoacan.com.mx\\\/lasnoticias\\\/instalan-formalmente-comisiones-del-consejo-universitario-yarabi-avila-encabeza-sesion\\\/\"},\"wordCount\":365,\"image\":{\"@id\":\"https:\\\/\\\/diarioabcdemichoacan.com.mx\\\/lasnoticias\\\/instalan-formalmente-comisiones-del-consejo-universitario-yarabi-avila-encabeza-sesion\\\/#primaryimage\"},\"thumbnailUrl\":\"https:\\\/\\\/diarioabcdemichoacan.com.mx\\\/lasnoticias\\\/wp-content\\\/uploads\\\/2026\\\/08\\\/c4f5cbe5-156f-4d67-bbf8-ad9cb4df3add.jpg\",\"articleSection\":[\"Educaci\u00f3n\",\"Estado\",\"Universidad Michoacana\"],\"inLanguage\":\"es\"},{\"@type\":\"WebPage\",\"@id\":\"https:\\\/\\\/diarioabcdemichoacan.com.mx\\\/lasnoticias\\\/instalan-formalmente-comisiones-del-consejo-universitario-yarabi-avila-encabeza-sesion\\\/\",\"url\":\"https:\\\/\\\/diarioabcdemichoacan.com.mx\\\/lasnoticias\\\/instalan-formalmente-comisiones-del-consejo-universitario-yarabi-avila-encabeza-sesion\\\/\",\"name\":\"Instalan formalmente comisiones del Consejo Universitario; Yarab\u00ed \u00c1vila encabeza sesi\u00f3n - Diario ABC de Michoac\u00e1n\",\"isPartOf\":{\"@id\":\"https:\\\/\\\/diarioabcdemichoacan.com.mx\\\/lasnoticias\\\/#website\"},\"primaryImageOfPage\":{\"@id\":\"https:\\\/\\\/diarioabcdemichoacan.com.mx\\\/lasnoticias\\\/instalan-formalmente-comisiones-del-consejo-universitario-yarabi-avila-encabeza-sesion\\\/#primaryimage\"},\"image\":{\"@id\":\"https:\\\/\\\/diarioabcdemichoacan.com.mx\\\/lasnoticias\\\/instalan-formalmente-comisiones-del-consejo-universitario-yarabi-avila-encabeza-sesion\\\/#primaryimage\"},\"thumbnailUrl\":\"https:\\\/\\\/diarioabcdemichoacan.com.mx\\\/lasnoticias\\\/wp-content\\\/uploads\\\/2026\\\/08\\\/c4f5cbe5-156f-4d67-bbf8-ad9cb4df3add.jpg\",\"datePublished\":\"2026-08-21T01:51:48+00:00\",\"dateModified\":\"2026-09-01T01:52:36+00:00\",\"author\":{\"@id\":\"https:\\\/\\\/diarioabcdemichoacan.com.mx\\\/lasnoticias\\\/#\\\/schema\\\/person\\\/0546f9c3407148f7452ca932715c5e88\"},\"breadcrumb\":{\"@id\":\"https:\\\/\\\/diarioabcdemichoacan.com.mx\\\/lasnoticias\\\/instalan-formalmente-comisiones-del-consejo-universitario-yarabi-avila-encabeza-sesion\\\/#breadcrumb\"},\"inLanguage\":\"es\",\"potentialAction\":[{\"@type\":\"ReadAction\",\"target\":[\"https:\\\/\\\/diarioabcdemichoacan.com.mx\\\/lasnoticias\\\/instalan-formalmente-comisiones-del-consejo-universitario-yarabi-avila-encabeza-sesion\\\/\"]}]},{\"@type\":\"ImageObject\",\"inLanguage\":\"es\",\"@id\":\"https:\\\/\\\/diarioabcdemichoacan.com.mx\\\/lasnoticias\\\/instalan-formalmente-comisiones-del-consejo-universitario-yarabi-avila-encabeza-sesion\\\/#primaryimage\",\"url\":\"https:\\\/\\\/diarioabcdemichoacan.com.mx\\\/lasnoticias\\\/wp-content\\\/uploads\\\/2026\\\/08\\\/c4f5cbe5-156f-4d67-bbf8-ad9cb4df3add.jpg\",\"contentUrl\":\"https:\\\/\\\/diarioabcdemichoacan.com.mx\\\/lasnoticias\\\/wp-content\\\/uploads\\\/2026\\\/08\\\/c4f5cbe5-156f-4d67-bbf8-ad9cb4df3add.jpg\",\"width\":1280,\"height\":854},{\"@type\":\"BreadcrumbList\",\"@id\":\"https:\\\/\\\/diarioabcdemichoacan.com.mx\\\/lasnoticias\\\/instalan-formalmente-comisiones-del-consejo-universitario-yarabi-avila-encabeza-sesion\\\/#breadcrumb\",\"itemListElement\":[{\"@type\":\"ListItem\",\"position\":1,\"name\":\"Portada\",\"item\":\"https:\\\/\\\/diarioabcdemichoacan.com.mx\\\/lasnoticias\\\/\"},{\"@type\":\"ListItem\",\"position\":2,\"name\":\"Instalan formalmente comisiones del Consejo Universitario; Yarab\u00ed \u00c1vila encabeza sesi\u00f3n\"}]},{\"@type\":\"WebSite\",\"@id\":\"https:\\\/\\\/diarioabcdemichoacan.com.mx\\\/lasnoticias\\\/#website\",\"url\":\"https:\\\/\\\/diarioabcdemichoacan.com.mx\\\/lasnoticias\\\/\",\"name\":\"Diario ABC de Michoac\u00e1n\",\"description\":\"Las noticias al momento\",\"potentialAction\":[{\"@type\":\"SearchAction\",\"target\":{\"@type\":\"EntryPoint\",\"urlTemplate\":\"https:\\\/\\\/diarioabcdemichoacan.com.mx\\\/lasnoticias\\\/?s={search_term_string}\"},\"query-input\":{\"@type\":\"PropertyValueSpecification\",\"valueRequired\":true,\"valueName\":\"search_term_string\"}}],\"inLanguage\":\"es\"},{\"@type\":\"Person\",\"@id\":\"https:\\\/\\\/diarioabcdemichoacan.com.mx\\\/lasnoticias\\\/#\\\/schema\\\/person\\\/0546f9c3407148f7452ca932715c5e88\",\"name\":\"MB\",\"image\":{\"@type\":\"ImageObject\",\"inLanguage\":\"es\",\"@id\":\"https:\\\/\\\/secure.gravatar.com\\\/avatar\\\/ac036f018f6a8431a5687a020efaf39d914da6a3fc78ce6029ab7ae29c5130e2?s=96&d=mm&r=g\",\"url\":\"https:\\\/\\\/secure.gravatar.com\\\/avatar\\\/ac036f018f6a8431a5687a020efaf39d914da6a3fc78ce6029ab7ae29c5130e2?s=96&d=mm&r=g\",\"contentUrl\":\"https:\\\/\\\/secure.gravatar.com\\\/avatar\\\/ac036f018f6a8431a5687a020efaf39d914da6a3fc78ce6029ab7ae29c5130e2?s=96&d=mm&r=g\",\"caption\":\"MB\"},\"url\":\"https:\\\/\\\/diarioabcdemichoacan.com.mx\\\/lasnoticias\\\/author\\\/bomariano03\\\/\"}]}<\/script>\n<!-- \/ Yoast SEO plugin. -->","yoast_head_json":{"title":"Instalan formalmente comisiones del Consejo Universitario; Yarab\u00ed \u00c1vila encabeza sesi\u00f3n - Diario ABC de Michoac\u00e1n","robots":{"index":"index","follow":"follow","max-snippet":"max-snippet:-1","max-image-preview":"max-image-preview:large","max-video-preview":"max-video-preview:-1"},"canonical":"https:\/\/diarioabcdemichoacan.com.mx\/lasnoticias\/instalan-formalmente-comisiones-del-consejo-universitario-yarabi-avila-encabeza-sesion\/","og_locale":"es_ES","og_type":"article","og_title":"Instalan formalmente comisiones del Consejo Universitario; Yarab\u00ed \u00c1vila encabeza sesi\u00f3n - Diario ABC de Michoac\u00e1n","og_description":"Las y los consejeros que conforman las 16 Comisiones Permanentes y Especiales rindieron protesta Morelia, Michoac\u00e1n, a 20 de agosto de 2026.- Quedaron formalmente instaladas las Comisiones Permanentes y Especiales del Consejo Universitario, tras la sesi\u00f3n encabezada por la rectora de la Universidad Michoacana de San Nicol\u00e1s de Hidalgo (UMSNH), Yarab\u00ed \u00c1vila Gonz\u00e1lez. En este [&hellip;]","og_url":"https:\/\/diarioabcdemichoacan.com.mx\/lasnoticias\/instalan-formalmente-comisiones-del-consejo-universitario-yarabi-avila-encabeza-sesion\/","og_site_name":"Diario ABC de Michoac\u00e1n","article_published_time":"2026-08-21T01:51:48+00:00","article_modified_time":"2026-09-01T01:52:36+00:00","og_image":[{"width":1280,"height":854,"url":"https:\/\/diarioabcdemichoacan.com.mx\/lasnoticias\/wp-content\/uploads\/2026\/08\/c4f5cbe5-156f-4d67-bbf8-ad9cb4df3add.jpg","type":"image\/jpeg"}],"author":"MB","twitter_card":"summary_large_image","twitter_misc":{"Escrito por":"MB","Tiempo de lectura":"2 minutos"},"schema":{"@context":"https:\/\/schema.org","@graph":[{"@type":"Article","@id":"https:\/\/diarioabcdemichoacan.com.mx\/lasnoticias\/instalan-formalmente-comisiones-del-consejo-universitario-yarabi-avila-encabeza-sesion\/#article","isPartOf":{"@id":"https:\/\/diarioabcdemichoacan.com.mx\/lasnoticias\/instalan-formalmente-comisiones-del-consejo-universitario-yarabi-avila-encabeza-sesion\/"},"author":{"name":"MB","@id":"https:\/\/diarioabcdemichoacan.com.mx\/lasnoticias\/#\/schema\/person\/0546f9c3407148f7452ca932715c5e88"},"headline":"Instalan formalmente comisiones del Consejo Universitario; Yarab\u00ed \u00c1vila encabeza sesi\u00f3n","datePublished":"2026-08-21T01:51:48+00:00","dateModified":"2026-09-01T01:52:36+00:00","mainEntityOfPage":{"@id":"https:\/\/diarioabcdemichoacan.com.mx\/lasnoticias\/instalan-formalmente-comisiones-del-consejo-universitario-yarabi-avila-encabeza-sesion\/"},"wordCount":365,"image":{"@id":"https:\/\/diarioabcdemichoacan.com.mx\/lasnoticias\/instalan-formalmente-comisiones-del-consejo-universitario-yarabi-avila-encabeza-sesion\/#primaryimage"},"thumbnailUrl":"https:\/\/diarioabcdemichoacan.com.mx\/lasnoticias\/wp-content\/uploads\/2026\/08\/c4f5cbe5-156f-4d67-bbf8-ad9cb4df3add.jpg","articleSection":["Educaci\u00f3n","Estado","Universidad Michoacana"],"inLanguage":"es"},{"@type":"WebPage","@id":"https:\/\/diarioabcdemichoacan.com.mx\/lasnoticias\/instalan-formalmente-comisiones-del-consejo-universitario-yarabi-avila-encabeza-sesion\/","url":"https:\/\/diarioabcdemichoacan.com.mx\/lasnoticias\/instalan-formalmente-comisiones-del-consejo-universitario-yarabi-avila-encabeza-sesion\/","name":"Instalan formalmente comisiones del Consejo Universitario; Yarab\u00ed \u00c1vila encabeza sesi\u00f3n - Diario ABC de Michoac\u00e1n","isPartOf":{"@id":"https:\/\/diarioabcdemichoacan.com.mx\/lasnoticias\/#website"},"primaryImageOfPage":{"@id":"https:\/\/diarioabcdemichoacan.com.mx\/lasnoticias\/instalan-formalmente-comisiones-del-consejo-universitario-yarabi-avila-encabeza-sesion\/#primaryimage"},"image":{"@id":"https:\/\/diarioabcdemichoacan.com.mx\/lasnoticias\/instalan-formalmente-comisiones-del-consejo-universitario-yarabi-avila-encabeza-sesion\/#primaryimage"},"thumbnailUrl":"https:\/\/diarioabcdemichoacan.com.mx\/lasnoticias\/wp-content\/uploads\/2026\/08\/c4f5cbe5-156f-4d67-bbf8-ad9cb4df3add.jpg","datePublished":"2026-08-21T01:51:48+00:00","dateModified":"2026-09-01T01:52:36+00:00","author":{"@id":"https:\/\/diarioabcdemichoacan.com.mx\/lasnoticias\/#\/schema\/person\/0546f9c3407148f7452ca932715c5e88"},"breadcrumb":{"@id":"https:\/\/diarioabcdemichoacan.com.mx\/lasnoticias\/instalan-formalmente-comisiones-del-consejo-universitario-yarabi-avila-encabeza-sesion\/#breadcrumb"},"inLanguage":"es","potentialAction":[{"@type":"ReadAction","target":["https:\/\/diarioabcdemichoacan.com.mx\/lasnoticias\/instalan-formalmente-comisiones-del-consejo-universitario-yarabi-avila-encabeza-sesion\/"]}]},{"@type":"ImageObject","inLanguage":"es","@id":"https:\/\/diarioabcdemichoacan.com.mx\/lasnoticias\/instalan-formalmente-comisiones-del-consejo-universitario-yarabi-avila-encabeza-sesion\/#primaryimage","url":"https:\/\/diarioabcdemichoacan.com.mx\/lasnoticias\/wp-content\/uploads\/2026\/08\/c4f5cbe5-156f-4d67-bbf8-ad9cb4df3add.jpg","contentUrl":"https:\/\/diarioabcdemichoacan.com.mx\/lasnoticias\/wp-content\/uploads\/2026\/08\/c4f5cbe5-156f-4d67-bbf8-ad9cb4df3add.jpg","width":1280,"height":854},{"@type":"BreadcrumbList","@id":"https:\/\/diarioabcdemichoacan.com.mx\/lasnoticias\/instalan-formalmente-comisiones-del-consejo-universitario-yarabi-avila-encabeza-sesion\/#breadcrumb","itemListElement":[{"@type":"ListItem","position":1,"name":"Portada","item":"https:\/\/diarioabcdemichoacan.com.mx\/lasnoticias\/"},{"@type":"ListItem","position":2,"name":"Instalan formalmente comisiones del Consejo Universitario; Yarab\u00ed \u00c1vila encabeza sesi\u00f3n"}]},{"@type":"WebSite","@id":"https:\/\/diarioabcdemichoacan.com.mx\/lasnoticias\/#website","url":"https:\/\/diarioabcdemichoacan.com.mx\/lasnoticias\/","name":"Diario ABC de Michoac\u00e1n","description":"Las noticias al momento","potentialAction":[{"@type":"SearchAction","target":{"@type":"EntryPoint","urlTemplate":"https:\/\/diarioabcdemichoacan.com.mx\/lasnoticias\/?s={search_term_string}"},"query-input":{"@type":"PropertyValueSpecification","valueRequired":true,"valueName":"search_term_string"}}],"inLanguage":"es"},{"@type":"Person","@id":"https:\/\/diarioabcdemichoacan.com.mx\/lasnoticias\/#\/schema\/person\/0546f9c3407148f7452ca932715c5e88","name":"MB","image":{"@type":"ImageObject","inLanguage":"es","@id":"https:\/\/secure.gravatar.com\/avatar\/ac036f018f6a8431a5687a020efaf39d914da6a3fc78ce6029ab7ae29c5130e2?s=96&d=mm&r=g","url":"https:\/\/secure.gravatar.com\/avatar\/ac036f018f6a8431a5687a020efaf39d914da6a3fc78ce6029ab7ae29c5130e2?s=96&d=mm&r=g","contentUrl":"https:\/\/secure.gravatar.com\/avatar\/ac036f018f6a8431a5687a020efaf39d914da6a3fc78ce6029ab7ae29c5130e2?s=96&d=mm&r=g","caption":"MB"},"url":"https:\/\/diarioabcdemichoacan.com.mx\/lasnoticias\/author\/bomariano03\/"}]}},"_links":{"self":[{"href":"https:\/\/diarioabcdemichoacan.com.mx\/lasnoticias\/wp-json\/wp\/v2\/posts\/83688","targetHints":{"allow":["GET"]}}],"collection":[{"href":"https:\/\/diarioabcdemichoacan.com.mx\/lasnoticias\/wp-json\/wp\/v2\/posts"}],"about":[{"href":"https:\/\/diarioabcdemichoacan.com.mx\/lasnoticias\/wp-json\/wp\/v2\/types\/post"}],"author":[{"embeddable":true,"href":"https:\/\/diarioabcdemichoacan.com.mx\/lasnoticias\/wp-json\/wp\/v2\/users\/6"}],"replies":[{"embeddable":true,"href":"https:\/\/diarioabcdemichoacan.com.mx\/lasnoticias\/wp-json\/wp\/v2\/comments?post=83688"}],"version-history":[{"count":1,"href":"https:\/\/diarioabcdemichoacan.com.mx\/lasnoticias\/wp-json\/wp\/v2\/posts\/83688\/revisions"}],"predecessor-version":[{"id":83690,"href":"https:\/\/diarioabcdemichoacan.com.mx\/lasnoticias\/wp-json\/wp\/v2\/posts\/83688\/revisions\/83690"}],"wp:featuredmedia":[{"embeddable":true,"href":"https:\/\/diarioabcdemichoacan.com.mx\/lasnoticias\/wp-json\/wp\/v2\/media\/83689"}],"wp:attachment":[{"href":"https:\/\/diarioabcdemichoacan.com.mx\/lasnoticias\/wp-json\/wp\/v2\/media?parent=83688"}],"wp:term":[{"taxonomy":"category","embeddable":true,"href":"https:\/\/diarioabcdemichoacan.com.mx\/lasnoticias\/wp-json\/wp\/v2\/categories?post=83688"},{"taxonomy":"post_tag","embeddable":true,"href":"https:\/\/diarioabcdemichoacan.com.mx\/lasnoticias\/wp-json\/wp\/v2\/tags?post=83688"}],"curies":[{"name":"wp","href":"https:\/\/api.w.org\/{rel}","templated":true}]}}