{"id":83706,"date":"2026-08-15T19:59:32","date_gmt":"2026-08-16T01:59:32","guid":{"rendered":"https:\/\/diarioabcdemichoacan.com.mx\/lasnoticias\/?p=83706"},"modified":"2026-08-31T20:01:30","modified_gmt":"2026-09-01T02:01:30","slug":"red-juntos-por-michoacan-suma-esfuerzos-en-materia-educativa-en-pro-de-los-migrantes-signa-convenio-con-semigrante","status":"publish","type":"post","link":"https:\/\/diarioabcdemichoacan.com.mx\/lasnoticias\/red-juntos-por-michoacan-suma-esfuerzos-en-materia-educativa-en-pro-de-los-migrantes-signa-convenio-con-semigrante\/","title":{"rendered":"Red Juntos por Michoac\u00e1n suma esfuerzos en materia educativa en pro de los migrantes; signa convenio con Semigrante"},"content":{"rendered":"<p>La rectora de la UMSNH, Yarab\u00ed \u00c1vila firm\u00f3 el acuerdo como integrante del organismo<\/p>\n<hr \/>\n<p class=\"wp-block-paragraph\">Morelia, Michoac\u00e1n, a 15 de agosto de 2026.- La Red Juntos por Michoac\u00e1n se pronunci\u00f3 a favor de sumar esfuerzos en materia educativa en pro de las y los migrantes, tras la firma de convenio que realiz\u00f3 con la Secretar\u00eda del Migrante (Semigrante), en la que particip\u00f3 la rectora de la Universidad Michoacana de San Nicol\u00e1s de Hidalgo (UMSNH), Yarab\u00ed \u00c1vila Gonz\u00e1lez, como integrante del organismo.<\/p><div id=\"diari-993401694\" class=\"diari-contenido diari-entity-placement\"><img loading=\"lazy\" decoding=\"async\" src=\"https:\/\/diarioabcdemichoacan.com.mx\/lasnoticias\/wp-content\/uploads\/2024\/07\/WhatsApp-Image-2024-05-07-at-10.12.40-a.m.jpeg\" alt=\"\"  srcset=\"https:\/\/diarioabcdemichoacan.com.mx\/lasnoticias\/wp-content\/uploads\/2024\/07\/WhatsApp-Image-2024-05-07-at-10.12.40-a.m.jpeg 400w, https:\/\/diarioabcdemichoacan.com.mx\/lasnoticias\/wp-content\/uploads\/2024\/07\/WhatsApp-Image-2024-05-07-at-10.12.40-a.m-150x150.jpeg 150w, https:\/\/diarioabcdemichoacan.com.mx\/lasnoticias\/wp-content\/uploads\/2024\/07\/WhatsApp-Image-2024-05-07-at-10.12.40-a.m-300x300.jpeg 300w\" sizes=\"(max-width: 400px) 100vw, 400px\" width=\"400\" height=\"400\"  style=\"display: inline-block;\" \/><\/div>\n<p class=\"wp-block-paragraph\">Al respecto, la rectora felicit\u00f3 a la presidencia de la Red por impulsar esta iniciativa, que dijo, sin duda fortalecer\u00e1 a los connacionales y a sus familias. En este marco, comparti\u00f3 que la UMSNH ha puesto en marcha las Microcredenciales Nicolaitas, las cuales son totalmente gratuitas y permiten adquirir competencias, mejorar el perfil laboral y certificar a aquellas personas que ya tienen el conocimiento en cierta \u00e1rea pero que no cuentan con un documento que lo avale.<\/p>\n<p class=\"wp-block-paragraph\">\u201cLa M\u00e1xima Casa de Estudios tiene muchos otros elementos que podemos. ofrecer para que se siga fortaleciendo esta actividad profesional, y que cuando regresen a nuestro pa\u00eds si es que as\u00ed lo deciden, tengan otra formaci\u00f3n y puedan aportar m\u00e1s a nuestro estado\u201d.<\/p>\n<p class=\"wp-block-paragraph\">\u00c1vila indic\u00f3 que la Secretar\u00eda del Migrante es un elemento importante para generar el contacto que permita promover ante las familias de las y los connacionales que radican en Estados Unidos el apoyo que brinda la Universidad Michoacana.<\/p>\n<p class=\"wp-block-paragraph\">Por su parte, el presidente de la Red Juntos por Michoac\u00e1n, Jes\u00fas Vivanco Rodr\u00edguez, agradeci\u00f3 a la dependencia estatal por la disposici\u00f3n de colaborar con el organismo educativo en torno a este sector, al referir que la entidad es un estado migrante.<\/p>\n<p class=\"wp-block-paragraph\">La idea de sumarnos a este convenio, a\u00f1adi\u00f3, es precisamente contribuir al bienestar de ese segmento que aporta tanto a Michoac\u00e1n. \u201cComo instituciones educativas nosotros queremos poner lo que tenemos, damos lo que tenemos, que es precisamente una serie de beneficios que tienen que ver con becas, con promoci\u00f3n, que tiene que ver con la diseminaci\u00f3n, la difusi\u00f3n de lo que hace la Secretar\u00eda\u201d.<\/p>\n<p class=\"wp-block-paragraph\">En su turno, el secretario del Migrante, Antonio Soto S\u00e1nchez, agradeci\u00f3 a las y los integrantes de la Red por signar el acuerdo, tras considerar que las instancias que los conforman representan el mayor porcentaje de estudiantes que hay en todo el estado. \u201cPor lo tanto esta firma es fundamental para la cobertura de nuestras familias migrantes que son a quienes est\u00e1 enfocado el convenio de colaboraci\u00f3n y de apoyo\u201d.<\/p>\n<p class=\"wp-block-paragraph\">Afirm\u00f3 que desde la dependencia a su cargo se le dar\u00e1 difusi\u00f3n al mismo para que llegue a los municipios, as\u00ed como a los clubes y federaciones de migrantes. \u201cEsta alianza para m\u00ed es estrat\u00e9gica porque diez universidades que suscriben el convenio de Orgullo Migrante donde le dar\u00edamos acceso a que migrantes y sus familias, hijos, hijas puedan tener oportunidades educativas con descuentos desde el 15 hasta el 50 por ciento es bueno, es atractivo y me parece que es conveniente en este momento\u201d.<\/p>\n","protected":false},"excerpt":{"rendered":"<p>La rectora de la UMSNH, Yarab\u00ed \u00c1vila firm\u00f3 el acuerdo como integrante del organismo Morelia, Michoac\u00e1n, a 15 de agosto de 2026.- La Red Juntos por Michoac\u00e1n se pronunci\u00f3 a favor de sumar esfuerzos en materia educativa en pro de las y los migrantes, tras la firma de convenio que realiz\u00f3 con la Secretar\u00eda del [&hellip;]<\/p>\n","protected":false},"author":6,"featured_media":83707,"comment_status":"closed","ping_status":"closed","sticky":false,"template":"","format":"standard","meta":{"footnotes":""},"categories":[15,10,23],"tags":[],"class_list":["post-83706","post","type-post","status-publish","format-standard","has-post-thumbnail","category-educacion","category-estado","category-universidad-michoacana"],"yoast_head":"<!-- This site is optimized with the Yoast SEO plugin v28.4 - https:\/\/yoast.com\/product\/yoast-seo-wordpress\/ -->\n<title>Red Juntos por Michoac\u00e1n suma esfuerzos en materia educativa en pro de los migrantes; signa convenio con Semigrante - Diario ABC de Michoac\u00e1n<\/title>\n<meta name=\"robots\" content=\"index, follow, max-snippet:-1, max-image-preview:large, max-video-preview:-1\" \/>\n<link rel=\"canonical\" href=\"https:\/\/diarioabcdemichoacan.com.mx\/lasnoticias\/red-juntos-por-michoacan-suma-esfuerzos-en-materia-educativa-en-pro-de-los-migrantes-signa-convenio-con-semigrante\/\" \/>\n<meta property=\"og:locale\" content=\"es_ES\" \/>\n<meta property=\"og:type\" content=\"article\" \/>\n<meta property=\"og:title\" content=\"Red Juntos por Michoac\u00e1n suma esfuerzos en materia educativa en pro de los migrantes; signa convenio con Semigrante - Diario ABC de Michoac\u00e1n\" \/>\n<meta property=\"og:description\" content=\"La rectora de la UMSNH, Yarab\u00ed \u00c1vila firm\u00f3 el acuerdo como integrante del organismo Morelia, Michoac\u00e1n, a 15 de agosto de 2026.- La Red Juntos por Michoac\u00e1n se pronunci\u00f3 a favor de sumar esfuerzos en materia educativa en pro de las y los migrantes, tras la firma de convenio que realiz\u00f3 con la Secretar\u00eda del [&hellip;]\" \/>\n<meta property=\"og:url\" content=\"https:\/\/diarioabcdemichoacan.com.mx\/lasnoticias\/red-juntos-por-michoacan-suma-esfuerzos-en-materia-educativa-en-pro-de-los-migrantes-signa-convenio-con-semigrante\/\" \/>\n<meta property=\"og:site_name\" content=\"Diario ABC de Michoac\u00e1n\" \/>\n<meta property=\"article:published_time\" content=\"2026-08-16T01:59:32+00:00\" \/>\n<meta property=\"article:modified_time\" content=\"2026-09-01T02:01:30+00:00\" \/>\n<meta property=\"og:image\" content=\"https:\/\/diarioabcdemichoacan.com.mx\/lasnoticias\/wp-content\/uploads\/2026\/08\/fde5554c-dcf3-4d07-935f-5fb25b56c3cb.jpg\" \/>\n\t<meta property=\"og:image:width\" content=\"1280\" \/>\n\t<meta property=\"og:image:height\" content=\"880\" \/>\n\t<meta property=\"og:image:type\" content=\"image\/jpeg\" \/>\n<meta name=\"author\" content=\"MB\" \/>\n<meta name=\"twitter:card\" content=\"summary_large_image\" \/>\n<meta name=\"twitter:label1\" content=\"Escrito por\" \/>\n\t<meta name=\"twitter:data1\" content=\"MB\" \/>\n\t<meta name=\"twitter:label2\" content=\"Tiempo de lectura\" \/>\n\t<meta name=\"twitter:data2\" content=\"3 minutos\" \/>\n<script type=\"application\/ld+json\" class=\"yoast-schema-graph\">{\"@context\":\"https:\\\/\\\/schema.org\",\"@graph\":[{\"@type\":\"Article\",\"@id\":\"https:\\\/\\\/diarioabcdemichoacan.com.mx\\\/lasnoticias\\\/red-juntos-por-michoacan-suma-esfuerzos-en-materia-educativa-en-pro-de-los-migrantes-signa-convenio-con-semigrante\\\/#article\",\"isPartOf\":{\"@id\":\"https:\\\/\\\/diarioabcdemichoacan.com.mx\\\/lasnoticias\\\/red-juntos-por-michoacan-suma-esfuerzos-en-materia-educativa-en-pro-de-los-migrantes-signa-convenio-con-semigrante\\\/\"},\"author\":{\"name\":\"MB\",\"@id\":\"https:\\\/\\\/diarioabcdemichoacan.com.mx\\\/lasnoticias\\\/#\\\/schema\\\/person\\\/0546f9c3407148f7452ca932715c5e88\"},\"headline\":\"Red Juntos por Michoac\u00e1n suma esfuerzos en materia educativa en pro de los migrantes; signa convenio con Semigrante\",\"datePublished\":\"2026-08-16T01:59:32+00:00\",\"dateModified\":\"2026-09-01T02:01:30+00:00\",\"mainEntityOfPage\":{\"@id\":\"https:\\\/\\\/diarioabcdemichoacan.com.mx\\\/lasnoticias\\\/red-juntos-por-michoacan-suma-esfuerzos-en-materia-educativa-en-pro-de-los-migrantes-signa-convenio-con-semigrante\\\/\"},\"wordCount\":539,\"image\":{\"@id\":\"https:\\\/\\\/diarioabcdemichoacan.com.mx\\\/lasnoticias\\\/red-juntos-por-michoacan-suma-esfuerzos-en-materia-educativa-en-pro-de-los-migrantes-signa-convenio-con-semigrante\\\/#primaryimage\"},\"thumbnailUrl\":\"https:\\\/\\\/diarioabcdemichoacan.com.mx\\\/lasnoticias\\\/wp-content\\\/uploads\\\/2026\\\/08\\\/fde5554c-dcf3-4d07-935f-5fb25b56c3cb.jpg\",\"articleSection\":[\"Educaci\u00f3n\",\"Estado\",\"Universidad Michoacana\"],\"inLanguage\":\"es\"},{\"@type\":\"WebPage\",\"@id\":\"https:\\\/\\\/diarioabcdemichoacan.com.mx\\\/lasnoticias\\\/red-juntos-por-michoacan-suma-esfuerzos-en-materia-educativa-en-pro-de-los-migrantes-signa-convenio-con-semigrante\\\/\",\"url\":\"https:\\\/\\\/diarioabcdemichoacan.com.mx\\\/lasnoticias\\\/red-juntos-por-michoacan-suma-esfuerzos-en-materia-educativa-en-pro-de-los-migrantes-signa-convenio-con-semigrante\\\/\",\"name\":\"Red Juntos por Michoac\u00e1n suma esfuerzos en materia educativa en pro de los migrantes; signa convenio con Semigrante - Diario ABC de Michoac\u00e1n\",\"isPartOf\":{\"@id\":\"https:\\\/\\\/diarioabcdemichoacan.com.mx\\\/lasnoticias\\\/#website\"},\"primaryImageOfPage\":{\"@id\":\"https:\\\/\\\/diarioabcdemichoacan.com.mx\\\/lasnoticias\\\/red-juntos-por-michoacan-suma-esfuerzos-en-materia-educativa-en-pro-de-los-migrantes-signa-convenio-con-semigrante\\\/#primaryimage\"},\"image\":{\"@id\":\"https:\\\/\\\/diarioabcdemichoacan.com.mx\\\/lasnoticias\\\/red-juntos-por-michoacan-suma-esfuerzos-en-materia-educativa-en-pro-de-los-migrantes-signa-convenio-con-semigrante\\\/#primaryimage\"},\"thumbnailUrl\":\"https:\\\/\\\/diarioabcdemichoacan.com.mx\\\/lasnoticias\\\/wp-content\\\/uploads\\\/2026\\\/08\\\/fde5554c-dcf3-4d07-935f-5fb25b56c3cb.jpg\",\"datePublished\":\"2026-08-16T01:59:32+00:00\",\"dateModified\":\"2026-09-01T02:01:30+00:00\",\"author\":{\"@id\":\"https:\\\/\\\/diarioabcdemichoacan.com.mx\\\/lasnoticias\\\/#\\\/schema\\\/person\\\/0546f9c3407148f7452ca932715c5e88\"},\"breadcrumb\":{\"@id\":\"https:\\\/\\\/diarioabcdemichoacan.com.mx\\\/lasnoticias\\\/red-juntos-por-michoacan-suma-esfuerzos-en-materia-educativa-en-pro-de-los-migrantes-signa-convenio-con-semigrante\\\/#breadcrumb\"},\"inLanguage\":\"es\",\"potentialAction\":[{\"@type\":\"ReadAction\",\"target\":[\"https:\\\/\\\/diarioabcdemichoacan.com.mx\\\/lasnoticias\\\/red-juntos-por-michoacan-suma-esfuerzos-en-materia-educativa-en-pro-de-los-migrantes-signa-convenio-con-semigrante\\\/\"]}]},{\"@type\":\"ImageObject\",\"inLanguage\":\"es\",\"@id\":\"https:\\\/\\\/diarioabcdemichoacan.com.mx\\\/lasnoticias\\\/red-juntos-por-michoacan-suma-esfuerzos-en-materia-educativa-en-pro-de-los-migrantes-signa-convenio-con-semigrante\\\/#primaryimage\",\"url\":\"https:\\\/\\\/diarioabcdemichoacan.com.mx\\\/lasnoticias\\\/wp-content\\\/uploads\\\/2026\\\/08\\\/fde5554c-dcf3-4d07-935f-5fb25b56c3cb.jpg\",\"contentUrl\":\"https:\\\/\\\/diarioabcdemichoacan.com.mx\\\/lasnoticias\\\/wp-content\\\/uploads\\\/2026\\\/08\\\/fde5554c-dcf3-4d07-935f-5fb25b56c3cb.jpg\",\"width\":1280,\"height\":880},{\"@type\":\"BreadcrumbList\",\"@id\":\"https:\\\/\\\/diarioabcdemichoacan.com.mx\\\/lasnoticias\\\/red-juntos-por-michoacan-suma-esfuerzos-en-materia-educativa-en-pro-de-los-migrantes-signa-convenio-con-semigrante\\\/#breadcrumb\",\"itemListElement\":[{\"@type\":\"ListItem\",\"position\":1,\"name\":\"Portada\",\"item\":\"https:\\\/\\\/diarioabcdemichoacan.com.mx\\\/lasnoticias\\\/\"},{\"@type\":\"ListItem\",\"position\":2,\"name\":\"Red Juntos por Michoac\u00e1n suma esfuerzos en materia educativa en pro de los migrantes; signa convenio con Semigrante\"}]},{\"@type\":\"WebSite\",\"@id\":\"https:\\\/\\\/diarioabcdemichoacan.com.mx\\\/lasnoticias\\\/#website\",\"url\":\"https:\\\/\\\/diarioabcdemichoacan.com.mx\\\/lasnoticias\\\/\",\"name\":\"Diario ABC de Michoac\u00e1n\",\"description\":\"Las noticias al momento\",\"potentialAction\":[{\"@type\":\"SearchAction\",\"target\":{\"@type\":\"EntryPoint\",\"urlTemplate\":\"https:\\\/\\\/diarioabcdemichoacan.com.mx\\\/lasnoticias\\\/?s={search_term_string}\"},\"query-input\":{\"@type\":\"PropertyValueSpecification\",\"valueRequired\":true,\"valueName\":\"search_term_string\"}}],\"inLanguage\":\"es\"},{\"@type\":\"Person\",\"@id\":\"https:\\\/\\\/diarioabcdemichoacan.com.mx\\\/lasnoticias\\\/#\\\/schema\\\/person\\\/0546f9c3407148f7452ca932715c5e88\",\"name\":\"MB\",\"image\":{\"@type\":\"ImageObject\",\"inLanguage\":\"es\",\"@id\":\"https:\\\/\\\/secure.gravatar.com\\\/avatar\\\/ac036f018f6a8431a5687a020efaf39d914da6a3fc78ce6029ab7ae29c5130e2?s=96&d=mm&r=g\",\"url\":\"https:\\\/\\\/secure.gravatar.com\\\/avatar\\\/ac036f018f6a8431a5687a020efaf39d914da6a3fc78ce6029ab7ae29c5130e2?s=96&d=mm&r=g\",\"contentUrl\":\"https:\\\/\\\/secure.gravatar.com\\\/avatar\\\/ac036f018f6a8431a5687a020efaf39d914da6a3fc78ce6029ab7ae29c5130e2?s=96&d=mm&r=g\",\"caption\":\"MB\"},\"url\":\"https:\\\/\\\/diarioabcdemichoacan.com.mx\\\/lasnoticias\\\/author\\\/bomariano03\\\/\"}]}<\/script>\n<!-- \/ Yoast SEO plugin. -->","yoast_head_json":{"title":"Red Juntos por Michoac\u00e1n suma esfuerzos en materia educativa en pro de los migrantes; signa convenio con Semigrante - Diario ABC de Michoac\u00e1n","robots":{"index":"index","follow":"follow","max-snippet":"max-snippet:-1","max-image-preview":"max-image-preview:large","max-video-preview":"max-video-preview:-1"},"canonical":"https:\/\/diarioabcdemichoacan.com.mx\/lasnoticias\/red-juntos-por-michoacan-suma-esfuerzos-en-materia-educativa-en-pro-de-los-migrantes-signa-convenio-con-semigrante\/","og_locale":"es_ES","og_type":"article","og_title":"Red Juntos por Michoac\u00e1n suma esfuerzos en materia educativa en pro de los migrantes; signa convenio con Semigrante - Diario ABC de Michoac\u00e1n","og_description":"La rectora de la UMSNH, Yarab\u00ed \u00c1vila firm\u00f3 el acuerdo como integrante del organismo Morelia, Michoac\u00e1n, a 15 de agosto de 2026.- La Red Juntos por Michoac\u00e1n se pronunci\u00f3 a favor de sumar esfuerzos en materia educativa en pro de las y los migrantes, tras la firma de convenio que realiz\u00f3 con la Secretar\u00eda del [&hellip;]","og_url":"https:\/\/diarioabcdemichoacan.com.mx\/lasnoticias\/red-juntos-por-michoacan-suma-esfuerzos-en-materia-educativa-en-pro-de-los-migrantes-signa-convenio-con-semigrante\/","og_site_name":"Diario ABC de Michoac\u00e1n","article_published_time":"2026-08-16T01:59:32+00:00","article_modified_time":"2026-09-01T02:01:30+00:00","og_image":[{"width":1280,"height":880,"url":"https:\/\/diarioabcdemichoacan.com.mx\/lasnoticias\/wp-content\/uploads\/2026\/08\/fde5554c-dcf3-4d07-935f-5fb25b56c3cb.jpg","type":"image\/jpeg"}],"author":"MB","twitter_card":"summary_large_image","twitter_misc":{"Escrito por":"MB","Tiempo de lectura":"3 minutos"},"schema":{"@context":"https:\/\/schema.org","@graph":[{"@type":"Article","@id":"https:\/\/diarioabcdemichoacan.com.mx\/lasnoticias\/red-juntos-por-michoacan-suma-esfuerzos-en-materia-educativa-en-pro-de-los-migrantes-signa-convenio-con-semigrante\/#article","isPartOf":{"@id":"https:\/\/diarioabcdemichoacan.com.mx\/lasnoticias\/red-juntos-por-michoacan-suma-esfuerzos-en-materia-educativa-en-pro-de-los-migrantes-signa-convenio-con-semigrante\/"},"author":{"name":"MB","@id":"https:\/\/diarioabcdemichoacan.com.mx\/lasnoticias\/#\/schema\/person\/0546f9c3407148f7452ca932715c5e88"},"headline":"Red Juntos por Michoac\u00e1n suma esfuerzos en materia educativa en pro de los migrantes; signa convenio con Semigrante","datePublished":"2026-08-16T01:59:32+00:00","dateModified":"2026-09-01T02:01:30+00:00","mainEntityOfPage":{"@id":"https:\/\/diarioabcdemichoacan.com.mx\/lasnoticias\/red-juntos-por-michoacan-suma-esfuerzos-en-materia-educativa-en-pro-de-los-migrantes-signa-convenio-con-semigrante\/"},"wordCount":539,"image":{"@id":"https:\/\/diarioabcdemichoacan.com.mx\/lasnoticias\/red-juntos-por-michoacan-suma-esfuerzos-en-materia-educativa-en-pro-de-los-migrantes-signa-convenio-con-semigrante\/#primaryimage"},"thumbnailUrl":"https:\/\/diarioabcdemichoacan.com.mx\/lasnoticias\/wp-content\/uploads\/2026\/08\/fde5554c-dcf3-4d07-935f-5fb25b56c3cb.jpg","articleSection":["Educaci\u00f3n","Estado","Universidad Michoacana"],"inLanguage":"es"},{"@type":"WebPage","@id":"https:\/\/diarioabcdemichoacan.com.mx\/lasnoticias\/red-juntos-por-michoacan-suma-esfuerzos-en-materia-educativa-en-pro-de-los-migrantes-signa-convenio-con-semigrante\/","url":"https:\/\/diarioabcdemichoacan.com.mx\/lasnoticias\/red-juntos-por-michoacan-suma-esfuerzos-en-materia-educativa-en-pro-de-los-migrantes-signa-convenio-con-semigrante\/","name":"Red Juntos por Michoac\u00e1n suma esfuerzos en materia educativa en pro de los migrantes; signa convenio con Semigrante - Diario ABC de Michoac\u00e1n","isPartOf":{"@id":"https:\/\/diarioabcdemichoacan.com.mx\/lasnoticias\/#website"},"primaryImageOfPage":{"@id":"https:\/\/diarioabcdemichoacan.com.mx\/lasnoticias\/red-juntos-por-michoacan-suma-esfuerzos-en-materia-educativa-en-pro-de-los-migrantes-signa-convenio-con-semigrante\/#primaryimage"},"image":{"@id":"https:\/\/diarioabcdemichoacan.com.mx\/lasnoticias\/red-juntos-por-michoacan-suma-esfuerzos-en-materia-educativa-en-pro-de-los-migrantes-signa-convenio-con-semigrante\/#primaryimage"},"thumbnailUrl":"https:\/\/diarioabcdemichoacan.com.mx\/lasnoticias\/wp-content\/uploads\/2026\/08\/fde5554c-dcf3-4d07-935f-5fb25b56c3cb.jpg","datePublished":"2026-08-16T01:59:32+00:00","dateModified":"2026-09-01T02:01:30+00:00","author":{"@id":"https:\/\/diarioabcdemichoacan.com.mx\/lasnoticias\/#\/schema\/person\/0546f9c3407148f7452ca932715c5e88"},"breadcrumb":{"@id":"https:\/\/diarioabcdemichoacan.com.mx\/lasnoticias\/red-juntos-por-michoacan-suma-esfuerzos-en-materia-educativa-en-pro-de-los-migrantes-signa-convenio-con-semigrante\/#breadcrumb"},"inLanguage":"es","potentialAction":[{"@type":"ReadAction","target":["https:\/\/diarioabcdemichoacan.com.mx\/lasnoticias\/red-juntos-por-michoacan-suma-esfuerzos-en-materia-educativa-en-pro-de-los-migrantes-signa-convenio-con-semigrante\/"]}]},{"@type":"ImageObject","inLanguage":"es","@id":"https:\/\/diarioabcdemichoacan.com.mx\/lasnoticias\/red-juntos-por-michoacan-suma-esfuerzos-en-materia-educativa-en-pro-de-los-migrantes-signa-convenio-con-semigrante\/#primaryimage","url":"https:\/\/diarioabcdemichoacan.com.mx\/lasnoticias\/wp-content\/uploads\/2026\/08\/fde5554c-dcf3-4d07-935f-5fb25b56c3cb.jpg","contentUrl":"https:\/\/diarioabcdemichoacan.com.mx\/lasnoticias\/wp-content\/uploads\/2026\/08\/fde5554c-dcf3-4d07-935f-5fb25b56c3cb.jpg","width":1280,"height":880},{"@type":"BreadcrumbList","@id":"https:\/\/diarioabcdemichoacan.com.mx\/lasnoticias\/red-juntos-por-michoacan-suma-esfuerzos-en-materia-educativa-en-pro-de-los-migrantes-signa-convenio-con-semigrante\/#breadcrumb","itemListElement":[{"@type":"ListItem","position":1,"name":"Portada","item":"https:\/\/diarioabcdemichoacan.com.mx\/lasnoticias\/"},{"@type":"ListItem","position":2,"name":"Red Juntos por Michoac\u00e1n suma esfuerzos en materia educativa en pro de los migrantes; signa convenio con Semigrante"}]},{"@type":"WebSite","@id":"https:\/\/diarioabcdemichoacan.com.mx\/lasnoticias\/#website","url":"https:\/\/diarioabcdemichoacan.com.mx\/lasnoticias\/","name":"Diario ABC de Michoac\u00e1n","description":"Las noticias al momento","potentialAction":[{"@type":"SearchAction","target":{"@type":"EntryPoint","urlTemplate":"https:\/\/diarioabcdemichoacan.com.mx\/lasnoticias\/?s={search_term_string}"},"query-input":{"@type":"PropertyValueSpecification","valueRequired":true,"valueName":"search_term_string"}}],"inLanguage":"es"},{"@type":"Person","@id":"https:\/\/diarioabcdemichoacan.com.mx\/lasnoticias\/#\/schema\/person\/0546f9c3407148f7452ca932715c5e88","name":"MB","image":{"@type":"ImageObject","inLanguage":"es","@id":"https:\/\/secure.gravatar.com\/avatar\/ac036f018f6a8431a5687a020efaf39d914da6a3fc78ce6029ab7ae29c5130e2?s=96&d=mm&r=g","url":"https:\/\/secure.gravatar.com\/avatar\/ac036f018f6a8431a5687a020efaf39d914da6a3fc78ce6029ab7ae29c5130e2?s=96&d=mm&r=g","contentUrl":"https:\/\/secure.gravatar.com\/avatar\/ac036f018f6a8431a5687a020efaf39d914da6a3fc78ce6029ab7ae29c5130e2?s=96&d=mm&r=g","caption":"MB"},"url":"https:\/\/diarioabcdemichoacan.com.mx\/lasnoticias\/author\/bomariano03\/"}]}},"_links":{"self":[{"href":"https:\/\/diarioabcdemichoacan.com.mx\/lasnoticias\/wp-json\/wp\/v2\/posts\/83706","targetHints":{"allow":["GET"]}}],"collection":[{"href":"https:\/\/diarioabcdemichoacan.com.mx\/lasnoticias\/wp-json\/wp\/v2\/posts"}],"about":[{"href":"https:\/\/diarioabcdemichoacan.com.mx\/lasnoticias\/wp-json\/wp\/v2\/types\/post"}],"author":[{"embeddable":true,"href":"https:\/\/diarioabcdemichoacan.com.mx\/lasnoticias\/wp-json\/wp\/v2\/users\/6"}],"replies":[{"embeddable":true,"href":"https:\/\/diarioabcdemichoacan.com.mx\/lasnoticias\/wp-json\/wp\/v2\/comments?post=83706"}],"version-history":[{"count":1,"href":"https:\/\/diarioabcdemichoacan.com.mx\/lasnoticias\/wp-json\/wp\/v2\/posts\/83706\/revisions"}],"predecessor-version":[{"id":83708,"href":"https:\/\/diarioabcdemichoacan.com.mx\/lasnoticias\/wp-json\/wp\/v2\/posts\/83706\/revisions\/83708"}],"wp:featuredmedia":[{"embeddable":true,"href":"https:\/\/diarioabcdemichoacan.com.mx\/lasnoticias\/wp-json\/wp\/v2\/media\/83707"}],"wp:attachment":[{"href":"https:\/\/diarioabcdemichoacan.com.mx\/lasnoticias\/wp-json\/wp\/v2\/media?parent=83706"}],"wp:term":[{"taxonomy":"category","embeddable":true,"href":"https:\/\/diarioabcdemichoacan.com.mx\/lasnoticias\/wp-json\/wp\/v2\/categories?post=83706"},{"taxonomy":"post_tag","embeddable":true,"href":"https:\/\/diarioabcdemichoacan.com.mx\/lasnoticias\/wp-json\/wp\/v2\/tags?post=83706"}],"curies":[{"name":"wp","href":"https:\/\/api.w.org\/{rel}","templated":true}]}}