{"id":83712,"date":"2026-08-16T20:02:53","date_gmt":"2026-08-17T02:02:53","guid":{"rendered":"https:\/\/diarioabcdemichoacan.com.mx\/lasnoticias\/?p=83712"},"modified":"2026-08-31T20:03:32","modified_gmt":"2026-09-01T02:03:32","slug":"el-nicolaita-alonso-pineda-represento-a-mexico-y-a-la-umsnh-en-el-panamericano-universitario","status":"publish","type":"post","link":"https:\/\/diarioabcdemichoacan.com.mx\/lasnoticias\/el-nicolaita-alonso-pineda-represento-a-mexico-y-a-la-umsnh-en-el-panamericano-universitario\/","title":{"rendered":"El nicolaita Alonso Pineda represent\u00f3 a M\u00e9xico y a la UMSNH en el Panam\u00e9ricano universitario"},"content":{"rendered":"<p>El destacado taekwondo\u00edn reci\u00e9n concluy\u00f3 la Licenciatura en Arquitectura<\/p>\n<hr \/>\n<p class=\"wp-block-paragraph\">Morelia, Michoac\u00e1n, a 16 de agosto de 2026. \u2013 El taekwondo\u00edn Alonso Pineda sigue representando con orgullo a la Universidad Michoacana de San Nicol\u00e1s de Hidalgo (UMSNH) y tambi\u00e9n a M\u00e9xico tras competir en los Juegos Panamericanos Universitarios 2026, que se desarrollaron en Per\u00fa y donde lleg\u00f3 hasta los cuartos de final.<\/p><div id=\"diari-2916883531\" class=\"diari-contenido diari-entity-placement\"><img loading=\"lazy\" decoding=\"async\" src=\"https:\/\/diarioabcdemichoacan.com.mx\/lasnoticias\/wp-content\/uploads\/2024\/07\/WhatsApp-Image-2024-05-07-at-10.12.40-a.m.jpeg\" alt=\"\"  srcset=\"https:\/\/diarioabcdemichoacan.com.mx\/lasnoticias\/wp-content\/uploads\/2024\/07\/WhatsApp-Image-2024-05-07-at-10.12.40-a.m.jpeg 400w, https:\/\/diarioabcdemichoacan.com.mx\/lasnoticias\/wp-content\/uploads\/2024\/07\/WhatsApp-Image-2024-05-07-at-10.12.40-a.m-150x150.jpeg 150w, https:\/\/diarioabcdemichoacan.com.mx\/lasnoticias\/wp-content\/uploads\/2024\/07\/WhatsApp-Image-2024-05-07-at-10.12.40-a.m-300x300.jpeg 300w\" sizes=\"(max-width: 400px) 100vw, 400px\" width=\"400\" height=\"400\"  style=\"display: inline-block;\" \/><\/div>\n<p class=\"wp-block-paragraph\">\u201cEstuvo muy emocionante representar a mi pa\u00eds y a la Universidad en un evento as\u00ed. Es el segundo a\u00f1o que participo en unos Panamericanos Universitarios, en esta ocasi\u00f3n en la primera pelea derrot\u00e9 al representante de Per\u00fa en dos rounds y en la segunda pelea me toc\u00f3 contra un contrincante de Estados Unidos, ya estuvo m\u00e1s complicado, supo manejar mejor el combate, perd\u00ed ante \u00e9l y se qued\u00f3 con la medalla de oro de la divisi\u00f3n\u201d.<\/p>\n<p class=\"wp-block-paragraph\">Pineda Espinosa comparti\u00f3 la experiencia que se adquiere al foguearse ante rivales de talla internacional y ya tiene en la mira su siguiente objetivo en el plano deportivo.<\/p>\n<p class=\"wp-block-paragraph\">\u201cSiempre que vuelves de un evento as\u00ed o que conoces gente de diferentes partes te cambia la mentalidad, te cambia el chip. Vamos a retomar entrenamientos y tenemos en puerta, como evento importante y esperemos participar, la Universidad Nacional este a\u00f1o, aunque termin\u00e9 la carrera todav\u00eda tengo el lugar asegurado por el proceso\u201d.<\/p>\n<p class=\"wp-block-paragraph\">En el plano acad\u00e9mico, el taekwondo\u00edn nicolaita de 23 a\u00f1os de edad, firm\u00f3 un logr\u00f3 m\u00e1s al concluir sus estudios en la Facultad de Arquitectura y cuenta lo que signific\u00f3 llevar de la mano su carrera con una disciplina tan exigente.<\/p>\n<p class=\"wp-block-paragraph\">\u201cNo s\u00e9 si explicarlo como alivio o gratitud, pero fue muy bonito estudiar la carrera de Arquitectura y ser atleta de alto rendimiento para la Universidad Michoacana. Termino y se siente diferente, es terminar una etapa, una rutina en la que ya estaba muy acostumbrado, que era entrenar, escuela, entrenar y ahora es entrenar y trabajar, buscar otros \u00e1mbitos en los que uno se pueda desarrollar, pero muy agradecido con la Universidad con mis familiares y mis entrenadores\u201d.<\/p>\n","protected":false},"excerpt":{"rendered":"<p>El destacado taekwondo\u00edn reci\u00e9n concluy\u00f3 la Licenciatura en Arquitectura Morelia, Michoac\u00e1n, a 16 de agosto de 2026. \u2013 El taekwondo\u00edn Alonso Pineda sigue representando con orgullo a la Universidad Michoacana de San Nicol\u00e1s de Hidalgo (UMSNH) y tambi\u00e9n a M\u00e9xico tras competir en los Juegos Panamericanos Universitarios 2026, que se desarrollaron en Per\u00fa y donde [&hellip;]<\/p>\n","protected":false},"author":6,"featured_media":83713,"comment_status":"closed","ping_status":"closed","sticky":false,"template":"","format":"standard","meta":{"footnotes":""},"categories":[1],"tags":[],"class_list":["post-83712","post","type-post","status-publish","format-standard","has-post-thumbnail","category-blog"],"yoast_head":"<!-- This site is optimized with the Yoast SEO plugin v24.0 - https:\/\/yoast.com\/wordpress\/plugins\/seo\/ -->\n<title>El nicolaita Alonso Pineda represent\u00f3 a M\u00e9xico y a la UMSNH en el Panam\u00e9ricano universitario - Diario ABC de Michoac\u00e1n<\/title>\n<meta name=\"robots\" content=\"index, follow, max-snippet:-1, max-image-preview:large, max-video-preview:-1\" \/>\n<link rel=\"canonical\" href=\"https:\/\/diarioabcdemichoacan.com.mx\/lasnoticias\/el-nicolaita-alonso-pineda-represento-a-mexico-y-a-la-umsnh-en-el-panamericano-universitario\/\" \/>\n<meta property=\"og:locale\" content=\"es_ES\" \/>\n<meta property=\"og:type\" content=\"article\" \/>\n<meta property=\"og:title\" content=\"El nicolaita Alonso Pineda represent\u00f3 a M\u00e9xico y a la UMSNH en el Panam\u00e9ricano universitario - Diario ABC de Michoac\u00e1n\" \/>\n<meta property=\"og:description\" content=\"El destacado taekwondo\u00edn reci\u00e9n concluy\u00f3 la Licenciatura en Arquitectura Morelia, Michoac\u00e1n, a 16 de agosto de 2026. \u2013 El taekwondo\u00edn Alonso Pineda sigue representando con orgullo a la Universidad Michoacana de San Nicol\u00e1s de Hidalgo (UMSNH) y tambi\u00e9n a M\u00e9xico tras competir en los Juegos Panamericanos Universitarios 2026, que se desarrollaron en Per\u00fa y donde [&hellip;]\" \/>\n<meta property=\"og:url\" content=\"https:\/\/diarioabcdemichoacan.com.mx\/lasnoticias\/el-nicolaita-alonso-pineda-represento-a-mexico-y-a-la-umsnh-en-el-panamericano-universitario\/\" \/>\n<meta property=\"og:site_name\" content=\"Diario ABC de Michoac\u00e1n\" \/>\n<meta property=\"article:published_time\" content=\"2026-08-17T02:02:53+00:00\" \/>\n<meta property=\"article:modified_time\" content=\"2026-09-01T02:03:32+00:00\" \/>\n<meta property=\"og:image\" content=\"https:\/\/diarioabcdemichoacan.com.mx\/lasnoticias\/wp-content\/uploads\/2026\/08\/ec3f3fea-713b-4c0c-adfd-1cc89aa7f6f1.jpg\" \/>\n\t<meta property=\"og:image:width\" content=\"1080\" \/>\n\t<meta property=\"og:image:height\" content=\"834\" \/>\n\t<meta property=\"og:image:type\" content=\"image\/jpeg\" \/>\n<meta name=\"author\" content=\"MB\" \/>\n<meta name=\"twitter:card\" content=\"summary_large_image\" \/>\n<meta name=\"twitter:label1\" content=\"Escrito por\" \/>\n\t<meta name=\"twitter:data1\" content=\"MB\" \/>\n\t<meta name=\"twitter:label2\" content=\"Tiempo de lectura\" \/>\n\t<meta name=\"twitter:data2\" content=\"2 minutos\" \/>\n<script type=\"application\/ld+json\" class=\"yoast-schema-graph\">{\"@context\":\"https:\/\/schema.org\",\"@graph\":[{\"@type\":\"WebPage\",\"@id\":\"https:\/\/diarioabcdemichoacan.com.mx\/lasnoticias\/el-nicolaita-alonso-pineda-represento-a-mexico-y-a-la-umsnh-en-el-panamericano-universitario\/\",\"url\":\"https:\/\/diarioabcdemichoacan.com.mx\/lasnoticias\/el-nicolaita-alonso-pineda-represento-a-mexico-y-a-la-umsnh-en-el-panamericano-universitario\/\",\"name\":\"El nicolaita Alonso Pineda represent\u00f3 a M\u00e9xico y a la UMSNH en el Panam\u00e9ricano universitario - Diario ABC de Michoac\u00e1n\",\"isPartOf\":{\"@id\":\"https:\/\/diarioabcdemichoacan.com.mx\/lasnoticias\/#website\"},\"primaryImageOfPage\":{\"@id\":\"https:\/\/diarioabcdemichoacan.com.mx\/lasnoticias\/el-nicolaita-alonso-pineda-represento-a-mexico-y-a-la-umsnh-en-el-panamericano-universitario\/#primaryimage\"},\"image\":{\"@id\":\"https:\/\/diarioabcdemichoacan.com.mx\/lasnoticias\/el-nicolaita-alonso-pineda-represento-a-mexico-y-a-la-umsnh-en-el-panamericano-universitario\/#primaryimage\"},\"thumbnailUrl\":\"https:\/\/diarioabcdemichoacan.com.mx\/lasnoticias\/wp-content\/uploads\/2026\/08\/ec3f3fea-713b-4c0c-adfd-1cc89aa7f6f1.jpg\",\"datePublished\":\"2026-08-17T02:02:53+00:00\",\"dateModified\":\"2026-09-01T02:03:32+00:00\",\"author\":{\"@id\":\"https:\/\/diarioabcdemichoacan.com.mx\/lasnoticias\/#\/schema\/person\/0546f9c3407148f7452ca932715c5e88\"},\"breadcrumb\":{\"@id\":\"https:\/\/diarioabcdemichoacan.com.mx\/lasnoticias\/el-nicolaita-alonso-pineda-represento-a-mexico-y-a-la-umsnh-en-el-panamericano-universitario\/#breadcrumb\"},\"inLanguage\":\"es\",\"potentialAction\":[{\"@type\":\"ReadAction\",\"target\":[\"https:\/\/diarioabcdemichoacan.com.mx\/lasnoticias\/el-nicolaita-alonso-pineda-represento-a-mexico-y-a-la-umsnh-en-el-panamericano-universitario\/\"]}]},{\"@type\":\"ImageObject\",\"inLanguage\":\"es\",\"@id\":\"https:\/\/diarioabcdemichoacan.com.mx\/lasnoticias\/el-nicolaita-alonso-pineda-represento-a-mexico-y-a-la-umsnh-en-el-panamericano-universitario\/#primaryimage\",\"url\":\"https:\/\/diarioabcdemichoacan.com.mx\/lasnoticias\/wp-content\/uploads\/2026\/08\/ec3f3fea-713b-4c0c-adfd-1cc89aa7f6f1.jpg\",\"contentUrl\":\"https:\/\/diarioabcdemichoacan.com.mx\/lasnoticias\/wp-content\/uploads\/2026\/08\/ec3f3fea-713b-4c0c-adfd-1cc89aa7f6f1.jpg\",\"width\":1080,\"height\":834},{\"@type\":\"BreadcrumbList\",\"@id\":\"https:\/\/diarioabcdemichoacan.com.mx\/lasnoticias\/el-nicolaita-alonso-pineda-represento-a-mexico-y-a-la-umsnh-en-el-panamericano-universitario\/#breadcrumb\",\"itemListElement\":[{\"@type\":\"ListItem\",\"position\":1,\"name\":\"Portada\",\"item\":\"https:\/\/diarioabcdemichoacan.com.mx\/lasnoticias\/\"},{\"@type\":\"ListItem\",\"position\":2,\"name\":\"El nicolaita Alonso Pineda represent\u00f3 a M\u00e9xico y a la UMSNH en el Panam\u00e9ricano universitario\"}]},{\"@type\":\"WebSite\",\"@id\":\"https:\/\/diarioabcdemichoacan.com.mx\/lasnoticias\/#website\",\"url\":\"https:\/\/diarioabcdemichoacan.com.mx\/lasnoticias\/\",\"name\":\"Diario ABC de Michoac\u00e1n\",\"description\":\"Las noticias al momento\",\"potentialAction\":[{\"@type\":\"SearchAction\",\"target\":{\"@type\":\"EntryPoint\",\"urlTemplate\":\"https:\/\/diarioabcdemichoacan.com.mx\/lasnoticias\/?s={search_term_string}\"},\"query-input\":{\"@type\":\"PropertyValueSpecification\",\"valueRequired\":true,\"valueName\":\"search_term_string\"}}],\"inLanguage\":\"es\"},{\"@type\":\"Person\",\"@id\":\"https:\/\/diarioabcdemichoacan.com.mx\/lasnoticias\/#\/schema\/person\/0546f9c3407148f7452ca932715c5e88\",\"name\":\"MB\",\"image\":{\"@type\":\"ImageObject\",\"inLanguage\":\"es\",\"@id\":\"https:\/\/diarioabcdemichoacan.com.mx\/lasnoticias\/#\/schema\/person\/image\/\",\"url\":\"https:\/\/secure.gravatar.com\/avatar\/ac036f018f6a8431a5687a020efaf39d914da6a3fc78ce6029ab7ae29c5130e2?s=96&d=mm&r=g\",\"contentUrl\":\"https:\/\/secure.gravatar.com\/avatar\/ac036f018f6a8431a5687a020efaf39d914da6a3fc78ce6029ab7ae29c5130e2?s=96&d=mm&r=g\",\"caption\":\"MB\"},\"url\":\"https:\/\/diarioabcdemichoacan.com.mx\/lasnoticias\/author\/bomariano03\/\"}]}<\/script>\n<!-- \/ Yoast SEO plugin. -->","yoast_head_json":{"title":"El nicolaita Alonso Pineda represent\u00f3 a M\u00e9xico y a la UMSNH en el Panam\u00e9ricano universitario - Diario ABC de Michoac\u00e1n","robots":{"index":"index","follow":"follow","max-snippet":"max-snippet:-1","max-image-preview":"max-image-preview:large","max-video-preview":"max-video-preview:-1"},"canonical":"https:\/\/diarioabcdemichoacan.com.mx\/lasnoticias\/el-nicolaita-alonso-pineda-represento-a-mexico-y-a-la-umsnh-en-el-panamericano-universitario\/","og_locale":"es_ES","og_type":"article","og_title":"El nicolaita Alonso Pineda represent\u00f3 a M\u00e9xico y a la UMSNH en el Panam\u00e9ricano universitario - Diario ABC de Michoac\u00e1n","og_description":"El destacado taekwondo\u00edn reci\u00e9n concluy\u00f3 la Licenciatura en Arquitectura Morelia, Michoac\u00e1n, a 16 de agosto de 2026. \u2013 El taekwondo\u00edn Alonso Pineda sigue representando con orgullo a la Universidad Michoacana de San Nicol\u00e1s de Hidalgo (UMSNH) y tambi\u00e9n a M\u00e9xico tras competir en los Juegos Panamericanos Universitarios 2026, que se desarrollaron en Per\u00fa y donde [&hellip;]","og_url":"https:\/\/diarioabcdemichoacan.com.mx\/lasnoticias\/el-nicolaita-alonso-pineda-represento-a-mexico-y-a-la-umsnh-en-el-panamericano-universitario\/","og_site_name":"Diario ABC de Michoac\u00e1n","article_published_time":"2026-08-17T02:02:53+00:00","article_modified_time":"2026-09-01T02:03:32+00:00","og_image":[{"width":1080,"height":834,"url":"https:\/\/diarioabcdemichoacan.com.mx\/lasnoticias\/wp-content\/uploads\/2026\/08\/ec3f3fea-713b-4c0c-adfd-1cc89aa7f6f1.jpg","type":"image\/jpeg"}],"author":"MB","twitter_card":"summary_large_image","twitter_misc":{"Escrito por":"MB","Tiempo de lectura":"2 minutos"},"schema":{"@context":"https:\/\/schema.org","@graph":[{"@type":"WebPage","@id":"https:\/\/diarioabcdemichoacan.com.mx\/lasnoticias\/el-nicolaita-alonso-pineda-represento-a-mexico-y-a-la-umsnh-en-el-panamericano-universitario\/","url":"https:\/\/diarioabcdemichoacan.com.mx\/lasnoticias\/el-nicolaita-alonso-pineda-represento-a-mexico-y-a-la-umsnh-en-el-panamericano-universitario\/","name":"El nicolaita Alonso Pineda represent\u00f3 a M\u00e9xico y a la UMSNH en el Panam\u00e9ricano universitario - Diario ABC de Michoac\u00e1n","isPartOf":{"@id":"https:\/\/diarioabcdemichoacan.com.mx\/lasnoticias\/#website"},"primaryImageOfPage":{"@id":"https:\/\/diarioabcdemichoacan.com.mx\/lasnoticias\/el-nicolaita-alonso-pineda-represento-a-mexico-y-a-la-umsnh-en-el-panamericano-universitario\/#primaryimage"},"image":{"@id":"https:\/\/diarioabcdemichoacan.com.mx\/lasnoticias\/el-nicolaita-alonso-pineda-represento-a-mexico-y-a-la-umsnh-en-el-panamericano-universitario\/#primaryimage"},"thumbnailUrl":"https:\/\/diarioabcdemichoacan.com.mx\/lasnoticias\/wp-content\/uploads\/2026\/08\/ec3f3fea-713b-4c0c-adfd-1cc89aa7f6f1.jpg","datePublished":"2026-08-17T02:02:53+00:00","dateModified":"2026-09-01T02:03:32+00:00","author":{"@id":"https:\/\/diarioabcdemichoacan.com.mx\/lasnoticias\/#\/schema\/person\/0546f9c3407148f7452ca932715c5e88"},"breadcrumb":{"@id":"https:\/\/diarioabcdemichoacan.com.mx\/lasnoticias\/el-nicolaita-alonso-pineda-represento-a-mexico-y-a-la-umsnh-en-el-panamericano-universitario\/#breadcrumb"},"inLanguage":"es","potentialAction":[{"@type":"ReadAction","target":["https:\/\/diarioabcdemichoacan.com.mx\/lasnoticias\/el-nicolaita-alonso-pineda-represento-a-mexico-y-a-la-umsnh-en-el-panamericano-universitario\/"]}]},{"@type":"ImageObject","inLanguage":"es","@id":"https:\/\/diarioabcdemichoacan.com.mx\/lasnoticias\/el-nicolaita-alonso-pineda-represento-a-mexico-y-a-la-umsnh-en-el-panamericano-universitario\/#primaryimage","url":"https:\/\/diarioabcdemichoacan.com.mx\/lasnoticias\/wp-content\/uploads\/2026\/08\/ec3f3fea-713b-4c0c-adfd-1cc89aa7f6f1.jpg","contentUrl":"https:\/\/diarioabcdemichoacan.com.mx\/lasnoticias\/wp-content\/uploads\/2026\/08\/ec3f3fea-713b-4c0c-adfd-1cc89aa7f6f1.jpg","width":1080,"height":834},{"@type":"BreadcrumbList","@id":"https:\/\/diarioabcdemichoacan.com.mx\/lasnoticias\/el-nicolaita-alonso-pineda-represento-a-mexico-y-a-la-umsnh-en-el-panamericano-universitario\/#breadcrumb","itemListElement":[{"@type":"ListItem","position":1,"name":"Portada","item":"https:\/\/diarioabcdemichoacan.com.mx\/lasnoticias\/"},{"@type":"ListItem","position":2,"name":"El nicolaita Alonso Pineda represent\u00f3 a M\u00e9xico y a la UMSNH en el Panam\u00e9ricano universitario"}]},{"@type":"WebSite","@id":"https:\/\/diarioabcdemichoacan.com.mx\/lasnoticias\/#website","url":"https:\/\/diarioabcdemichoacan.com.mx\/lasnoticias\/","name":"Diario ABC de Michoac\u00e1n","description":"Las noticias al momento","potentialAction":[{"@type":"SearchAction","target":{"@type":"EntryPoint","urlTemplate":"https:\/\/diarioabcdemichoacan.com.mx\/lasnoticias\/?s={search_term_string}"},"query-input":{"@type":"PropertyValueSpecification","valueRequired":true,"valueName":"search_term_string"}}],"inLanguage":"es"},{"@type":"Person","@id":"https:\/\/diarioabcdemichoacan.com.mx\/lasnoticias\/#\/schema\/person\/0546f9c3407148f7452ca932715c5e88","name":"MB","image":{"@type":"ImageObject","inLanguage":"es","@id":"https:\/\/diarioabcdemichoacan.com.mx\/lasnoticias\/#\/schema\/person\/image\/","url":"https:\/\/secure.gravatar.com\/avatar\/ac036f018f6a8431a5687a020efaf39d914da6a3fc78ce6029ab7ae29c5130e2?s=96&d=mm&r=g","contentUrl":"https:\/\/secure.gravatar.com\/avatar\/ac036f018f6a8431a5687a020efaf39d914da6a3fc78ce6029ab7ae29c5130e2?s=96&d=mm&r=g","caption":"MB"},"url":"https:\/\/diarioabcdemichoacan.com.mx\/lasnoticias\/author\/bomariano03\/"}]}},"_links":{"self":[{"href":"https:\/\/diarioabcdemichoacan.com.mx\/lasnoticias\/wp-json\/wp\/v2\/posts\/83712","targetHints":{"allow":["GET"]}}],"collection":[{"href":"https:\/\/diarioabcdemichoacan.com.mx\/lasnoticias\/wp-json\/wp\/v2\/posts"}],"about":[{"href":"https:\/\/diarioabcdemichoacan.com.mx\/lasnoticias\/wp-json\/wp\/v2\/types\/post"}],"author":[{"embeddable":true,"href":"https:\/\/diarioabcdemichoacan.com.mx\/lasnoticias\/wp-json\/wp\/v2\/users\/6"}],"replies":[{"embeddable":true,"href":"https:\/\/diarioabcdemichoacan.com.mx\/lasnoticias\/wp-json\/wp\/v2\/comments?post=83712"}],"version-history":[{"count":2,"href":"https:\/\/diarioabcdemichoacan.com.mx\/lasnoticias\/wp-json\/wp\/v2\/posts\/83712\/revisions"}],"predecessor-version":[{"id":83715,"href":"https:\/\/diarioabcdemichoacan.com.mx\/lasnoticias\/wp-json\/wp\/v2\/posts\/83712\/revisions\/83715"}],"wp:featuredmedia":[{"embeddable":true,"href":"https:\/\/diarioabcdemichoacan.com.mx\/lasnoticias\/wp-json\/wp\/v2\/media\/83713"}],"wp:attachment":[{"href":"https:\/\/diarioabcdemichoacan.com.mx\/lasnoticias\/wp-json\/wp\/v2\/media?parent=83712"}],"wp:term":[{"taxonomy":"category","embeddable":true,"href":"https:\/\/diarioabcdemichoacan.com.mx\/lasnoticias\/wp-json\/wp\/v2\/categories?post=83712"},{"taxonomy":"post_tag","embeddable":true,"href":"https:\/\/diarioabcdemichoacan.com.mx\/lasnoticias\/wp-json\/wp\/v2\/tags?post=83712"}],"curies":[{"name":"wp","href":"https:\/\/api.w.org\/{rel}","templated":true}]}}