{"id":83723,"date":"2026-08-12T20:07:12","date_gmt":"2026-08-13T02:07:12","guid":{"rendered":"https:\/\/diarioabcdemichoacan.com.mx\/lasnoticias\/?p=83723"},"modified":"2026-08-31T20:09:40","modified_gmt":"2026-09-01T02:09:40","slug":"de-manera-inedita-en-gestion-de-yarabi-avila-facultad-de-derecho-inicia-ciclo-escolar-con-materias-asignadas","status":"publish","type":"post","link":"https:\/\/diarioabcdemichoacan.com.mx\/lasnoticias\/de-manera-inedita-en-gestion-de-yarabi-avila-facultad-de-derecho-inicia-ciclo-escolar-con-materias-asignadas\/","title":{"rendered":"De manera in\u00e9dita, en gesti\u00f3n de Yarab\u00ed \u00c1vila, Facultad de Derecho inicia ciclo escolar con materias asignadas"},"content":{"rendered":"<p>El secretario Administrativo, Cesar Macedo, precis\u00f3 que dicha acci\u00f3n tiene un impacto positivo en los m\u00e1s de siete mil estudiantes de la dependencia. Hist\u00f3rico: docentes recibir\u00e1n su pago en tiempo y forma<\/p>\n<hr \/>\n<p class=\"wp-block-paragraph\">Morelia, Michoac\u00e1n, a 12 de agosto de 2026.- De manera in\u00e9dita, la Facultad de Derecho y Ciencias Sociales de la Universidad Michoacana de San Nicol\u00e1s de Hidalgo (UMSNH) comenz\u00f3 el ciclo escolar con el 90 por ciento de materias asignadas para el semestre 2026-2027, hecho que no ocurr\u00eda desde hace a\u00f1os. Esta acci\u00f3n es derivado del trabajo que se ha desarrollado en la gesti\u00f3n de la rectora Yarab\u00ed \u00c1vila Gonz\u00e1lez, refrendando as\u00ed el compromiso con la comunidad estudiantil y docente de la dependencia.<\/p><div id=\"diari-1282430747\" class=\"diari-contenido diari-entity-placement\"><img loading=\"lazy\" decoding=\"async\" src=\"https:\/\/diarioabcdemichoacan.com.mx\/lasnoticias\/wp-content\/uploads\/2024\/07\/WhatsApp-Image-2024-05-07-at-10.12.40-a.m.jpeg\" alt=\"\"  srcset=\"https:\/\/diarioabcdemichoacan.com.mx\/lasnoticias\/wp-content\/uploads\/2024\/07\/WhatsApp-Image-2024-05-07-at-10.12.40-a.m.jpeg 400w, https:\/\/diarioabcdemichoacan.com.mx\/lasnoticias\/wp-content\/uploads\/2024\/07\/WhatsApp-Image-2024-05-07-at-10.12.40-a.m-150x150.jpeg 150w, https:\/\/diarioabcdemichoacan.com.mx\/lasnoticias\/wp-content\/uploads\/2024\/07\/WhatsApp-Image-2024-05-07-at-10.12.40-a.m-300x300.jpeg 300w\" sizes=\"(max-width: 400px) 100vw, 400px\" width=\"400\" height=\"400\"  style=\"display: inline-block;\" \/><\/div>\n<p class=\"wp-block-paragraph\">El secretario Administrativo de la UMSNH, Jos\u00e9 Cesar Macedo Villegas, adem\u00e1s dio a conocer que, de manera hist\u00f3rica, las profesoras y profesores de asignatura B recibir\u00e1n el pago correspondiente al mes de agosto en tiempo y forma, situaci\u00f3n que tampoco ocurr\u00eda desde hace a\u00f1os y que es producto de la instrucci\u00f3n de la rectora Yarab\u00ed \u00c1vila de reordenar administrativamente a la Facultad, misma que tiene presencia en Morelia, Zamora, Ciudad Hidalgo, Uruapan y L\u00e1zaro C\u00e1rdenas, en estos \u00faltimos municipios a trav\u00e9s de las Unidades Profesionales.<\/p>\n<p class=\"wp-block-paragraph\">En total, para el semestre non en la dependencia se deben asignar 744 materias. Para la segunda quincena del mes de agosto, quedar\u00e1 cubierto el pago correspondiente a 479 materias, y el resto estar\u00e1 finiquitado para la segunda quincena del mes de septiembre, una vez que quede concluida la sistematizaci\u00f3n de la informaci\u00f3n que se est\u00e1 procesando, cuyo trabajo realiza la Facultad, en conjunto con la administraci\u00f3n central.<\/p>\n<p class=\"wp-block-paragraph\">Macedo Villegas comparti\u00f3 que, anteriormente, la Facultad de Derecho iniciaba clases con una asignaci\u00f3n de profesores de un 10 o un 15 por ciento, por lo que subray\u00f3 la importancia de la acci\u00f3n que se realiza en la gesti\u00f3n de la rectora Yarab\u00ed \u00c1vila, al referir que beneficia a los m\u00e1s de siete mil estudiantes, a las y los docentes nicolaitas y a la comunidad universitaria en general.<\/p>\n","protected":false},"excerpt":{"rendered":"<p>El secretario Administrativo, Cesar Macedo, precis\u00f3 que dicha acci\u00f3n tiene un impacto positivo en los m\u00e1s de siete mil estudiantes de la dependencia. Hist\u00f3rico: docentes recibir\u00e1n su pago en tiempo y forma Morelia, Michoac\u00e1n, a 12 de agosto de 2026.- De manera in\u00e9dita, la Facultad de Derecho y Ciencias Sociales de la Universidad Michoacana de [&hellip;]<\/p>\n","protected":false},"author":6,"featured_media":83724,"comment_status":"closed","ping_status":"closed","sticky":false,"template":"","format":"standard","meta":{"footnotes":""},"categories":[15,10,23],"tags":[],"class_list":["post-83723","post","type-post","status-publish","format-standard","has-post-thumbnail","category-educacion","category-estado","category-universidad-michoacana"],"yoast_head":"<!-- This site is optimized with the Yoast SEO plugin v24.0 - https:\/\/yoast.com\/wordpress\/plugins\/seo\/ -->\n<title>De manera in\u00e9dita, en gesti\u00f3n de Yarab\u00ed \u00c1vila, Facultad de Derecho inicia ciclo escolar con materias asignadas - Diario ABC de Michoac\u00e1n<\/title>\n<meta name=\"robots\" content=\"index, follow, max-snippet:-1, max-image-preview:large, max-video-preview:-1\" \/>\n<link rel=\"canonical\" href=\"https:\/\/diarioabcdemichoacan.com.mx\/lasnoticias\/de-manera-inedita-en-gestion-de-yarabi-avila-facultad-de-derecho-inicia-ciclo-escolar-con-materias-asignadas\/\" \/>\n<meta property=\"og:locale\" content=\"es_ES\" \/>\n<meta property=\"og:type\" content=\"article\" \/>\n<meta property=\"og:title\" content=\"De manera in\u00e9dita, en gesti\u00f3n de Yarab\u00ed \u00c1vila, Facultad de Derecho inicia ciclo escolar con materias asignadas - Diario ABC de Michoac\u00e1n\" \/>\n<meta property=\"og:description\" content=\"El secretario Administrativo, Cesar Macedo, precis\u00f3 que dicha acci\u00f3n tiene un impacto positivo en los m\u00e1s de siete mil estudiantes de la dependencia. Hist\u00f3rico: docentes recibir\u00e1n su pago en tiempo y forma Morelia, Michoac\u00e1n, a 12 de agosto de 2026.- De manera in\u00e9dita, la Facultad de Derecho y Ciencias Sociales de la Universidad Michoacana de [&hellip;]\" \/>\n<meta property=\"og:url\" content=\"https:\/\/diarioabcdemichoacan.com.mx\/lasnoticias\/de-manera-inedita-en-gestion-de-yarabi-avila-facultad-de-derecho-inicia-ciclo-escolar-con-materias-asignadas\/\" \/>\n<meta property=\"og:site_name\" content=\"Diario ABC de Michoac\u00e1n\" \/>\n<meta property=\"article:published_time\" content=\"2026-08-13T02:07:12+00:00\" \/>\n<meta property=\"article:modified_time\" content=\"2026-09-01T02:09:40+00:00\" \/>\n<meta property=\"og:image\" content=\"https:\/\/diarioabcdemichoacan.com.mx\/lasnoticias\/wp-content\/uploads\/2026\/08\/485e3ec1-8456-4e3b-9c6a-2bb8a841b55a.jpg\" \/>\n\t<meta property=\"og:image:width\" content=\"1280\" \/>\n\t<meta property=\"og:image:height\" content=\"854\" \/>\n\t<meta property=\"og:image:type\" content=\"image\/jpeg\" \/>\n<meta name=\"author\" content=\"MB\" \/>\n<meta name=\"twitter:card\" content=\"summary_large_image\" \/>\n<meta name=\"twitter:label1\" content=\"Escrito por\" \/>\n\t<meta name=\"twitter:data1\" content=\"MB\" \/>\n\t<meta name=\"twitter:label2\" content=\"Tiempo de lectura\" \/>\n\t<meta name=\"twitter:data2\" content=\"2 minutos\" \/>\n<script type=\"application\/ld+json\" class=\"yoast-schema-graph\">{\"@context\":\"https:\/\/schema.org\",\"@graph\":[{\"@type\":\"WebPage\",\"@id\":\"https:\/\/diarioabcdemichoacan.com.mx\/lasnoticias\/de-manera-inedita-en-gestion-de-yarabi-avila-facultad-de-derecho-inicia-ciclo-escolar-con-materias-asignadas\/\",\"url\":\"https:\/\/diarioabcdemichoacan.com.mx\/lasnoticias\/de-manera-inedita-en-gestion-de-yarabi-avila-facultad-de-derecho-inicia-ciclo-escolar-con-materias-asignadas\/\",\"name\":\"De manera in\u00e9dita, en gesti\u00f3n de Yarab\u00ed \u00c1vila, Facultad de Derecho inicia ciclo escolar con materias asignadas - Diario ABC de Michoac\u00e1n\",\"isPartOf\":{\"@id\":\"https:\/\/diarioabcdemichoacan.com.mx\/lasnoticias\/#website\"},\"primaryImageOfPage\":{\"@id\":\"https:\/\/diarioabcdemichoacan.com.mx\/lasnoticias\/de-manera-inedita-en-gestion-de-yarabi-avila-facultad-de-derecho-inicia-ciclo-escolar-con-materias-asignadas\/#primaryimage\"},\"image\":{\"@id\":\"https:\/\/diarioabcdemichoacan.com.mx\/lasnoticias\/de-manera-inedita-en-gestion-de-yarabi-avila-facultad-de-derecho-inicia-ciclo-escolar-con-materias-asignadas\/#primaryimage\"},\"thumbnailUrl\":\"https:\/\/diarioabcdemichoacan.com.mx\/lasnoticias\/wp-content\/uploads\/2026\/08\/485e3ec1-8456-4e3b-9c6a-2bb8a841b55a.jpg\",\"datePublished\":\"2026-08-13T02:07:12+00:00\",\"dateModified\":\"2026-09-01T02:09:40+00:00\",\"author\":{\"@id\":\"https:\/\/diarioabcdemichoacan.com.mx\/lasnoticias\/#\/schema\/person\/0546f9c3407148f7452ca932715c5e88\"},\"breadcrumb\":{\"@id\":\"https:\/\/diarioabcdemichoacan.com.mx\/lasnoticias\/de-manera-inedita-en-gestion-de-yarabi-avila-facultad-de-derecho-inicia-ciclo-escolar-con-materias-asignadas\/#breadcrumb\"},\"inLanguage\":\"es\",\"potentialAction\":[{\"@type\":\"ReadAction\",\"target\":[\"https:\/\/diarioabcdemichoacan.com.mx\/lasnoticias\/de-manera-inedita-en-gestion-de-yarabi-avila-facultad-de-derecho-inicia-ciclo-escolar-con-materias-asignadas\/\"]}]},{\"@type\":\"ImageObject\",\"inLanguage\":\"es\",\"@id\":\"https:\/\/diarioabcdemichoacan.com.mx\/lasnoticias\/de-manera-inedita-en-gestion-de-yarabi-avila-facultad-de-derecho-inicia-ciclo-escolar-con-materias-asignadas\/#primaryimage\",\"url\":\"https:\/\/diarioabcdemichoacan.com.mx\/lasnoticias\/wp-content\/uploads\/2026\/08\/485e3ec1-8456-4e3b-9c6a-2bb8a841b55a.jpg\",\"contentUrl\":\"https:\/\/diarioabcdemichoacan.com.mx\/lasnoticias\/wp-content\/uploads\/2026\/08\/485e3ec1-8456-4e3b-9c6a-2bb8a841b55a.jpg\",\"width\":1280,\"height\":854},{\"@type\":\"BreadcrumbList\",\"@id\":\"https:\/\/diarioabcdemichoacan.com.mx\/lasnoticias\/de-manera-inedita-en-gestion-de-yarabi-avila-facultad-de-derecho-inicia-ciclo-escolar-con-materias-asignadas\/#breadcrumb\",\"itemListElement\":[{\"@type\":\"ListItem\",\"position\":1,\"name\":\"Portada\",\"item\":\"https:\/\/diarioabcdemichoacan.com.mx\/lasnoticias\/\"},{\"@type\":\"ListItem\",\"position\":2,\"name\":\"De manera in\u00e9dita, en gesti\u00f3n de Yarab\u00ed \u00c1vila, Facultad de Derecho inicia ciclo escolar con materias asignadas\"}]},{\"@type\":\"WebSite\",\"@id\":\"https:\/\/diarioabcdemichoacan.com.mx\/lasnoticias\/#website\",\"url\":\"https:\/\/diarioabcdemichoacan.com.mx\/lasnoticias\/\",\"name\":\"Diario ABC de Michoac\u00e1n\",\"description\":\"Las noticias al momento\",\"potentialAction\":[{\"@type\":\"SearchAction\",\"target\":{\"@type\":\"EntryPoint\",\"urlTemplate\":\"https:\/\/diarioabcdemichoacan.com.mx\/lasnoticias\/?s={search_term_string}\"},\"query-input\":{\"@type\":\"PropertyValueSpecification\",\"valueRequired\":true,\"valueName\":\"search_term_string\"}}],\"inLanguage\":\"es\"},{\"@type\":\"Person\",\"@id\":\"https:\/\/diarioabcdemichoacan.com.mx\/lasnoticias\/#\/schema\/person\/0546f9c3407148f7452ca932715c5e88\",\"name\":\"MB\",\"image\":{\"@type\":\"ImageObject\",\"inLanguage\":\"es\",\"@id\":\"https:\/\/diarioabcdemichoacan.com.mx\/lasnoticias\/#\/schema\/person\/image\/\",\"url\":\"https:\/\/secure.gravatar.com\/avatar\/ac036f018f6a8431a5687a020efaf39d914da6a3fc78ce6029ab7ae29c5130e2?s=96&d=mm&r=g\",\"contentUrl\":\"https:\/\/secure.gravatar.com\/avatar\/ac036f018f6a8431a5687a020efaf39d914da6a3fc78ce6029ab7ae29c5130e2?s=96&d=mm&r=g\",\"caption\":\"MB\"},\"url\":\"https:\/\/diarioabcdemichoacan.com.mx\/lasnoticias\/author\/bomariano03\/\"}]}<\/script>\n<!-- \/ Yoast SEO plugin. -->","yoast_head_json":{"title":"De manera in\u00e9dita, en gesti\u00f3n de Yarab\u00ed \u00c1vila, Facultad de Derecho inicia ciclo escolar con materias asignadas - Diario ABC de Michoac\u00e1n","robots":{"index":"index","follow":"follow","max-snippet":"max-snippet:-1","max-image-preview":"max-image-preview:large","max-video-preview":"max-video-preview:-1"},"canonical":"https:\/\/diarioabcdemichoacan.com.mx\/lasnoticias\/de-manera-inedita-en-gestion-de-yarabi-avila-facultad-de-derecho-inicia-ciclo-escolar-con-materias-asignadas\/","og_locale":"es_ES","og_type":"article","og_title":"De manera in\u00e9dita, en gesti\u00f3n de Yarab\u00ed \u00c1vila, Facultad de Derecho inicia ciclo escolar con materias asignadas - Diario ABC de Michoac\u00e1n","og_description":"El secretario Administrativo, Cesar Macedo, precis\u00f3 que dicha acci\u00f3n tiene un impacto positivo en los m\u00e1s de siete mil estudiantes de la dependencia. Hist\u00f3rico: docentes recibir\u00e1n su pago en tiempo y forma Morelia, Michoac\u00e1n, a 12 de agosto de 2026.- De manera in\u00e9dita, la Facultad de Derecho y Ciencias Sociales de la Universidad Michoacana de [&hellip;]","og_url":"https:\/\/diarioabcdemichoacan.com.mx\/lasnoticias\/de-manera-inedita-en-gestion-de-yarabi-avila-facultad-de-derecho-inicia-ciclo-escolar-con-materias-asignadas\/","og_site_name":"Diario ABC de Michoac\u00e1n","article_published_time":"2026-08-13T02:07:12+00:00","article_modified_time":"2026-09-01T02:09:40+00:00","og_image":[{"width":1280,"height":854,"url":"https:\/\/diarioabcdemichoacan.com.mx\/lasnoticias\/wp-content\/uploads\/2026\/08\/485e3ec1-8456-4e3b-9c6a-2bb8a841b55a.jpg","type":"image\/jpeg"}],"author":"MB","twitter_card":"summary_large_image","twitter_misc":{"Escrito por":"MB","Tiempo de lectura":"2 minutos"},"schema":{"@context":"https:\/\/schema.org","@graph":[{"@type":"WebPage","@id":"https:\/\/diarioabcdemichoacan.com.mx\/lasnoticias\/de-manera-inedita-en-gestion-de-yarabi-avila-facultad-de-derecho-inicia-ciclo-escolar-con-materias-asignadas\/","url":"https:\/\/diarioabcdemichoacan.com.mx\/lasnoticias\/de-manera-inedita-en-gestion-de-yarabi-avila-facultad-de-derecho-inicia-ciclo-escolar-con-materias-asignadas\/","name":"De manera in\u00e9dita, en gesti\u00f3n de Yarab\u00ed \u00c1vila, Facultad de Derecho inicia ciclo escolar con materias asignadas - Diario ABC de Michoac\u00e1n","isPartOf":{"@id":"https:\/\/diarioabcdemichoacan.com.mx\/lasnoticias\/#website"},"primaryImageOfPage":{"@id":"https:\/\/diarioabcdemichoacan.com.mx\/lasnoticias\/de-manera-inedita-en-gestion-de-yarabi-avila-facultad-de-derecho-inicia-ciclo-escolar-con-materias-asignadas\/#primaryimage"},"image":{"@id":"https:\/\/diarioabcdemichoacan.com.mx\/lasnoticias\/de-manera-inedita-en-gestion-de-yarabi-avila-facultad-de-derecho-inicia-ciclo-escolar-con-materias-asignadas\/#primaryimage"},"thumbnailUrl":"https:\/\/diarioabcdemichoacan.com.mx\/lasnoticias\/wp-content\/uploads\/2026\/08\/485e3ec1-8456-4e3b-9c6a-2bb8a841b55a.jpg","datePublished":"2026-08-13T02:07:12+00:00","dateModified":"2026-09-01T02:09:40+00:00","author":{"@id":"https:\/\/diarioabcdemichoacan.com.mx\/lasnoticias\/#\/schema\/person\/0546f9c3407148f7452ca932715c5e88"},"breadcrumb":{"@id":"https:\/\/diarioabcdemichoacan.com.mx\/lasnoticias\/de-manera-inedita-en-gestion-de-yarabi-avila-facultad-de-derecho-inicia-ciclo-escolar-con-materias-asignadas\/#breadcrumb"},"inLanguage":"es","potentialAction":[{"@type":"ReadAction","target":["https:\/\/diarioabcdemichoacan.com.mx\/lasnoticias\/de-manera-inedita-en-gestion-de-yarabi-avila-facultad-de-derecho-inicia-ciclo-escolar-con-materias-asignadas\/"]}]},{"@type":"ImageObject","inLanguage":"es","@id":"https:\/\/diarioabcdemichoacan.com.mx\/lasnoticias\/de-manera-inedita-en-gestion-de-yarabi-avila-facultad-de-derecho-inicia-ciclo-escolar-con-materias-asignadas\/#primaryimage","url":"https:\/\/diarioabcdemichoacan.com.mx\/lasnoticias\/wp-content\/uploads\/2026\/08\/485e3ec1-8456-4e3b-9c6a-2bb8a841b55a.jpg","contentUrl":"https:\/\/diarioabcdemichoacan.com.mx\/lasnoticias\/wp-content\/uploads\/2026\/08\/485e3ec1-8456-4e3b-9c6a-2bb8a841b55a.jpg","width":1280,"height":854},{"@type":"BreadcrumbList","@id":"https:\/\/diarioabcdemichoacan.com.mx\/lasnoticias\/de-manera-inedita-en-gestion-de-yarabi-avila-facultad-de-derecho-inicia-ciclo-escolar-con-materias-asignadas\/#breadcrumb","itemListElement":[{"@type":"ListItem","position":1,"name":"Portada","item":"https:\/\/diarioabcdemichoacan.com.mx\/lasnoticias\/"},{"@type":"ListItem","position":2,"name":"De manera in\u00e9dita, en gesti\u00f3n de Yarab\u00ed \u00c1vila, Facultad de Derecho inicia ciclo escolar con materias asignadas"}]},{"@type":"WebSite","@id":"https:\/\/diarioabcdemichoacan.com.mx\/lasnoticias\/#website","url":"https:\/\/diarioabcdemichoacan.com.mx\/lasnoticias\/","name":"Diario ABC de Michoac\u00e1n","description":"Las noticias al momento","potentialAction":[{"@type":"SearchAction","target":{"@type":"EntryPoint","urlTemplate":"https:\/\/diarioabcdemichoacan.com.mx\/lasnoticias\/?s={search_term_string}"},"query-input":{"@type":"PropertyValueSpecification","valueRequired":true,"valueName":"search_term_string"}}],"inLanguage":"es"},{"@type":"Person","@id":"https:\/\/diarioabcdemichoacan.com.mx\/lasnoticias\/#\/schema\/person\/0546f9c3407148f7452ca932715c5e88","name":"MB","image":{"@type":"ImageObject","inLanguage":"es","@id":"https:\/\/diarioabcdemichoacan.com.mx\/lasnoticias\/#\/schema\/person\/image\/","url":"https:\/\/secure.gravatar.com\/avatar\/ac036f018f6a8431a5687a020efaf39d914da6a3fc78ce6029ab7ae29c5130e2?s=96&d=mm&r=g","contentUrl":"https:\/\/secure.gravatar.com\/avatar\/ac036f018f6a8431a5687a020efaf39d914da6a3fc78ce6029ab7ae29c5130e2?s=96&d=mm&r=g","caption":"MB"},"url":"https:\/\/diarioabcdemichoacan.com.mx\/lasnoticias\/author\/bomariano03\/"}]}},"_links":{"self":[{"href":"https:\/\/diarioabcdemichoacan.com.mx\/lasnoticias\/wp-json\/wp\/v2\/posts\/83723","targetHints":{"allow":["GET"]}}],"collection":[{"href":"https:\/\/diarioabcdemichoacan.com.mx\/lasnoticias\/wp-json\/wp\/v2\/posts"}],"about":[{"href":"https:\/\/diarioabcdemichoacan.com.mx\/lasnoticias\/wp-json\/wp\/v2\/types\/post"}],"author":[{"embeddable":true,"href":"https:\/\/diarioabcdemichoacan.com.mx\/lasnoticias\/wp-json\/wp\/v2\/users\/6"}],"replies":[{"embeddable":true,"href":"https:\/\/diarioabcdemichoacan.com.mx\/lasnoticias\/wp-json\/wp\/v2\/comments?post=83723"}],"version-history":[{"count":2,"href":"https:\/\/diarioabcdemichoacan.com.mx\/lasnoticias\/wp-json\/wp\/v2\/posts\/83723\/revisions"}],"predecessor-version":[{"id":83726,"href":"https:\/\/diarioabcdemichoacan.com.mx\/lasnoticias\/wp-json\/wp\/v2\/posts\/83723\/revisions\/83726"}],"wp:featuredmedia":[{"embeddable":true,"href":"https:\/\/diarioabcdemichoacan.com.mx\/lasnoticias\/wp-json\/wp\/v2\/media\/83724"}],"wp:attachment":[{"href":"https:\/\/diarioabcdemichoacan.com.mx\/lasnoticias\/wp-json\/wp\/v2\/media?parent=83723"}],"wp:term":[{"taxonomy":"category","embeddable":true,"href":"https:\/\/diarioabcdemichoacan.com.mx\/lasnoticias\/wp-json\/wp\/v2\/categories?post=83723"},{"taxonomy":"post_tag","embeddable":true,"href":"https:\/\/diarioabcdemichoacan.com.mx\/lasnoticias\/wp-json\/wp\/v2\/tags?post=83723"}],"curies":[{"name":"wp","href":"https:\/\/api.w.org\/{rel}","templated":true}]}}