{"id":83730,"date":"2026-08-31T20:42:10","date_gmt":"2026-09-01T02:42:10","guid":{"rendered":"https:\/\/diarioabcdemichoacan.com.mx\/lasnoticias\/?p=83730"},"modified":"2026-08-31T20:42:10","modified_gmt":"2026-09-01T02:42:10","slug":"firman-bedolla-y-notarios-convenio-para-iniciar-el-mes-del-testamento-con-costo-preferencial","status":"publish","type":"post","link":"https:\/\/diarioabcdemichoacan.com.mx\/lasnoticias\/firman-bedolla-y-notarios-convenio-para-iniciar-el-mes-del-testamento-con-costo-preferencial\/","title":{"rendered":"Firman Bedolla y notarios convenio para iniciar el Mes del Testamento con costo preferencial"},"content":{"rendered":"<p>Morelia, Michoac\u00e1n, 31 de agosto de 2026.- Con el prop\u00f3sito de brindar certeza jur\u00eddica y patrimonial a las familias de la entidad, el gobernador Alfredo Ram\u00edrez Bedolla firm\u00f3 el convenio de colaboraci\u00f3n institucional para poner en marcha la campa\u00f1a del Mes del Testamento durante septiembre y octubre.<\/p>\n<p>A trav\u00e9s de este acuerdo, las 198 notar\u00edas distribuidas en la entidad ofrecer\u00e1n la elaboraci\u00f3n del testamento a un costo preferencial de 3 mil 500 pesos.<\/p><div id=\"diari-851225547\" class=\"diari-contenido diari-entity-placement\"><img loading=\"lazy\" decoding=\"async\" src=\"https:\/\/diarioabcdemichoacan.com.mx\/lasnoticias\/wp-content\/uploads\/2024\/07\/WhatsApp-Image-2024-05-07-at-10.12.40-a.m.jpeg\" alt=\"\"  srcset=\"https:\/\/diarioabcdemichoacan.com.mx\/lasnoticias\/wp-content\/uploads\/2024\/07\/WhatsApp-Image-2024-05-07-at-10.12.40-a.m.jpeg 400w, https:\/\/diarioabcdemichoacan.com.mx\/lasnoticias\/wp-content\/uploads\/2024\/07\/WhatsApp-Image-2024-05-07-at-10.12.40-a.m-150x150.jpeg 150w, https:\/\/diarioabcdemichoacan.com.mx\/lasnoticias\/wp-content\/uploads\/2024\/07\/WhatsApp-Image-2024-05-07-at-10.12.40-a.m-300x300.jpeg 300w\" sizes=\"(max-width: 400px) 100vw, 400px\" width=\"400\" height=\"400\"  style=\"display: inline-block;\" \/><\/div>\n<p>Durante el evento, el mandatario estatal destac\u00f3 la relevancia social de este instrumento legal. \u201cCreo que es un tema tambi\u00e9n de justicia: evitar litigios, aclarar situaciones posteriores al fallecimiento del testador y otorgar tranquilidad a los herederos y familiares\u201d, refiri\u00f3 Ram\u00edrez Bedolla, tras subrayar que la labor notarial es fundamental dentro de los servicios p\u00fablicos que se brindan a la ciudadan\u00eda.<\/p>\n<p>Por su parte, el secretario de Gobierno, Ra\u00fal Zepeda Villase\u00f1or, resalt\u00f3 que la formalizaci\u00f3n de este documento trasciende el \u00e1mbito legal, al representar un acto de responsabilidad y previsi\u00f3n familiar.<\/p>\n<p>\u201cDetr\u00e1s de cada testamento existe una historia, una familia, a\u00f1os de trabajo, un patrimonio que se fue formando poco a poco y el deseo de una persona de proteger a quienes m\u00e1s quiere\u201d, concluy\u00f3 el funcionario estatal.<\/p>\n<p>Asistieron Mar\u00eda Lucila Arteaga Garibay, presidenta del Consejo directivo del Colegio de Notarios del Estado de Michoac\u00e1n; Rub\u00e9n Ignacio Pedraza Barrera, subsecretario de Enlace Legislativo y Asuntos Registrales de la Secretar\u00eda de Gobierno; Jos\u00e9 Venturas S\u00e1nchez Silva, director del Notariado y Archivo General de Notar\u00edas en el Estado de Michoac\u00e1n; as\u00ed como notarias y notarios.<\/p>\n","protected":false},"excerpt":{"rendered":"<p>Morelia, Michoac\u00e1n, 31 de agosto de 2026.- Con el prop\u00f3sito de brindar certeza jur\u00eddica y patrimonial a las familias de la entidad, el gobernador Alfredo Ram\u00edrez Bedolla firm\u00f3 el convenio de colaboraci\u00f3n institucional para poner en marcha la campa\u00f1a del Mes del Testamento durante septiembre y octubre. A trav\u00e9s de este acuerdo, las 198 notar\u00edas [&hellip;]<\/p>\n","protected":false},"author":6,"featured_media":83731,"comment_status":"closed","ping_status":"closed","sticky":false,"template":"","format":"standard","meta":{"footnotes":""},"categories":[10,17],"tags":[],"class_list":["post-83730","post","type-post","status-publish","format-standard","has-post-thumbnail","category-estado","category-gobierno-de-michoacan"],"yoast_head":"<!-- This site is optimized with the Yoast SEO plugin v28.4 - https:\/\/yoast.com\/product\/yoast-seo-wordpress\/ -->\n<title>Firman Bedolla y notarios convenio para iniciar el Mes del Testamento con costo preferencial - Diario ABC de Michoac\u00e1n<\/title>\n<meta name=\"robots\" content=\"index, follow, max-snippet:-1, max-image-preview:large, max-video-preview:-1\" \/>\n<link rel=\"canonical\" href=\"https:\/\/diarioabcdemichoacan.com.mx\/lasnoticias\/firman-bedolla-y-notarios-convenio-para-iniciar-el-mes-del-testamento-con-costo-preferencial\/\" \/>\n<meta property=\"og:locale\" content=\"es_ES\" \/>\n<meta property=\"og:type\" content=\"article\" \/>\n<meta property=\"og:title\" content=\"Firman Bedolla y notarios convenio para iniciar el Mes del Testamento con costo preferencial - Diario ABC de Michoac\u00e1n\" \/>\n<meta property=\"og:description\" content=\"Morelia, Michoac\u00e1n, 31 de agosto de 2026.- Con el prop\u00f3sito de brindar certeza jur\u00eddica y patrimonial a las familias de la entidad, el gobernador Alfredo Ram\u00edrez Bedolla firm\u00f3 el convenio de colaboraci\u00f3n institucional para poner en marcha la campa\u00f1a del Mes del Testamento durante septiembre y octubre. A trav\u00e9s de este acuerdo, las 198 notar\u00edas [&hellip;]\" \/>\n<meta property=\"og:url\" content=\"https:\/\/diarioabcdemichoacan.com.mx\/lasnoticias\/firman-bedolla-y-notarios-convenio-para-iniciar-el-mes-del-testamento-con-costo-preferencial\/\" \/>\n<meta property=\"og:site_name\" content=\"Diario ABC de Michoac\u00e1n\" \/>\n<meta property=\"article:published_time\" content=\"2026-09-01T02:42:10+00:00\" \/>\n<meta property=\"og:image\" content=\"https:\/\/diarioabcdemichoacan.com.mx\/lasnoticias\/wp-content\/uploads\/2026\/08\/8ac64bf7-5c74-46df-b893-df55aefd96e6.jpg\" \/>\n\t<meta property=\"og:image:width\" content=\"1280\" \/>\n\t<meta property=\"og:image:height\" content=\"853\" \/>\n\t<meta property=\"og:image:type\" content=\"image\/jpeg\" \/>\n<meta name=\"author\" content=\"MB\" \/>\n<meta name=\"twitter:card\" content=\"summary_large_image\" \/>\n<meta name=\"twitter:label1\" content=\"Escrito por\" \/>\n\t<meta name=\"twitter:data1\" content=\"MB\" \/>\n\t<meta name=\"twitter:label2\" content=\"Tiempo de lectura\" \/>\n\t<meta name=\"twitter:data2\" content=\"2 minutos\" \/>\n<script type=\"application\/ld+json\" class=\"yoast-schema-graph\">{\"@context\":\"https:\\\/\\\/schema.org\",\"@graph\":[{\"@type\":\"Article\",\"@id\":\"https:\\\/\\\/diarioabcdemichoacan.com.mx\\\/lasnoticias\\\/firman-bedolla-y-notarios-convenio-para-iniciar-el-mes-del-testamento-con-costo-preferencial\\\/#article\",\"isPartOf\":{\"@id\":\"https:\\\/\\\/diarioabcdemichoacan.com.mx\\\/lasnoticias\\\/firman-bedolla-y-notarios-convenio-para-iniciar-el-mes-del-testamento-con-costo-preferencial\\\/\"},\"author\":{\"name\":\"MB\",\"@id\":\"https:\\\/\\\/diarioabcdemichoacan.com.mx\\\/lasnoticias\\\/#\\\/schema\\\/person\\\/0546f9c3407148f7452ca932715c5e88\"},\"headline\":\"Firman Bedolla y notarios convenio para iniciar el Mes del Testamento con costo preferencial\",\"datePublished\":\"2026-09-01T02:42:10+00:00\",\"mainEntityOfPage\":{\"@id\":\"https:\\\/\\\/diarioabcdemichoacan.com.mx\\\/lasnoticias\\\/firman-bedolla-y-notarios-convenio-para-iniciar-el-mes-del-testamento-con-costo-preferencial\\\/\"},\"wordCount\":294,\"image\":{\"@id\":\"https:\\\/\\\/diarioabcdemichoacan.com.mx\\\/lasnoticias\\\/firman-bedolla-y-notarios-convenio-para-iniciar-el-mes-del-testamento-con-costo-preferencial\\\/#primaryimage\"},\"thumbnailUrl\":\"https:\\\/\\\/diarioabcdemichoacan.com.mx\\\/lasnoticias\\\/wp-content\\\/uploads\\\/2026\\\/08\\\/8ac64bf7-5c74-46df-b893-df55aefd96e6.jpg\",\"articleSection\":[\"Estado\",\"Gobierno de Michoac\u00e1n\"],\"inLanguage\":\"es\"},{\"@type\":\"WebPage\",\"@id\":\"https:\\\/\\\/diarioabcdemichoacan.com.mx\\\/lasnoticias\\\/firman-bedolla-y-notarios-convenio-para-iniciar-el-mes-del-testamento-con-costo-preferencial\\\/\",\"url\":\"https:\\\/\\\/diarioabcdemichoacan.com.mx\\\/lasnoticias\\\/firman-bedolla-y-notarios-convenio-para-iniciar-el-mes-del-testamento-con-costo-preferencial\\\/\",\"name\":\"Firman Bedolla y notarios convenio para iniciar el Mes del Testamento con costo preferencial - Diario ABC de Michoac\u00e1n\",\"isPartOf\":{\"@id\":\"https:\\\/\\\/diarioabcdemichoacan.com.mx\\\/lasnoticias\\\/#website\"},\"primaryImageOfPage\":{\"@id\":\"https:\\\/\\\/diarioabcdemichoacan.com.mx\\\/lasnoticias\\\/firman-bedolla-y-notarios-convenio-para-iniciar-el-mes-del-testamento-con-costo-preferencial\\\/#primaryimage\"},\"image\":{\"@id\":\"https:\\\/\\\/diarioabcdemichoacan.com.mx\\\/lasnoticias\\\/firman-bedolla-y-notarios-convenio-para-iniciar-el-mes-del-testamento-con-costo-preferencial\\\/#primaryimage\"},\"thumbnailUrl\":\"https:\\\/\\\/diarioabcdemichoacan.com.mx\\\/lasnoticias\\\/wp-content\\\/uploads\\\/2026\\\/08\\\/8ac64bf7-5c74-46df-b893-df55aefd96e6.jpg\",\"datePublished\":\"2026-09-01T02:42:10+00:00\",\"author\":{\"@id\":\"https:\\\/\\\/diarioabcdemichoacan.com.mx\\\/lasnoticias\\\/#\\\/schema\\\/person\\\/0546f9c3407148f7452ca932715c5e88\"},\"breadcrumb\":{\"@id\":\"https:\\\/\\\/diarioabcdemichoacan.com.mx\\\/lasnoticias\\\/firman-bedolla-y-notarios-convenio-para-iniciar-el-mes-del-testamento-con-costo-preferencial\\\/#breadcrumb\"},\"inLanguage\":\"es\",\"potentialAction\":[{\"@type\":\"ReadAction\",\"target\":[\"https:\\\/\\\/diarioabcdemichoacan.com.mx\\\/lasnoticias\\\/firman-bedolla-y-notarios-convenio-para-iniciar-el-mes-del-testamento-con-costo-preferencial\\\/\"]}]},{\"@type\":\"ImageObject\",\"inLanguage\":\"es\",\"@id\":\"https:\\\/\\\/diarioabcdemichoacan.com.mx\\\/lasnoticias\\\/firman-bedolla-y-notarios-convenio-para-iniciar-el-mes-del-testamento-con-costo-preferencial\\\/#primaryimage\",\"url\":\"https:\\\/\\\/diarioabcdemichoacan.com.mx\\\/lasnoticias\\\/wp-content\\\/uploads\\\/2026\\\/08\\\/8ac64bf7-5c74-46df-b893-df55aefd96e6.jpg\",\"contentUrl\":\"https:\\\/\\\/diarioabcdemichoacan.com.mx\\\/lasnoticias\\\/wp-content\\\/uploads\\\/2026\\\/08\\\/8ac64bf7-5c74-46df-b893-df55aefd96e6.jpg\",\"width\":1280,\"height\":853},{\"@type\":\"BreadcrumbList\",\"@id\":\"https:\\\/\\\/diarioabcdemichoacan.com.mx\\\/lasnoticias\\\/firman-bedolla-y-notarios-convenio-para-iniciar-el-mes-del-testamento-con-costo-preferencial\\\/#breadcrumb\",\"itemListElement\":[{\"@type\":\"ListItem\",\"position\":1,\"name\":\"Portada\",\"item\":\"https:\\\/\\\/diarioabcdemichoacan.com.mx\\\/lasnoticias\\\/\"},{\"@type\":\"ListItem\",\"position\":2,\"name\":\"Firman Bedolla y notarios convenio para iniciar el Mes del Testamento con costo preferencial\"}]},{\"@type\":\"WebSite\",\"@id\":\"https:\\\/\\\/diarioabcdemichoacan.com.mx\\\/lasnoticias\\\/#website\",\"url\":\"https:\\\/\\\/diarioabcdemichoacan.com.mx\\\/lasnoticias\\\/\",\"name\":\"Diario ABC de Michoac\u00e1n\",\"description\":\"Las noticias al momento\",\"potentialAction\":[{\"@type\":\"SearchAction\",\"target\":{\"@type\":\"EntryPoint\",\"urlTemplate\":\"https:\\\/\\\/diarioabcdemichoacan.com.mx\\\/lasnoticias\\\/?s={search_term_string}\"},\"query-input\":{\"@type\":\"PropertyValueSpecification\",\"valueRequired\":true,\"valueName\":\"search_term_string\"}}],\"inLanguage\":\"es\"},{\"@type\":\"Person\",\"@id\":\"https:\\\/\\\/diarioabcdemichoacan.com.mx\\\/lasnoticias\\\/#\\\/schema\\\/person\\\/0546f9c3407148f7452ca932715c5e88\",\"name\":\"MB\",\"image\":{\"@type\":\"ImageObject\",\"inLanguage\":\"es\",\"@id\":\"https:\\\/\\\/secure.gravatar.com\\\/avatar\\\/ac036f018f6a8431a5687a020efaf39d914da6a3fc78ce6029ab7ae29c5130e2?s=96&d=mm&r=g\",\"url\":\"https:\\\/\\\/secure.gravatar.com\\\/avatar\\\/ac036f018f6a8431a5687a020efaf39d914da6a3fc78ce6029ab7ae29c5130e2?s=96&d=mm&r=g\",\"contentUrl\":\"https:\\\/\\\/secure.gravatar.com\\\/avatar\\\/ac036f018f6a8431a5687a020efaf39d914da6a3fc78ce6029ab7ae29c5130e2?s=96&d=mm&r=g\",\"caption\":\"MB\"},\"url\":\"https:\\\/\\\/diarioabcdemichoacan.com.mx\\\/lasnoticias\\\/author\\\/bomariano03\\\/\"}]}<\/script>\n<!-- \/ Yoast SEO plugin. -->","yoast_head_json":{"title":"Firman Bedolla y notarios convenio para iniciar el Mes del Testamento con costo preferencial - Diario ABC de Michoac\u00e1n","robots":{"index":"index","follow":"follow","max-snippet":"max-snippet:-1","max-image-preview":"max-image-preview:large","max-video-preview":"max-video-preview:-1"},"canonical":"https:\/\/diarioabcdemichoacan.com.mx\/lasnoticias\/firman-bedolla-y-notarios-convenio-para-iniciar-el-mes-del-testamento-con-costo-preferencial\/","og_locale":"es_ES","og_type":"article","og_title":"Firman Bedolla y notarios convenio para iniciar el Mes del Testamento con costo preferencial - Diario ABC de Michoac\u00e1n","og_description":"Morelia, Michoac\u00e1n, 31 de agosto de 2026.- Con el prop\u00f3sito de brindar certeza jur\u00eddica y patrimonial a las familias de la entidad, el gobernador Alfredo Ram\u00edrez Bedolla firm\u00f3 el convenio de colaboraci\u00f3n institucional para poner en marcha la campa\u00f1a del Mes del Testamento durante septiembre y octubre. A trav\u00e9s de este acuerdo, las 198 notar\u00edas [&hellip;]","og_url":"https:\/\/diarioabcdemichoacan.com.mx\/lasnoticias\/firman-bedolla-y-notarios-convenio-para-iniciar-el-mes-del-testamento-con-costo-preferencial\/","og_site_name":"Diario ABC de Michoac\u00e1n","article_published_time":"2026-09-01T02:42:10+00:00","og_image":[{"width":1280,"height":853,"url":"https:\/\/diarioabcdemichoacan.com.mx\/lasnoticias\/wp-content\/uploads\/2026\/08\/8ac64bf7-5c74-46df-b893-df55aefd96e6.jpg","type":"image\/jpeg"}],"author":"MB","twitter_card":"summary_large_image","twitter_misc":{"Escrito por":"MB","Tiempo de lectura":"2 minutos"},"schema":{"@context":"https:\/\/schema.org","@graph":[{"@type":"Article","@id":"https:\/\/diarioabcdemichoacan.com.mx\/lasnoticias\/firman-bedolla-y-notarios-convenio-para-iniciar-el-mes-del-testamento-con-costo-preferencial\/#article","isPartOf":{"@id":"https:\/\/diarioabcdemichoacan.com.mx\/lasnoticias\/firman-bedolla-y-notarios-convenio-para-iniciar-el-mes-del-testamento-con-costo-preferencial\/"},"author":{"name":"MB","@id":"https:\/\/diarioabcdemichoacan.com.mx\/lasnoticias\/#\/schema\/person\/0546f9c3407148f7452ca932715c5e88"},"headline":"Firman Bedolla y notarios convenio para iniciar el Mes del Testamento con costo preferencial","datePublished":"2026-09-01T02:42:10+00:00","mainEntityOfPage":{"@id":"https:\/\/diarioabcdemichoacan.com.mx\/lasnoticias\/firman-bedolla-y-notarios-convenio-para-iniciar-el-mes-del-testamento-con-costo-preferencial\/"},"wordCount":294,"image":{"@id":"https:\/\/diarioabcdemichoacan.com.mx\/lasnoticias\/firman-bedolla-y-notarios-convenio-para-iniciar-el-mes-del-testamento-con-costo-preferencial\/#primaryimage"},"thumbnailUrl":"https:\/\/diarioabcdemichoacan.com.mx\/lasnoticias\/wp-content\/uploads\/2026\/08\/8ac64bf7-5c74-46df-b893-df55aefd96e6.jpg","articleSection":["Estado","Gobierno de Michoac\u00e1n"],"inLanguage":"es"},{"@type":"WebPage","@id":"https:\/\/diarioabcdemichoacan.com.mx\/lasnoticias\/firman-bedolla-y-notarios-convenio-para-iniciar-el-mes-del-testamento-con-costo-preferencial\/","url":"https:\/\/diarioabcdemichoacan.com.mx\/lasnoticias\/firman-bedolla-y-notarios-convenio-para-iniciar-el-mes-del-testamento-con-costo-preferencial\/","name":"Firman Bedolla y notarios convenio para iniciar el Mes del Testamento con costo preferencial - Diario ABC de Michoac\u00e1n","isPartOf":{"@id":"https:\/\/diarioabcdemichoacan.com.mx\/lasnoticias\/#website"},"primaryImageOfPage":{"@id":"https:\/\/diarioabcdemichoacan.com.mx\/lasnoticias\/firman-bedolla-y-notarios-convenio-para-iniciar-el-mes-del-testamento-con-costo-preferencial\/#primaryimage"},"image":{"@id":"https:\/\/diarioabcdemichoacan.com.mx\/lasnoticias\/firman-bedolla-y-notarios-convenio-para-iniciar-el-mes-del-testamento-con-costo-preferencial\/#primaryimage"},"thumbnailUrl":"https:\/\/diarioabcdemichoacan.com.mx\/lasnoticias\/wp-content\/uploads\/2026\/08\/8ac64bf7-5c74-46df-b893-df55aefd96e6.jpg","datePublished":"2026-09-01T02:42:10+00:00","author":{"@id":"https:\/\/diarioabcdemichoacan.com.mx\/lasnoticias\/#\/schema\/person\/0546f9c3407148f7452ca932715c5e88"},"breadcrumb":{"@id":"https:\/\/diarioabcdemichoacan.com.mx\/lasnoticias\/firman-bedolla-y-notarios-convenio-para-iniciar-el-mes-del-testamento-con-costo-preferencial\/#breadcrumb"},"inLanguage":"es","potentialAction":[{"@type":"ReadAction","target":["https:\/\/diarioabcdemichoacan.com.mx\/lasnoticias\/firman-bedolla-y-notarios-convenio-para-iniciar-el-mes-del-testamento-con-costo-preferencial\/"]}]},{"@type":"ImageObject","inLanguage":"es","@id":"https:\/\/diarioabcdemichoacan.com.mx\/lasnoticias\/firman-bedolla-y-notarios-convenio-para-iniciar-el-mes-del-testamento-con-costo-preferencial\/#primaryimage","url":"https:\/\/diarioabcdemichoacan.com.mx\/lasnoticias\/wp-content\/uploads\/2026\/08\/8ac64bf7-5c74-46df-b893-df55aefd96e6.jpg","contentUrl":"https:\/\/diarioabcdemichoacan.com.mx\/lasnoticias\/wp-content\/uploads\/2026\/08\/8ac64bf7-5c74-46df-b893-df55aefd96e6.jpg","width":1280,"height":853},{"@type":"BreadcrumbList","@id":"https:\/\/diarioabcdemichoacan.com.mx\/lasnoticias\/firman-bedolla-y-notarios-convenio-para-iniciar-el-mes-del-testamento-con-costo-preferencial\/#breadcrumb","itemListElement":[{"@type":"ListItem","position":1,"name":"Portada","item":"https:\/\/diarioabcdemichoacan.com.mx\/lasnoticias\/"},{"@type":"ListItem","position":2,"name":"Firman Bedolla y notarios convenio para iniciar el Mes del Testamento con costo preferencial"}]},{"@type":"WebSite","@id":"https:\/\/diarioabcdemichoacan.com.mx\/lasnoticias\/#website","url":"https:\/\/diarioabcdemichoacan.com.mx\/lasnoticias\/","name":"Diario ABC de Michoac\u00e1n","description":"Las noticias al momento","potentialAction":[{"@type":"SearchAction","target":{"@type":"EntryPoint","urlTemplate":"https:\/\/diarioabcdemichoacan.com.mx\/lasnoticias\/?s={search_term_string}"},"query-input":{"@type":"PropertyValueSpecification","valueRequired":true,"valueName":"search_term_string"}}],"inLanguage":"es"},{"@type":"Person","@id":"https:\/\/diarioabcdemichoacan.com.mx\/lasnoticias\/#\/schema\/person\/0546f9c3407148f7452ca932715c5e88","name":"MB","image":{"@type":"ImageObject","inLanguage":"es","@id":"https:\/\/secure.gravatar.com\/avatar\/ac036f018f6a8431a5687a020efaf39d914da6a3fc78ce6029ab7ae29c5130e2?s=96&d=mm&r=g","url":"https:\/\/secure.gravatar.com\/avatar\/ac036f018f6a8431a5687a020efaf39d914da6a3fc78ce6029ab7ae29c5130e2?s=96&d=mm&r=g","contentUrl":"https:\/\/secure.gravatar.com\/avatar\/ac036f018f6a8431a5687a020efaf39d914da6a3fc78ce6029ab7ae29c5130e2?s=96&d=mm&r=g","caption":"MB"},"url":"https:\/\/diarioabcdemichoacan.com.mx\/lasnoticias\/author\/bomariano03\/"}]}},"_links":{"self":[{"href":"https:\/\/diarioabcdemichoacan.com.mx\/lasnoticias\/wp-json\/wp\/v2\/posts\/83730","targetHints":{"allow":["GET"]}}],"collection":[{"href":"https:\/\/diarioabcdemichoacan.com.mx\/lasnoticias\/wp-json\/wp\/v2\/posts"}],"about":[{"href":"https:\/\/diarioabcdemichoacan.com.mx\/lasnoticias\/wp-json\/wp\/v2\/types\/post"}],"author":[{"embeddable":true,"href":"https:\/\/diarioabcdemichoacan.com.mx\/lasnoticias\/wp-json\/wp\/v2\/users\/6"}],"replies":[{"embeddable":true,"href":"https:\/\/diarioabcdemichoacan.com.mx\/lasnoticias\/wp-json\/wp\/v2\/comments?post=83730"}],"version-history":[{"count":1,"href":"https:\/\/diarioabcdemichoacan.com.mx\/lasnoticias\/wp-json\/wp\/v2\/posts\/83730\/revisions"}],"predecessor-version":[{"id":83732,"href":"https:\/\/diarioabcdemichoacan.com.mx\/lasnoticias\/wp-json\/wp\/v2\/posts\/83730\/revisions\/83732"}],"wp:featuredmedia":[{"embeddable":true,"href":"https:\/\/diarioabcdemichoacan.com.mx\/lasnoticias\/wp-json\/wp\/v2\/media\/83731"}],"wp:attachment":[{"href":"https:\/\/diarioabcdemichoacan.com.mx\/lasnoticias\/wp-json\/wp\/v2\/media?parent=83730"}],"wp:term":[{"taxonomy":"category","embeddable":true,"href":"https:\/\/diarioabcdemichoacan.com.mx\/lasnoticias\/wp-json\/wp\/v2\/categories?post=83730"},{"taxonomy":"post_tag","embeddable":true,"href":"https:\/\/diarioabcdemichoacan.com.mx\/lasnoticias\/wp-json\/wp\/v2\/tags?post=83730"}],"curies":[{"name":"wp","href":"https:\/\/api.w.org\/{rel}","templated":true}]}}