{"id":83736,"date":"2026-08-31T20:43:54","date_gmt":"2026-09-01T02:43:54","guid":{"rendered":"https:\/\/diarioabcdemichoacan.com.mx\/lasnoticias\/?p=83736"},"modified":"2026-08-31T20:44:21","modified_gmt":"2026-09-01T02:44:21","slug":"michoacan-alcanza-matricula-historica-con-mas-de-320-mil-estudiantes-en-prepa-y-universidad","status":"publish","type":"post","link":"https:\/\/diarioabcdemichoacan.com.mx\/lasnoticias\/michoacan-alcanza-matricula-historica-con-mas-de-320-mil-estudiantes-en-prepa-y-universidad\/","title":{"rendered":"Michoac\u00e1n alcanza matr\u00edcula hist\u00f3rica con m\u00e1s de 320 mil estudiantes en prepa y universidad"},"content":{"rendered":"<p>Permanencia escolar se consolida mediante apoyos como el programa D4TA Datos Gratis y las becas federales<\/p>\n<hr \/>\n<p>Morelia, Michoac\u00e1n, 31 de agosto de 2026.- Michoac\u00e1n registra un crecimiento sostenido en la matr\u00edcula de educaci\u00f3n media superior y superior, al alcanzar una cifra hist\u00f3rica de 320 mil 885 estudiantes, inform\u00f3 la directora general del Instituto de Educaci\u00f3n Media Superior y Superior del Estado (Iemsysem), Mariana Sosa Olmeda, quien augur\u00f3 un exitoso inicio de clases para el ciclo escolar 2026-2027.<\/p><div id=\"diari-3205047672\" class=\"diari-contenido diari-entity-placement\"><img loading=\"lazy\" decoding=\"async\" src=\"https:\/\/diarioabcdemichoacan.com.mx\/lasnoticias\/wp-content\/uploads\/2024\/07\/WhatsApp-Image-2024-05-07-at-10.12.40-a.m.jpeg\" alt=\"\"  srcset=\"https:\/\/diarioabcdemichoacan.com.mx\/lasnoticias\/wp-content\/uploads\/2024\/07\/WhatsApp-Image-2024-05-07-at-10.12.40-a.m.jpeg 400w, https:\/\/diarioabcdemichoacan.com.mx\/lasnoticias\/wp-content\/uploads\/2024\/07\/WhatsApp-Image-2024-05-07-at-10.12.40-a.m-150x150.jpeg 150w, https:\/\/diarioabcdemichoacan.com.mx\/lasnoticias\/wp-content\/uploads\/2024\/07\/WhatsApp-Image-2024-05-07-at-10.12.40-a.m-300x300.jpeg 300w\" sizes=\"(max-width: 400px) 100vw, 400px\" width=\"400\" height=\"400\"  style=\"display: inline-block;\" \/><\/div>\n<p>Durante rueda de prensa encabezada por el gobernador Alfredo Ram\u00edrez Bedolla, la titular del Iemsysem precis\u00f3 que este inicio del ciclo escolar re\u00fane a m\u00e1s de 176 mil estudiantes de educaci\u00f3n media superior, m\u00e1s de 144 mil de educaci\u00f3n superior, cerca de 30 mil docentes y una red de m\u00e1s de mil 200 escuelas y planteles p\u00fablicos e incorporados en todo el estado.<\/p>\n<p>Sosa Olmeda destac\u00f3 que, respecto al ciclo escolar anterior, la matr\u00edcula estatal creci\u00f3 en 9 mil 613 estudiantes, al pasar de 311 mil 272 a 320 mil 885 alumnas y alumnos, lo que representa un incremento general del 3.1 por ciento. En educaci\u00f3n media superior el aumento fue del 1.9 por ciento, con 3 mil 274 estudiantes m\u00e1s; mientras que en educaci\u00f3n superior el crecimiento alcanz\u00f3 el 4.6 por ciento, equivalente a 6 mil 339 nuevos universitarios, reflejo de una mayor cobertura y permanencia educativa.<\/p>\n<p>\u00abHoy tenemos m\u00e1s estudiantes en las aulas de bachilleratos y universidades. La matr\u00edcula ya es superior a la que ten\u00edamos antes de la pandemia; nunca antes en Michoac\u00e1n hab\u00edan estudiado tantos j\u00f3venes en estos niveles educativos. Hoy alcanzamos un r\u00e9cord hist\u00f3rico\u00bb, expres\u00f3, al destacar que las y los estudiantes regresan a clases con m\u00e1s herramientas y apoyos para continuar su formaci\u00f3n.<\/p>\n<p>Asimismo, subray\u00f3 que este crecimiento confirma que la entidad avanza en la recuperaci\u00f3n de sus indicadores educativos, gracias al impulso de pol\u00edticas p\u00fablicas promovidas por el gobernador y al respaldo de programas como las becas Benito Ju\u00e1rez, J\u00f3venes Escribiendo el Futuro, Gertrudis Bocanegra y D4TA Datos Gratis, este \u00faltimo con inversi\u00f3n totalmente estatal.<\/p>\n<p>Record\u00f3 que las y los estudiantes de nuevo ingreso podr\u00e1n registrarse a D4TA Datos Gratis hasta el 4 de septiembre, mientras que el registro para las becas de nuevo ingreso se realizar\u00e1 del 21 al 30 de septiembre, fortaleciendo las condiciones para que m\u00e1s j\u00f3venes permanezcan y concluyan sus estudios.<\/p>\n<p><img loading=\"lazy\" decoding=\"async\" class=\"alignnone size-full wp-image-83737\" src=\"https:\/\/diarioabcdemichoacan.com.mx\/lasnoticias\/wp-content\/uploads\/2026\/08\/3a162c20-485d-472e-a185-d32168192c8c.jpg\" alt=\"\" width=\"1280\" height=\"1600\" srcset=\"https:\/\/diarioabcdemichoacan.com.mx\/lasnoticias\/wp-content\/uploads\/2026\/08\/3a162c20-485d-472e-a185-d32168192c8c.jpg 1280w, https:\/\/diarioabcdemichoacan.com.mx\/lasnoticias\/wp-content\/uploads\/2026\/08\/3a162c20-485d-472e-a185-d32168192c8c-400x500.jpg 400w, https:\/\/diarioabcdemichoacan.com.mx\/lasnoticias\/wp-content\/uploads\/2026\/08\/3a162c20-485d-472e-a185-d32168192c8c-819x1024.jpg 819w, https:\/\/diarioabcdemichoacan.com.mx\/lasnoticias\/wp-content\/uploads\/2026\/08\/3a162c20-485d-472e-a185-d32168192c8c-768x960.jpg 768w, https:\/\/diarioabcdemichoacan.com.mx\/lasnoticias\/wp-content\/uploads\/2026\/08\/3a162c20-485d-472e-a185-d32168192c8c-1229x1536.jpg 1229w, https:\/\/diarioabcdemichoacan.com.mx\/lasnoticias\/wp-content\/uploads\/2026\/08\/3a162c20-485d-472e-a185-d32168192c8c-336x420.jpg 336w, https:\/\/diarioabcdemichoacan.com.mx\/lasnoticias\/wp-content\/uploads\/2026\/08\/3a162c20-485d-472e-a185-d32168192c8c-150x188.jpg 150w, https:\/\/diarioabcdemichoacan.com.mx\/lasnoticias\/wp-content\/uploads\/2026\/08\/3a162c20-485d-472e-a185-d32168192c8c-300x375.jpg 300w, https:\/\/diarioabcdemichoacan.com.mx\/lasnoticias\/wp-content\/uploads\/2026\/08\/3a162c20-485d-472e-a185-d32168192c8c-696x870.jpg 696w, https:\/\/diarioabcdemichoacan.com.mx\/lasnoticias\/wp-content\/uploads\/2026\/08\/3a162c20-485d-472e-a185-d32168192c8c-1068x1335.jpg 1068w\" sizes=\"auto, (max-width: 1280px) 100vw, 1280px\" \/><\/p>\n","protected":false},"excerpt":{"rendered":"<p>Permanencia escolar se consolida mediante apoyos como el programa D4TA Datos Gratis y las becas federales Morelia, Michoac\u00e1n, 31 de agosto de 2026.- Michoac\u00e1n registra un crecimiento sostenido en la matr\u00edcula de educaci\u00f3n media superior y superior, al alcanzar una cifra hist\u00f3rica de 320 mil 885 estudiantes, inform\u00f3 la directora general del Instituto de Educaci\u00f3n [&hellip;]<\/p>\n","protected":false},"author":6,"featured_media":83737,"comment_status":"closed","ping_status":"closed","sticky":false,"template":"","format":"standard","meta":{"footnotes":""},"categories":[15,10,17],"tags":[],"class_list":["post-83736","post","type-post","status-publish","format-standard","has-post-thumbnail","category-educacion","category-estado","category-gobierno-de-michoacan"],"yoast_head":"<!-- This site is optimized with the Yoast SEO plugin v24.0 - https:\/\/yoast.com\/wordpress\/plugins\/seo\/ -->\n<title>Michoac\u00e1n alcanza matr\u00edcula hist\u00f3rica con m\u00e1s de 320 mil estudiantes en prepa y universidad - Diario ABC de Michoac\u00e1n<\/title>\n<meta name=\"robots\" content=\"index, follow, max-snippet:-1, max-image-preview:large, max-video-preview:-1\" \/>\n<link rel=\"canonical\" href=\"https:\/\/diarioabcdemichoacan.com.mx\/lasnoticias\/michoacan-alcanza-matricula-historica-con-mas-de-320-mil-estudiantes-en-prepa-y-universidad\/\" \/>\n<meta property=\"og:locale\" content=\"es_ES\" \/>\n<meta property=\"og:type\" content=\"article\" \/>\n<meta property=\"og:title\" content=\"Michoac\u00e1n alcanza matr\u00edcula hist\u00f3rica con m\u00e1s de 320 mil estudiantes en prepa y universidad - Diario ABC de Michoac\u00e1n\" \/>\n<meta property=\"og:description\" content=\"Permanencia escolar se consolida mediante apoyos como el programa D4TA Datos Gratis y las becas federales Morelia, Michoac\u00e1n, 31 de agosto de 2026.- Michoac\u00e1n registra un crecimiento sostenido en la matr\u00edcula de educaci\u00f3n media superior y superior, al alcanzar una cifra hist\u00f3rica de 320 mil 885 estudiantes, inform\u00f3 la directora general del Instituto de Educaci\u00f3n [&hellip;]\" \/>\n<meta property=\"og:url\" content=\"https:\/\/diarioabcdemichoacan.com.mx\/lasnoticias\/michoacan-alcanza-matricula-historica-con-mas-de-320-mil-estudiantes-en-prepa-y-universidad\/\" \/>\n<meta property=\"og:site_name\" content=\"Diario ABC de Michoac\u00e1n\" \/>\n<meta property=\"article:published_time\" content=\"2026-09-01T02:43:54+00:00\" \/>\n<meta property=\"article:modified_time\" content=\"2026-09-01T02:44:21+00:00\" \/>\n<meta property=\"og:image\" content=\"https:\/\/diarioabcdemichoacan.com.mx\/lasnoticias\/wp-content\/uploads\/2026\/08\/3a162c20-485d-472e-a185-d32168192c8c.jpg\" \/>\n\t<meta property=\"og:image:width\" content=\"1280\" \/>\n\t<meta property=\"og:image:height\" content=\"1600\" \/>\n\t<meta property=\"og:image:type\" content=\"image\/jpeg\" \/>\n<meta name=\"author\" content=\"MB\" \/>\n<meta name=\"twitter:card\" content=\"summary_large_image\" \/>\n<meta name=\"twitter:label1\" content=\"Escrito por\" \/>\n\t<meta name=\"twitter:data1\" content=\"MB\" \/>\n\t<meta name=\"twitter:label2\" content=\"Tiempo de lectura\" \/>\n\t<meta name=\"twitter:data2\" content=\"3 minutos\" \/>\n<script type=\"application\/ld+json\" class=\"yoast-schema-graph\">{\"@context\":\"https:\/\/schema.org\",\"@graph\":[{\"@type\":\"WebPage\",\"@id\":\"https:\/\/diarioabcdemichoacan.com.mx\/lasnoticias\/michoacan-alcanza-matricula-historica-con-mas-de-320-mil-estudiantes-en-prepa-y-universidad\/\",\"url\":\"https:\/\/diarioabcdemichoacan.com.mx\/lasnoticias\/michoacan-alcanza-matricula-historica-con-mas-de-320-mil-estudiantes-en-prepa-y-universidad\/\",\"name\":\"Michoac\u00e1n alcanza matr\u00edcula hist\u00f3rica con m\u00e1s de 320 mil estudiantes en prepa y universidad - Diario ABC de Michoac\u00e1n\",\"isPartOf\":{\"@id\":\"https:\/\/diarioabcdemichoacan.com.mx\/lasnoticias\/#website\"},\"primaryImageOfPage\":{\"@id\":\"https:\/\/diarioabcdemichoacan.com.mx\/lasnoticias\/michoacan-alcanza-matricula-historica-con-mas-de-320-mil-estudiantes-en-prepa-y-universidad\/#primaryimage\"},\"image\":{\"@id\":\"https:\/\/diarioabcdemichoacan.com.mx\/lasnoticias\/michoacan-alcanza-matricula-historica-con-mas-de-320-mil-estudiantes-en-prepa-y-universidad\/#primaryimage\"},\"thumbnailUrl\":\"https:\/\/diarioabcdemichoacan.com.mx\/lasnoticias\/wp-content\/uploads\/2026\/08\/3a162c20-485d-472e-a185-d32168192c8c.jpg\",\"datePublished\":\"2026-09-01T02:43:54+00:00\",\"dateModified\":\"2026-09-01T02:44:21+00:00\",\"author\":{\"@id\":\"https:\/\/diarioabcdemichoacan.com.mx\/lasnoticias\/#\/schema\/person\/0546f9c3407148f7452ca932715c5e88\"},\"breadcrumb\":{\"@id\":\"https:\/\/diarioabcdemichoacan.com.mx\/lasnoticias\/michoacan-alcanza-matricula-historica-con-mas-de-320-mil-estudiantes-en-prepa-y-universidad\/#breadcrumb\"},\"inLanguage\":\"es\",\"potentialAction\":[{\"@type\":\"ReadAction\",\"target\":[\"https:\/\/diarioabcdemichoacan.com.mx\/lasnoticias\/michoacan-alcanza-matricula-historica-con-mas-de-320-mil-estudiantes-en-prepa-y-universidad\/\"]}]},{\"@type\":\"ImageObject\",\"inLanguage\":\"es\",\"@id\":\"https:\/\/diarioabcdemichoacan.com.mx\/lasnoticias\/michoacan-alcanza-matricula-historica-con-mas-de-320-mil-estudiantes-en-prepa-y-universidad\/#primaryimage\",\"url\":\"https:\/\/diarioabcdemichoacan.com.mx\/lasnoticias\/wp-content\/uploads\/2026\/08\/3a162c20-485d-472e-a185-d32168192c8c.jpg\",\"contentUrl\":\"https:\/\/diarioabcdemichoacan.com.mx\/lasnoticias\/wp-content\/uploads\/2026\/08\/3a162c20-485d-472e-a185-d32168192c8c.jpg\",\"width\":1280,\"height\":1600},{\"@type\":\"BreadcrumbList\",\"@id\":\"https:\/\/diarioabcdemichoacan.com.mx\/lasnoticias\/michoacan-alcanza-matricula-historica-con-mas-de-320-mil-estudiantes-en-prepa-y-universidad\/#breadcrumb\",\"itemListElement\":[{\"@type\":\"ListItem\",\"position\":1,\"name\":\"Portada\",\"item\":\"https:\/\/diarioabcdemichoacan.com.mx\/lasnoticias\/\"},{\"@type\":\"ListItem\",\"position\":2,\"name\":\"Michoac\u00e1n alcanza matr\u00edcula hist\u00f3rica con m\u00e1s de 320 mil estudiantes en prepa y universidad\"}]},{\"@type\":\"WebSite\",\"@id\":\"https:\/\/diarioabcdemichoacan.com.mx\/lasnoticias\/#website\",\"url\":\"https:\/\/diarioabcdemichoacan.com.mx\/lasnoticias\/\",\"name\":\"Diario ABC de Michoac\u00e1n\",\"description\":\"Las noticias al momento\",\"potentialAction\":[{\"@type\":\"SearchAction\",\"target\":{\"@type\":\"EntryPoint\",\"urlTemplate\":\"https:\/\/diarioabcdemichoacan.com.mx\/lasnoticias\/?s={search_term_string}\"},\"query-input\":{\"@type\":\"PropertyValueSpecification\",\"valueRequired\":true,\"valueName\":\"search_term_string\"}}],\"inLanguage\":\"es\"},{\"@type\":\"Person\",\"@id\":\"https:\/\/diarioabcdemichoacan.com.mx\/lasnoticias\/#\/schema\/person\/0546f9c3407148f7452ca932715c5e88\",\"name\":\"MB\",\"image\":{\"@type\":\"ImageObject\",\"inLanguage\":\"es\",\"@id\":\"https:\/\/diarioabcdemichoacan.com.mx\/lasnoticias\/#\/schema\/person\/image\/\",\"url\":\"https:\/\/secure.gravatar.com\/avatar\/ac036f018f6a8431a5687a020efaf39d914da6a3fc78ce6029ab7ae29c5130e2?s=96&d=mm&r=g\",\"contentUrl\":\"https:\/\/secure.gravatar.com\/avatar\/ac036f018f6a8431a5687a020efaf39d914da6a3fc78ce6029ab7ae29c5130e2?s=96&d=mm&r=g\",\"caption\":\"MB\"},\"url\":\"https:\/\/diarioabcdemichoacan.com.mx\/lasnoticias\/author\/bomariano03\/\"}]}<\/script>\n<!-- \/ Yoast SEO plugin. -->","yoast_head_json":{"title":"Michoac\u00e1n alcanza matr\u00edcula hist\u00f3rica con m\u00e1s de 320 mil estudiantes en prepa y universidad - Diario ABC de Michoac\u00e1n","robots":{"index":"index","follow":"follow","max-snippet":"max-snippet:-1","max-image-preview":"max-image-preview:large","max-video-preview":"max-video-preview:-1"},"canonical":"https:\/\/diarioabcdemichoacan.com.mx\/lasnoticias\/michoacan-alcanza-matricula-historica-con-mas-de-320-mil-estudiantes-en-prepa-y-universidad\/","og_locale":"es_ES","og_type":"article","og_title":"Michoac\u00e1n alcanza matr\u00edcula hist\u00f3rica con m\u00e1s de 320 mil estudiantes en prepa y universidad - Diario ABC de Michoac\u00e1n","og_description":"Permanencia escolar se consolida mediante apoyos como el programa D4TA Datos Gratis y las becas federales Morelia, Michoac\u00e1n, 31 de agosto de 2026.- Michoac\u00e1n registra un crecimiento sostenido en la matr\u00edcula de educaci\u00f3n media superior y superior, al alcanzar una cifra hist\u00f3rica de 320 mil 885 estudiantes, inform\u00f3 la directora general del Instituto de Educaci\u00f3n [&hellip;]","og_url":"https:\/\/diarioabcdemichoacan.com.mx\/lasnoticias\/michoacan-alcanza-matricula-historica-con-mas-de-320-mil-estudiantes-en-prepa-y-universidad\/","og_site_name":"Diario ABC de Michoac\u00e1n","article_published_time":"2026-09-01T02:43:54+00:00","article_modified_time":"2026-09-01T02:44:21+00:00","og_image":[{"width":1280,"height":1600,"url":"https:\/\/diarioabcdemichoacan.com.mx\/lasnoticias\/wp-content\/uploads\/2026\/08\/3a162c20-485d-472e-a185-d32168192c8c.jpg","type":"image\/jpeg"}],"author":"MB","twitter_card":"summary_large_image","twitter_misc":{"Escrito por":"MB","Tiempo de lectura":"3 minutos"},"schema":{"@context":"https:\/\/schema.org","@graph":[{"@type":"WebPage","@id":"https:\/\/diarioabcdemichoacan.com.mx\/lasnoticias\/michoacan-alcanza-matricula-historica-con-mas-de-320-mil-estudiantes-en-prepa-y-universidad\/","url":"https:\/\/diarioabcdemichoacan.com.mx\/lasnoticias\/michoacan-alcanza-matricula-historica-con-mas-de-320-mil-estudiantes-en-prepa-y-universidad\/","name":"Michoac\u00e1n alcanza matr\u00edcula hist\u00f3rica con m\u00e1s de 320 mil estudiantes en prepa y universidad - Diario ABC de Michoac\u00e1n","isPartOf":{"@id":"https:\/\/diarioabcdemichoacan.com.mx\/lasnoticias\/#website"},"primaryImageOfPage":{"@id":"https:\/\/diarioabcdemichoacan.com.mx\/lasnoticias\/michoacan-alcanza-matricula-historica-con-mas-de-320-mil-estudiantes-en-prepa-y-universidad\/#primaryimage"},"image":{"@id":"https:\/\/diarioabcdemichoacan.com.mx\/lasnoticias\/michoacan-alcanza-matricula-historica-con-mas-de-320-mil-estudiantes-en-prepa-y-universidad\/#primaryimage"},"thumbnailUrl":"https:\/\/diarioabcdemichoacan.com.mx\/lasnoticias\/wp-content\/uploads\/2026\/08\/3a162c20-485d-472e-a185-d32168192c8c.jpg","datePublished":"2026-09-01T02:43:54+00:00","dateModified":"2026-09-01T02:44:21+00:00","author":{"@id":"https:\/\/diarioabcdemichoacan.com.mx\/lasnoticias\/#\/schema\/person\/0546f9c3407148f7452ca932715c5e88"},"breadcrumb":{"@id":"https:\/\/diarioabcdemichoacan.com.mx\/lasnoticias\/michoacan-alcanza-matricula-historica-con-mas-de-320-mil-estudiantes-en-prepa-y-universidad\/#breadcrumb"},"inLanguage":"es","potentialAction":[{"@type":"ReadAction","target":["https:\/\/diarioabcdemichoacan.com.mx\/lasnoticias\/michoacan-alcanza-matricula-historica-con-mas-de-320-mil-estudiantes-en-prepa-y-universidad\/"]}]},{"@type":"ImageObject","inLanguage":"es","@id":"https:\/\/diarioabcdemichoacan.com.mx\/lasnoticias\/michoacan-alcanza-matricula-historica-con-mas-de-320-mil-estudiantes-en-prepa-y-universidad\/#primaryimage","url":"https:\/\/diarioabcdemichoacan.com.mx\/lasnoticias\/wp-content\/uploads\/2026\/08\/3a162c20-485d-472e-a185-d32168192c8c.jpg","contentUrl":"https:\/\/diarioabcdemichoacan.com.mx\/lasnoticias\/wp-content\/uploads\/2026\/08\/3a162c20-485d-472e-a185-d32168192c8c.jpg","width":1280,"height":1600},{"@type":"BreadcrumbList","@id":"https:\/\/diarioabcdemichoacan.com.mx\/lasnoticias\/michoacan-alcanza-matricula-historica-con-mas-de-320-mil-estudiantes-en-prepa-y-universidad\/#breadcrumb","itemListElement":[{"@type":"ListItem","position":1,"name":"Portada","item":"https:\/\/diarioabcdemichoacan.com.mx\/lasnoticias\/"},{"@type":"ListItem","position":2,"name":"Michoac\u00e1n alcanza matr\u00edcula hist\u00f3rica con m\u00e1s de 320 mil estudiantes en prepa y universidad"}]},{"@type":"WebSite","@id":"https:\/\/diarioabcdemichoacan.com.mx\/lasnoticias\/#website","url":"https:\/\/diarioabcdemichoacan.com.mx\/lasnoticias\/","name":"Diario ABC de Michoac\u00e1n","description":"Las noticias al momento","potentialAction":[{"@type":"SearchAction","target":{"@type":"EntryPoint","urlTemplate":"https:\/\/diarioabcdemichoacan.com.mx\/lasnoticias\/?s={search_term_string}"},"query-input":{"@type":"PropertyValueSpecification","valueRequired":true,"valueName":"search_term_string"}}],"inLanguage":"es"},{"@type":"Person","@id":"https:\/\/diarioabcdemichoacan.com.mx\/lasnoticias\/#\/schema\/person\/0546f9c3407148f7452ca932715c5e88","name":"MB","image":{"@type":"ImageObject","inLanguage":"es","@id":"https:\/\/diarioabcdemichoacan.com.mx\/lasnoticias\/#\/schema\/person\/image\/","url":"https:\/\/secure.gravatar.com\/avatar\/ac036f018f6a8431a5687a020efaf39d914da6a3fc78ce6029ab7ae29c5130e2?s=96&d=mm&r=g","contentUrl":"https:\/\/secure.gravatar.com\/avatar\/ac036f018f6a8431a5687a020efaf39d914da6a3fc78ce6029ab7ae29c5130e2?s=96&d=mm&r=g","caption":"MB"},"url":"https:\/\/diarioabcdemichoacan.com.mx\/lasnoticias\/author\/bomariano03\/"}]}},"_links":{"self":[{"href":"https:\/\/diarioabcdemichoacan.com.mx\/lasnoticias\/wp-json\/wp\/v2\/posts\/83736","targetHints":{"allow":["GET"]}}],"collection":[{"href":"https:\/\/diarioabcdemichoacan.com.mx\/lasnoticias\/wp-json\/wp\/v2\/posts"}],"about":[{"href":"https:\/\/diarioabcdemichoacan.com.mx\/lasnoticias\/wp-json\/wp\/v2\/types\/post"}],"author":[{"embeddable":true,"href":"https:\/\/diarioabcdemichoacan.com.mx\/lasnoticias\/wp-json\/wp\/v2\/users\/6"}],"replies":[{"embeddable":true,"href":"https:\/\/diarioabcdemichoacan.com.mx\/lasnoticias\/wp-json\/wp\/v2\/comments?post=83736"}],"version-history":[{"count":2,"href":"https:\/\/diarioabcdemichoacan.com.mx\/lasnoticias\/wp-json\/wp\/v2\/posts\/83736\/revisions"}],"predecessor-version":[{"id":83739,"href":"https:\/\/diarioabcdemichoacan.com.mx\/lasnoticias\/wp-json\/wp\/v2\/posts\/83736\/revisions\/83739"}],"wp:featuredmedia":[{"embeddable":true,"href":"https:\/\/diarioabcdemichoacan.com.mx\/lasnoticias\/wp-json\/wp\/v2\/media\/83737"}],"wp:attachment":[{"href":"https:\/\/diarioabcdemichoacan.com.mx\/lasnoticias\/wp-json\/wp\/v2\/media?parent=83736"}],"wp:term":[{"taxonomy":"category","embeddable":true,"href":"https:\/\/diarioabcdemichoacan.com.mx\/lasnoticias\/wp-json\/wp\/v2\/categories?post=83736"},{"taxonomy":"post_tag","embeddable":true,"href":"https:\/\/diarioabcdemichoacan.com.mx\/lasnoticias\/wp-json\/wp\/v2\/tags?post=83736"}],"curies":[{"name":"wp","href":"https:\/\/api.w.org\/{rel}","templated":true}]}}