{"id":83740,"date":"2026-08-31T20:45:31","date_gmt":"2026-09-01T02:45:31","guid":{"rendered":"https:\/\/diarioabcdemichoacan.com.mx\/lasnoticias\/?p=83740"},"modified":"2026-08-31T20:45:40","modified_gmt":"2026-09-01T02:45:40","slug":"bedolla-consolida-la-estabilidad-educativa-en-michoacan-al-arrancar-el-ciclo-2026-2027","status":"publish","type":"post","link":"https:\/\/diarioabcdemichoacan.com.mx\/lasnoticias\/bedolla-consolida-la-estabilidad-educativa-en-michoacan-al-arrancar-el-ciclo-2026-2027\/","title":{"rendered":"Bedolla consolida la estabilidad educativa en Michoac\u00e1n al arrancar el ciclo 2026-2027"},"content":{"rendered":"<p>Morelia, Michoac\u00e1n, 31 de agosto de 2026.- Durante el inicio del ciclo escolar 2026-2027, el gobernador Alfredo Ram\u00edrez Bedolla destac\u00f3 que, por quinto a\u00f1o consecutivo en Michoac\u00e1n, la educaci\u00f3n se consolida como la m\u00e1xima prioridad de su gobierno, marcando el regreso a clases de m\u00e1s de 900 mil estudiantes de educaci\u00f3n b\u00e1sica y 70 mil docentes en 11 mil 500 escuelas del estado.<\/p>\n<p>Destac\u00f3 que la actual administraci\u00f3n y el Gobierno de M\u00e9xico trabajan de la mano, para que las maestras y maestros del estado tengan garantizado sus derechos, y con ello, asegurar una educaci\u00f3n digna y de calidad para las y los estudiantes.<\/p><div id=\"diari-239713115\" class=\"diari-contenido diari-entity-placement\"><img loading=\"lazy\" decoding=\"async\" src=\"https:\/\/diarioabcdemichoacan.com.mx\/lasnoticias\/wp-content\/uploads\/2024\/07\/WhatsApp-Image-2024-05-07-at-10.12.40-a.m.jpeg\" alt=\"\"  srcset=\"https:\/\/diarioabcdemichoacan.com.mx\/lasnoticias\/wp-content\/uploads\/2024\/07\/WhatsApp-Image-2024-05-07-at-10.12.40-a.m.jpeg 400w, https:\/\/diarioabcdemichoacan.com.mx\/lasnoticias\/wp-content\/uploads\/2024\/07\/WhatsApp-Image-2024-05-07-at-10.12.40-a.m-150x150.jpeg 150w, https:\/\/diarioabcdemichoacan.com.mx\/lasnoticias\/wp-content\/uploads\/2024\/07\/WhatsApp-Image-2024-05-07-at-10.12.40-a.m-300x300.jpeg 300w\" sizes=\"(max-width: 400px) 100vw, 400px\" width=\"400\" height=\"400\"  style=\"display: inline-block;\" \/><\/div>\n<p>Adem\u00e1s, Ram\u00edrez Bedolla invit\u00f3 a las infancias y juventudes a aprovechar la oportunidad que tienen en este nuevo ciclo escolar para hacer realidad sus sue\u00f1os, a trav\u00e9s de la diversi\u00f3n, el aprendizaje, y con las herramientas que sus profesores les brinden para desarrollarse plenamente.<\/p>\n<p>Por su parte, la secretaria de Educaci\u00f3n del Estado, Patricia Flores Anguiano, destac\u00f3 que en estos cuatro ciclos escolares se han atendido 30 mil acciones de justicia laboral, entre categorizaciones, reubicaciones, incrementos de obra, promociones, formatos \u00fanicos, adscripciones, entre otras.<\/p>\n<p>A su vez, se han destinado m\u00e1s de 6 mil millones de pesos en obra educativa en estos cinco a\u00f1os de gobierno, reflejo de la prioridad y el compromiso que la presente administraci\u00f3n estatal tiene con las maestras, los maestros, las escuelas, y principalmente con las y los estudiantes.<\/p>\n<p>Asistieron tambi\u00e9n el secretario de Administraci\u00f3n y Finanzas, Luis Navarro Garc\u00eda; el presidente de la Mesa Directiva del Congreso del Estado, Baltazar Gaona Garc\u00eda; el presidente del Supremo Tribunal de Justicia, Hugo Gama Coria; as\u00ed como funcionarios federales y estatales; docentes, madres y padres de familia, alumnas, alumnos y p\u00fablico en general.<\/p>\n","protected":false},"excerpt":{"rendered":"<p>Morelia, Michoac\u00e1n, 31 de agosto de 2026.- Durante el inicio del ciclo escolar 2026-2027, el gobernador Alfredo Ram\u00edrez Bedolla destac\u00f3 que, por quinto a\u00f1o consecutivo en Michoac\u00e1n, la educaci\u00f3n se consolida como la m\u00e1xima prioridad de su gobierno, marcando el regreso a clases de m\u00e1s de 900 mil estudiantes de educaci\u00f3n b\u00e1sica y 70 mil [&hellip;]<\/p>\n","protected":false},"author":6,"featured_media":83741,"comment_status":"closed","ping_status":"closed","sticky":false,"template":"","format":"standard","meta":{"footnotes":""},"categories":[15,10,17],"tags":[],"class_list":["post-83740","post","type-post","status-publish","format-standard","has-post-thumbnail","category-educacion","category-estado","category-gobierno-de-michoacan"],"yoast_head":"<!-- This site is optimized with the Yoast SEO plugin v24.0 - https:\/\/yoast.com\/wordpress\/plugins\/seo\/ -->\n<title>Bedolla consolida la estabilidad educativa en Michoac\u00e1n al arrancar el ciclo 2026-2027 - Diario ABC de Michoac\u00e1n<\/title>\n<meta name=\"robots\" content=\"index, follow, max-snippet:-1, max-image-preview:large, max-video-preview:-1\" \/>\n<link rel=\"canonical\" href=\"https:\/\/diarioabcdemichoacan.com.mx\/lasnoticias\/bedolla-consolida-la-estabilidad-educativa-en-michoacan-al-arrancar-el-ciclo-2026-2027\/\" \/>\n<meta property=\"og:locale\" content=\"es_ES\" \/>\n<meta property=\"og:type\" content=\"article\" \/>\n<meta property=\"og:title\" content=\"Bedolla consolida la estabilidad educativa en Michoac\u00e1n al arrancar el ciclo 2026-2027 - Diario ABC de Michoac\u00e1n\" \/>\n<meta property=\"og:description\" content=\"Morelia, Michoac\u00e1n, 31 de agosto de 2026.- Durante el inicio del ciclo escolar 2026-2027, el gobernador Alfredo Ram\u00edrez Bedolla destac\u00f3 que, por quinto a\u00f1o consecutivo en Michoac\u00e1n, la educaci\u00f3n se consolida como la m\u00e1xima prioridad de su gobierno, marcando el regreso a clases de m\u00e1s de 900 mil estudiantes de educaci\u00f3n b\u00e1sica y 70 mil [&hellip;]\" \/>\n<meta property=\"og:url\" content=\"https:\/\/diarioabcdemichoacan.com.mx\/lasnoticias\/bedolla-consolida-la-estabilidad-educativa-en-michoacan-al-arrancar-el-ciclo-2026-2027\/\" \/>\n<meta property=\"og:site_name\" content=\"Diario ABC de Michoac\u00e1n\" \/>\n<meta property=\"article:published_time\" content=\"2026-09-01T02:45:31+00:00\" \/>\n<meta property=\"article:modified_time\" content=\"2026-09-01T02:45:40+00:00\" \/>\n<meta property=\"og:image\" content=\"https:\/\/diarioabcdemichoacan.com.mx\/lasnoticias\/wp-content\/uploads\/2026\/08\/a31b128b-6249-4b6d-91bc-43e9d40e472e.jpg\" \/>\n\t<meta property=\"og:image:width\" content=\"1600\" \/>\n\t<meta property=\"og:image:height\" content=\"1068\" \/>\n\t<meta property=\"og:image:type\" content=\"image\/jpeg\" \/>\n<meta name=\"author\" content=\"MB\" \/>\n<meta name=\"twitter:card\" content=\"summary_large_image\" \/>\n<meta name=\"twitter:label1\" content=\"Escrito por\" \/>\n\t<meta name=\"twitter:data1\" content=\"MB\" \/>\n\t<meta name=\"twitter:label2\" content=\"Tiempo de lectura\" \/>\n\t<meta name=\"twitter:data2\" content=\"2 minutos\" \/>\n<script type=\"application\/ld+json\" class=\"yoast-schema-graph\">{\"@context\":\"https:\/\/schema.org\",\"@graph\":[{\"@type\":\"WebPage\",\"@id\":\"https:\/\/diarioabcdemichoacan.com.mx\/lasnoticias\/bedolla-consolida-la-estabilidad-educativa-en-michoacan-al-arrancar-el-ciclo-2026-2027\/\",\"url\":\"https:\/\/diarioabcdemichoacan.com.mx\/lasnoticias\/bedolla-consolida-la-estabilidad-educativa-en-michoacan-al-arrancar-el-ciclo-2026-2027\/\",\"name\":\"Bedolla consolida la estabilidad educativa en Michoac\u00e1n al arrancar el ciclo 2026-2027 - Diario ABC de Michoac\u00e1n\",\"isPartOf\":{\"@id\":\"https:\/\/diarioabcdemichoacan.com.mx\/lasnoticias\/#website\"},\"primaryImageOfPage\":{\"@id\":\"https:\/\/diarioabcdemichoacan.com.mx\/lasnoticias\/bedolla-consolida-la-estabilidad-educativa-en-michoacan-al-arrancar-el-ciclo-2026-2027\/#primaryimage\"},\"image\":{\"@id\":\"https:\/\/diarioabcdemichoacan.com.mx\/lasnoticias\/bedolla-consolida-la-estabilidad-educativa-en-michoacan-al-arrancar-el-ciclo-2026-2027\/#primaryimage\"},\"thumbnailUrl\":\"https:\/\/diarioabcdemichoacan.com.mx\/lasnoticias\/wp-content\/uploads\/2026\/08\/a31b128b-6249-4b6d-91bc-43e9d40e472e.jpg\",\"datePublished\":\"2026-09-01T02:45:31+00:00\",\"dateModified\":\"2026-09-01T02:45:40+00:00\",\"author\":{\"@id\":\"https:\/\/diarioabcdemichoacan.com.mx\/lasnoticias\/#\/schema\/person\/0546f9c3407148f7452ca932715c5e88\"},\"breadcrumb\":{\"@id\":\"https:\/\/diarioabcdemichoacan.com.mx\/lasnoticias\/bedolla-consolida-la-estabilidad-educativa-en-michoacan-al-arrancar-el-ciclo-2026-2027\/#breadcrumb\"},\"inLanguage\":\"es\",\"potentialAction\":[{\"@type\":\"ReadAction\",\"target\":[\"https:\/\/diarioabcdemichoacan.com.mx\/lasnoticias\/bedolla-consolida-la-estabilidad-educativa-en-michoacan-al-arrancar-el-ciclo-2026-2027\/\"]}]},{\"@type\":\"ImageObject\",\"inLanguage\":\"es\",\"@id\":\"https:\/\/diarioabcdemichoacan.com.mx\/lasnoticias\/bedolla-consolida-la-estabilidad-educativa-en-michoacan-al-arrancar-el-ciclo-2026-2027\/#primaryimage\",\"url\":\"https:\/\/diarioabcdemichoacan.com.mx\/lasnoticias\/wp-content\/uploads\/2026\/08\/a31b128b-6249-4b6d-91bc-43e9d40e472e.jpg\",\"contentUrl\":\"https:\/\/diarioabcdemichoacan.com.mx\/lasnoticias\/wp-content\/uploads\/2026\/08\/a31b128b-6249-4b6d-91bc-43e9d40e472e.jpg\",\"width\":1600,\"height\":1068},{\"@type\":\"BreadcrumbList\",\"@id\":\"https:\/\/diarioabcdemichoacan.com.mx\/lasnoticias\/bedolla-consolida-la-estabilidad-educativa-en-michoacan-al-arrancar-el-ciclo-2026-2027\/#breadcrumb\",\"itemListElement\":[{\"@type\":\"ListItem\",\"position\":1,\"name\":\"Portada\",\"item\":\"https:\/\/diarioabcdemichoacan.com.mx\/lasnoticias\/\"},{\"@type\":\"ListItem\",\"position\":2,\"name\":\"Bedolla consolida la estabilidad educativa en Michoac\u00e1n al arrancar el ciclo 2026-2027\"}]},{\"@type\":\"WebSite\",\"@id\":\"https:\/\/diarioabcdemichoacan.com.mx\/lasnoticias\/#website\",\"url\":\"https:\/\/diarioabcdemichoacan.com.mx\/lasnoticias\/\",\"name\":\"Diario ABC de Michoac\u00e1n\",\"description\":\"Las noticias al momento\",\"potentialAction\":[{\"@type\":\"SearchAction\",\"target\":{\"@type\":\"EntryPoint\",\"urlTemplate\":\"https:\/\/diarioabcdemichoacan.com.mx\/lasnoticias\/?s={search_term_string}\"},\"query-input\":{\"@type\":\"PropertyValueSpecification\",\"valueRequired\":true,\"valueName\":\"search_term_string\"}}],\"inLanguage\":\"es\"},{\"@type\":\"Person\",\"@id\":\"https:\/\/diarioabcdemichoacan.com.mx\/lasnoticias\/#\/schema\/person\/0546f9c3407148f7452ca932715c5e88\",\"name\":\"MB\",\"image\":{\"@type\":\"ImageObject\",\"inLanguage\":\"es\",\"@id\":\"https:\/\/diarioabcdemichoacan.com.mx\/lasnoticias\/#\/schema\/person\/image\/\",\"url\":\"https:\/\/secure.gravatar.com\/avatar\/ac036f018f6a8431a5687a020efaf39d914da6a3fc78ce6029ab7ae29c5130e2?s=96&d=mm&r=g\",\"contentUrl\":\"https:\/\/secure.gravatar.com\/avatar\/ac036f018f6a8431a5687a020efaf39d914da6a3fc78ce6029ab7ae29c5130e2?s=96&d=mm&r=g\",\"caption\":\"MB\"},\"url\":\"https:\/\/diarioabcdemichoacan.com.mx\/lasnoticias\/author\/bomariano03\/\"}]}<\/script>\n<!-- \/ Yoast SEO plugin. -->","yoast_head_json":{"title":"Bedolla consolida la estabilidad educativa en Michoac\u00e1n al arrancar el ciclo 2026-2027 - Diario ABC de Michoac\u00e1n","robots":{"index":"index","follow":"follow","max-snippet":"max-snippet:-1","max-image-preview":"max-image-preview:large","max-video-preview":"max-video-preview:-1"},"canonical":"https:\/\/diarioabcdemichoacan.com.mx\/lasnoticias\/bedolla-consolida-la-estabilidad-educativa-en-michoacan-al-arrancar-el-ciclo-2026-2027\/","og_locale":"es_ES","og_type":"article","og_title":"Bedolla consolida la estabilidad educativa en Michoac\u00e1n al arrancar el ciclo 2026-2027 - Diario ABC de Michoac\u00e1n","og_description":"Morelia, Michoac\u00e1n, 31 de agosto de 2026.- Durante el inicio del ciclo escolar 2026-2027, el gobernador Alfredo Ram\u00edrez Bedolla destac\u00f3 que, por quinto a\u00f1o consecutivo en Michoac\u00e1n, la educaci\u00f3n se consolida como la m\u00e1xima prioridad de su gobierno, marcando el regreso a clases de m\u00e1s de 900 mil estudiantes de educaci\u00f3n b\u00e1sica y 70 mil [&hellip;]","og_url":"https:\/\/diarioabcdemichoacan.com.mx\/lasnoticias\/bedolla-consolida-la-estabilidad-educativa-en-michoacan-al-arrancar-el-ciclo-2026-2027\/","og_site_name":"Diario ABC de Michoac\u00e1n","article_published_time":"2026-09-01T02:45:31+00:00","article_modified_time":"2026-09-01T02:45:40+00:00","og_image":[{"width":1600,"height":1068,"url":"https:\/\/diarioabcdemichoacan.com.mx\/lasnoticias\/wp-content\/uploads\/2026\/08\/a31b128b-6249-4b6d-91bc-43e9d40e472e.jpg","type":"image\/jpeg"}],"author":"MB","twitter_card":"summary_large_image","twitter_misc":{"Escrito por":"MB","Tiempo de lectura":"2 minutos"},"schema":{"@context":"https:\/\/schema.org","@graph":[{"@type":"WebPage","@id":"https:\/\/diarioabcdemichoacan.com.mx\/lasnoticias\/bedolla-consolida-la-estabilidad-educativa-en-michoacan-al-arrancar-el-ciclo-2026-2027\/","url":"https:\/\/diarioabcdemichoacan.com.mx\/lasnoticias\/bedolla-consolida-la-estabilidad-educativa-en-michoacan-al-arrancar-el-ciclo-2026-2027\/","name":"Bedolla consolida la estabilidad educativa en Michoac\u00e1n al arrancar el ciclo 2026-2027 - Diario ABC de Michoac\u00e1n","isPartOf":{"@id":"https:\/\/diarioabcdemichoacan.com.mx\/lasnoticias\/#website"},"primaryImageOfPage":{"@id":"https:\/\/diarioabcdemichoacan.com.mx\/lasnoticias\/bedolla-consolida-la-estabilidad-educativa-en-michoacan-al-arrancar-el-ciclo-2026-2027\/#primaryimage"},"image":{"@id":"https:\/\/diarioabcdemichoacan.com.mx\/lasnoticias\/bedolla-consolida-la-estabilidad-educativa-en-michoacan-al-arrancar-el-ciclo-2026-2027\/#primaryimage"},"thumbnailUrl":"https:\/\/diarioabcdemichoacan.com.mx\/lasnoticias\/wp-content\/uploads\/2026\/08\/a31b128b-6249-4b6d-91bc-43e9d40e472e.jpg","datePublished":"2026-09-01T02:45:31+00:00","dateModified":"2026-09-01T02:45:40+00:00","author":{"@id":"https:\/\/diarioabcdemichoacan.com.mx\/lasnoticias\/#\/schema\/person\/0546f9c3407148f7452ca932715c5e88"},"breadcrumb":{"@id":"https:\/\/diarioabcdemichoacan.com.mx\/lasnoticias\/bedolla-consolida-la-estabilidad-educativa-en-michoacan-al-arrancar-el-ciclo-2026-2027\/#breadcrumb"},"inLanguage":"es","potentialAction":[{"@type":"ReadAction","target":["https:\/\/diarioabcdemichoacan.com.mx\/lasnoticias\/bedolla-consolida-la-estabilidad-educativa-en-michoacan-al-arrancar-el-ciclo-2026-2027\/"]}]},{"@type":"ImageObject","inLanguage":"es","@id":"https:\/\/diarioabcdemichoacan.com.mx\/lasnoticias\/bedolla-consolida-la-estabilidad-educativa-en-michoacan-al-arrancar-el-ciclo-2026-2027\/#primaryimage","url":"https:\/\/diarioabcdemichoacan.com.mx\/lasnoticias\/wp-content\/uploads\/2026\/08\/a31b128b-6249-4b6d-91bc-43e9d40e472e.jpg","contentUrl":"https:\/\/diarioabcdemichoacan.com.mx\/lasnoticias\/wp-content\/uploads\/2026\/08\/a31b128b-6249-4b6d-91bc-43e9d40e472e.jpg","width":1600,"height":1068},{"@type":"BreadcrumbList","@id":"https:\/\/diarioabcdemichoacan.com.mx\/lasnoticias\/bedolla-consolida-la-estabilidad-educativa-en-michoacan-al-arrancar-el-ciclo-2026-2027\/#breadcrumb","itemListElement":[{"@type":"ListItem","position":1,"name":"Portada","item":"https:\/\/diarioabcdemichoacan.com.mx\/lasnoticias\/"},{"@type":"ListItem","position":2,"name":"Bedolla consolida la estabilidad educativa en Michoac\u00e1n al arrancar el ciclo 2026-2027"}]},{"@type":"WebSite","@id":"https:\/\/diarioabcdemichoacan.com.mx\/lasnoticias\/#website","url":"https:\/\/diarioabcdemichoacan.com.mx\/lasnoticias\/","name":"Diario ABC de Michoac\u00e1n","description":"Las noticias al momento","potentialAction":[{"@type":"SearchAction","target":{"@type":"EntryPoint","urlTemplate":"https:\/\/diarioabcdemichoacan.com.mx\/lasnoticias\/?s={search_term_string}"},"query-input":{"@type":"PropertyValueSpecification","valueRequired":true,"valueName":"search_term_string"}}],"inLanguage":"es"},{"@type":"Person","@id":"https:\/\/diarioabcdemichoacan.com.mx\/lasnoticias\/#\/schema\/person\/0546f9c3407148f7452ca932715c5e88","name":"MB","image":{"@type":"ImageObject","inLanguage":"es","@id":"https:\/\/diarioabcdemichoacan.com.mx\/lasnoticias\/#\/schema\/person\/image\/","url":"https:\/\/secure.gravatar.com\/avatar\/ac036f018f6a8431a5687a020efaf39d914da6a3fc78ce6029ab7ae29c5130e2?s=96&d=mm&r=g","contentUrl":"https:\/\/secure.gravatar.com\/avatar\/ac036f018f6a8431a5687a020efaf39d914da6a3fc78ce6029ab7ae29c5130e2?s=96&d=mm&r=g","caption":"MB"},"url":"https:\/\/diarioabcdemichoacan.com.mx\/lasnoticias\/author\/bomariano03\/"}]}},"_links":{"self":[{"href":"https:\/\/diarioabcdemichoacan.com.mx\/lasnoticias\/wp-json\/wp\/v2\/posts\/83740","targetHints":{"allow":["GET"]}}],"collection":[{"href":"https:\/\/diarioabcdemichoacan.com.mx\/lasnoticias\/wp-json\/wp\/v2\/posts"}],"about":[{"href":"https:\/\/diarioabcdemichoacan.com.mx\/lasnoticias\/wp-json\/wp\/v2\/types\/post"}],"author":[{"embeddable":true,"href":"https:\/\/diarioabcdemichoacan.com.mx\/lasnoticias\/wp-json\/wp\/v2\/users\/6"}],"replies":[{"embeddable":true,"href":"https:\/\/diarioabcdemichoacan.com.mx\/lasnoticias\/wp-json\/wp\/v2\/comments?post=83740"}],"version-history":[{"count":1,"href":"https:\/\/diarioabcdemichoacan.com.mx\/lasnoticias\/wp-json\/wp\/v2\/posts\/83740\/revisions"}],"predecessor-version":[{"id":83742,"href":"https:\/\/diarioabcdemichoacan.com.mx\/lasnoticias\/wp-json\/wp\/v2\/posts\/83740\/revisions\/83742"}],"wp:featuredmedia":[{"embeddable":true,"href":"https:\/\/diarioabcdemichoacan.com.mx\/lasnoticias\/wp-json\/wp\/v2\/media\/83741"}],"wp:attachment":[{"href":"https:\/\/diarioabcdemichoacan.com.mx\/lasnoticias\/wp-json\/wp\/v2\/media?parent=83740"}],"wp:term":[{"taxonomy":"category","embeddable":true,"href":"https:\/\/diarioabcdemichoacan.com.mx\/lasnoticias\/wp-json\/wp\/v2\/categories?post=83740"},{"taxonomy":"post_tag","embeddable":true,"href":"https:\/\/diarioabcdemichoacan.com.mx\/lasnoticias\/wp-json\/wp\/v2\/tags?post=83740"}],"curies":[{"name":"wp","href":"https:\/\/api.w.org\/{rel}","templated":true}]}}