{"id":83743,"date":"2026-08-31T20:46:28","date_gmt":"2026-09-01T02:46:28","guid":{"rendered":"https:\/\/diarioabcdemichoacan.com.mx\/lasnoticias\/?p=83743"},"modified":"2026-08-31T20:46:28","modified_gmt":"2026-09-01T02:46:28","slug":"con-inversion-de-58-mil-mdp-para-michoacan-se-consolida-respaldo-de-sheinbaum-bedolla","status":"publish","type":"post","link":"https:\/\/diarioabcdemichoacan.com.mx\/lasnoticias\/con-inversion-de-58-mil-mdp-para-michoacan-se-consolida-respaldo-de-sheinbaum-bedolla\/","title":{"rendered":"Con inversi\u00f3n de 58 mil mdp para Michoac\u00e1n, se consolida respaldo de Sheinbaum: Bedolla"},"content":{"rendered":"<p>Morelia, Michoac\u00e1n, 31 de agosto de 2026.- Con una inversi\u00f3n global que supera los 58 mil 248 millones de pesos a trav\u00e9s del Plan Michoac\u00e1n por la Paz y la Justicia, el estado consolida su desarrollo econ\u00f3mico e infraestructura con el respaldo decidido de la presidenta de M\u00e9xico, Claudia Sheinbaum Pardo, afirm\u00f3 el gobernador Alfredo Ram\u00edrez Bedolla al hacer un balance de los proyectos de mayor impacto a dos a\u00f1os de la administraci\u00f3n federal.<\/p>\n<p>El mandatario estatal destac\u00f3 que el paquete de obras prioriza la modernizaci\u00f3n de tramos carreteros estrat\u00e9gicos, la conectividad regional, la atenci\u00f3n a caminos comunitarios y el fortalecimiento de la infraestructura educativa en beneficio de los michoacanos.<\/p><div id=\"diari-2854608681\" class=\"diari-contenido diari-entity-placement\"><img loading=\"lazy\" decoding=\"async\" src=\"https:\/\/diarioabcdemichoacan.com.mx\/lasnoticias\/wp-content\/uploads\/2024\/07\/WhatsApp-Image-2024-05-07-at-10.12.40-a.m.jpeg\" alt=\"\"  srcset=\"https:\/\/diarioabcdemichoacan.com.mx\/lasnoticias\/wp-content\/uploads\/2024\/07\/WhatsApp-Image-2024-05-07-at-10.12.40-a.m.jpeg 400w, https:\/\/diarioabcdemichoacan.com.mx\/lasnoticias\/wp-content\/uploads\/2024\/07\/WhatsApp-Image-2024-05-07-at-10.12.40-a.m-150x150.jpeg 150w, https:\/\/diarioabcdemichoacan.com.mx\/lasnoticias\/wp-content\/uploads\/2024\/07\/WhatsApp-Image-2024-05-07-at-10.12.40-a.m-300x300.jpeg 300w\" sizes=\"(max-width: 400px) 100vw, 400px\" width=\"400\" height=\"400\"  style=\"display: inline-block;\" \/><\/div>\n<p>Dentro de esta bolsa de recursos, Ram\u00edrez Bedolla precis\u00f3 que se destinan 43 mil 916 millones de pesos para la ejecuci\u00f3n de seis obras de gran calado que impulsan el perfil log\u00edstico y agroexportador del estado, como es la ampliaci\u00f3n de tres tramos de la Autopista Siglo XXI para conectar de manera continua desde P\u00e1tzcuaro hasta el Puerto de L\u00e1zaro C\u00e1rdenas.<\/p>\n<p>As\u00ed como el nuevo Ramal de acceso a Uruapan, la autopista de la agroexportaci\u00f3n, que permitir\u00e1 una conexi\u00f3n directa entre Uruapan y Zamora, as\u00ed como la autopista libre de peaje entre Maravat\u00edo y Zit\u00e1cuaro.<br \/>\nEn materia de conservaci\u00f3n y modernizaci\u00f3n vial, el gobernador detall\u00f3 que mediante 223 acciones se han intervenido 6 mil 454 kil\u00f3metros de carreteras estatales y federales. Para dar continuidad a estas labores, entre este y el pr\u00f3ximo a\u00f1o se destinar\u00e1n 7 mil 500 millones de pesos.<\/p>\n<p>Asimismo, enfatiz\u00f3 que este a\u00f1o se encuentran en ejecuci\u00f3n 3 mil 917 millones de pesos aplicados en pavimentaci\u00f3n, mantenimiento de caminos rurales y en las acciones del programa Megabachet\u00f3n. A la par, se invierten mil 071 millones de pesos en la construcci\u00f3n de 54 caminos artesanales distribuidos en 24 municipios, alcanzando una meta de 164 kil\u00f3metros pavimentados por las propias comunidades.<\/p>\n<p>En el rubro educativo, Ram\u00edrez Bedolla anunci\u00f3 la aplicaci\u00f3n de mil 844 millones de pesos para obras en educaci\u00f3n b\u00e1sica, media superior y superior.<\/p>\n","protected":false},"excerpt":{"rendered":"<p>Morelia, Michoac\u00e1n, 31 de agosto de 2026.- Con una inversi\u00f3n global que supera los 58 mil 248 millones de pesos a trav\u00e9s del Plan Michoac\u00e1n por la Paz y la Justicia, el estado consolida su desarrollo econ\u00f3mico e infraestructura con el respaldo decidido de la presidenta de M\u00e9xico, Claudia Sheinbaum Pardo, afirm\u00f3 el gobernador Alfredo [&hellip;]<\/p>\n","protected":false},"author":6,"featured_media":83744,"comment_status":"closed","ping_status":"closed","sticky":false,"template":"","format":"standard","meta":{"footnotes":""},"categories":[10,17,34],"tags":[],"class_list":["post-83743","post","type-post","status-publish","format-standard","has-post-thumbnail","category-estado","category-gobierno-de-michoacan","category-gobierno-federal"],"yoast_head":"<!-- This site is optimized with the Yoast SEO plugin v24.0 - https:\/\/yoast.com\/wordpress\/plugins\/seo\/ -->\n<title>Con inversi\u00f3n de 58 mil mdp para Michoac\u00e1n, se consolida respaldo de Sheinbaum: Bedolla - Diario ABC de Michoac\u00e1n<\/title>\n<meta name=\"robots\" content=\"index, follow, max-snippet:-1, max-image-preview:large, max-video-preview:-1\" \/>\n<link rel=\"canonical\" href=\"https:\/\/diarioabcdemichoacan.com.mx\/lasnoticias\/con-inversion-de-58-mil-mdp-para-michoacan-se-consolida-respaldo-de-sheinbaum-bedolla\/\" \/>\n<meta property=\"og:locale\" content=\"es_ES\" \/>\n<meta property=\"og:type\" content=\"article\" \/>\n<meta property=\"og:title\" content=\"Con inversi\u00f3n de 58 mil mdp para Michoac\u00e1n, se consolida respaldo de Sheinbaum: Bedolla - Diario ABC de Michoac\u00e1n\" \/>\n<meta property=\"og:description\" content=\"Morelia, Michoac\u00e1n, 31 de agosto de 2026.- Con una inversi\u00f3n global que supera los 58 mil 248 millones de pesos a trav\u00e9s del Plan Michoac\u00e1n por la Paz y la Justicia, el estado consolida su desarrollo econ\u00f3mico e infraestructura con el respaldo decidido de la presidenta de M\u00e9xico, Claudia Sheinbaum Pardo, afirm\u00f3 el gobernador Alfredo [&hellip;]\" \/>\n<meta property=\"og:url\" content=\"https:\/\/diarioabcdemichoacan.com.mx\/lasnoticias\/con-inversion-de-58-mil-mdp-para-michoacan-se-consolida-respaldo-de-sheinbaum-bedolla\/\" \/>\n<meta property=\"og:site_name\" content=\"Diario ABC de Michoac\u00e1n\" \/>\n<meta property=\"article:published_time\" content=\"2026-09-01T02:46:28+00:00\" \/>\n<meta property=\"og:image\" content=\"https:\/\/diarioabcdemichoacan.com.mx\/lasnoticias\/wp-content\/uploads\/2026\/08\/f5030a01-df0a-471d-8993-37dae5a982c9.jpg\" \/>\n\t<meta property=\"og:image:width\" content=\"1080\" \/>\n\t<meta property=\"og:image:height\" content=\"720\" \/>\n\t<meta property=\"og:image:type\" content=\"image\/jpeg\" \/>\n<meta name=\"author\" content=\"MB\" \/>\n<meta name=\"twitter:card\" content=\"summary_large_image\" \/>\n<meta name=\"twitter:label1\" content=\"Escrito por\" \/>\n\t<meta name=\"twitter:data1\" content=\"MB\" \/>\n\t<meta name=\"twitter:label2\" content=\"Tiempo de lectura\" \/>\n\t<meta name=\"twitter:data2\" content=\"2 minutos\" \/>\n<script type=\"application\/ld+json\" class=\"yoast-schema-graph\">{\"@context\":\"https:\/\/schema.org\",\"@graph\":[{\"@type\":\"WebPage\",\"@id\":\"https:\/\/diarioabcdemichoacan.com.mx\/lasnoticias\/con-inversion-de-58-mil-mdp-para-michoacan-se-consolida-respaldo-de-sheinbaum-bedolla\/\",\"url\":\"https:\/\/diarioabcdemichoacan.com.mx\/lasnoticias\/con-inversion-de-58-mil-mdp-para-michoacan-se-consolida-respaldo-de-sheinbaum-bedolla\/\",\"name\":\"Con inversi\u00f3n de 58 mil mdp para Michoac\u00e1n, se consolida respaldo de Sheinbaum: Bedolla - Diario ABC de Michoac\u00e1n\",\"isPartOf\":{\"@id\":\"https:\/\/diarioabcdemichoacan.com.mx\/lasnoticias\/#website\"},\"primaryImageOfPage\":{\"@id\":\"https:\/\/diarioabcdemichoacan.com.mx\/lasnoticias\/con-inversion-de-58-mil-mdp-para-michoacan-se-consolida-respaldo-de-sheinbaum-bedolla\/#primaryimage\"},\"image\":{\"@id\":\"https:\/\/diarioabcdemichoacan.com.mx\/lasnoticias\/con-inversion-de-58-mil-mdp-para-michoacan-se-consolida-respaldo-de-sheinbaum-bedolla\/#primaryimage\"},\"thumbnailUrl\":\"https:\/\/diarioabcdemichoacan.com.mx\/lasnoticias\/wp-content\/uploads\/2026\/08\/f5030a01-df0a-471d-8993-37dae5a982c9.jpg\",\"datePublished\":\"2026-09-01T02:46:28+00:00\",\"dateModified\":\"2026-09-01T02:46:28+00:00\",\"author\":{\"@id\":\"https:\/\/diarioabcdemichoacan.com.mx\/lasnoticias\/#\/schema\/person\/0546f9c3407148f7452ca932715c5e88\"},\"breadcrumb\":{\"@id\":\"https:\/\/diarioabcdemichoacan.com.mx\/lasnoticias\/con-inversion-de-58-mil-mdp-para-michoacan-se-consolida-respaldo-de-sheinbaum-bedolla\/#breadcrumb\"},\"inLanguage\":\"es\",\"potentialAction\":[{\"@type\":\"ReadAction\",\"target\":[\"https:\/\/diarioabcdemichoacan.com.mx\/lasnoticias\/con-inversion-de-58-mil-mdp-para-michoacan-se-consolida-respaldo-de-sheinbaum-bedolla\/\"]}]},{\"@type\":\"ImageObject\",\"inLanguage\":\"es\",\"@id\":\"https:\/\/diarioabcdemichoacan.com.mx\/lasnoticias\/con-inversion-de-58-mil-mdp-para-michoacan-se-consolida-respaldo-de-sheinbaum-bedolla\/#primaryimage\",\"url\":\"https:\/\/diarioabcdemichoacan.com.mx\/lasnoticias\/wp-content\/uploads\/2026\/08\/f5030a01-df0a-471d-8993-37dae5a982c9.jpg\",\"contentUrl\":\"https:\/\/diarioabcdemichoacan.com.mx\/lasnoticias\/wp-content\/uploads\/2026\/08\/f5030a01-df0a-471d-8993-37dae5a982c9.jpg\",\"width\":1080,\"height\":720},{\"@type\":\"BreadcrumbList\",\"@id\":\"https:\/\/diarioabcdemichoacan.com.mx\/lasnoticias\/con-inversion-de-58-mil-mdp-para-michoacan-se-consolida-respaldo-de-sheinbaum-bedolla\/#breadcrumb\",\"itemListElement\":[{\"@type\":\"ListItem\",\"position\":1,\"name\":\"Portada\",\"item\":\"https:\/\/diarioabcdemichoacan.com.mx\/lasnoticias\/\"},{\"@type\":\"ListItem\",\"position\":2,\"name\":\"Con inversi\u00f3n de 58 mil mdp para Michoac\u00e1n, se consolida respaldo de Sheinbaum: Bedolla\"}]},{\"@type\":\"WebSite\",\"@id\":\"https:\/\/diarioabcdemichoacan.com.mx\/lasnoticias\/#website\",\"url\":\"https:\/\/diarioabcdemichoacan.com.mx\/lasnoticias\/\",\"name\":\"Diario ABC de Michoac\u00e1n\",\"description\":\"Las noticias al momento\",\"potentialAction\":[{\"@type\":\"SearchAction\",\"target\":{\"@type\":\"EntryPoint\",\"urlTemplate\":\"https:\/\/diarioabcdemichoacan.com.mx\/lasnoticias\/?s={search_term_string}\"},\"query-input\":{\"@type\":\"PropertyValueSpecification\",\"valueRequired\":true,\"valueName\":\"search_term_string\"}}],\"inLanguage\":\"es\"},{\"@type\":\"Person\",\"@id\":\"https:\/\/diarioabcdemichoacan.com.mx\/lasnoticias\/#\/schema\/person\/0546f9c3407148f7452ca932715c5e88\",\"name\":\"MB\",\"image\":{\"@type\":\"ImageObject\",\"inLanguage\":\"es\",\"@id\":\"https:\/\/diarioabcdemichoacan.com.mx\/lasnoticias\/#\/schema\/person\/image\/\",\"url\":\"https:\/\/secure.gravatar.com\/avatar\/ac036f018f6a8431a5687a020efaf39d914da6a3fc78ce6029ab7ae29c5130e2?s=96&d=mm&r=g\",\"contentUrl\":\"https:\/\/secure.gravatar.com\/avatar\/ac036f018f6a8431a5687a020efaf39d914da6a3fc78ce6029ab7ae29c5130e2?s=96&d=mm&r=g\",\"caption\":\"MB\"},\"url\":\"https:\/\/diarioabcdemichoacan.com.mx\/lasnoticias\/author\/bomariano03\/\"}]}<\/script>\n<!-- \/ Yoast SEO plugin. -->","yoast_head_json":{"title":"Con inversi\u00f3n de 58 mil mdp para Michoac\u00e1n, se consolida respaldo de Sheinbaum: Bedolla - Diario ABC de Michoac\u00e1n","robots":{"index":"index","follow":"follow","max-snippet":"max-snippet:-1","max-image-preview":"max-image-preview:large","max-video-preview":"max-video-preview:-1"},"canonical":"https:\/\/diarioabcdemichoacan.com.mx\/lasnoticias\/con-inversion-de-58-mil-mdp-para-michoacan-se-consolida-respaldo-de-sheinbaum-bedolla\/","og_locale":"es_ES","og_type":"article","og_title":"Con inversi\u00f3n de 58 mil mdp para Michoac\u00e1n, se consolida respaldo de Sheinbaum: Bedolla - Diario ABC de Michoac\u00e1n","og_description":"Morelia, Michoac\u00e1n, 31 de agosto de 2026.- Con una inversi\u00f3n global que supera los 58 mil 248 millones de pesos a trav\u00e9s del Plan Michoac\u00e1n por la Paz y la Justicia, el estado consolida su desarrollo econ\u00f3mico e infraestructura con el respaldo decidido de la presidenta de M\u00e9xico, Claudia Sheinbaum Pardo, afirm\u00f3 el gobernador Alfredo [&hellip;]","og_url":"https:\/\/diarioabcdemichoacan.com.mx\/lasnoticias\/con-inversion-de-58-mil-mdp-para-michoacan-se-consolida-respaldo-de-sheinbaum-bedolla\/","og_site_name":"Diario ABC de Michoac\u00e1n","article_published_time":"2026-09-01T02:46:28+00:00","og_image":[{"width":1080,"height":720,"url":"https:\/\/diarioabcdemichoacan.com.mx\/lasnoticias\/wp-content\/uploads\/2026\/08\/f5030a01-df0a-471d-8993-37dae5a982c9.jpg","type":"image\/jpeg"}],"author":"MB","twitter_card":"summary_large_image","twitter_misc":{"Escrito por":"MB","Tiempo de lectura":"2 minutos"},"schema":{"@context":"https:\/\/schema.org","@graph":[{"@type":"WebPage","@id":"https:\/\/diarioabcdemichoacan.com.mx\/lasnoticias\/con-inversion-de-58-mil-mdp-para-michoacan-se-consolida-respaldo-de-sheinbaum-bedolla\/","url":"https:\/\/diarioabcdemichoacan.com.mx\/lasnoticias\/con-inversion-de-58-mil-mdp-para-michoacan-se-consolida-respaldo-de-sheinbaum-bedolla\/","name":"Con inversi\u00f3n de 58 mil mdp para Michoac\u00e1n, se consolida respaldo de Sheinbaum: Bedolla - Diario ABC de Michoac\u00e1n","isPartOf":{"@id":"https:\/\/diarioabcdemichoacan.com.mx\/lasnoticias\/#website"},"primaryImageOfPage":{"@id":"https:\/\/diarioabcdemichoacan.com.mx\/lasnoticias\/con-inversion-de-58-mil-mdp-para-michoacan-se-consolida-respaldo-de-sheinbaum-bedolla\/#primaryimage"},"image":{"@id":"https:\/\/diarioabcdemichoacan.com.mx\/lasnoticias\/con-inversion-de-58-mil-mdp-para-michoacan-se-consolida-respaldo-de-sheinbaum-bedolla\/#primaryimage"},"thumbnailUrl":"https:\/\/diarioabcdemichoacan.com.mx\/lasnoticias\/wp-content\/uploads\/2026\/08\/f5030a01-df0a-471d-8993-37dae5a982c9.jpg","datePublished":"2026-09-01T02:46:28+00:00","dateModified":"2026-09-01T02:46:28+00:00","author":{"@id":"https:\/\/diarioabcdemichoacan.com.mx\/lasnoticias\/#\/schema\/person\/0546f9c3407148f7452ca932715c5e88"},"breadcrumb":{"@id":"https:\/\/diarioabcdemichoacan.com.mx\/lasnoticias\/con-inversion-de-58-mil-mdp-para-michoacan-se-consolida-respaldo-de-sheinbaum-bedolla\/#breadcrumb"},"inLanguage":"es","potentialAction":[{"@type":"ReadAction","target":["https:\/\/diarioabcdemichoacan.com.mx\/lasnoticias\/con-inversion-de-58-mil-mdp-para-michoacan-se-consolida-respaldo-de-sheinbaum-bedolla\/"]}]},{"@type":"ImageObject","inLanguage":"es","@id":"https:\/\/diarioabcdemichoacan.com.mx\/lasnoticias\/con-inversion-de-58-mil-mdp-para-michoacan-se-consolida-respaldo-de-sheinbaum-bedolla\/#primaryimage","url":"https:\/\/diarioabcdemichoacan.com.mx\/lasnoticias\/wp-content\/uploads\/2026\/08\/f5030a01-df0a-471d-8993-37dae5a982c9.jpg","contentUrl":"https:\/\/diarioabcdemichoacan.com.mx\/lasnoticias\/wp-content\/uploads\/2026\/08\/f5030a01-df0a-471d-8993-37dae5a982c9.jpg","width":1080,"height":720},{"@type":"BreadcrumbList","@id":"https:\/\/diarioabcdemichoacan.com.mx\/lasnoticias\/con-inversion-de-58-mil-mdp-para-michoacan-se-consolida-respaldo-de-sheinbaum-bedolla\/#breadcrumb","itemListElement":[{"@type":"ListItem","position":1,"name":"Portada","item":"https:\/\/diarioabcdemichoacan.com.mx\/lasnoticias\/"},{"@type":"ListItem","position":2,"name":"Con inversi\u00f3n de 58 mil mdp para Michoac\u00e1n, se consolida respaldo de Sheinbaum: Bedolla"}]},{"@type":"WebSite","@id":"https:\/\/diarioabcdemichoacan.com.mx\/lasnoticias\/#website","url":"https:\/\/diarioabcdemichoacan.com.mx\/lasnoticias\/","name":"Diario ABC de Michoac\u00e1n","description":"Las noticias al momento","potentialAction":[{"@type":"SearchAction","target":{"@type":"EntryPoint","urlTemplate":"https:\/\/diarioabcdemichoacan.com.mx\/lasnoticias\/?s={search_term_string}"},"query-input":{"@type":"PropertyValueSpecification","valueRequired":true,"valueName":"search_term_string"}}],"inLanguage":"es"},{"@type":"Person","@id":"https:\/\/diarioabcdemichoacan.com.mx\/lasnoticias\/#\/schema\/person\/0546f9c3407148f7452ca932715c5e88","name":"MB","image":{"@type":"ImageObject","inLanguage":"es","@id":"https:\/\/diarioabcdemichoacan.com.mx\/lasnoticias\/#\/schema\/person\/image\/","url":"https:\/\/secure.gravatar.com\/avatar\/ac036f018f6a8431a5687a020efaf39d914da6a3fc78ce6029ab7ae29c5130e2?s=96&d=mm&r=g","contentUrl":"https:\/\/secure.gravatar.com\/avatar\/ac036f018f6a8431a5687a020efaf39d914da6a3fc78ce6029ab7ae29c5130e2?s=96&d=mm&r=g","caption":"MB"},"url":"https:\/\/diarioabcdemichoacan.com.mx\/lasnoticias\/author\/bomariano03\/"}]}},"_links":{"self":[{"href":"https:\/\/diarioabcdemichoacan.com.mx\/lasnoticias\/wp-json\/wp\/v2\/posts\/83743","targetHints":{"allow":["GET"]}}],"collection":[{"href":"https:\/\/diarioabcdemichoacan.com.mx\/lasnoticias\/wp-json\/wp\/v2\/posts"}],"about":[{"href":"https:\/\/diarioabcdemichoacan.com.mx\/lasnoticias\/wp-json\/wp\/v2\/types\/post"}],"author":[{"embeddable":true,"href":"https:\/\/diarioabcdemichoacan.com.mx\/lasnoticias\/wp-json\/wp\/v2\/users\/6"}],"replies":[{"embeddable":true,"href":"https:\/\/diarioabcdemichoacan.com.mx\/lasnoticias\/wp-json\/wp\/v2\/comments?post=83743"}],"version-history":[{"count":1,"href":"https:\/\/diarioabcdemichoacan.com.mx\/lasnoticias\/wp-json\/wp\/v2\/posts\/83743\/revisions"}],"predecessor-version":[{"id":83745,"href":"https:\/\/diarioabcdemichoacan.com.mx\/lasnoticias\/wp-json\/wp\/v2\/posts\/83743\/revisions\/83745"}],"wp:featuredmedia":[{"embeddable":true,"href":"https:\/\/diarioabcdemichoacan.com.mx\/lasnoticias\/wp-json\/wp\/v2\/media\/83744"}],"wp:attachment":[{"href":"https:\/\/diarioabcdemichoacan.com.mx\/lasnoticias\/wp-json\/wp\/v2\/media?parent=83743"}],"wp:term":[{"taxonomy":"category","embeddable":true,"href":"https:\/\/diarioabcdemichoacan.com.mx\/lasnoticias\/wp-json\/wp\/v2\/categories?post=83743"},{"taxonomy":"post_tag","embeddable":true,"href":"https:\/\/diarioabcdemichoacan.com.mx\/lasnoticias\/wp-json\/wp\/v2\/tags?post=83743"}],"curies":[{"name":"wp","href":"https:\/\/api.w.org\/{rel}","templated":true}]}}