{"id":83749,"date":"2026-08-30T20:50:55","date_gmt":"2026-08-31T02:50:55","guid":{"rendered":"https:\/\/diarioabcdemichoacan.com.mx\/lasnoticias\/?p=83749"},"modified":"2026-08-31T20:52:04","modified_gmt":"2026-09-01T02:52:04","slug":"la-rehabilitacion-de-la-plaza-de-la-ranita-fortalece-convivencia-cultura-e-identidad-en-uruapan","status":"publish","type":"post","link":"https:\/\/diarioabcdemichoacan.com.mx\/lasnoticias\/la-rehabilitacion-de-la-plaza-de-la-ranita-fortalece-convivencia-cultura-e-identidad-en-uruapan\/","title":{"rendered":"La rehabilitaci\u00f3n de la Plaza de La Ranita fortalece convivencia, cultura e identidad en Uruapan"},"content":{"rendered":"<p>\u2060El nuevo espacio re\u00fane arte, tradici\u00f3n, convivencia y recreaci\u00f3n en beneficio de las familias del municipio<\/p>\n<hr \/>\n<p>Uruapan, Michoac\u00e1n, 30 de agosto de 2026.- Durante d\u00e9cadas, el espacio que alguna vez alberg\u00f3 el Cine Ode\u00f3n permaneci\u00f3 sin una funci\u00f3n que respondiera a las necesidades de la comunidad. Su rehabilitaci\u00f3n permite recuperar este punto del Centro Hist\u00f3rico de Uruapan y transformarlo en un espacio p\u00fablico digno, abierto a las familias y vinculado con la identidad cultural del municipio. El inmueble, ubicado en la esquina de Corregidora y Garc\u00eda Ortiz, forma parte de las obras complementarias del Telef\u00e9rico de Uruapan.<\/p><div id=\"diari-1206679659\" class=\"diari-contenido diari-entity-placement\"><img loading=\"lazy\" decoding=\"async\" src=\"https:\/\/diarioabcdemichoacan.com.mx\/lasnoticias\/wp-content\/uploads\/2024\/07\/WhatsApp-Image-2024-05-07-at-10.12.40-a.m.jpeg\" alt=\"\"  srcset=\"https:\/\/diarioabcdemichoacan.com.mx\/lasnoticias\/wp-content\/uploads\/2024\/07\/WhatsApp-Image-2024-05-07-at-10.12.40-a.m.jpeg 400w, https:\/\/diarioabcdemichoacan.com.mx\/lasnoticias\/wp-content\/uploads\/2024\/07\/WhatsApp-Image-2024-05-07-at-10.12.40-a.m-150x150.jpeg 150w, https:\/\/diarioabcdemichoacan.com.mx\/lasnoticias\/wp-content\/uploads\/2024\/07\/WhatsApp-Image-2024-05-07-at-10.12.40-a.m-300x300.jpeg 300w\" sizes=\"(max-width: 400px) 100vw, 400px\" width=\"400\" height=\"400\"  style=\"display: inline-block;\" \/><\/div>\n<p>Con una superficie de mil 478 metros cuadrados y una inversi\u00f3n de 19.8 millones de pesos, el Centro Artesanal y Cultural de la Plaza de La Ranita fue concebido como un lugar para encontrarse, convivir y disfrutar de distintas expresiones de la cultura uruapense. La intervenci\u00f3n busca que la transformaci\u00f3n de la movilidad se refleje en el entorno urbano y permita recuperar espacios para el uso y disfrute de la poblaci\u00f3n.<\/p>\n<p>Uno de sus principales atractivos es el mural de 63 metros de largo por 9 metros de alto, considerado el m\u00e1s grande de Michoac\u00e1n, una obra que representa elementos de la identidad de Uruapan, como sus aguadoras, artesanas y tradiciones, as\u00ed como el Parque Nacional. De esta manera, el recinto no solo funciona como un espacio arquitect\u00f3nico renovado, sino tambi\u00e9n como un punto para conocer y reconocer la historia y las ra\u00edces de la ciudad.<\/p>\n<p>El inmueble cuenta con una tienda de la Casa de las Artesan\u00edas, donde se exhiben piezas elaboradas por artesanas y artesanos de Michoac\u00e1n, lo que fortalece la difusi\u00f3n del trabajo artesanal y acerca la riqueza cultural del estado a las y los visitantes. Adem\u00e1s, sus \u00e1reas al aire libre permiten la realizaci\u00f3n de actividades culturales, recreativas y de convivencia, tales como presentaciones art\u00edsticas, encuentros comunitarios, muestras gastron\u00f3micas y exposiciones.<\/p>\n<p>La Plaza de La Ranita se suma a la transformaci\u00f3n urbana de Uruapan, en la que la infraestructura, la movilidad, el arte y la cultura convergen en beneficio de las familias, mediante la recuperaci\u00f3n de un espacio con valor hist\u00f3rico.<\/p>\n","protected":false},"excerpt":{"rendered":"<p>\u2060El nuevo espacio re\u00fane arte, tradici\u00f3n, convivencia y recreaci\u00f3n en beneficio de las familias del municipio Uruapan, Michoac\u00e1n, 30 de agosto de 2026.- Durante d\u00e9cadas, el espacio que alguna vez alberg\u00f3 el Cine Ode\u00f3n permaneci\u00f3 sin una funci\u00f3n que respondiera a las necesidades de la comunidad. Su rehabilitaci\u00f3n permite recuperar este punto del Centro Hist\u00f3rico [&hellip;]<\/p>\n","protected":false},"author":6,"featured_media":83750,"comment_status":"closed","ping_status":"closed","sticky":false,"template":"","format":"standard","meta":{"footnotes":""},"categories":[10,17],"tags":[],"class_list":["post-83749","post","type-post","status-publish","format-standard","has-post-thumbnail","category-estado","category-gobierno-de-michoacan"],"yoast_head":"<!-- This site is optimized with the Yoast SEO plugin v28.4 - https:\/\/yoast.com\/product\/yoast-seo-wordpress\/ -->\n<title>La rehabilitaci\u00f3n de la Plaza de La Ranita fortalece convivencia, cultura e identidad en Uruapan - Diario ABC de Michoac\u00e1n<\/title>\n<meta name=\"robots\" content=\"index, follow, max-snippet:-1, max-image-preview:large, max-video-preview:-1\" \/>\n<link rel=\"canonical\" href=\"https:\/\/diarioabcdemichoacan.com.mx\/lasnoticias\/la-rehabilitacion-de-la-plaza-de-la-ranita-fortalece-convivencia-cultura-e-identidad-en-uruapan\/\" \/>\n<meta property=\"og:locale\" content=\"es_ES\" \/>\n<meta property=\"og:type\" content=\"article\" \/>\n<meta property=\"og:title\" content=\"La rehabilitaci\u00f3n de la Plaza de La Ranita fortalece convivencia, cultura e identidad en Uruapan - Diario ABC de Michoac\u00e1n\" \/>\n<meta property=\"og:description\" content=\"\u2060El nuevo espacio re\u00fane arte, tradici\u00f3n, convivencia y recreaci\u00f3n en beneficio de las familias del municipio Uruapan, Michoac\u00e1n, 30 de agosto de 2026.- Durante d\u00e9cadas, el espacio que alguna vez alberg\u00f3 el Cine Ode\u00f3n permaneci\u00f3 sin una funci\u00f3n que respondiera a las necesidades de la comunidad. Su rehabilitaci\u00f3n permite recuperar este punto del Centro Hist\u00f3rico [&hellip;]\" \/>\n<meta property=\"og:url\" content=\"https:\/\/diarioabcdemichoacan.com.mx\/lasnoticias\/la-rehabilitacion-de-la-plaza-de-la-ranita-fortalece-convivencia-cultura-e-identidad-en-uruapan\/\" \/>\n<meta property=\"og:site_name\" content=\"Diario ABC de Michoac\u00e1n\" \/>\n<meta property=\"article:published_time\" content=\"2026-08-31T02:50:55+00:00\" \/>\n<meta property=\"article:modified_time\" content=\"2026-09-01T02:52:04+00:00\" \/>\n<meta property=\"og:image\" content=\"https:\/\/diarioabcdemichoacan.com.mx\/lasnoticias\/wp-content\/uploads\/2026\/08\/a1c8f0fa-96b3-46ff-a28d-4c91970659ba-scaled.jpg\" \/>\n\t<meta property=\"og:image:width\" content=\"2560\" \/>\n\t<meta property=\"og:image:height\" content=\"1178\" \/>\n\t<meta property=\"og:image:type\" content=\"image\/jpeg\" \/>\n<meta name=\"author\" content=\"MB\" \/>\n<meta name=\"twitter:card\" content=\"summary_large_image\" \/>\n<meta name=\"twitter:label1\" content=\"Escrito por\" \/>\n\t<meta name=\"twitter:data1\" content=\"MB\" \/>\n\t<meta name=\"twitter:label2\" content=\"Tiempo de lectura\" \/>\n\t<meta name=\"twitter:data2\" content=\"2 minutos\" \/>\n<script type=\"application\/ld+json\" class=\"yoast-schema-graph\">{\"@context\":\"https:\\\/\\\/schema.org\",\"@graph\":[{\"@type\":\"Article\",\"@id\":\"https:\\\/\\\/diarioabcdemichoacan.com.mx\\\/lasnoticias\\\/la-rehabilitacion-de-la-plaza-de-la-ranita-fortalece-convivencia-cultura-e-identidad-en-uruapan\\\/#article\",\"isPartOf\":{\"@id\":\"https:\\\/\\\/diarioabcdemichoacan.com.mx\\\/lasnoticias\\\/la-rehabilitacion-de-la-plaza-de-la-ranita-fortalece-convivencia-cultura-e-identidad-en-uruapan\\\/\"},\"author\":{\"name\":\"MB\",\"@id\":\"https:\\\/\\\/diarioabcdemichoacan.com.mx\\\/lasnoticias\\\/#\\\/schema\\\/person\\\/0546f9c3407148f7452ca932715c5e88\"},\"headline\":\"La rehabilitaci\u00f3n de la Plaza de La Ranita fortalece convivencia, cultura e identidad en Uruapan\",\"datePublished\":\"2026-08-31T02:50:55+00:00\",\"dateModified\":\"2026-09-01T02:52:04+00:00\",\"mainEntityOfPage\":{\"@id\":\"https:\\\/\\\/diarioabcdemichoacan.com.mx\\\/lasnoticias\\\/la-rehabilitacion-de-la-plaza-de-la-ranita-fortalece-convivencia-cultura-e-identidad-en-uruapan\\\/\"},\"wordCount\":394,\"image\":{\"@id\":\"https:\\\/\\\/diarioabcdemichoacan.com.mx\\\/lasnoticias\\\/la-rehabilitacion-de-la-plaza-de-la-ranita-fortalece-convivencia-cultura-e-identidad-en-uruapan\\\/#primaryimage\"},\"thumbnailUrl\":\"https:\\\/\\\/diarioabcdemichoacan.com.mx\\\/lasnoticias\\\/wp-content\\\/uploads\\\/2026\\\/08\\\/a1c8f0fa-96b3-46ff-a28d-4c91970659ba-scaled.jpg\",\"articleSection\":[\"Estado\",\"Gobierno de Michoac\u00e1n\"],\"inLanguage\":\"es\"},{\"@type\":\"WebPage\",\"@id\":\"https:\\\/\\\/diarioabcdemichoacan.com.mx\\\/lasnoticias\\\/la-rehabilitacion-de-la-plaza-de-la-ranita-fortalece-convivencia-cultura-e-identidad-en-uruapan\\\/\",\"url\":\"https:\\\/\\\/diarioabcdemichoacan.com.mx\\\/lasnoticias\\\/la-rehabilitacion-de-la-plaza-de-la-ranita-fortalece-convivencia-cultura-e-identidad-en-uruapan\\\/\",\"name\":\"La rehabilitaci\u00f3n de la Plaza de La Ranita fortalece convivencia, cultura e identidad en Uruapan - Diario ABC de Michoac\u00e1n\",\"isPartOf\":{\"@id\":\"https:\\\/\\\/diarioabcdemichoacan.com.mx\\\/lasnoticias\\\/#website\"},\"primaryImageOfPage\":{\"@id\":\"https:\\\/\\\/diarioabcdemichoacan.com.mx\\\/lasnoticias\\\/la-rehabilitacion-de-la-plaza-de-la-ranita-fortalece-convivencia-cultura-e-identidad-en-uruapan\\\/#primaryimage\"},\"image\":{\"@id\":\"https:\\\/\\\/diarioabcdemichoacan.com.mx\\\/lasnoticias\\\/la-rehabilitacion-de-la-plaza-de-la-ranita-fortalece-convivencia-cultura-e-identidad-en-uruapan\\\/#primaryimage\"},\"thumbnailUrl\":\"https:\\\/\\\/diarioabcdemichoacan.com.mx\\\/lasnoticias\\\/wp-content\\\/uploads\\\/2026\\\/08\\\/a1c8f0fa-96b3-46ff-a28d-4c91970659ba-scaled.jpg\",\"datePublished\":\"2026-08-31T02:50:55+00:00\",\"dateModified\":\"2026-09-01T02:52:04+00:00\",\"author\":{\"@id\":\"https:\\\/\\\/diarioabcdemichoacan.com.mx\\\/lasnoticias\\\/#\\\/schema\\\/person\\\/0546f9c3407148f7452ca932715c5e88\"},\"breadcrumb\":{\"@id\":\"https:\\\/\\\/diarioabcdemichoacan.com.mx\\\/lasnoticias\\\/la-rehabilitacion-de-la-plaza-de-la-ranita-fortalece-convivencia-cultura-e-identidad-en-uruapan\\\/#breadcrumb\"},\"inLanguage\":\"es\",\"potentialAction\":[{\"@type\":\"ReadAction\",\"target\":[\"https:\\\/\\\/diarioabcdemichoacan.com.mx\\\/lasnoticias\\\/la-rehabilitacion-de-la-plaza-de-la-ranita-fortalece-convivencia-cultura-e-identidad-en-uruapan\\\/\"]}]},{\"@type\":\"ImageObject\",\"inLanguage\":\"es\",\"@id\":\"https:\\\/\\\/diarioabcdemichoacan.com.mx\\\/lasnoticias\\\/la-rehabilitacion-de-la-plaza-de-la-ranita-fortalece-convivencia-cultura-e-identidad-en-uruapan\\\/#primaryimage\",\"url\":\"https:\\\/\\\/diarioabcdemichoacan.com.mx\\\/lasnoticias\\\/wp-content\\\/uploads\\\/2026\\\/08\\\/a1c8f0fa-96b3-46ff-a28d-4c91970659ba-scaled.jpg\",\"contentUrl\":\"https:\\\/\\\/diarioabcdemichoacan.com.mx\\\/lasnoticias\\\/wp-content\\\/uploads\\\/2026\\\/08\\\/a1c8f0fa-96b3-46ff-a28d-4c91970659ba-scaled.jpg\",\"width\":2560,\"height\":1178},{\"@type\":\"BreadcrumbList\",\"@id\":\"https:\\\/\\\/diarioabcdemichoacan.com.mx\\\/lasnoticias\\\/la-rehabilitacion-de-la-plaza-de-la-ranita-fortalece-convivencia-cultura-e-identidad-en-uruapan\\\/#breadcrumb\",\"itemListElement\":[{\"@type\":\"ListItem\",\"position\":1,\"name\":\"Portada\",\"item\":\"https:\\\/\\\/diarioabcdemichoacan.com.mx\\\/lasnoticias\\\/\"},{\"@type\":\"ListItem\",\"position\":2,\"name\":\"La rehabilitaci\u00f3n de la Plaza de La Ranita fortalece convivencia, cultura e identidad en Uruapan\"}]},{\"@type\":\"WebSite\",\"@id\":\"https:\\\/\\\/diarioabcdemichoacan.com.mx\\\/lasnoticias\\\/#website\",\"url\":\"https:\\\/\\\/diarioabcdemichoacan.com.mx\\\/lasnoticias\\\/\",\"name\":\"Diario ABC de Michoac\u00e1n\",\"description\":\"Las noticias al momento\",\"potentialAction\":[{\"@type\":\"SearchAction\",\"target\":{\"@type\":\"EntryPoint\",\"urlTemplate\":\"https:\\\/\\\/diarioabcdemichoacan.com.mx\\\/lasnoticias\\\/?s={search_term_string}\"},\"query-input\":{\"@type\":\"PropertyValueSpecification\",\"valueRequired\":true,\"valueName\":\"search_term_string\"}}],\"inLanguage\":\"es\"},{\"@type\":\"Person\",\"@id\":\"https:\\\/\\\/diarioabcdemichoacan.com.mx\\\/lasnoticias\\\/#\\\/schema\\\/person\\\/0546f9c3407148f7452ca932715c5e88\",\"name\":\"MB\",\"image\":{\"@type\":\"ImageObject\",\"inLanguage\":\"es\",\"@id\":\"https:\\\/\\\/secure.gravatar.com\\\/avatar\\\/ac036f018f6a8431a5687a020efaf39d914da6a3fc78ce6029ab7ae29c5130e2?s=96&d=mm&r=g\",\"url\":\"https:\\\/\\\/secure.gravatar.com\\\/avatar\\\/ac036f018f6a8431a5687a020efaf39d914da6a3fc78ce6029ab7ae29c5130e2?s=96&d=mm&r=g\",\"contentUrl\":\"https:\\\/\\\/secure.gravatar.com\\\/avatar\\\/ac036f018f6a8431a5687a020efaf39d914da6a3fc78ce6029ab7ae29c5130e2?s=96&d=mm&r=g\",\"caption\":\"MB\"},\"url\":\"https:\\\/\\\/diarioabcdemichoacan.com.mx\\\/lasnoticias\\\/author\\\/bomariano03\\\/\"}]}<\/script>\n<!-- \/ Yoast SEO plugin. -->","yoast_head_json":{"title":"La rehabilitaci\u00f3n de la Plaza de La Ranita fortalece convivencia, cultura e identidad en Uruapan - Diario ABC de Michoac\u00e1n","robots":{"index":"index","follow":"follow","max-snippet":"max-snippet:-1","max-image-preview":"max-image-preview:large","max-video-preview":"max-video-preview:-1"},"canonical":"https:\/\/diarioabcdemichoacan.com.mx\/lasnoticias\/la-rehabilitacion-de-la-plaza-de-la-ranita-fortalece-convivencia-cultura-e-identidad-en-uruapan\/","og_locale":"es_ES","og_type":"article","og_title":"La rehabilitaci\u00f3n de la Plaza de La Ranita fortalece convivencia, cultura e identidad en Uruapan - Diario ABC de Michoac\u00e1n","og_description":"\u2060El nuevo espacio re\u00fane arte, tradici\u00f3n, convivencia y recreaci\u00f3n en beneficio de las familias del municipio Uruapan, Michoac\u00e1n, 30 de agosto de 2026.- Durante d\u00e9cadas, el espacio que alguna vez alberg\u00f3 el Cine Ode\u00f3n permaneci\u00f3 sin una funci\u00f3n que respondiera a las necesidades de la comunidad. Su rehabilitaci\u00f3n permite recuperar este punto del Centro Hist\u00f3rico [&hellip;]","og_url":"https:\/\/diarioabcdemichoacan.com.mx\/lasnoticias\/la-rehabilitacion-de-la-plaza-de-la-ranita-fortalece-convivencia-cultura-e-identidad-en-uruapan\/","og_site_name":"Diario ABC de Michoac\u00e1n","article_published_time":"2026-08-31T02:50:55+00:00","article_modified_time":"2026-09-01T02:52:04+00:00","og_image":[{"width":2560,"height":1178,"url":"https:\/\/diarioabcdemichoacan.com.mx\/lasnoticias\/wp-content\/uploads\/2026\/08\/a1c8f0fa-96b3-46ff-a28d-4c91970659ba-scaled.jpg","type":"image\/jpeg"}],"author":"MB","twitter_card":"summary_large_image","twitter_misc":{"Escrito por":"MB","Tiempo de lectura":"2 minutos"},"schema":{"@context":"https:\/\/schema.org","@graph":[{"@type":"Article","@id":"https:\/\/diarioabcdemichoacan.com.mx\/lasnoticias\/la-rehabilitacion-de-la-plaza-de-la-ranita-fortalece-convivencia-cultura-e-identidad-en-uruapan\/#article","isPartOf":{"@id":"https:\/\/diarioabcdemichoacan.com.mx\/lasnoticias\/la-rehabilitacion-de-la-plaza-de-la-ranita-fortalece-convivencia-cultura-e-identidad-en-uruapan\/"},"author":{"name":"MB","@id":"https:\/\/diarioabcdemichoacan.com.mx\/lasnoticias\/#\/schema\/person\/0546f9c3407148f7452ca932715c5e88"},"headline":"La rehabilitaci\u00f3n de la Plaza de La Ranita fortalece convivencia, cultura e identidad en Uruapan","datePublished":"2026-08-31T02:50:55+00:00","dateModified":"2026-09-01T02:52:04+00:00","mainEntityOfPage":{"@id":"https:\/\/diarioabcdemichoacan.com.mx\/lasnoticias\/la-rehabilitacion-de-la-plaza-de-la-ranita-fortalece-convivencia-cultura-e-identidad-en-uruapan\/"},"wordCount":394,"image":{"@id":"https:\/\/diarioabcdemichoacan.com.mx\/lasnoticias\/la-rehabilitacion-de-la-plaza-de-la-ranita-fortalece-convivencia-cultura-e-identidad-en-uruapan\/#primaryimage"},"thumbnailUrl":"https:\/\/diarioabcdemichoacan.com.mx\/lasnoticias\/wp-content\/uploads\/2026\/08\/a1c8f0fa-96b3-46ff-a28d-4c91970659ba-scaled.jpg","articleSection":["Estado","Gobierno de Michoac\u00e1n"],"inLanguage":"es"},{"@type":"WebPage","@id":"https:\/\/diarioabcdemichoacan.com.mx\/lasnoticias\/la-rehabilitacion-de-la-plaza-de-la-ranita-fortalece-convivencia-cultura-e-identidad-en-uruapan\/","url":"https:\/\/diarioabcdemichoacan.com.mx\/lasnoticias\/la-rehabilitacion-de-la-plaza-de-la-ranita-fortalece-convivencia-cultura-e-identidad-en-uruapan\/","name":"La rehabilitaci\u00f3n de la Plaza de La Ranita fortalece convivencia, cultura e identidad en Uruapan - Diario ABC de Michoac\u00e1n","isPartOf":{"@id":"https:\/\/diarioabcdemichoacan.com.mx\/lasnoticias\/#website"},"primaryImageOfPage":{"@id":"https:\/\/diarioabcdemichoacan.com.mx\/lasnoticias\/la-rehabilitacion-de-la-plaza-de-la-ranita-fortalece-convivencia-cultura-e-identidad-en-uruapan\/#primaryimage"},"image":{"@id":"https:\/\/diarioabcdemichoacan.com.mx\/lasnoticias\/la-rehabilitacion-de-la-plaza-de-la-ranita-fortalece-convivencia-cultura-e-identidad-en-uruapan\/#primaryimage"},"thumbnailUrl":"https:\/\/diarioabcdemichoacan.com.mx\/lasnoticias\/wp-content\/uploads\/2026\/08\/a1c8f0fa-96b3-46ff-a28d-4c91970659ba-scaled.jpg","datePublished":"2026-08-31T02:50:55+00:00","dateModified":"2026-09-01T02:52:04+00:00","author":{"@id":"https:\/\/diarioabcdemichoacan.com.mx\/lasnoticias\/#\/schema\/person\/0546f9c3407148f7452ca932715c5e88"},"breadcrumb":{"@id":"https:\/\/diarioabcdemichoacan.com.mx\/lasnoticias\/la-rehabilitacion-de-la-plaza-de-la-ranita-fortalece-convivencia-cultura-e-identidad-en-uruapan\/#breadcrumb"},"inLanguage":"es","potentialAction":[{"@type":"ReadAction","target":["https:\/\/diarioabcdemichoacan.com.mx\/lasnoticias\/la-rehabilitacion-de-la-plaza-de-la-ranita-fortalece-convivencia-cultura-e-identidad-en-uruapan\/"]}]},{"@type":"ImageObject","inLanguage":"es","@id":"https:\/\/diarioabcdemichoacan.com.mx\/lasnoticias\/la-rehabilitacion-de-la-plaza-de-la-ranita-fortalece-convivencia-cultura-e-identidad-en-uruapan\/#primaryimage","url":"https:\/\/diarioabcdemichoacan.com.mx\/lasnoticias\/wp-content\/uploads\/2026\/08\/a1c8f0fa-96b3-46ff-a28d-4c91970659ba-scaled.jpg","contentUrl":"https:\/\/diarioabcdemichoacan.com.mx\/lasnoticias\/wp-content\/uploads\/2026\/08\/a1c8f0fa-96b3-46ff-a28d-4c91970659ba-scaled.jpg","width":2560,"height":1178},{"@type":"BreadcrumbList","@id":"https:\/\/diarioabcdemichoacan.com.mx\/lasnoticias\/la-rehabilitacion-de-la-plaza-de-la-ranita-fortalece-convivencia-cultura-e-identidad-en-uruapan\/#breadcrumb","itemListElement":[{"@type":"ListItem","position":1,"name":"Portada","item":"https:\/\/diarioabcdemichoacan.com.mx\/lasnoticias\/"},{"@type":"ListItem","position":2,"name":"La rehabilitaci\u00f3n de la Plaza de La Ranita fortalece convivencia, cultura e identidad en Uruapan"}]},{"@type":"WebSite","@id":"https:\/\/diarioabcdemichoacan.com.mx\/lasnoticias\/#website","url":"https:\/\/diarioabcdemichoacan.com.mx\/lasnoticias\/","name":"Diario ABC de Michoac\u00e1n","description":"Las noticias al momento","potentialAction":[{"@type":"SearchAction","target":{"@type":"EntryPoint","urlTemplate":"https:\/\/diarioabcdemichoacan.com.mx\/lasnoticias\/?s={search_term_string}"},"query-input":{"@type":"PropertyValueSpecification","valueRequired":true,"valueName":"search_term_string"}}],"inLanguage":"es"},{"@type":"Person","@id":"https:\/\/diarioabcdemichoacan.com.mx\/lasnoticias\/#\/schema\/person\/0546f9c3407148f7452ca932715c5e88","name":"MB","image":{"@type":"ImageObject","inLanguage":"es","@id":"https:\/\/secure.gravatar.com\/avatar\/ac036f018f6a8431a5687a020efaf39d914da6a3fc78ce6029ab7ae29c5130e2?s=96&d=mm&r=g","url":"https:\/\/secure.gravatar.com\/avatar\/ac036f018f6a8431a5687a020efaf39d914da6a3fc78ce6029ab7ae29c5130e2?s=96&d=mm&r=g","contentUrl":"https:\/\/secure.gravatar.com\/avatar\/ac036f018f6a8431a5687a020efaf39d914da6a3fc78ce6029ab7ae29c5130e2?s=96&d=mm&r=g","caption":"MB"},"url":"https:\/\/diarioabcdemichoacan.com.mx\/lasnoticias\/author\/bomariano03\/"}]}},"_links":{"self":[{"href":"https:\/\/diarioabcdemichoacan.com.mx\/lasnoticias\/wp-json\/wp\/v2\/posts\/83749","targetHints":{"allow":["GET"]}}],"collection":[{"href":"https:\/\/diarioabcdemichoacan.com.mx\/lasnoticias\/wp-json\/wp\/v2\/posts"}],"about":[{"href":"https:\/\/diarioabcdemichoacan.com.mx\/lasnoticias\/wp-json\/wp\/v2\/types\/post"}],"author":[{"embeddable":true,"href":"https:\/\/diarioabcdemichoacan.com.mx\/lasnoticias\/wp-json\/wp\/v2\/users\/6"}],"replies":[{"embeddable":true,"href":"https:\/\/diarioabcdemichoacan.com.mx\/lasnoticias\/wp-json\/wp\/v2\/comments?post=83749"}],"version-history":[{"count":1,"href":"https:\/\/diarioabcdemichoacan.com.mx\/lasnoticias\/wp-json\/wp\/v2\/posts\/83749\/revisions"}],"predecessor-version":[{"id":83751,"href":"https:\/\/diarioabcdemichoacan.com.mx\/lasnoticias\/wp-json\/wp\/v2\/posts\/83749\/revisions\/83751"}],"wp:featuredmedia":[{"embeddable":true,"href":"https:\/\/diarioabcdemichoacan.com.mx\/lasnoticias\/wp-json\/wp\/v2\/media\/83750"}],"wp:attachment":[{"href":"https:\/\/diarioabcdemichoacan.com.mx\/lasnoticias\/wp-json\/wp\/v2\/media?parent=83749"}],"wp:term":[{"taxonomy":"category","embeddable":true,"href":"https:\/\/diarioabcdemichoacan.com.mx\/lasnoticias\/wp-json\/wp\/v2\/categories?post=83749"},{"taxonomy":"post_tag","embeddable":true,"href":"https:\/\/diarioabcdemichoacan.com.mx\/lasnoticias\/wp-json\/wp\/v2\/tags?post=83749"}],"curies":[{"name":"wp","href":"https:\/\/api.w.org\/{rel}","templated":true}]}}