{"id":83752,"date":"2026-08-30T20:52:29","date_gmt":"2026-08-31T02:52:29","guid":{"rendered":"https:\/\/diarioabcdemichoacan.com.mx\/lasnoticias\/?p=83752"},"modified":"2026-08-31T20:56:13","modified_gmt":"2026-09-01T02:56:13","slug":"concluye-instalacion-de-la-pantalla-de-proyeccion-de-360-grados-en-el-planetario-de-morelia","status":"publish","type":"post","link":"https:\/\/diarioabcdemichoacan.com.mx\/lasnoticias\/concluye-instalacion-de-la-pantalla-de-proyeccion-de-360-grados-en-el-planetario-de-morelia\/","title":{"rendered":"Concluye instalaci\u00f3n de la pantalla de proyecci\u00f3n de 360 grados en el Planetario de Morelia"},"content":{"rendered":"<p>El recinto contar\u00e1 con sistema de sonido envolvente, butacas reclinables y proyecci\u00f3n digital<\/p>\n<hr \/>\n<p>Morelia, Michoac\u00e1n, 30 de agosto de 2026.- Como parte de los trabajos de remodelaci\u00f3n del Planetario de Morelia \u201cLic. Felipe Rivera\u201d, qued\u00f3 concluida al 100 por ciento la instalaci\u00f3n de la nueva pantalla de proyecci\u00f3n de 360 grados, uno de los principales elementos de la renovaci\u00f3n tecnol\u00f3gica del recinto, inform\u00f3 la Secretar\u00eda de Desarrollo Urbano y Movilidad (Sedum).<\/p><div id=\"diari-4231839002\" class=\"diari-contenido diari-entity-placement\"><img loading=\"lazy\" decoding=\"async\" src=\"https:\/\/diarioabcdemichoacan.com.mx\/lasnoticias\/wp-content\/uploads\/2024\/07\/WhatsApp-Image-2024-05-07-at-10.12.40-a.m.jpeg\" alt=\"\"  srcset=\"https:\/\/diarioabcdemichoacan.com.mx\/lasnoticias\/wp-content\/uploads\/2024\/07\/WhatsApp-Image-2024-05-07-at-10.12.40-a.m.jpeg 400w, https:\/\/diarioabcdemichoacan.com.mx\/lasnoticias\/wp-content\/uploads\/2024\/07\/WhatsApp-Image-2024-05-07-at-10.12.40-a.m-150x150.jpeg 150w, https:\/\/diarioabcdemichoacan.com.mx\/lasnoticias\/wp-content\/uploads\/2024\/07\/WhatsApp-Image-2024-05-07-at-10.12.40-a.m-300x300.jpeg 300w\" sizes=\"(max-width: 400px) 100vw, 400px\" width=\"400\" height=\"400\"  style=\"display: inline-block;\" \/><\/div>\n<p>La titular de la dependencia, Mar\u00eda Elena Huerta, se\u00f1al\u00f3 que el Planetario ofrecer\u00e1 una experiencia completamente renovada para aprender, descubrir y explorar el universo, como parte de la modernizaci\u00f3n integral que transforma el emblem\u00e1tico espacio de divulgaci\u00f3n cient\u00edfica en Michoac\u00e1n. Adem\u00e1s, la infraestructura permitir\u00e1 ampliar las posibilidades de contenido educativo, cient\u00edfico y recreativo, con im\u00e1genes que envolver\u00e1n al p\u00fablico en una experiencia inmersiva para conocer planetas, galaxias, nebulosas, constelaciones y distintos fen\u00f3menos del universo.<\/p>\n<p>La renovada sala de proyecci\u00f3n contar\u00e1 con un sistema de sonido envolvente y butacas reclinables, a fin de brindar mayor comodidad y permitir que las y los visitantes disfruten de la experiencia audiovisual inmersiva. El coraz\u00f3n de esta transformaci\u00f3n ser\u00e1 la migraci\u00f3n de la tecnolog\u00eda \u00f3ptica y mec\u00e1nica a un sistema de proyecci\u00f3n totalmente digital, con mayor capacidad para generar contenidos de alta calidad y diversificar la oferta educativa del Planetario.<\/p>\n<p>Esta evoluci\u00f3n tecnol\u00f3gica representa un cambio significativo respecto al hist\u00f3rico proyector Mark IV Carl Zeiss, que durante d\u00e9cadas permiti\u00f3 acercar la astronom\u00eda a generaciones de michoacanas y michoacanos. El equipo, basado en mecanismos \u00f3pticos y electromec\u00e1nicos para proyectar el cielo sobre el domo, fue una tecnolog\u00eda de vanguardia en su \u00e9poca; sin embargo, el desgaste de sus componentes y la obsolescencia del sistema limitaron progresivamente su capacidad de proyecci\u00f3n.<\/p>\n<p>El hist\u00f3rico Mark IV no se despide del Planetario: ser\u00e1 conservado como una pieza de bienvenida para que las nuevas generaciones puedan conocer el equipo que durante a\u00f1os fue protagonista de la experiencia astron\u00f3mica del recinto. As\u00ed, la modernizaci\u00f3n de este espacio tambi\u00e9n preservar\u00e1 su legado.<\/p>\n<p>Con esta renovaci\u00f3n, el Planetario de Morelia avanza hacia una nueva etapa en la que la ciencia, la tecnolog\u00eda y la imaginaci\u00f3n se encuentran para mirar el universo de una manera completamente distinta, con herramientas que permitir\u00e1n acercar el conocimiento astron\u00f3mico a ni\u00f1as, ni\u00f1os, j\u00f3venes, familias y visitantes de todas las edades.<\/p>\n","protected":false},"excerpt":{"rendered":"<p>El recinto contar\u00e1 con sistema de sonido envolvente, butacas reclinables y proyecci\u00f3n digital Morelia, Michoac\u00e1n, 30 de agosto de 2026.- Como parte de los trabajos de remodelaci\u00f3n del Planetario de Morelia \u201cLic. Felipe Rivera\u201d, qued\u00f3 concluida al 100 por ciento la instalaci\u00f3n de la nueva pantalla de proyecci\u00f3n de 360 grados, uno de los principales [&hellip;]<\/p>\n","protected":false},"author":6,"featured_media":83753,"comment_status":"closed","ping_status":"closed","sticky":false,"template":"","format":"standard","meta":{"footnotes":""},"categories":[10,17],"tags":[],"class_list":["post-83752","post","type-post","status-publish","format-standard","has-post-thumbnail","category-estado","category-gobierno-de-michoacan"],"yoast_head":"<!-- This site is optimized with the Yoast SEO plugin v28.4 - https:\/\/yoast.com\/product\/yoast-seo-wordpress\/ -->\n<title>Concluye instalaci\u00f3n de la pantalla de proyecci\u00f3n de 360 grados en el Planetario de Morelia - Diario ABC de Michoac\u00e1n<\/title>\n<meta name=\"robots\" content=\"index, follow, max-snippet:-1, max-image-preview:large, max-video-preview:-1\" \/>\n<link rel=\"canonical\" href=\"https:\/\/diarioabcdemichoacan.com.mx\/lasnoticias\/concluye-instalacion-de-la-pantalla-de-proyeccion-de-360-grados-en-el-planetario-de-morelia\/\" \/>\n<meta property=\"og:locale\" content=\"es_ES\" \/>\n<meta property=\"og:type\" content=\"article\" \/>\n<meta property=\"og:title\" content=\"Concluye instalaci\u00f3n de la pantalla de proyecci\u00f3n de 360 grados en el Planetario de Morelia - Diario ABC de Michoac\u00e1n\" \/>\n<meta property=\"og:description\" content=\"El recinto contar\u00e1 con sistema de sonido envolvente, butacas reclinables y proyecci\u00f3n digital Morelia, Michoac\u00e1n, 30 de agosto de 2026.- Como parte de los trabajos de remodelaci\u00f3n del Planetario de Morelia \u201cLic. Felipe Rivera\u201d, qued\u00f3 concluida al 100 por ciento la instalaci\u00f3n de la nueva pantalla de proyecci\u00f3n de 360 grados, uno de los principales [&hellip;]\" \/>\n<meta property=\"og:url\" content=\"https:\/\/diarioabcdemichoacan.com.mx\/lasnoticias\/concluye-instalacion-de-la-pantalla-de-proyeccion-de-360-grados-en-el-planetario-de-morelia\/\" \/>\n<meta property=\"og:site_name\" content=\"Diario ABC de Michoac\u00e1n\" \/>\n<meta property=\"article:published_time\" content=\"2026-08-31T02:52:29+00:00\" \/>\n<meta property=\"article:modified_time\" content=\"2026-09-01T02:56:13+00:00\" \/>\n<meta property=\"og:image\" content=\"https:\/\/diarioabcdemichoacan.com.mx\/lasnoticias\/wp-content\/uploads\/2026\/08\/be11c142-62c9-404f-9b21-f0c8633927f9.jpg\" \/>\n\t<meta property=\"og:image:width\" content=\"1200\" \/>\n\t<meta property=\"og:image:height\" content=\"1500\" \/>\n\t<meta property=\"og:image:type\" content=\"image\/jpeg\" \/>\n<meta name=\"author\" content=\"MB\" \/>\n<meta name=\"twitter:card\" content=\"summary_large_image\" \/>\n<meta name=\"twitter:label1\" content=\"Escrito por\" \/>\n\t<meta name=\"twitter:data1\" content=\"MB\" \/>\n\t<meta name=\"twitter:label2\" content=\"Tiempo de lectura\" \/>\n\t<meta name=\"twitter:data2\" content=\"2 minutos\" \/>\n<script type=\"application\/ld+json\" class=\"yoast-schema-graph\">{\"@context\":\"https:\\\/\\\/schema.org\",\"@graph\":[{\"@type\":\"Article\",\"@id\":\"https:\\\/\\\/diarioabcdemichoacan.com.mx\\\/lasnoticias\\\/concluye-instalacion-de-la-pantalla-de-proyeccion-de-360-grados-en-el-planetario-de-morelia\\\/#article\",\"isPartOf\":{\"@id\":\"https:\\\/\\\/diarioabcdemichoacan.com.mx\\\/lasnoticias\\\/concluye-instalacion-de-la-pantalla-de-proyeccion-de-360-grados-en-el-planetario-de-morelia\\\/\"},\"author\":{\"name\":\"MB\",\"@id\":\"https:\\\/\\\/diarioabcdemichoacan.com.mx\\\/lasnoticias\\\/#\\\/schema\\\/person\\\/0546f9c3407148f7452ca932715c5e88\"},\"headline\":\"Concluye instalaci\u00f3n de la pantalla de proyecci\u00f3n de 360 grados en el Planetario de Morelia\",\"datePublished\":\"2026-08-31T02:52:29+00:00\",\"dateModified\":\"2026-09-01T02:56:13+00:00\",\"mainEntityOfPage\":{\"@id\":\"https:\\\/\\\/diarioabcdemichoacan.com.mx\\\/lasnoticias\\\/concluye-instalacion-de-la-pantalla-de-proyeccion-de-360-grados-en-el-planetario-de-morelia\\\/\"},\"wordCount\":445,\"image\":{\"@id\":\"https:\\\/\\\/diarioabcdemichoacan.com.mx\\\/lasnoticias\\\/concluye-instalacion-de-la-pantalla-de-proyeccion-de-360-grados-en-el-planetario-de-morelia\\\/#primaryimage\"},\"thumbnailUrl\":\"https:\\\/\\\/diarioabcdemichoacan.com.mx\\\/lasnoticias\\\/wp-content\\\/uploads\\\/2026\\\/08\\\/be11c142-62c9-404f-9b21-f0c8633927f9.jpg\",\"articleSection\":[\"Estado\",\"Gobierno de Michoac\u00e1n\"],\"inLanguage\":\"es\"},{\"@type\":\"WebPage\",\"@id\":\"https:\\\/\\\/diarioabcdemichoacan.com.mx\\\/lasnoticias\\\/concluye-instalacion-de-la-pantalla-de-proyeccion-de-360-grados-en-el-planetario-de-morelia\\\/\",\"url\":\"https:\\\/\\\/diarioabcdemichoacan.com.mx\\\/lasnoticias\\\/concluye-instalacion-de-la-pantalla-de-proyeccion-de-360-grados-en-el-planetario-de-morelia\\\/\",\"name\":\"Concluye instalaci\u00f3n de la pantalla de proyecci\u00f3n de 360 grados en el Planetario de Morelia - Diario ABC de Michoac\u00e1n\",\"isPartOf\":{\"@id\":\"https:\\\/\\\/diarioabcdemichoacan.com.mx\\\/lasnoticias\\\/#website\"},\"primaryImageOfPage\":{\"@id\":\"https:\\\/\\\/diarioabcdemichoacan.com.mx\\\/lasnoticias\\\/concluye-instalacion-de-la-pantalla-de-proyeccion-de-360-grados-en-el-planetario-de-morelia\\\/#primaryimage\"},\"image\":{\"@id\":\"https:\\\/\\\/diarioabcdemichoacan.com.mx\\\/lasnoticias\\\/concluye-instalacion-de-la-pantalla-de-proyeccion-de-360-grados-en-el-planetario-de-morelia\\\/#primaryimage\"},\"thumbnailUrl\":\"https:\\\/\\\/diarioabcdemichoacan.com.mx\\\/lasnoticias\\\/wp-content\\\/uploads\\\/2026\\\/08\\\/be11c142-62c9-404f-9b21-f0c8633927f9.jpg\",\"datePublished\":\"2026-08-31T02:52:29+00:00\",\"dateModified\":\"2026-09-01T02:56:13+00:00\",\"author\":{\"@id\":\"https:\\\/\\\/diarioabcdemichoacan.com.mx\\\/lasnoticias\\\/#\\\/schema\\\/person\\\/0546f9c3407148f7452ca932715c5e88\"},\"breadcrumb\":{\"@id\":\"https:\\\/\\\/diarioabcdemichoacan.com.mx\\\/lasnoticias\\\/concluye-instalacion-de-la-pantalla-de-proyeccion-de-360-grados-en-el-planetario-de-morelia\\\/#breadcrumb\"},\"inLanguage\":\"es\",\"potentialAction\":[{\"@type\":\"ReadAction\",\"target\":[\"https:\\\/\\\/diarioabcdemichoacan.com.mx\\\/lasnoticias\\\/concluye-instalacion-de-la-pantalla-de-proyeccion-de-360-grados-en-el-planetario-de-morelia\\\/\"]}]},{\"@type\":\"ImageObject\",\"inLanguage\":\"es\",\"@id\":\"https:\\\/\\\/diarioabcdemichoacan.com.mx\\\/lasnoticias\\\/concluye-instalacion-de-la-pantalla-de-proyeccion-de-360-grados-en-el-planetario-de-morelia\\\/#primaryimage\",\"url\":\"https:\\\/\\\/diarioabcdemichoacan.com.mx\\\/lasnoticias\\\/wp-content\\\/uploads\\\/2026\\\/08\\\/be11c142-62c9-404f-9b21-f0c8633927f9.jpg\",\"contentUrl\":\"https:\\\/\\\/diarioabcdemichoacan.com.mx\\\/lasnoticias\\\/wp-content\\\/uploads\\\/2026\\\/08\\\/be11c142-62c9-404f-9b21-f0c8633927f9.jpg\",\"width\":1200,\"height\":1500},{\"@type\":\"BreadcrumbList\",\"@id\":\"https:\\\/\\\/diarioabcdemichoacan.com.mx\\\/lasnoticias\\\/concluye-instalacion-de-la-pantalla-de-proyeccion-de-360-grados-en-el-planetario-de-morelia\\\/#breadcrumb\",\"itemListElement\":[{\"@type\":\"ListItem\",\"position\":1,\"name\":\"Portada\",\"item\":\"https:\\\/\\\/diarioabcdemichoacan.com.mx\\\/lasnoticias\\\/\"},{\"@type\":\"ListItem\",\"position\":2,\"name\":\"Concluye instalaci\u00f3n de la pantalla de proyecci\u00f3n de 360 grados en el Planetario de Morelia\"}]},{\"@type\":\"WebSite\",\"@id\":\"https:\\\/\\\/diarioabcdemichoacan.com.mx\\\/lasnoticias\\\/#website\",\"url\":\"https:\\\/\\\/diarioabcdemichoacan.com.mx\\\/lasnoticias\\\/\",\"name\":\"Diario ABC de Michoac\u00e1n\",\"description\":\"Las noticias al momento\",\"potentialAction\":[{\"@type\":\"SearchAction\",\"target\":{\"@type\":\"EntryPoint\",\"urlTemplate\":\"https:\\\/\\\/diarioabcdemichoacan.com.mx\\\/lasnoticias\\\/?s={search_term_string}\"},\"query-input\":{\"@type\":\"PropertyValueSpecification\",\"valueRequired\":true,\"valueName\":\"search_term_string\"}}],\"inLanguage\":\"es\"},{\"@type\":\"Person\",\"@id\":\"https:\\\/\\\/diarioabcdemichoacan.com.mx\\\/lasnoticias\\\/#\\\/schema\\\/person\\\/0546f9c3407148f7452ca932715c5e88\",\"name\":\"MB\",\"image\":{\"@type\":\"ImageObject\",\"inLanguage\":\"es\",\"@id\":\"https:\\\/\\\/secure.gravatar.com\\\/avatar\\\/ac036f018f6a8431a5687a020efaf39d914da6a3fc78ce6029ab7ae29c5130e2?s=96&d=mm&r=g\",\"url\":\"https:\\\/\\\/secure.gravatar.com\\\/avatar\\\/ac036f018f6a8431a5687a020efaf39d914da6a3fc78ce6029ab7ae29c5130e2?s=96&d=mm&r=g\",\"contentUrl\":\"https:\\\/\\\/secure.gravatar.com\\\/avatar\\\/ac036f018f6a8431a5687a020efaf39d914da6a3fc78ce6029ab7ae29c5130e2?s=96&d=mm&r=g\",\"caption\":\"MB\"},\"url\":\"https:\\\/\\\/diarioabcdemichoacan.com.mx\\\/lasnoticias\\\/author\\\/bomariano03\\\/\"}]}<\/script>\n<!-- \/ Yoast SEO plugin. -->","yoast_head_json":{"title":"Concluye instalaci\u00f3n de la pantalla de proyecci\u00f3n de 360 grados en el Planetario de Morelia - Diario ABC de Michoac\u00e1n","robots":{"index":"index","follow":"follow","max-snippet":"max-snippet:-1","max-image-preview":"max-image-preview:large","max-video-preview":"max-video-preview:-1"},"canonical":"https:\/\/diarioabcdemichoacan.com.mx\/lasnoticias\/concluye-instalacion-de-la-pantalla-de-proyeccion-de-360-grados-en-el-planetario-de-morelia\/","og_locale":"es_ES","og_type":"article","og_title":"Concluye instalaci\u00f3n de la pantalla de proyecci\u00f3n de 360 grados en el Planetario de Morelia - Diario ABC de Michoac\u00e1n","og_description":"El recinto contar\u00e1 con sistema de sonido envolvente, butacas reclinables y proyecci\u00f3n digital Morelia, Michoac\u00e1n, 30 de agosto de 2026.- Como parte de los trabajos de remodelaci\u00f3n del Planetario de Morelia \u201cLic. Felipe Rivera\u201d, qued\u00f3 concluida al 100 por ciento la instalaci\u00f3n de la nueva pantalla de proyecci\u00f3n de 360 grados, uno de los principales [&hellip;]","og_url":"https:\/\/diarioabcdemichoacan.com.mx\/lasnoticias\/concluye-instalacion-de-la-pantalla-de-proyeccion-de-360-grados-en-el-planetario-de-morelia\/","og_site_name":"Diario ABC de Michoac\u00e1n","article_published_time":"2026-08-31T02:52:29+00:00","article_modified_time":"2026-09-01T02:56:13+00:00","og_image":[{"width":1200,"height":1500,"url":"https:\/\/diarioabcdemichoacan.com.mx\/lasnoticias\/wp-content\/uploads\/2026\/08\/be11c142-62c9-404f-9b21-f0c8633927f9.jpg","type":"image\/jpeg"}],"author":"MB","twitter_card":"summary_large_image","twitter_misc":{"Escrito por":"MB","Tiempo de lectura":"2 minutos"},"schema":{"@context":"https:\/\/schema.org","@graph":[{"@type":"Article","@id":"https:\/\/diarioabcdemichoacan.com.mx\/lasnoticias\/concluye-instalacion-de-la-pantalla-de-proyeccion-de-360-grados-en-el-planetario-de-morelia\/#article","isPartOf":{"@id":"https:\/\/diarioabcdemichoacan.com.mx\/lasnoticias\/concluye-instalacion-de-la-pantalla-de-proyeccion-de-360-grados-en-el-planetario-de-morelia\/"},"author":{"name":"MB","@id":"https:\/\/diarioabcdemichoacan.com.mx\/lasnoticias\/#\/schema\/person\/0546f9c3407148f7452ca932715c5e88"},"headline":"Concluye instalaci\u00f3n de la pantalla de proyecci\u00f3n de 360 grados en el Planetario de Morelia","datePublished":"2026-08-31T02:52:29+00:00","dateModified":"2026-09-01T02:56:13+00:00","mainEntityOfPage":{"@id":"https:\/\/diarioabcdemichoacan.com.mx\/lasnoticias\/concluye-instalacion-de-la-pantalla-de-proyeccion-de-360-grados-en-el-planetario-de-morelia\/"},"wordCount":445,"image":{"@id":"https:\/\/diarioabcdemichoacan.com.mx\/lasnoticias\/concluye-instalacion-de-la-pantalla-de-proyeccion-de-360-grados-en-el-planetario-de-morelia\/#primaryimage"},"thumbnailUrl":"https:\/\/diarioabcdemichoacan.com.mx\/lasnoticias\/wp-content\/uploads\/2026\/08\/be11c142-62c9-404f-9b21-f0c8633927f9.jpg","articleSection":["Estado","Gobierno de Michoac\u00e1n"],"inLanguage":"es"},{"@type":"WebPage","@id":"https:\/\/diarioabcdemichoacan.com.mx\/lasnoticias\/concluye-instalacion-de-la-pantalla-de-proyeccion-de-360-grados-en-el-planetario-de-morelia\/","url":"https:\/\/diarioabcdemichoacan.com.mx\/lasnoticias\/concluye-instalacion-de-la-pantalla-de-proyeccion-de-360-grados-en-el-planetario-de-morelia\/","name":"Concluye instalaci\u00f3n de la pantalla de proyecci\u00f3n de 360 grados en el Planetario de Morelia - Diario ABC de Michoac\u00e1n","isPartOf":{"@id":"https:\/\/diarioabcdemichoacan.com.mx\/lasnoticias\/#website"},"primaryImageOfPage":{"@id":"https:\/\/diarioabcdemichoacan.com.mx\/lasnoticias\/concluye-instalacion-de-la-pantalla-de-proyeccion-de-360-grados-en-el-planetario-de-morelia\/#primaryimage"},"image":{"@id":"https:\/\/diarioabcdemichoacan.com.mx\/lasnoticias\/concluye-instalacion-de-la-pantalla-de-proyeccion-de-360-grados-en-el-planetario-de-morelia\/#primaryimage"},"thumbnailUrl":"https:\/\/diarioabcdemichoacan.com.mx\/lasnoticias\/wp-content\/uploads\/2026\/08\/be11c142-62c9-404f-9b21-f0c8633927f9.jpg","datePublished":"2026-08-31T02:52:29+00:00","dateModified":"2026-09-01T02:56:13+00:00","author":{"@id":"https:\/\/diarioabcdemichoacan.com.mx\/lasnoticias\/#\/schema\/person\/0546f9c3407148f7452ca932715c5e88"},"breadcrumb":{"@id":"https:\/\/diarioabcdemichoacan.com.mx\/lasnoticias\/concluye-instalacion-de-la-pantalla-de-proyeccion-de-360-grados-en-el-planetario-de-morelia\/#breadcrumb"},"inLanguage":"es","potentialAction":[{"@type":"ReadAction","target":["https:\/\/diarioabcdemichoacan.com.mx\/lasnoticias\/concluye-instalacion-de-la-pantalla-de-proyeccion-de-360-grados-en-el-planetario-de-morelia\/"]}]},{"@type":"ImageObject","inLanguage":"es","@id":"https:\/\/diarioabcdemichoacan.com.mx\/lasnoticias\/concluye-instalacion-de-la-pantalla-de-proyeccion-de-360-grados-en-el-planetario-de-morelia\/#primaryimage","url":"https:\/\/diarioabcdemichoacan.com.mx\/lasnoticias\/wp-content\/uploads\/2026\/08\/be11c142-62c9-404f-9b21-f0c8633927f9.jpg","contentUrl":"https:\/\/diarioabcdemichoacan.com.mx\/lasnoticias\/wp-content\/uploads\/2026\/08\/be11c142-62c9-404f-9b21-f0c8633927f9.jpg","width":1200,"height":1500},{"@type":"BreadcrumbList","@id":"https:\/\/diarioabcdemichoacan.com.mx\/lasnoticias\/concluye-instalacion-de-la-pantalla-de-proyeccion-de-360-grados-en-el-planetario-de-morelia\/#breadcrumb","itemListElement":[{"@type":"ListItem","position":1,"name":"Portada","item":"https:\/\/diarioabcdemichoacan.com.mx\/lasnoticias\/"},{"@type":"ListItem","position":2,"name":"Concluye instalaci\u00f3n de la pantalla de proyecci\u00f3n de 360 grados en el Planetario de Morelia"}]},{"@type":"WebSite","@id":"https:\/\/diarioabcdemichoacan.com.mx\/lasnoticias\/#website","url":"https:\/\/diarioabcdemichoacan.com.mx\/lasnoticias\/","name":"Diario ABC de Michoac\u00e1n","description":"Las noticias al momento","potentialAction":[{"@type":"SearchAction","target":{"@type":"EntryPoint","urlTemplate":"https:\/\/diarioabcdemichoacan.com.mx\/lasnoticias\/?s={search_term_string}"},"query-input":{"@type":"PropertyValueSpecification","valueRequired":true,"valueName":"search_term_string"}}],"inLanguage":"es"},{"@type":"Person","@id":"https:\/\/diarioabcdemichoacan.com.mx\/lasnoticias\/#\/schema\/person\/0546f9c3407148f7452ca932715c5e88","name":"MB","image":{"@type":"ImageObject","inLanguage":"es","@id":"https:\/\/secure.gravatar.com\/avatar\/ac036f018f6a8431a5687a020efaf39d914da6a3fc78ce6029ab7ae29c5130e2?s=96&d=mm&r=g","url":"https:\/\/secure.gravatar.com\/avatar\/ac036f018f6a8431a5687a020efaf39d914da6a3fc78ce6029ab7ae29c5130e2?s=96&d=mm&r=g","contentUrl":"https:\/\/secure.gravatar.com\/avatar\/ac036f018f6a8431a5687a020efaf39d914da6a3fc78ce6029ab7ae29c5130e2?s=96&d=mm&r=g","caption":"MB"},"url":"https:\/\/diarioabcdemichoacan.com.mx\/lasnoticias\/author\/bomariano03\/"}]}},"_links":{"self":[{"href":"https:\/\/diarioabcdemichoacan.com.mx\/lasnoticias\/wp-json\/wp\/v2\/posts\/83752","targetHints":{"allow":["GET"]}}],"collection":[{"href":"https:\/\/diarioabcdemichoacan.com.mx\/lasnoticias\/wp-json\/wp\/v2\/posts"}],"about":[{"href":"https:\/\/diarioabcdemichoacan.com.mx\/lasnoticias\/wp-json\/wp\/v2\/types\/post"}],"author":[{"embeddable":true,"href":"https:\/\/diarioabcdemichoacan.com.mx\/lasnoticias\/wp-json\/wp\/v2\/users\/6"}],"replies":[{"embeddable":true,"href":"https:\/\/diarioabcdemichoacan.com.mx\/lasnoticias\/wp-json\/wp\/v2\/comments?post=83752"}],"version-history":[{"count":1,"href":"https:\/\/diarioabcdemichoacan.com.mx\/lasnoticias\/wp-json\/wp\/v2\/posts\/83752\/revisions"}],"predecessor-version":[{"id":83754,"href":"https:\/\/diarioabcdemichoacan.com.mx\/lasnoticias\/wp-json\/wp\/v2\/posts\/83752\/revisions\/83754"}],"wp:featuredmedia":[{"embeddable":true,"href":"https:\/\/diarioabcdemichoacan.com.mx\/lasnoticias\/wp-json\/wp\/v2\/media\/83753"}],"wp:attachment":[{"href":"https:\/\/diarioabcdemichoacan.com.mx\/lasnoticias\/wp-json\/wp\/v2\/media?parent=83752"}],"wp:term":[{"taxonomy":"category","embeddable":true,"href":"https:\/\/diarioabcdemichoacan.com.mx\/lasnoticias\/wp-json\/wp\/v2\/categories?post=83752"},{"taxonomy":"post_tag","embeddable":true,"href":"https:\/\/diarioabcdemichoacan.com.mx\/lasnoticias\/wp-json\/wp\/v2\/tags?post=83752"}],"curies":[{"name":"wp","href":"https:\/\/api.w.org\/{rel}","templated":true}]}}